{"id":5461,"date":"2023-02-27T12:17:33","date_gmt":"2023-02-27T11:17:33","guid":{"rendered":"https:\/\/ecole-ste-anne-asserac.fr\/?p=5461"},"modified":"2023-02-27T12:17:33","modified_gmt":"2023-02-27T11:17:33","slug":"concours-de-belote","status":"publish","type":"post","link":"https:\/\/ecole-ste-anne-asserac.fr\/?p=5461","title":{"rendered":"Concours de belote"},"content":{"rendered":"<p style=\"text-align: center;\">Le bureau AP.E.L de l&rsquo;\u00e9cole organise un concours de belote <strong>le 18 mars<\/strong> prochain !&nbsp;<\/p>\n<p style=\"text-align: center;\">Les b\u00e9n\u00e9fices de cette soir\u00e9e serviront \u00e0 financer les futurs projets \u00e9ducatifs pour les enfants &#8230;.<\/p>\n<p>&nbsp;<\/p>\n<p><a href=\"http:\/\/ecole-ste-anne-asserac.fr\/wp-content\/uploads\/2023\/02\/A.P.E.L-2.jpg\"><img loading=\"lazy\" decoding=\"async\" class=\" wp-image-5462 aligncenter\" src=\"http:\/\/ecole-ste-anne-asserac.fr\/wp-content\/uploads\/2023\/02\/A.P.E.L-2-212x300.jpg\" alt=\"\" width=\"355\" height=\"442\"><\/a><\/p>\n","protected":false},"excerpt":{"rendered":"<p>Le bureau AP.E.L de l&rsquo;\u00e9cole organise un concours de belote le 18 mars prochain !&nbsp; Les b\u00e9n\u00e9fices de cette soir\u00e9e serviront \u00e0 financer les futurs projets \u00e9ducatifs pour les enfants &#8230;. &nbsp;<\/p>\n","protected":false},"author":3,"featured_media":5463,"comment_status":"closed","ping_status":"closed","sticky":false,"template":"","format":"standard","meta":{"ngg_post_thumbnail":0,"footnotes":""},"categories":[11],"tags":[],"class_list":["post-5461","post","type-post","status-publish","format-standard","has-post-thumbnail","hentry","category-actualite"],"_links":{"self":[{"href":"https:\/\/ecole-ste-anne-asserac.fr\/index.php?rest_route=\/wp\/v2\/posts\/5461","targetHints":{"allow":["GET"]}}],"collection":[{"href":"https:\/\/ecole-ste-anne-asserac.fr\/index.php?rest_route=\/wp\/v2\/posts"}],"about":[{"href":"https:\/\/ecole-ste-anne-asserac.fr\/index.php?rest_route=\/wp\/v2\/types\/post"}],"author":[{"embeddable":true,"href":"https:\/\/ecole-ste-anne-asserac.fr\/index.php?rest_route=\/wp\/v2\/users\/3"}],"replies":[{"embeddable":true,"href":"https:\/\/ecole-ste-anne-asserac.fr\/index.php?rest_route=%2Fwp%2Fv2%2Fcomments&post=5461"}],"version-history":[{"count":1,"href":"https:\/\/ecole-ste-anne-asserac.fr\/index.php?rest_route=\/wp\/v2\/posts\/5461\/revisions"}],"predecessor-version":[{"id":5464,"href":"https:\/\/ecole-ste-anne-asserac.fr\/index.php?rest_route=\/wp\/v2\/posts\/5461\/revisions\/5464"}],"wp:featuredmedia":[{"embeddable":true,"href":"https:\/\/ecole-ste-anne-asserac.fr\/index.php?rest_route=\/wp\/v2\/media\/5463"}],"wp:attachment":[{"href":"https:\/\/ecole-ste-anne-asserac.fr\/index.php?rest_route=%2Fwp%2Fv2%2Fmedia&parent=5461"}],"wp:term":[{"taxonomy":"category","embeddable":true,"href":"https:\/\/ecole-ste-anne-asserac.fr\/index.php?rest_route=%2Fwp%2Fv2%2Fcategories&post=5461"},{"taxonomy":"post_tag","embeddable":true,"href":"https:\/\/ecole-ste-anne-asserac.fr\/index.php?rest_route=%2Fwp%2Fv2%2Ftags&post=5461"}],"curies":[{"name":"wp","href":"https:\/\/api.w.org\/{rel}","templated":true}]}}