{"id":5481,"date":"2023-03-06T11:08:46","date_gmt":"2023-03-06T10:08:46","guid":{"rendered":"https:\/\/ecole-ste-anne-asserac.fr\/?p=5481"},"modified":"2023-03-25T13:24:11","modified_gmt":"2023-03-25T12:24:11","slug":"journee-mondiale-de-la-vie-sauvage","status":"publish","type":"post","link":"https:\/\/ecole-ste-anne-asserac.fr\/?p=5481","title":{"rendered":"Journ\u00e9e mondiale de la vie sauvage"},"content":{"rendered":"<p><img loading=\"lazy\" decoding=\"async\" class=\"size-medium wp-image-5504 aligncenter\" src=\"http:\/\/ecole-ste-anne-asserac.fr\/wp-content\/uploads\/2023\/03\/logo-wildlife50_fr-300x300.jpg\" alt=\"\" width=\"300\" height=\"300\" srcset=\"https:\/\/ecole-ste-anne-asserac.fr\/wp-content\/uploads\/2023\/03\/logo-wildlife50_fr-300x300.jpg 300w, https:\/\/ecole-ste-anne-asserac.fr\/wp-content\/uploads\/2023\/03\/logo-wildlife50_fr-150x150.jpg 150w, https:\/\/ecole-ste-anne-asserac.fr\/wp-content\/uploads\/2023\/03\/logo-wildlife50_fr-600x600.jpg 600w, https:\/\/ecole-ste-anne-asserac.fr\/wp-content\/uploads\/2023\/03\/logo-wildlife50_fr.jpg 640w\" sizes=\"auto, (max-width: 300px) 100vw, 300px\" \/><\/p>\n<p>Vendredi 3 mars les enfants de CM1\/2 ont particip\u00e9 \u00e0 la journ\u00e9e internationale de la vie sauvage, en lien avec notre projet d&rsquo;\u00e9cole.<\/p>\n<p><img loading=\"lazy\" decoding=\"async\" class=\"size-medium wp-image-5482 aligncenter\" src=\"http:\/\/ecole-ste-anne-asserac.fr\/wp-content\/uploads\/2023\/03\/20230303_1415491-300x225.jpg\" alt=\"\" width=\"300\" height=\"225\" srcset=\"https:\/\/ecole-ste-anne-asserac.fr\/wp-content\/uploads\/2023\/03\/20230303_1415491-300x225.jpg 300w, https:\/\/ecole-ste-anne-asserac.fr\/wp-content\/uploads\/2023\/03\/20230303_1415491-1024x768.jpg 1024w, https:\/\/ecole-ste-anne-asserac.fr\/wp-content\/uploads\/2023\/03\/20230303_1415491-768x576.jpg 768w, https:\/\/ecole-ste-anne-asserac.fr\/wp-content\/uploads\/2023\/03\/20230303_1415491-600x450.jpg 600w, https:\/\/ecole-ste-anne-asserac.fr\/wp-content\/uploads\/2023\/03\/20230303_1415491-1536x1152.jpg 1536w, https:\/\/ecole-ste-anne-asserac.fr\/wp-content\/uploads\/2023\/03\/20230303_1415491-2048x1536.jpg 2048w\" sizes=\"auto, (max-width: 300px) 100vw, 300px\" \/><\/p>\n<p>&nbsp;Deux des activit\u00e9s propos\u00e9es au cours de cette journ\u00e9e ont d\u00e9j\u00e0 \u00e9t\u00e9 r\u00e9alis\u00e9es par les \u00e9l\u00e8ves :<\/p>\n<ul>\n<li>Enfiler des bottes et aller se promener dans un espace vert&nbsp;<\/li>\n<li>Enqu\u00eater sur les animaux sauvages en voie de disparition et cr\u00e9er un livret\/une affiche pour mieux conna\u00eetre ces animaux .&nbsp; Dans la classe, un livret est en cours de finalisation. Chaque enfant en aura un exemplaire pour se rappeler ce qu&rsquo;il est possible de faire pour aider \u00e0 la pr\u00e9servation des animaux .<\/li>\n<\/ul>\n<p><b>Comment peut-on s\u2019engager en faveur de la journ\u00e9e mondiale de la vie sauvage en 2023 ?<\/b><\/p>\n<p>Des petites actions \u00e0 entreprendre qui peuvent faire la diff\u00e9rence en venant en aide \u00e0 la faune et \u00e0 la flore locales par chez nous et \u00e0 travers le monde. Des exemples relev\u00e9s au cours de ce d\u00e9bat :<\/p>\n<p>Comment peut-on aider la <b>for\u00eat <\/b>?&nbsp;&nbsp;Regarder les bulbes, tels que les perce-neige et les jacinthes des bois, mais ne pas les pi\u00e9tiner !<\/p>\n<p>Comment peut-on aider les <b>prairies <\/b>?&nbsp;Laisser les fleurs sauvages dans les pelouses et les champs pour que les pollinisateurs puissent s&rsquo;en nourrir.&nbsp;Tenir nos chiens en laisse lorsque des oiseaux nichent sur le sol, dans les dunes par exemple&#8230;<\/p>\n<p>Comment peut-on aider les <b>rivi\u00e8res <\/b>et les <b>oc\u00e9ans <\/b>?&nbsp;Ramasser les d\u00e9chets qui pourraient finir dans les rivi\u00e8res et la mer. Faire bien attention aux grilles pour les eaux pluviales&#8230;<\/p>\n<p><img loading=\"lazy\" decoding=\"async\" class=\"size-medium wp-image-5483 aligncenter\" src=\"http:\/\/ecole-ste-anne-asserac.fr\/wp-content\/uploads\/2023\/03\/870x489_plaque_0-300x169.jpg\" alt=\"\" width=\"300\" height=\"169\" srcset=\"https:\/\/ecole-ste-anne-asserac.fr\/wp-content\/uploads\/2023\/03\/870x489_plaque_0-300x169.jpg 300w, https:\/\/ecole-ste-anne-asserac.fr\/wp-content\/uploads\/2023\/03\/870x489_plaque_0-768x432.jpg 768w, https:\/\/ecole-ste-anne-asserac.fr\/wp-content\/uploads\/2023\/03\/870x489_plaque_0-600x337.jpg 600w, https:\/\/ecole-ste-anne-asserac.fr\/wp-content\/uploads\/2023\/03\/870x489_plaque_0.jpg 870w\" sizes=\"auto, (max-width: 300px) 100vw, 300px\" \/><\/p>\n<p style=\"text-align: center;\">&nbsp;<\/p>\n<p style=\"text-align: center;\">Des \u00e9changes riches avec des enfants conscients de ce qu&rsquo;il faut faire .<\/p>\n","protected":false},"excerpt":{"rendered":"<p>Vendredi 3 mars les enfants de CM1\/2 ont particip\u00e9 \u00e0 la journ\u00e9e internationale de la vie sauvage, en lien avec notre projet d&rsquo;\u00e9cole. &nbsp;Deux des activit\u00e9s propos\u00e9es au cours de cette journ\u00e9e ont d\u00e9j\u00e0 \u00e9t\u00e9 r\u00e9alis\u00e9es par les \u00e9l\u00e8ves : Enfiler des bottes et aller se promener dans un espace vert&nbsp; Enqu\u00eater sur les animaux<\/p>\n<p><a href=\"https:\/\/ecole-ste-anne-asserac.fr\/?p=5481\" class=\"more-link themebutton\">Lire la suite<\/a><\/p>\n","protected":false},"author":3,"featured_media":5504,"comment_status":"closed","ping_status":"closed","sticky":false,"template":"","format":"standard","meta":{"ngg_post_thumbnail":0,"footnotes":""},"categories":[8],"tags":[],"class_list":["post-5481","post","type-post","status-publish","format-standard","has-post-thumbnail","hentry","category-classe-de-cm1-cm2"],"_links":{"self":[{"href":"https:\/\/ecole-ste-anne-asserac.fr\/index.php?rest_route=\/wp\/v2\/posts\/5481","targetHints":{"allow":["GET"]}}],"collection":[{"href":"https:\/\/ecole-ste-anne-asserac.fr\/index.php?rest_route=\/wp\/v2\/posts"}],"about":[{"href":"https:\/\/ecole-ste-anne-asserac.fr\/index.php?rest_route=\/wp\/v2\/types\/post"}],"author":[{"embeddable":true,"href":"https:\/\/ecole-ste-anne-asserac.fr\/index.php?rest_route=\/wp\/v2\/users\/3"}],"replies":[{"embeddable":true,"href":"https:\/\/ecole-ste-anne-asserac.fr\/index.php?rest_route=%2Fwp%2Fv2%2Fcomments&post=5481"}],"version-history":[{"count":4,"href":"https:\/\/ecole-ste-anne-asserac.fr\/index.php?rest_route=\/wp\/v2\/posts\/5481\/revisions"}],"predecessor-version":[{"id":5507,"href":"https:\/\/ecole-ste-anne-asserac.fr\/index.php?rest_route=\/wp\/v2\/posts\/5481\/revisions\/5507"}],"wp:featuredmedia":[{"embeddable":true,"href":"https:\/\/ecole-ste-anne-asserac.fr\/index.php?rest_route=\/wp\/v2\/media\/5504"}],"wp:attachment":[{"href":"https:\/\/ecole-ste-anne-asserac.fr\/index.php?rest_route=%2Fwp%2Fv2%2Fmedia&parent=5481"}],"wp:term":[{"taxonomy":"category","embeddable":true,"href":"https:\/\/ecole-ste-anne-asserac.fr\/index.php?rest_route=%2Fwp%2Fv2%2Fcategories&post=5481"},{"taxonomy":"post_tag","embeddable":true,"href":"https:\/\/ecole-ste-anne-asserac.fr\/index.php?rest_route=%2Fwp%2Fv2%2Ftags&post=5481"}],"curies":[{"name":"wp","href":"https:\/\/api.w.org\/{rel}","templated":true}]}}