{"id":551,"date":"2016-01-18T17:50:46","date_gmt":"2016-01-18T16:50:46","guid":{"rendered":"http:\/\/ecole-ste-anne-asserac.fr\/?p=551"},"modified":"2016-02-28T18:32:35","modified_gmt":"2016-02-28T17:32:35","slug":"galette-des-rois","status":"publish","type":"post","link":"https:\/\/ecole-ste-anne-asserac.fr\/?p=551","title":{"rendered":"Galette des Rois"},"content":{"rendered":"<p style=\"text-align: left;\">Les deux classes de maternelle nous ont cuisin\u00e9 de d\u00e9licieuses galettes des rois !! <a href=\"http:\/\/ecole-ste-anne-asserac.fr\/wp-content\/uploads\/2016\/02\/galette-1.jpg\" rel=\"attachment wp-att-552\"><img loading=\"lazy\" decoding=\"async\" class=\"aligncenter size-medium wp-image-552\" src=\"http:\/\/ecole-ste-anne-asserac.fr\/wp-content\/uploads\/2016\/02\/galette-1-300x225.jpg\" alt=\"galette 1\" width=\"300\" height=\"225\" srcset=\"https:\/\/ecole-ste-anne-asserac.fr\/wp-content\/uploads\/2016\/02\/galette-1-300x225.jpg 300w, https:\/\/ecole-ste-anne-asserac.fr\/wp-content\/uploads\/2016\/02\/galette-1-768x576.jpg 768w, https:\/\/ecole-ste-anne-asserac.fr\/wp-content\/uploads\/2016\/02\/galette-1-1024x768.jpg 1024w, https:\/\/ecole-ste-anne-asserac.fr\/wp-content\/uploads\/2016\/02\/galette-1-600x450.jpg 600w, https:\/\/ecole-ste-anne-asserac.fr\/wp-content\/uploads\/2016\/02\/galette-1.jpg 1600w\" sizes=\"auto, (max-width: 300px) 100vw, 300px\" \/><\/a><a href=\"http:\/\/ecole-ste-anne-asserac.fr\/wp-content\/uploads\/2016\/02\/SDC11870.jpg\" rel=\"attachment wp-att-554\"><img loading=\"lazy\" decoding=\"async\" class=\"aligncenter size-medium wp-image-553\" src=\"http:\/\/ecole-ste-anne-asserac.fr\/wp-content\/uploads\/2016\/02\/galette-2-169x300.jpg\" alt=\"galette 2\" width=\"169\" height=\"300\" srcset=\"https:\/\/ecole-ste-anne-asserac.fr\/wp-content\/uploads\/2016\/02\/galette-2-169x300.jpg 169w, https:\/\/ecole-ste-anne-asserac.fr\/wp-content\/uploads\/2016\/02\/galette-2.jpg 180w\" sizes=\"auto, (max-width: 169px) 100vw, 169px\" \/><img loading=\"lazy\" decoding=\"async\" class=\"aligncenter size-medium wp-image-554\" src=\"http:\/\/ecole-ste-anne-asserac.fr\/wp-content\/uploads\/2016\/02\/SDC11870-300x225.jpg\" alt=\"SDC11870\" width=\"300\" height=\"225\" srcset=\"https:\/\/ecole-ste-anne-asserac.fr\/wp-content\/uploads\/2016\/02\/SDC11870-300x225.jpg 300w, https:\/\/ecole-ste-anne-asserac.fr\/wp-content\/uploads\/2016\/02\/SDC11870-768x576.jpg 768w, https:\/\/ecole-ste-anne-asserac.fr\/wp-content\/uploads\/2016\/02\/SDC11870-1024x768.jpg 1024w, https:\/\/ecole-ste-anne-asserac.fr\/wp-content\/uploads\/2016\/02\/SDC11870-600x450.jpg 600w, https:\/\/ecole-ste-anne-asserac.fr\/wp-content\/uploads\/2016\/02\/SDC11870.jpg 2048w\" sizes=\"auto, (max-width: 300px) 100vw, 300px\" \/><\/a>Nous, les \u00e9l\u00e8ves du cycle III, nous les avons d\u00e9gust\u00e9es dans la classe de C\u00e9line et nous avons d\u00e9couvert les 3 f\u00e8ves &#8230;<\/p>\n<p style=\"text-align: center;\"><a href=\"http:\/\/ecole-ste-anne-asserac.fr\/wp-content\/uploads\/2016\/02\/SDC11871.jpg\" rel=\"attachment wp-att-555\"><img loading=\"lazy\" decoding=\"async\" class=\"aligncenter size-medium wp-image-555\" src=\"http:\/\/ecole-ste-anne-asserac.fr\/wp-content\/uploads\/2016\/02\/SDC11871-300x225.jpg\" alt=\"SDC11871\" width=\"300\" height=\"225\" srcset=\"https:\/\/ecole-ste-anne-asserac.fr\/wp-content\/uploads\/2016\/02\/SDC11871-300x225.jpg 300w, https:\/\/ecole-ste-anne-asserac.fr\/wp-content\/uploads\/2016\/02\/SDC11871-768x576.jpg 768w, https:\/\/ecole-ste-anne-asserac.fr\/wp-content\/uploads\/2016\/02\/SDC11871-1024x768.jpg 1024w, https:\/\/ecole-ste-anne-asserac.fr\/wp-content\/uploads\/2016\/02\/SDC11871-600x450.jpg 600w, https:\/\/ecole-ste-anne-asserac.fr\/wp-content\/uploads\/2016\/02\/SDC11871.jpg 2048w\" sizes=\"auto, (max-width: 300px) 100vw, 300px\" \/><\/a><a href=\"http:\/\/ecole-ste-anne-asserac.fr\/wp-content\/uploads\/2016\/02\/SDC11872.jpg\" rel=\"attachment wp-att-556\"><img loading=\"lazy\" decoding=\"async\" class=\"aligncenter size-medium wp-image-556\" src=\"http:\/\/ecole-ste-anne-asserac.fr\/wp-content\/uploads\/2016\/02\/SDC11872-300x225.jpg\" alt=\"SDC11872\" width=\"300\" height=\"225\" srcset=\"https:\/\/ecole-ste-anne-asserac.fr\/wp-content\/uploads\/2016\/02\/SDC11872-300x225.jpg 300w, https:\/\/ecole-ste-anne-asserac.fr\/wp-content\/uploads\/2016\/02\/SDC11872-768x576.jpg 768w, https:\/\/ecole-ste-anne-asserac.fr\/wp-content\/uploads\/2016\/02\/SDC11872-1024x768.jpg 1024w, https:\/\/ecole-ste-anne-asserac.fr\/wp-content\/uploads\/2016\/02\/SDC11872-600x450.jpg 600w, https:\/\/ecole-ste-anne-asserac.fr\/wp-content\/uploads\/2016\/02\/SDC11872.jpg 2048w\" sizes=\"auto, (max-width: 300px) 100vw, 300px\" \/><\/a>Baptiste, Gabriel et Ma\u00efa sont donc les rois<\/p>\n<p style=\"text-align: center;\">et reine de cette ann\u00e9e 2016<\/p>\n","protected":false},"excerpt":{"rendered":"<p>Les deux classes de maternelle nous ont cuisin\u00e9 de d\u00e9licieuses galettes des rois !! Nous, les \u00e9l\u00e8ves du cycle III, nous les avons d\u00e9gust\u00e9es dans la classe de C\u00e9line et nous avons d\u00e9couvert les 3 f\u00e8ves &#8230; Baptiste, Gabriel et Ma\u00efa sont donc les rois et reine de cette ann\u00e9e 2016<\/p>\n","protected":false},"author":3,"featured_media":0,"comment_status":"closed","ping_status":"closed","sticky":false,"template":"","format":"standard","meta":{"ngg_post_thumbnail":0,"footnotes":""},"categories":[7,8],"tags":[],"class_list":["post-551","post","type-post","status-publish","format-standard","hentry","category-classe-de-ce2-cm1","category-classe-de-cm1-cm2"],"_links":{"self":[{"href":"https:\/\/ecole-ste-anne-asserac.fr\/index.php?rest_route=\/wp\/v2\/posts\/551","targetHints":{"allow":["GET"]}}],"collection":[{"href":"https:\/\/ecole-ste-anne-asserac.fr\/index.php?rest_route=\/wp\/v2\/posts"}],"about":[{"href":"https:\/\/ecole-ste-anne-asserac.fr\/index.php?rest_route=\/wp\/v2\/types\/post"}],"author":[{"embeddable":true,"href":"https:\/\/ecole-ste-anne-asserac.fr\/index.php?rest_route=\/wp\/v2\/users\/3"}],"replies":[{"embeddable":true,"href":"https:\/\/ecole-ste-anne-asserac.fr\/index.php?rest_route=%2Fwp%2Fv2%2Fcomments&post=551"}],"version-history":[{"count":0,"href":"https:\/\/ecole-ste-anne-asserac.fr\/index.php?rest_route=\/wp\/v2\/posts\/551\/revisions"}],"wp:attachment":[{"href":"https:\/\/ecole-ste-anne-asserac.fr\/index.php?rest_route=%2Fwp%2Fv2%2Fmedia&parent=551"}],"wp:term":[{"taxonomy":"category","embeddable":true,"href":"https:\/\/ecole-ste-anne-asserac.fr\/index.php?rest_route=%2Fwp%2Fv2%2Fcategories&post=551"},{"taxonomy":"post_tag","embeddable":true,"href":"https:\/\/ecole-ste-anne-asserac.fr\/index.php?rest_route=%2Fwp%2Fv2%2Ftags&post=551"}],"curies":[{"name":"wp","href":"https:\/\/api.w.org\/{rel}","templated":true}]}}