{"id":5544,"date":"2023-03-29T10:09:26","date_gmt":"2023-03-29T08:09:26","guid":{"rendered":"https:\/\/ecole-ste-anne-asserac.fr\/?p=5544"},"modified":"2023-03-29T10:09:26","modified_gmt":"2023-03-29T08:09:26","slug":"a-la-decouverte-de-la-faune-et-la-flore-de-pont-mahe","status":"publish","type":"post","link":"https:\/\/ecole-ste-anne-asserac.fr\/?p=5544","title":{"rendered":"A la d\u00e9couverte de la faune et la flore de Pont Mah\u00e9"},"content":{"rendered":"<p>Mardi 28 mars, les enfants de maternelle et de CP-CE1 sont partis \u00e0 la d\u00e9couverte de la faune et la flore locale. Accompagn\u00e9s de Claudine Spiotti, animatrice au Parc National de Bri\u00e8re, \u00a0les enfants de CP-CE1 ont explor\u00e9 la plage de Pont Mah\u00e9. Ils ont d&rsquo;abord r\u00e9colt\u00e9 librement sur la plage tout plein de choses. Ensuite, nous avons tri\u00e9 selon deux caract\u00e9ristiques: les d\u00e9chets issus de l&rsquo;activit\u00e9 humaine \u00a0et naturels. Les \u00e9l\u00e8ves ont pu se rendre de l&rsquo;impact de l&rsquo;activit\u00e9 de l&rsquo;homme sur la nature.<\/p>\n<p>Apr\u00e8s cette activit\u00e9, les enfants ont utilis\u00e9 les jumelles pour observer les oiseaux marins. Pour finir, ils ont dessin\u00e9 le paysage de Pont Mah\u00e9, constitu\u00e9 de for\u00eat, dunes et plage.<\/p>\n<p>Cette matin\u00e9e fut riche en d\u00e9couvertes! Nous retrouverons Claudine le 23 mai pour d\u00e9couvrir le milieu bocager et la roseli\u00e8re pr\u00e8s de l&rsquo;\u00e9cole. Nous sommes impatients!<a href=\"http:\/\/ecole-ste-anne-asserac.fr\/wp-content\/uploads\/2023\/03\/DC306078-2E48-4CCA-B45D-AE8D109FFCE7_1_105_c.jpeg\"><img loading=\"lazy\" decoding=\"async\" class=\"size-medium wp-image-5545 alignleft\" src=\"http:\/\/ecole-ste-anne-asserac.fr\/wp-content\/uploads\/2023\/03\/DC306078-2E48-4CCA-B45D-AE8D109FFCE7_1_105_c-300x225.jpeg\" alt=\"\" width=\"300\" height=\"225\" srcset=\"https:\/\/ecole-ste-anne-asserac.fr\/wp-content\/uploads\/2023\/03\/DC306078-2E48-4CCA-B45D-AE8D109FFCE7_1_105_c-300x225.jpeg 300w, https:\/\/ecole-ste-anne-asserac.fr\/wp-content\/uploads\/2023\/03\/DC306078-2E48-4CCA-B45D-AE8D109FFCE7_1_105_c-768x576.jpeg 768w, https:\/\/ecole-ste-anne-asserac.fr\/wp-content\/uploads\/2023\/03\/DC306078-2E48-4CCA-B45D-AE8D109FFCE7_1_105_c-600x450.jpeg 600w, https:\/\/ecole-ste-anne-asserac.fr\/wp-content\/uploads\/2023\/03\/DC306078-2E48-4CCA-B45D-AE8D109FFCE7_1_105_c.jpeg 1024w\" sizes=\"auto, (max-width: 300px) 100vw, 300px\" \/><\/a> <a href=\"http:\/\/ecole-ste-anne-asserac.fr\/wp-content\/uploads\/2023\/03\/D68B38C7-98AE-4921-B4CD-6BCD59AB9629_1_105_c.jpeg\"><img loading=\"lazy\" decoding=\"async\" class=\"size-medium wp-image-5547 aligncenter\" src=\"http:\/\/ecole-ste-anne-asserac.fr\/wp-content\/uploads\/2023\/03\/D68B38C7-98AE-4921-B4CD-6BCD59AB9629_1_105_c-300x225.jpeg\" alt=\"\" width=\"300\" height=\"225\" srcset=\"https:\/\/ecole-ste-anne-asserac.fr\/wp-content\/uploads\/2023\/03\/D68B38C7-98AE-4921-B4CD-6BCD59AB9629_1_105_c-300x225.jpeg 300w, https:\/\/ecole-ste-anne-asserac.fr\/wp-content\/uploads\/2023\/03\/D68B38C7-98AE-4921-B4CD-6BCD59AB9629_1_105_c-768x576.jpeg 768w, https:\/\/ecole-ste-anne-asserac.fr\/wp-content\/uploads\/2023\/03\/D68B38C7-98AE-4921-B4CD-6BCD59AB9629_1_105_c-600x450.jpeg 600w, https:\/\/ecole-ste-anne-asserac.fr\/wp-content\/uploads\/2023\/03\/D68B38C7-98AE-4921-B4CD-6BCD59AB9629_1_105_c.jpeg 1024w\" sizes=\"auto, (max-width: 300px) 100vw, 300px\" \/><\/a> <a href=\"http:\/\/ecole-ste-anne-asserac.fr\/wp-content\/uploads\/2023\/03\/583089F6-E69F-45E1-B486-63123448212E_1_105_c.jpeg\"><img loading=\"lazy\" decoding=\"async\" class=\"size-medium wp-image-5548 alignleft\" src=\"http:\/\/ecole-ste-anne-asserac.fr\/wp-content\/uploads\/2023\/03\/583089F6-E69F-45E1-B486-63123448212E_1_105_c-225x300.jpeg\" alt=\"\" width=\"225\" height=\"300\" srcset=\"https:\/\/ecole-ste-anne-asserac.fr\/wp-content\/uploads\/2023\/03\/583089F6-E69F-45E1-B486-63123448212E_1_105_c-225x300.jpeg 225w, https:\/\/ecole-ste-anne-asserac.fr\/wp-content\/uploads\/2023\/03\/583089F6-E69F-45E1-B486-63123448212E_1_105_c-600x800.jpeg 600w, https:\/\/ecole-ste-anne-asserac.fr\/wp-content\/uploads\/2023\/03\/583089F6-E69F-45E1-B486-63123448212E_1_105_c.jpeg 768w\" sizes=\"auto, (max-width: 225px) 100vw, 225px\" \/><\/a> <a href=\"http:\/\/ecole-ste-anne-asserac.fr\/wp-content\/uploads\/2023\/03\/532F70BE-9689-4DF2-997F-76EE3897E0DD_1_105_c.jpeg\"><img loading=\"lazy\" decoding=\"async\" class=\"size-medium wp-image-5549 aligncenter\" src=\"http:\/\/ecole-ste-anne-asserac.fr\/wp-content\/uploads\/2023\/03\/532F70BE-9689-4DF2-997F-76EE3897E0DD_1_105_c-300x225.jpeg\" alt=\"\" width=\"300\" height=\"225\" srcset=\"https:\/\/ecole-ste-anne-asserac.fr\/wp-content\/uploads\/2023\/03\/532F70BE-9689-4DF2-997F-76EE3897E0DD_1_105_c-300x225.jpeg 300w, https:\/\/ecole-ste-anne-asserac.fr\/wp-content\/uploads\/2023\/03\/532F70BE-9689-4DF2-997F-76EE3897E0DD_1_105_c-768x576.jpeg 768w, https:\/\/ecole-ste-anne-asserac.fr\/wp-content\/uploads\/2023\/03\/532F70BE-9689-4DF2-997F-76EE3897E0DD_1_105_c-600x450.jpeg 600w, https:\/\/ecole-ste-anne-asserac.fr\/wp-content\/uploads\/2023\/03\/532F70BE-9689-4DF2-997F-76EE3897E0DD_1_105_c.jpeg 1024w\" sizes=\"auto, (max-width: 300px) 100vw, 300px\" \/><\/a> <a href=\"http:\/\/ecole-ste-anne-asserac.fr\/wp-content\/uploads\/2023\/03\/EB058080-7C1E-4249-94FD-465068B0ECC8-scaled.jpeg\"><img loading=\"lazy\" decoding=\"async\" class=\"alignnone size-medium wp-image-5551\" src=\"http:\/\/ecole-ste-anne-asserac.fr\/wp-content\/uploads\/2023\/03\/EB058080-7C1E-4249-94FD-465068B0ECC8-300x225.jpeg\" alt=\"\" width=\"300\" height=\"225\" srcset=\"https:\/\/ecole-ste-anne-asserac.fr\/wp-content\/uploads\/2023\/03\/EB058080-7C1E-4249-94FD-465068B0ECC8-300x225.jpeg 300w, https:\/\/ecole-ste-anne-asserac.fr\/wp-content\/uploads\/2023\/03\/EB058080-7C1E-4249-94FD-465068B0ECC8-1024x768.jpeg 1024w, https:\/\/ecole-ste-anne-asserac.fr\/wp-content\/uploads\/2023\/03\/EB058080-7C1E-4249-94FD-465068B0ECC8-768x576.jpeg 768w, https:\/\/ecole-ste-anne-asserac.fr\/wp-content\/uploads\/2023\/03\/EB058080-7C1E-4249-94FD-465068B0ECC8-600x450.jpeg 600w, https:\/\/ecole-ste-anne-asserac.fr\/wp-content\/uploads\/2023\/03\/EB058080-7C1E-4249-94FD-465068B0ECC8-1536x1152.jpeg 1536w, https:\/\/ecole-ste-anne-asserac.fr\/wp-content\/uploads\/2023\/03\/EB058080-7C1E-4249-94FD-465068B0ECC8-2048x1536.jpeg 2048w\" sizes=\"auto, (max-width: 300px) 100vw, 300px\" \/><\/a> <a href=\"http:\/\/ecole-ste-anne-asserac.fr\/wp-content\/uploads\/2023\/03\/561EF937-0852-4FE8-9078-3EA0F858FDC6_1_105_c.jpeg\"><img loading=\"lazy\" decoding=\"async\" class=\"alignnone size-medium wp-image-5552\" src=\"http:\/\/ecole-ste-anne-asserac.fr\/wp-content\/uploads\/2023\/03\/561EF937-0852-4FE8-9078-3EA0F858FDC6_1_105_c-225x300.jpeg\" alt=\"\" width=\"225\" height=\"300\" srcset=\"https:\/\/ecole-ste-anne-asserac.fr\/wp-content\/uploads\/2023\/03\/561EF937-0852-4FE8-9078-3EA0F858FDC6_1_105_c-225x300.jpeg 225w, https:\/\/ecole-ste-anne-asserac.fr\/wp-content\/uploads\/2023\/03\/561EF937-0852-4FE8-9078-3EA0F858FDC6_1_105_c-600x800.jpeg 600w, https:\/\/ecole-ste-anne-asserac.fr\/wp-content\/uploads\/2023\/03\/561EF937-0852-4FE8-9078-3EA0F858FDC6_1_105_c.jpeg 768w\" sizes=\"auto, (max-width: 225px) 100vw, 225px\" \/><\/a><\/p>\n","protected":false},"excerpt":{"rendered":"<p>Mardi 28 mars, les enfants de maternelle et de CP-CE1 sont partis \u00e0 la d\u00e9couverte de la faune et la flore locale. Accompagn\u00e9s de Claudine Spiotti, animatrice au Parc National de Bri\u00e8re, \u00a0les enfants de CP-CE1 ont explor\u00e9 la plage de Pont Mah\u00e9. Ils ont d&rsquo;abord r\u00e9colt\u00e9 librement sur la plage tout plein de choses.<\/p>\n<p><a href=\"https:\/\/ecole-ste-anne-asserac.fr\/?p=5544\" class=\"more-link themebutton\">Lire la suite<\/a><\/p>\n","protected":false},"author":4,"featured_media":5551,"comment_status":"closed","ping_status":"closed","sticky":false,"template":"","format":"standard","meta":{"ngg_post_thumbnail":0,"footnotes":""},"categories":[6],"tags":[],"class_list":["post-5544","post","type-post","status-publish","format-standard","has-post-thumbnail","hentry","category-classe-de-cp-ce1"],"_links":{"self":[{"href":"https:\/\/ecole-ste-anne-asserac.fr\/index.php?rest_route=\/wp\/v2\/posts\/5544","targetHints":{"allow":["GET"]}}],"collection":[{"href":"https:\/\/ecole-ste-anne-asserac.fr\/index.php?rest_route=\/wp\/v2\/posts"}],"about":[{"href":"https:\/\/ecole-ste-anne-asserac.fr\/index.php?rest_route=\/wp\/v2\/types\/post"}],"author":[{"embeddable":true,"href":"https:\/\/ecole-ste-anne-asserac.fr\/index.php?rest_route=\/wp\/v2\/users\/4"}],"replies":[{"embeddable":true,"href":"https:\/\/ecole-ste-anne-asserac.fr\/index.php?rest_route=%2Fwp%2Fv2%2Fcomments&post=5544"}],"version-history":[{"count":2,"href":"https:\/\/ecole-ste-anne-asserac.fr\/index.php?rest_route=\/wp\/v2\/posts\/5544\/revisions"}],"predecessor-version":[{"id":5554,"href":"https:\/\/ecole-ste-anne-asserac.fr\/index.php?rest_route=\/wp\/v2\/posts\/5544\/revisions\/5554"}],"wp:featuredmedia":[{"embeddable":true,"href":"https:\/\/ecole-ste-anne-asserac.fr\/index.php?rest_route=\/wp\/v2\/media\/5551"}],"wp:attachment":[{"href":"https:\/\/ecole-ste-anne-asserac.fr\/index.php?rest_route=%2Fwp%2Fv2%2Fmedia&parent=5544"}],"wp:term":[{"taxonomy":"category","embeddable":true,"href":"https:\/\/ecole-ste-anne-asserac.fr\/index.php?rest_route=%2Fwp%2Fv2%2Fcategories&post=5544"},{"taxonomy":"post_tag","embeddable":true,"href":"https:\/\/ecole-ste-anne-asserac.fr\/index.php?rest_route=%2Fwp%2Fv2%2Ftags&post=5544"}],"curies":[{"name":"wp","href":"https:\/\/api.w.org\/{rel}","templated":true}]}}