{"id":5576,"date":"2023-04-12T15:58:14","date_gmt":"2023-04-12T13:58:14","guid":{"rendered":"https:\/\/ecole-ste-anne-asserac.fr\/?p=5576"},"modified":"2023-04-12T15:58:38","modified_gmt":"2023-04-12T13:58:38","slug":"seance-cinema-ce2-cm1-cm2","status":"publish","type":"post","link":"https:\/\/ecole-ste-anne-asserac.fr\/?p=5576","title":{"rendered":"S\u00e9ance cin\u00e9ma CE2-CM1-CM2"},"content":{"rendered":"<p>Pour faire suite \u00e0 un long travail en classe sur les animaux en voie de disparition et la protection de l&rsquo;environnement, les \u00e9l\u00e8ves de CE2-CM1 et CM1-CM2 sont all\u00e9s ce mardi 11 avril au cin\u00e9ma de La Roche Bernard pour visionner le film \u00ab\u00a0Les gardiennes de la Plan\u00e8te\u00a0\u00bb de Jean-Albert Li\u00e8vre.<\/p>\n<p><a href=\"http:\/\/ecole-ste-anne-asserac.fr\/wp-content\/uploads\/2023\/04\/1681290948927-scaled.jpg\"><img loading=\"lazy\" decoding=\"async\" class=\"aligncenter size-medium wp-image-5579\" src=\"http:\/\/ecole-ste-anne-asserac.fr\/wp-content\/uploads\/2023\/04\/1681290948927-225x300.jpg\" alt=\"\" width=\"225\" height=\"300\" srcset=\"https:\/\/ecole-ste-anne-asserac.fr\/wp-content\/uploads\/2023\/04\/1681290948927-225x300.jpg 225w, https:\/\/ecole-ste-anne-asserac.fr\/wp-content\/uploads\/2023\/04\/1681290948927-768x1024.jpg 768w, https:\/\/ecole-ste-anne-asserac.fr\/wp-content\/uploads\/2023\/04\/1681290948927-600x800.jpg 600w, https:\/\/ecole-ste-anne-asserac.fr\/wp-content\/uploads\/2023\/04\/1681290948927-1152x1536.jpg 1152w, https:\/\/ecole-ste-anne-asserac.fr\/wp-content\/uploads\/2023\/04\/1681290948927-1536x2048.jpg 1536w, https:\/\/ecole-ste-anne-asserac.fr\/wp-content\/uploads\/2023\/04\/1681290948927-scaled.jpg 1920w\" sizes=\"auto, (max-width: 225px) 100vw, 225px\" \/><\/a><\/p>\n<p>&nbsp;<\/p>\n<p>Une baleine \u00e0 bosse s&rsquo;est \u00e9chou\u00e9e sur un rivage isol\u00e9. Alors qu&rsquo;un groupe d&rsquo;hommes et de femmes organise son sauvetage, nous avons d\u00e9couvert l&rsquo;histoire des c\u00e9tac\u00e9s, citoyens des oc\u00e9ans du monde, essentiels \u00e0 l&rsquo;\u00e9cosyst\u00e8me de notre plan\u00e8te depuis plus de 50 millions d&rsquo;ann\u00e9es.<\/p>\n<p>Suite \u00e0 cette s\u00e9ance, en classe, nous allons exploiter diff\u00e9rents domaines de ce documentaire.<\/p>\n<p><a href=\"http:\/\/ecole-ste-anne-asserac.fr\/wp-content\/uploads\/2023\/04\/1681290948938-scaled.jpg\"><img loading=\"lazy\" decoding=\"async\" class=\"aligncenter size-medium wp-image-5578\" src=\"http:\/\/ecole-ste-anne-asserac.fr\/wp-content\/uploads\/2023\/04\/1681290948938-300x225.jpg\" alt=\"\" width=\"300\" height=\"225\" srcset=\"https:\/\/ecole-ste-anne-asserac.fr\/wp-content\/uploads\/2023\/04\/1681290948938-300x225.jpg 300w, https:\/\/ecole-ste-anne-asserac.fr\/wp-content\/uploads\/2023\/04\/1681290948938-1024x768.jpg 1024w, https:\/\/ecole-ste-anne-asserac.fr\/wp-content\/uploads\/2023\/04\/1681290948938-768x576.jpg 768w, https:\/\/ecole-ste-anne-asserac.fr\/wp-content\/uploads\/2023\/04\/1681290948938-600x450.jpg 600w, https:\/\/ecole-ste-anne-asserac.fr\/wp-content\/uploads\/2023\/04\/1681290948938-1536x1152.jpg 1536w, https:\/\/ecole-ste-anne-asserac.fr\/wp-content\/uploads\/2023\/04\/1681290948938-2048x1536.jpg 2048w\" sizes=\"auto, (max-width: 300px) 100vw, 300px\" \/><\/a><\/p>\n","protected":false},"excerpt":{"rendered":"<p>Pour faire suite \u00e0 un long travail en classe sur les animaux en voie de disparition et la protection de l&rsquo;environnement, les \u00e9l\u00e8ves de CE2-CM1 et CM1-CM2 sont all\u00e9s ce mardi 11 avril au cin\u00e9ma de La Roche Bernard pour visionner le film \u00ab\u00a0Les gardiennes de la Plan\u00e8te\u00a0\u00bb de Jean-Albert Li\u00e8vre. &nbsp; Une baleine \u00e0<\/p>\n<p><a href=\"https:\/\/ecole-ste-anne-asserac.fr\/?p=5576\" class=\"more-link themebutton\">Lire la suite<\/a><\/p>\n","protected":false},"author":10,"featured_media":5579,"comment_status":"closed","ping_status":"closed","sticky":false,"template":"","format":"standard","meta":{"ngg_post_thumbnail":0,"footnotes":""},"categories":[7,8],"tags":[],"class_list":["post-5576","post","type-post","status-publish","format-standard","has-post-thumbnail","hentry","category-classe-de-ce2-cm1","category-classe-de-cm1-cm2"],"_links":{"self":[{"href":"https:\/\/ecole-ste-anne-asserac.fr\/index.php?rest_route=\/wp\/v2\/posts\/5576","targetHints":{"allow":["GET"]}}],"collection":[{"href":"https:\/\/ecole-ste-anne-asserac.fr\/index.php?rest_route=\/wp\/v2\/posts"}],"about":[{"href":"https:\/\/ecole-ste-anne-asserac.fr\/index.php?rest_route=\/wp\/v2\/types\/post"}],"author":[{"embeddable":true,"href":"https:\/\/ecole-ste-anne-asserac.fr\/index.php?rest_route=\/wp\/v2\/users\/10"}],"replies":[{"embeddable":true,"href":"https:\/\/ecole-ste-anne-asserac.fr\/index.php?rest_route=%2Fwp%2Fv2%2Fcomments&post=5576"}],"version-history":[{"count":4,"href":"https:\/\/ecole-ste-anne-asserac.fr\/index.php?rest_route=\/wp\/v2\/posts\/5576\/revisions"}],"predecessor-version":[{"id":5584,"href":"https:\/\/ecole-ste-anne-asserac.fr\/index.php?rest_route=\/wp\/v2\/posts\/5576\/revisions\/5584"}],"wp:featuredmedia":[{"embeddable":true,"href":"https:\/\/ecole-ste-anne-asserac.fr\/index.php?rest_route=\/wp\/v2\/media\/5579"}],"wp:attachment":[{"href":"https:\/\/ecole-ste-anne-asserac.fr\/index.php?rest_route=%2Fwp%2Fv2%2Fmedia&parent=5576"}],"wp:term":[{"taxonomy":"category","embeddable":true,"href":"https:\/\/ecole-ste-anne-asserac.fr\/index.php?rest_route=%2Fwp%2Fv2%2Fcategories&post=5576"},{"taxonomy":"post_tag","embeddable":true,"href":"https:\/\/ecole-ste-anne-asserac.fr\/index.php?rest_route=%2Fwp%2Fv2%2Ftags&post=5576"}],"curies":[{"name":"wp","href":"https:\/\/api.w.org\/{rel}","templated":true}]}}