{"id":563,"date":"2016-03-20T18:11:47","date_gmt":"2016-03-20T17:11:47","guid":{"rendered":"http:\/\/ecole-ste-anne-asserac.fr\/?p=563"},"modified":"2016-03-20T18:11:47","modified_gmt":"2016-03-20T17:11:47","slug":"concours-kangourou","status":"publish","type":"post","link":"https:\/\/ecole-ste-anne-asserac.fr\/?p=563","title":{"rendered":"Concours Kangourou"},"content":{"rendered":"<p>Rien \u00e0 voir avec l&rsquo;Australie, l&rsquo;anglais ?<\/p>\n<p>Rien \u00e0 voir non plus avec les marsupiaux? Quoique &#8230;<a href=\"http:\/\/ecole-ste-anne-asserac.fr\/wp-content\/uploads\/2016\/03\/imageskangourou-2016.jpe\" rel=\"attachment wp-att-570\"><img loading=\"lazy\" decoding=\"async\" class=\"aligncenter size-full wp-image-570\" src=\"http:\/\/ecole-ste-anne-asserac.fr\/wp-content\/uploads\/2016\/03\/imageskangourou-2016.jpe\" alt=\"imageskangourou-2016\" width=\"257\" height=\"196\" \/><\/a><\/p>\n<p style=\"text-align: center;\">Jeudi 17 mars, les enfants de la classe de CM2 ont beaucoup r\u00e9fl\u00e9chi une fois de plus\u00a0 sur des \u00e9nigmes de logique, de num\u00e9ration, de calcul, de g\u00e9om\u00e9trie ! Mais cette fois, le d\u00e9fi \u00e9tait de taille :<\/p>\n<p style=\"text-align: center;\">Les documents du <a href=\"http:\/\/www.mathkang.org\/concours\/\" target=\"_blank\">Kangourou des math\u00e9matiques<\/a> \u00e9taient arriv\u00e9s \u00e0 l&rsquo;\u00e9cole et V\u00e9ronique avait ouvert l&rsquo;enveloppe officielle.<\/p>\n<p style=\"text-align: center;\">Tous \u00e9taient motiv\u00e9s et concentr\u00e9s car le concours est national .<a href=\"http:\/\/ecole-ste-anne-asserac.fr\/wp-content\/uploads\/2016\/03\/SDC11899.jpg\" rel=\"attachment wp-att-566\"><img loading=\"lazy\" decoding=\"async\" class=\"aligncenter size-medium wp-image-566\" src=\"http:\/\/ecole-ste-anne-asserac.fr\/wp-content\/uploads\/2016\/03\/SDC11899-300x225.jpg\" alt=\"SDC11899\" width=\"300\" height=\"225\" srcset=\"https:\/\/ecole-ste-anne-asserac.fr\/wp-content\/uploads\/2016\/03\/SDC11899-300x225.jpg 300w, https:\/\/ecole-ste-anne-asserac.fr\/wp-content\/uploads\/2016\/03\/SDC11899-768x576.jpg 768w, https:\/\/ecole-ste-anne-asserac.fr\/wp-content\/uploads\/2016\/03\/SDC11899-1024x768.jpg 1024w, https:\/\/ecole-ste-anne-asserac.fr\/wp-content\/uploads\/2016\/03\/SDC11899-600x450.jpg 600w, https:\/\/ecole-ste-anne-asserac.fr\/wp-content\/uploads\/2016\/03\/SDC11899.jpg 2048w\" sizes=\"auto, (max-width: 300px) 100vw, 300px\" \/><\/a><a href=\"http:\/\/ecole-ste-anne-asserac.fr\/wp-content\/uploads\/2016\/03\/SDC11900.jpg\" rel=\"attachment wp-att-567\"><img loading=\"lazy\" decoding=\"async\" class=\"aligncenter size-medium wp-image-567\" src=\"http:\/\/ecole-ste-anne-asserac.fr\/wp-content\/uploads\/2016\/03\/SDC11900-300x225.jpg\" alt=\"SDC11900\" width=\"300\" height=\"225\" srcset=\"https:\/\/ecole-ste-anne-asserac.fr\/wp-content\/uploads\/2016\/03\/SDC11900-300x225.jpg 300w, https:\/\/ecole-ste-anne-asserac.fr\/wp-content\/uploads\/2016\/03\/SDC11900-768x576.jpg 768w, https:\/\/ecole-ste-anne-asserac.fr\/wp-content\/uploads\/2016\/03\/SDC11900-1024x768.jpg 1024w, https:\/\/ecole-ste-anne-asserac.fr\/wp-content\/uploads\/2016\/03\/SDC11900-600x450.jpg 600w, https:\/\/ecole-ste-anne-asserac.fr\/wp-content\/uploads\/2016\/03\/SDC11900.jpg 2048w\" sizes=\"auto, (max-width: 300px) 100vw, 300px\" \/><\/a><a href=\"http:\/\/ecole-ste-anne-asserac.fr\/wp-content\/uploads\/2016\/03\/SDC11902.jpg\" rel=\"attachment wp-att-569\"><img loading=\"lazy\" decoding=\"async\" class=\"aligncenter size-medium wp-image-569\" src=\"http:\/\/ecole-ste-anne-asserac.fr\/wp-content\/uploads\/2016\/03\/SDC11902-300x225.jpg\" alt=\"SDC11902\" width=\"300\" height=\"225\" srcset=\"https:\/\/ecole-ste-anne-asserac.fr\/wp-content\/uploads\/2016\/03\/SDC11902-300x225.jpg 300w, https:\/\/ecole-ste-anne-asserac.fr\/wp-content\/uploads\/2016\/03\/SDC11902-768x576.jpg 768w, https:\/\/ecole-ste-anne-asserac.fr\/wp-content\/uploads\/2016\/03\/SDC11902-1024x768.jpg 1024w, https:\/\/ecole-ste-anne-asserac.fr\/wp-content\/uploads\/2016\/03\/SDC11902-600x450.jpg 600w, https:\/\/ecole-ste-anne-asserac.fr\/wp-content\/uploads\/2016\/03\/SDC11902.jpg 2048w\" sizes=\"auto, (max-width: 300px) 100vw, 300px\" \/><\/a>Chacun pour soi cette fois !<\/p>\n<p><a href=\"http:\/\/ecole-ste-anne-asserac.fr\/wp-content\/uploads\/2016\/03\/SDC11898.jpg\" rel=\"attachment wp-att-565\"><img loading=\"lazy\" decoding=\"async\" class=\"aligncenter size-medium wp-image-565\" src=\"http:\/\/ecole-ste-anne-asserac.fr\/wp-content\/uploads\/2016\/03\/SDC11898-300x225.jpg\" alt=\"SDC11898\" width=\"300\" height=\"225\" srcset=\"https:\/\/ecole-ste-anne-asserac.fr\/wp-content\/uploads\/2016\/03\/SDC11898-300x225.jpg 300w, https:\/\/ecole-ste-anne-asserac.fr\/wp-content\/uploads\/2016\/03\/SDC11898-768x576.jpg 768w, https:\/\/ecole-ste-anne-asserac.fr\/wp-content\/uploads\/2016\/03\/SDC11898-1024x768.jpg 1024w, https:\/\/ecole-ste-anne-asserac.fr\/wp-content\/uploads\/2016\/03\/SDC11898-600x450.jpg 600w, https:\/\/ecole-ste-anne-asserac.fr\/wp-content\/uploads\/2016\/03\/SDC11898.jpg 2048w\" sizes=\"auto, (max-width: 300px) 100vw, 300px\" \/><\/a><a href=\"http:\/\/ecole-ste-anne-asserac.fr\/wp-content\/uploads\/2016\/03\/SDC11901.jpg\" rel=\"attachment wp-att-568\"><img loading=\"lazy\" decoding=\"async\" class=\"aligncenter size-medium wp-image-568\" src=\"http:\/\/ecole-ste-anne-asserac.fr\/wp-content\/uploads\/2016\/03\/SDC11901-300x225.jpg\" alt=\"SDC11901\" width=\"300\" height=\"225\" srcset=\"https:\/\/ecole-ste-anne-asserac.fr\/wp-content\/uploads\/2016\/03\/SDC11901-300x225.jpg 300w, https:\/\/ecole-ste-anne-asserac.fr\/wp-content\/uploads\/2016\/03\/SDC11901-768x576.jpg 768w, https:\/\/ecole-ste-anne-asserac.fr\/wp-content\/uploads\/2016\/03\/SDC11901-1024x768.jpg 1024w, https:\/\/ecole-ste-anne-asserac.fr\/wp-content\/uploads\/2016\/03\/SDC11901-600x450.jpg 600w, https:\/\/ecole-ste-anne-asserac.fr\/wp-content\/uploads\/2016\/03\/SDC11901.jpg 2048w\" sizes=\"auto, (max-width: 300px) 100vw, 300px\" \/><\/a>R\u00e9actions apr\u00e8s l&rsquo;\u00e9preuve :<\/p>\n<p>\u00a0\u00bb C&rsquo;\u00e9tait plus facile que l&rsquo;ann\u00e9e derni\u00e8re &#8230;\u00a0\u00bb<\/p>\n<p>\u00ab\u00a0C&rsquo;est bien de faire des d\u00e9fis maths toute l&rsquo;ann\u00e9e en \u00e9quipes, \u00e7a nous aide car on pense aux id\u00e9es des autres.\u00a0\u00bb<\/p>\n<p>\u00ab\u00a0Je n&rsquo;avais pas eu le temps de terminer l&rsquo;ann\u00e9e derni\u00e8re , cette ann\u00e9e j&rsquo;ai tout fait !\u00a0\u00bb<\/p>\n<p>\u00a0\u00bb C&rsquo;est plus difficile quand m\u00eame quand on est tout seul\u00a0\u00bb<\/p>\n<p>Il n&rsquo;y a plus qu&rsquo;\u00e0 attendre les r\u00e9sultats , mais quelque soit le classement, tous se sont bien investis.<\/p>\n<p>Vous aussi vous voulez essayer ? Au hasard du questionnaire :<\/p>\n<ul>\n<li>Mes chats ont 18 pattes de plus que de langues. Combien ai-je de chats ?\u00a0 4,5,6,8 ou 9 ?<\/li>\n<li>La date 01\/04\/1499 utilise les chiffres 9,4,1, et 0 exactement 2 fois chacun. Combien de dates en 2016 utilisent les chiffres 6,2,1 et 0 exactement deux fois chacun?<\/li>\n<li>Combien y a-t-il de fa\u00e7ons de choisir, parmi les nombres de 1 \u00e0 20, cinq nombres entiers diff\u00e9rents dont la somme vaut 20?<\/li>\n<\/ul>\n<p>Bonne recherche !<\/p>\n<p>&nbsp;<\/p>\n<p>&nbsp;<\/p>\n","protected":false},"excerpt":{"rendered":"<p>Rien \u00e0 voir avec l&rsquo;Australie, l&rsquo;anglais ? Rien \u00e0 voir non plus avec les marsupiaux? Quoique &#8230; Jeudi 17 mars, les enfants de la classe de CM2 ont beaucoup r\u00e9fl\u00e9chi une fois de plus\u00a0 sur des \u00e9nigmes de logique, de num\u00e9ration, de calcul, de g\u00e9om\u00e9trie ! Mais cette fois, le d\u00e9fi \u00e9tait de taille :<\/p>\n<p><a href=\"https:\/\/ecole-ste-anne-asserac.fr\/?p=563\" class=\"more-link themebutton\">Lire la suite<\/a><\/p>\n","protected":false},"author":3,"featured_media":0,"comment_status":"closed","ping_status":"closed","sticky":false,"template":"","format":"standard","meta":{"ngg_post_thumbnail":0,"footnotes":""},"categories":[8],"tags":[],"class_list":["post-563","post","type-post","status-publish","format-standard","hentry","category-classe-de-cm1-cm2"],"_links":{"self":[{"href":"https:\/\/ecole-ste-anne-asserac.fr\/index.php?rest_route=\/wp\/v2\/posts\/563","targetHints":{"allow":["GET"]}}],"collection":[{"href":"https:\/\/ecole-ste-anne-asserac.fr\/index.php?rest_route=\/wp\/v2\/posts"}],"about":[{"href":"https:\/\/ecole-ste-anne-asserac.fr\/index.php?rest_route=\/wp\/v2\/types\/post"}],"author":[{"embeddable":true,"href":"https:\/\/ecole-ste-anne-asserac.fr\/index.php?rest_route=\/wp\/v2\/users\/3"}],"replies":[{"embeddable":true,"href":"https:\/\/ecole-ste-anne-asserac.fr\/index.php?rest_route=%2Fwp%2Fv2%2Fcomments&post=563"}],"version-history":[{"count":0,"href":"https:\/\/ecole-ste-anne-asserac.fr\/index.php?rest_route=\/wp\/v2\/posts\/563\/revisions"}],"wp:attachment":[{"href":"https:\/\/ecole-ste-anne-asserac.fr\/index.php?rest_route=%2Fwp%2Fv2%2Fmedia&parent=563"}],"wp:term":[{"taxonomy":"category","embeddable":true,"href":"https:\/\/ecole-ste-anne-asserac.fr\/index.php?rest_route=%2Fwp%2Fv2%2Fcategories&post=563"},{"taxonomy":"post_tag","embeddable":true,"href":"https:\/\/ecole-ste-anne-asserac.fr\/index.php?rest_route=%2Fwp%2Fv2%2Ftags&post=563"}],"curies":[{"name":"wp","href":"https:\/\/api.w.org\/{rel}","templated":true}]}}