{"id":5645,"date":"2023-05-08T21:45:56","date_gmt":"2023-05-08T19:45:56","guid":{"rendered":"https:\/\/ecole-ste-anne-asserac.fr\/?p=5645"},"modified":"2023-05-08T21:47:02","modified_gmt":"2023-05-08T19:47:02","slug":"8-mai","status":"publish","type":"post","link":"https:\/\/ecole-ste-anne-asserac.fr\/?p=5645","title":{"rendered":"8 Mai"},"content":{"rendered":"<p class=\" text-justify\"><em>\u00ab\u00a08 mai 1945, il y a 78 ans : l\u2019Allemagne nazie capitule devant les Alli\u00e9s r\u00e9unis \u00e0 Berlin. C\u2019est la Victoire.<\/em><\/p>\n<p class=\" text-justify\"><em>Ce jour-l\u00e0, les forces de la libert\u00e9 triomphent non seulement contre une arm\u00e9e, mais aussi contre une id\u00e9ologie qui \u00e9crasait l\u2019Europe et la libert\u00e9 de ses peuples. Apr\u00e8s six ann\u00e9es de guerre, l\u2019\u00e9cho de l\u2019Armistice se r\u00e9pand partout sur le continent, apportant aux peuples la joie de la Lib\u00e9ration, et la fiert\u00e9 d\u2019avoir vaincu\u00a0\u00bb ( extrait du discours du Ministre des Arm\u00e9es, M. S\u00e9bastine LECORNU )<\/em><\/p>\n<p>&nbsp;<\/p>\n<p>En classe, nous avons travaill\u00e9 sur la signification de ce jour f\u00e9ri\u00e9, nous avons vu des photos de liesse de ce 8 Mai 1945 &#8230;<\/p>\n<p>Aujourd&rsquo;hui , 8 Mai 2023,&nbsp; nous avons particip\u00e9 \u00e0 la c\u00e9r\u00e9monie du souvenir devant le monument aux morts. Avec les anciens combattants, les \u00e9lus, le Conseil Municipal des Jeunes, nous avons \u00e9cout\u00e9 les discours dont celui du Ministre ( lu par Monsieur David, le Maire ).<\/p>\n<p><img loading=\"lazy\" decoding=\"async\" class=\"size-medium wp-image-5647 aligncenter\" src=\"http:\/\/ecole-ste-anne-asserac.fr\/wp-content\/uploads\/2023\/05\/IMG_7351-300x225.jpg\" alt=\"\" width=\"300\" height=\"225\" srcset=\"https:\/\/ecole-ste-anne-asserac.fr\/wp-content\/uploads\/2023\/05\/IMG_7351-300x225.jpg 300w, https:\/\/ecole-ste-anne-asserac.fr\/wp-content\/uploads\/2023\/05\/IMG_7351-1024x768.jpg 1024w, https:\/\/ecole-ste-anne-asserac.fr\/wp-content\/uploads\/2023\/05\/IMG_7351-768x576.jpg 768w, https:\/\/ecole-ste-anne-asserac.fr\/wp-content\/uploads\/2023\/05\/IMG_7351-600x450.jpg 600w, https:\/\/ecole-ste-anne-asserac.fr\/wp-content\/uploads\/2023\/05\/IMG_7351-1536x1152.jpg 1536w, https:\/\/ecole-ste-anne-asserac.fr\/wp-content\/uploads\/2023\/05\/IMG_7351-2048x1536.jpg 2048w\" sizes=\"auto, (max-width: 300px) 100vw, 300px\" \/><\/p>\n<p>Lilou et Marius, nos 2 d\u00e9l\u00e9gu\u00e9s de la classe ont port\u00e9 des gerbes, et sont all\u00e9s les d\u00e9poser solennellement avec les officiels devant le Monument.&nbsp;Certains anciens combattants ont re\u00e7u une m\u00e9daille et la section d&rsquo;Ass\u00e9rac a eu son nouveau drapeau.<img loading=\"lazy\" decoding=\"async\" class=\"size-medium wp-image-5649 aligncenter\" src=\"http:\/\/ecole-ste-anne-asserac.fr\/wp-content\/uploads\/2023\/05\/IMG_7354-225x300.jpg\" alt=\"\" width=\"225\" height=\"300\" srcset=\"https:\/\/ecole-ste-anne-asserac.fr\/wp-content\/uploads\/2023\/05\/IMG_7354-225x300.jpg 225w, https:\/\/ecole-ste-anne-asserac.fr\/wp-content\/uploads\/2023\/05\/IMG_7354-768x1024.jpg 768w, https:\/\/ecole-ste-anne-asserac.fr\/wp-content\/uploads\/2023\/05\/IMG_7354-600x800.jpg 600w, https:\/\/ecole-ste-anne-asserac.fr\/wp-content\/uploads\/2023\/05\/IMG_7354-1152x1536.jpg 1152w, https:\/\/ecole-ste-anne-asserac.fr\/wp-content\/uploads\/2023\/05\/IMG_7354-1536x2048.jpg 1536w, https:\/\/ecole-ste-anne-asserac.fr\/wp-content\/uploads\/2023\/05\/IMG_7354-scaled.jpg 1920w\" sizes=\"auto, (max-width: 225px) 100vw, 225px\" \/><\/p>\n<p>Apr\u00e8s la \u00ab\u00a0sonnerie&nbsp; aux morts\u00a0\u00bb et la minute de silence, nous avons chant\u00e9 la Marseillaise. C&rsquo;\u00e9tait impressionnant !<img loading=\"lazy\" decoding=\"async\" class=\"size-medium wp-image-5646 aligncenter\" src=\"http:\/\/ecole-ste-anne-asserac.fr\/wp-content\/uploads\/2023\/05\/IMG_7357-300x225.jpg\" alt=\"\" width=\"300\" height=\"225\" srcset=\"https:\/\/ecole-ste-anne-asserac.fr\/wp-content\/uploads\/2023\/05\/IMG_7357-300x225.jpg 300w, https:\/\/ecole-ste-anne-asserac.fr\/wp-content\/uploads\/2023\/05\/IMG_7357-1024x768.jpg 1024w, https:\/\/ecole-ste-anne-asserac.fr\/wp-content\/uploads\/2023\/05\/IMG_7357-768x576.jpg 768w, https:\/\/ecole-ste-anne-asserac.fr\/wp-content\/uploads\/2023\/05\/IMG_7357-600x450.jpg 600w, https:\/\/ecole-ste-anne-asserac.fr\/wp-content\/uploads\/2023\/05\/IMG_7357-1536x1152.jpg 1536w, https:\/\/ecole-ste-anne-asserac.fr\/wp-content\/uploads\/2023\/05\/IMG_7357-2048x1536.jpg 2048w\" sizes=\"auto, (max-width: 300px) 100vw, 300px\" \/><\/p>\n<p><em>\u00ab\u00a0Ecoutons les survivants et les v\u00e9t\u00e9rans qui nous transmettent la m\u00e9moire de leurs compagnons, pour que leur t\u00e9moignage ne disparaisse pas avec eux et qu\u2019il inspire ceux qui s\u2019imaginent leur libert\u00e9 pour d\u00e9finitivement acquise.\u00a0\u00bb (M. S\u00e9bastien LECORNU)<\/em><\/p>\n<p style=\"text-align: center;\">Merci \u00e0 tous les parents qui ont permis aux enfants de vivre cette le\u00e7on d&rsquo;histoire , et ce devoir de m\u00e9moire.<\/p>\n","protected":false},"excerpt":{"rendered":"<p>\u00ab\u00a08 mai 1945, il y a 78 ans : l\u2019Allemagne nazie capitule devant les Alli\u00e9s r\u00e9unis \u00e0 Berlin. C\u2019est la Victoire. Ce jour-l\u00e0, les forces de la libert\u00e9 triomphent non seulement contre une arm\u00e9e, mais aussi contre une id\u00e9ologie qui \u00e9crasait l\u2019Europe et la libert\u00e9 de ses peuples. Apr\u00e8s six ann\u00e9es de guerre, l\u2019\u00e9cho de<\/p>\n<p><a href=\"https:\/\/ecole-ste-anne-asserac.fr\/?p=5645\" class=\"more-link themebutton\">Lire la suite<\/a><\/p>\n","protected":false},"author":3,"featured_media":5647,"comment_status":"closed","ping_status":"closed","sticky":false,"template":"","format":"standard","meta":{"ngg_post_thumbnail":0,"footnotes":""},"categories":[11,8],"tags":[],"class_list":["post-5645","post","type-post","status-publish","format-standard","has-post-thumbnail","hentry","category-actualite","category-classe-de-cm1-cm2"],"_links":{"self":[{"href":"https:\/\/ecole-ste-anne-asserac.fr\/index.php?rest_route=\/wp\/v2\/posts\/5645","targetHints":{"allow":["GET"]}}],"collection":[{"href":"https:\/\/ecole-ste-anne-asserac.fr\/index.php?rest_route=\/wp\/v2\/posts"}],"about":[{"href":"https:\/\/ecole-ste-anne-asserac.fr\/index.php?rest_route=\/wp\/v2\/types\/post"}],"author":[{"embeddable":true,"href":"https:\/\/ecole-ste-anne-asserac.fr\/index.php?rest_route=\/wp\/v2\/users\/3"}],"replies":[{"embeddable":true,"href":"https:\/\/ecole-ste-anne-asserac.fr\/index.php?rest_route=%2Fwp%2Fv2%2Fcomments&post=5645"}],"version-history":[{"count":3,"href":"https:\/\/ecole-ste-anne-asserac.fr\/index.php?rest_route=\/wp\/v2\/posts\/5645\/revisions"}],"predecessor-version":[{"id":5651,"href":"https:\/\/ecole-ste-anne-asserac.fr\/index.php?rest_route=\/wp\/v2\/posts\/5645\/revisions\/5651"}],"wp:featuredmedia":[{"embeddable":true,"href":"https:\/\/ecole-ste-anne-asserac.fr\/index.php?rest_route=\/wp\/v2\/media\/5647"}],"wp:attachment":[{"href":"https:\/\/ecole-ste-anne-asserac.fr\/index.php?rest_route=%2Fwp%2Fv2%2Fmedia&parent=5645"}],"wp:term":[{"taxonomy":"category","embeddable":true,"href":"https:\/\/ecole-ste-anne-asserac.fr\/index.php?rest_route=%2Fwp%2Fv2%2Fcategories&post=5645"},{"taxonomy":"post_tag","embeddable":true,"href":"https:\/\/ecole-ste-anne-asserac.fr\/index.php?rest_route=%2Fwp%2Fv2%2Ftags&post=5645"}],"curies":[{"name":"wp","href":"https:\/\/api.w.org\/{rel}","templated":true}]}}