{"id":5667,"date":"2023-05-13T11:53:46","date_gmt":"2023-05-13T09:53:46","guid":{"rendered":"https:\/\/ecole-ste-anne-asserac.fr\/?p=5667"},"modified":"2023-05-13T13:08:53","modified_gmt":"2023-05-13T11:08:53","slug":"rencontre-avec-les-enseignantes-de-nos-correspondants-de-colleferro-en-italie","status":"publish","type":"post","link":"https:\/\/ecole-ste-anne-asserac.fr\/?p=5667","title":{"rendered":"Rencontre avec les enseignantes de nos correspondants de Colleferro en Italie"},"content":{"rendered":"<p>Dans le cadre d&rsquo;un projet Erasmus, en novembre 2022, nos maitresses avaient rencontr\u00e9 des enseignants italiens en Italie. En mars c&rsquo;est une deuxi\u00e8me d\u00e9l\u00e9gation de professeurs italiens de Colleferro qui est venue d\u00e9couvrir le syst\u00e8me \u00e9ducatif fran\u00e7ais.<\/p>\n<p>Depuis No\u00ebl, nous avons commenc\u00e9 des \u00e9changes avec les \u00e9l\u00e8ves de la classe de deuxi\u00e8me ann\u00e9e de L&rsquo;<a href=\"https:\/\/www.comprensivocolleferro1.it\/\">istituto Comprensivo Margherita Hack<\/a> de Colleferro. &nbsp;Nous communiquons r\u00e9guli\u00e8rement avec nos copains italiens, lors d&rsquo;\u00e9changes de cartes, de vid\u00e9os.. Cette semaine, c&rsquo;est avec grande joie que &nbsp;nous avons rencontr\u00e9 Giorgia et Michela les deux enseignantes de la classe. Durant ces trois jours, nous avons pu \u00e9changer et r\u00e9aliser une visioconf\u00e9rence avec les \u00e9l\u00e8ves italiens. Nous avons pr\u00e9par\u00e9 des petits cadeaux pour nos amis et les avons confi\u00e9s \u00e0 leurs maitresses. Nous avons partag\u00e9 de tr\u00e8s beaux moments!<\/p>\n<p><a href=\"http:\/\/ecole-ste-anne-asserac.fr\/wp-content\/uploads\/2023\/05\/663979E7-53AB-4713-9DB2-6EC1E2683206.jpeg\"><img loading=\"lazy\" decoding=\"async\" class=\"size-medium wp-image-5671 aligncenter\" src=\"http:\/\/ecole-ste-anne-asserac.fr\/wp-content\/uploads\/2023\/05\/663979E7-53AB-4713-9DB2-6EC1E2683206-300x225.jpeg\" alt=\"\" width=\"300\" height=\"225\" srcset=\"https:\/\/ecole-ste-anne-asserac.fr\/wp-content\/uploads\/2023\/05\/663979E7-53AB-4713-9DB2-6EC1E2683206-300x225.jpeg 300w, https:\/\/ecole-ste-anne-asserac.fr\/wp-content\/uploads\/2023\/05\/663979E7-53AB-4713-9DB2-6EC1E2683206-600x450.jpeg 600w, https:\/\/ecole-ste-anne-asserac.fr\/wp-content\/uploads\/2023\/05\/663979E7-53AB-4713-9DB2-6EC1E2683206.jpeg 755w\" sizes=\"auto, (max-width: 300px) 100vw, 300px\" \/><\/a><\/p>\n<p>&nbsp;<\/p>\n<p><a href=\"http:\/\/ecole-ste-anne-asserac.fr\/wp-content\/uploads\/2023\/05\/IMG_7373.jpeg\"><img loading=\"lazy\" decoding=\"async\" class=\"size-medium wp-image-5668 alignleft\" src=\"http:\/\/ecole-ste-anne-asserac.fr\/wp-content\/uploads\/2023\/05\/IMG_7373-300x225.jpeg\" alt=\"\" width=\"300\" height=\"225\" srcset=\"https:\/\/ecole-ste-anne-asserac.fr\/wp-content\/uploads\/2023\/05\/IMG_7373-300x225.jpeg 300w, https:\/\/ecole-ste-anne-asserac.fr\/wp-content\/uploads\/2023\/05\/IMG_7373-600x450.jpeg 600w, https:\/\/ecole-ste-anne-asserac.fr\/wp-content\/uploads\/2023\/05\/IMG_7373.jpeg 755w\" sizes=\"auto, (max-width: 300px) 100vw, 300px\" \/><\/a> <a href=\"http:\/\/ecole-ste-anne-asserac.fr\/wp-content\/uploads\/2023\/05\/IMG_7372-scaled.jpg\"><img loading=\"lazy\" decoding=\"async\" class=\"size-medium wp-image-5669 alignright\" src=\"http:\/\/ecole-ste-anne-asserac.fr\/wp-content\/uploads\/2023\/05\/IMG_7372-300x225.jpg\" alt=\"\" width=\"300\" height=\"225\" srcset=\"https:\/\/ecole-ste-anne-asserac.fr\/wp-content\/uploads\/2023\/05\/IMG_7372-300x225.jpg 300w, https:\/\/ecole-ste-anne-asserac.fr\/wp-content\/uploads\/2023\/05\/IMG_7372-1024x768.jpg 1024w, https:\/\/ecole-ste-anne-asserac.fr\/wp-content\/uploads\/2023\/05\/IMG_7372-768x576.jpg 768w, https:\/\/ecole-ste-anne-asserac.fr\/wp-content\/uploads\/2023\/05\/IMG_7372-600x450.jpg 600w, https:\/\/ecole-ste-anne-asserac.fr\/wp-content\/uploads\/2023\/05\/IMG_7372-1536x1152.jpg 1536w, https:\/\/ecole-ste-anne-asserac.fr\/wp-content\/uploads\/2023\/05\/IMG_7372-2048x1536.jpg 2048w\" sizes=\"auto, (max-width: 300px) 100vw, 300px\" \/><\/a> <a href=\"http:\/\/ecole-ste-anne-asserac.fr\/wp-content\/uploads\/2023\/05\/IMG_7368.jpeg\"><img loading=\"lazy\" decoding=\"async\" class=\"size-medium wp-image-5670 alignleft\" src=\"http:\/\/ecole-ste-anne-asserac.fr\/wp-content\/uploads\/2023\/05\/IMG_7368-300x225.jpeg\" alt=\"\" width=\"300\" height=\"225\" srcset=\"https:\/\/ecole-ste-anne-asserac.fr\/wp-content\/uploads\/2023\/05\/IMG_7368-300x225.jpeg 300w, https:\/\/ecole-ste-anne-asserac.fr\/wp-content\/uploads\/2023\/05\/IMG_7368-600x450.jpeg 600w, https:\/\/ecole-ste-anne-asserac.fr\/wp-content\/uploads\/2023\/05\/IMG_7368.jpeg 755w\" sizes=\"auto, (max-width: 300px) 100vw, 300px\" \/><\/a>&nbsp;&nbsp;<a href=\"http:\/\/ecole-ste-anne-asserac.fr\/wp-content\/uploads\/2023\/05\/509493CE-D1A8-4AF9-A36B-4CEF352428E9.jpeg\"><img loading=\"lazy\" decoding=\"async\" class=\"size-medium wp-image-5672 alignright\" src=\"http:\/\/ecole-ste-anne-asserac.fr\/wp-content\/uploads\/2023\/05\/509493CE-D1A8-4AF9-A36B-4CEF352428E9-300x225.jpeg\" alt=\"\" width=\"300\" height=\"225\" srcset=\"https:\/\/ecole-ste-anne-asserac.fr\/wp-content\/uploads\/2023\/05\/509493CE-D1A8-4AF9-A36B-4CEF352428E9-300x225.jpeg 300w, https:\/\/ecole-ste-anne-asserac.fr\/wp-content\/uploads\/2023\/05\/509493CE-D1A8-4AF9-A36B-4CEF352428E9-600x450.jpeg 600w, https:\/\/ecole-ste-anne-asserac.fr\/wp-content\/uploads\/2023\/05\/509493CE-D1A8-4AF9-A36B-4CEF352428E9.jpeg 755w\" sizes=\"auto, (max-width: 300px) 100vw, 300px\" \/><\/a> <a href=\"http:\/\/ecole-ste-anne-asserac.fr\/wp-content\/uploads\/2023\/05\/431E8A44-69C9-44F0-894A-279E7322B677.jpeg\"><img loading=\"lazy\" decoding=\"async\" class=\"size-medium wp-image-5673 aligncenter\" src=\"http:\/\/ecole-ste-anne-asserac.fr\/wp-content\/uploads\/2023\/05\/431E8A44-69C9-44F0-894A-279E7322B677-225x300.jpeg\" alt=\"\" width=\"225\" height=\"300\" srcset=\"https:\/\/ecole-ste-anne-asserac.fr\/wp-content\/uploads\/2023\/05\/431E8A44-69C9-44F0-894A-279E7322B677-225x300.jpeg 225w, https:\/\/ecole-ste-anne-asserac.fr\/wp-content\/uploads\/2023\/05\/431E8A44-69C9-44F0-894A-279E7322B677.jpeg 425w\" sizes=\"auto, (max-width: 225px) 100vw, 225px\" \/><\/a><\/p>\n<p>&nbsp;<\/p>\n","protected":false},"excerpt":{"rendered":"<p>Dans le cadre d&rsquo;un projet Erasmus, en novembre 2022, nos maitresses avaient rencontr\u00e9 des enseignants italiens en Italie. En mars c&rsquo;est une deuxi\u00e8me d\u00e9l\u00e9gation de professeurs italiens de Colleferro qui est venue d\u00e9couvrir le syst\u00e8me \u00e9ducatif fran\u00e7ais. Depuis No\u00ebl, nous avons commenc\u00e9 des \u00e9changes avec les \u00e9l\u00e8ves de la classe de deuxi\u00e8me ann\u00e9e de L&rsquo;istituto<\/p>\n<p><a href=\"https:\/\/ecole-ste-anne-asserac.fr\/?p=5667\" class=\"more-link themebutton\">Lire la suite<\/a><\/p>\n","protected":false},"author":4,"featured_media":5670,"comment_status":"closed","ping_status":"closed","sticky":false,"template":"","format":"standard","meta":{"ngg_post_thumbnail":0,"footnotes":""},"categories":[6],"tags":[],"class_list":["post-5667","post","type-post","status-publish","format-standard","has-post-thumbnail","hentry","category-classe-de-cp-ce1"],"_links":{"self":[{"href":"https:\/\/ecole-ste-anne-asserac.fr\/index.php?rest_route=\/wp\/v2\/posts\/5667","targetHints":{"allow":["GET"]}}],"collection":[{"href":"https:\/\/ecole-ste-anne-asserac.fr\/index.php?rest_route=\/wp\/v2\/posts"}],"about":[{"href":"https:\/\/ecole-ste-anne-asserac.fr\/index.php?rest_route=\/wp\/v2\/types\/post"}],"author":[{"embeddable":true,"href":"https:\/\/ecole-ste-anne-asserac.fr\/index.php?rest_route=\/wp\/v2\/users\/4"}],"replies":[{"embeddable":true,"href":"https:\/\/ecole-ste-anne-asserac.fr\/index.php?rest_route=%2Fwp%2Fv2%2Fcomments&post=5667"}],"version-history":[{"count":5,"href":"https:\/\/ecole-ste-anne-asserac.fr\/index.php?rest_route=\/wp\/v2\/posts\/5667\/revisions"}],"predecessor-version":[{"id":5678,"href":"https:\/\/ecole-ste-anne-asserac.fr\/index.php?rest_route=\/wp\/v2\/posts\/5667\/revisions\/5678"}],"wp:featuredmedia":[{"embeddable":true,"href":"https:\/\/ecole-ste-anne-asserac.fr\/index.php?rest_route=\/wp\/v2\/media\/5670"}],"wp:attachment":[{"href":"https:\/\/ecole-ste-anne-asserac.fr\/index.php?rest_route=%2Fwp%2Fv2%2Fmedia&parent=5667"}],"wp:term":[{"taxonomy":"category","embeddable":true,"href":"https:\/\/ecole-ste-anne-asserac.fr\/index.php?rest_route=%2Fwp%2Fv2%2Fcategories&post=5667"},{"taxonomy":"post_tag","embeddable":true,"href":"https:\/\/ecole-ste-anne-asserac.fr\/index.php?rest_route=%2Fwp%2Fv2%2Ftags&post=5667"}],"curies":[{"name":"wp","href":"https:\/\/api.w.org\/{rel}","templated":true}]}}