{"id":5696,"date":"2023-06-16T13:54:00","date_gmt":"2023-06-16T11:54:00","guid":{"rendered":"https:\/\/ecole-ste-anne-asserac.fr\/?p=5696"},"modified":"2023-07-18T12:39:49","modified_gmt":"2023-07-18T10:39:49","slug":"visite-aux-machines-de-lile","status":"publish","type":"post","link":"https:\/\/ecole-ste-anne-asserac.fr\/?p=5696","title":{"rendered":"Visite aux Machines de l&rsquo;\u00eele"},"content":{"rendered":"<p>Pour continuer \u00e0 s&rsquo;impr\u00e9gner du monde fantastique de Jules Verne, les enfants de CE2-CM1-CM2 se sont rendus \u00e0 Nantes, jeudi 15 Juin, pour visiter les <a href=\"https:\/\/www.lesmachines-nantes.fr\/\">Machines de l&rsquo;\u00eele<\/a>.&nbsp;<\/p>\n<p>La journ\u00e9e a commenc\u00e9 par le carrousel avec les animaux marins. Un tour de man\u00e8ge un peu particulier puisque ce sont les enfants qui ont fait le spectacle.<\/p>\n<p><a href=\"http:\/\/ecole-ste-anne-asserac.fr\/wp-content\/uploads\/2023\/06\/20230615_103602-scaled.jpg\"><img loading=\"lazy\" decoding=\"async\" class=\"alignnone size-medium wp-image-5700\" src=\"http:\/\/ecole-ste-anne-asserac.fr\/wp-content\/uploads\/2023\/06\/20230615_103602-300x225.jpg\" alt=\"\" width=\"300\" height=\"225\" srcset=\"https:\/\/ecole-ste-anne-asserac.fr\/wp-content\/uploads\/2023\/06\/20230615_103602-300x225.jpg 300w, https:\/\/ecole-ste-anne-asserac.fr\/wp-content\/uploads\/2023\/06\/20230615_103602-1024x768.jpg 1024w, https:\/\/ecole-ste-anne-asserac.fr\/wp-content\/uploads\/2023\/06\/20230615_103602-768x576.jpg 768w, https:\/\/ecole-ste-anne-asserac.fr\/wp-content\/uploads\/2023\/06\/20230615_103602-600x450.jpg 600w, https:\/\/ecole-ste-anne-asserac.fr\/wp-content\/uploads\/2023\/06\/20230615_103602-1536x1152.jpg 1536w, https:\/\/ecole-ste-anne-asserac.fr\/wp-content\/uploads\/2023\/06\/20230615_103602-2048x1536.jpg 2048w\" sizes=\"auto, (max-width: 300px) 100vw, 300px\" \/>&nbsp;&nbsp;&nbsp;&nbsp;&nbsp;<\/a> <img loading=\"lazy\" decoding=\"async\" class=\"alignnone size-medium wp-image-5699\" src=\"http:\/\/ecole-ste-anne-asserac.fr\/wp-content\/uploads\/2023\/06\/20230615_103548-225x300.jpg\" alt=\"\" width=\"225\" height=\"300\" srcset=\"https:\/\/ecole-ste-anne-asserac.fr\/wp-content\/uploads\/2023\/06\/20230615_103548-225x300.jpg 225w, https:\/\/ecole-ste-anne-asserac.fr\/wp-content\/uploads\/2023\/06\/20230615_103548-768x1024.jpg 768w, https:\/\/ecole-ste-anne-asserac.fr\/wp-content\/uploads\/2023\/06\/20230615_103548-600x800.jpg 600w, https:\/\/ecole-ste-anne-asserac.fr\/wp-content\/uploads\/2023\/06\/20230615_103548-1152x1536.jpg 1152w, https:\/\/ecole-ste-anne-asserac.fr\/wp-content\/uploads\/2023\/06\/20230615_103548-1536x2048.jpg 1536w, https:\/\/ecole-ste-anne-asserac.fr\/wp-content\/uploads\/2023\/06\/20230615_103548-scaled.jpg 1920w\" sizes=\"auto, (max-width: 225px) 100vw, 225px\" \/>&nbsp; &nbsp; <img loading=\"lazy\" decoding=\"async\" class=\"alignnone size-medium wp-image-5701\" src=\"http:\/\/ecole-ste-anne-asserac.fr\/wp-content\/uploads\/2023\/06\/20230615_103635-300x225.jpg\" alt=\"\" width=\"300\" height=\"225\" srcset=\"https:\/\/ecole-ste-anne-asserac.fr\/wp-content\/uploads\/2023\/06\/20230615_103635-300x225.jpg 300w, https:\/\/ecole-ste-anne-asserac.fr\/wp-content\/uploads\/2023\/06\/20230615_103635-1024x768.jpg 1024w, https:\/\/ecole-ste-anne-asserac.fr\/wp-content\/uploads\/2023\/06\/20230615_103635-768x576.jpg 768w, https:\/\/ecole-ste-anne-asserac.fr\/wp-content\/uploads\/2023\/06\/20230615_103635-600x450.jpg 600w, https:\/\/ecole-ste-anne-asserac.fr\/wp-content\/uploads\/2023\/06\/20230615_103635-1536x1152.jpg 1536w, https:\/\/ecole-ste-anne-asserac.fr\/wp-content\/uploads\/2023\/06\/20230615_103635-2048x1536.jpg 2048w\" sizes=\"auto, (max-width: 300px) 100vw, 300px\" \/><\/p>\n<div style=\"width: 1170px;\" class=\"wp-video\"><!--[if lt IE 9]><script>document.createElement('video');<\/script><![endif]-->\n<video class=\"wp-video-shortcode\" id=\"video-5696-1\" width=\"1170\" height=\"658\" preload=\"metadata\" controls=\"controls\"><source type=\"video\/mp4\" src=\"http:\/\/ecole-ste-anne-asserac.fr\/wp-content\/uploads\/2023\/06\/20230615_103202.mp4?_=1\" \/><a href=\"http:\/\/ecole-ste-anne-asserac.fr\/wp-content\/uploads\/2023\/06\/20230615_103202.mp4\">http:\/\/ecole-ste-anne-asserac.fr\/wp-content\/uploads\/2023\/06\/20230615_103202.mp4<\/a><\/video><\/div>\n<p>La visite s&rsquo;est poursuivie avec la d\u00e9couverte des animaux m\u00e9caniques de la galerie : cam\u00e9l\u00e9on, fourmi, chenille, araign\u00e9e, paresseux, colibris, h\u00e9rons &#8230; Nous les avons tous vu en mouvement. Certains d&rsquo;entre nous ont \u00e9t\u00e9 choisis par les guides pour les faire fonctionner , ou pour aller dessus ! Marius, Eirwen, Th\u00e9lio, Alexis et Sacha &#8230; quelle chance ils ont eu !<\/p>\n<p>&nbsp;<\/p>\n<p><a href=\"http:\/\/ecole-ste-anne-asserac.fr\/wp-content\/uploads\/2023\/06\/20230615_111655-scaled.jpg\"><img loading=\"lazy\" decoding=\"async\" class=\"alignnone size-medium wp-image-5702\" src=\"http:\/\/ecole-ste-anne-asserac.fr\/wp-content\/uploads\/2023\/06\/20230615_111655-300x225.jpg\" alt=\"\" width=\"300\" height=\"225\" srcset=\"https:\/\/ecole-ste-anne-asserac.fr\/wp-content\/uploads\/2023\/06\/20230615_111655-300x225.jpg 300w, https:\/\/ecole-ste-anne-asserac.fr\/wp-content\/uploads\/2023\/06\/20230615_111655-1024x768.jpg 1024w, https:\/\/ecole-ste-anne-asserac.fr\/wp-content\/uploads\/2023\/06\/20230615_111655-768x576.jpg 768w, https:\/\/ecole-ste-anne-asserac.fr\/wp-content\/uploads\/2023\/06\/20230615_111655-600x450.jpg 600w, https:\/\/ecole-ste-anne-asserac.fr\/wp-content\/uploads\/2023\/06\/20230615_111655-1536x1152.jpg 1536w, https:\/\/ecole-ste-anne-asserac.fr\/wp-content\/uploads\/2023\/06\/20230615_111655-2048x1536.jpg 2048w\" sizes=\"auto, (max-width: 300px) 100vw, 300px\" \/><\/a> &nbsp;<img loading=\"lazy\" decoding=\"async\" class=\"alignnone size-medium wp-image-5704\" src=\"http:\/\/ecole-ste-anne-asserac.fr\/wp-content\/uploads\/2023\/06\/20230615_112136-300x225.jpg\" alt=\"\" width=\"300\" height=\"225\" srcset=\"https:\/\/ecole-ste-anne-asserac.fr\/wp-content\/uploads\/2023\/06\/20230615_112136-300x225.jpg 300w, https:\/\/ecole-ste-anne-asserac.fr\/wp-content\/uploads\/2023\/06\/20230615_112136-1024x768.jpg 1024w, https:\/\/ecole-ste-anne-asserac.fr\/wp-content\/uploads\/2023\/06\/20230615_112136-768x576.jpg 768w, https:\/\/ecole-ste-anne-asserac.fr\/wp-content\/uploads\/2023\/06\/20230615_112136-600x450.jpg 600w, https:\/\/ecole-ste-anne-asserac.fr\/wp-content\/uploads\/2023\/06\/20230615_112136-1536x1152.jpg 1536w, https:\/\/ecole-ste-anne-asserac.fr\/wp-content\/uploads\/2023\/06\/20230615_112136-2048x1536.jpg 2048w\" sizes=\"auto, (max-width: 300px) 100vw, 300px\" \/>&nbsp; <img loading=\"lazy\" decoding=\"async\" class=\"alignnone size-medium wp-image-5706\" src=\"http:\/\/ecole-ste-anne-asserac.fr\/wp-content\/uploads\/2023\/06\/20230615_112220-225x300.jpg\" alt=\"\" width=\"225\" height=\"300\" srcset=\"https:\/\/ecole-ste-anne-asserac.fr\/wp-content\/uploads\/2023\/06\/20230615_112220-225x300.jpg 225w, https:\/\/ecole-ste-anne-asserac.fr\/wp-content\/uploads\/2023\/06\/20230615_112220-768x1024.jpg 768w, https:\/\/ecole-ste-anne-asserac.fr\/wp-content\/uploads\/2023\/06\/20230615_112220-600x800.jpg 600w, https:\/\/ecole-ste-anne-asserac.fr\/wp-content\/uploads\/2023\/06\/20230615_112220-1152x1536.jpg 1152w, https:\/\/ecole-ste-anne-asserac.fr\/wp-content\/uploads\/2023\/06\/20230615_112220-1536x2048.jpg 1536w, https:\/\/ecole-ste-anne-asserac.fr\/wp-content\/uploads\/2023\/06\/20230615_112220-scaled.jpg 1920w\" sizes=\"auto, (max-width: 225px) 100vw, 225px\" \/> <a href=\"http:\/\/ecole-ste-anne-asserac.fr\/wp-content\/uploads\/2023\/07\/1688643937921-1-scaled.jpg\"><img loading=\"lazy\" decoding=\"async\" class=\"alignnone size-medium wp-image-5752\" src=\"http:\/\/ecole-ste-anne-asserac.fr\/wp-content\/uploads\/2023\/07\/1688643937921-1-225x300.jpg\" alt=\"\" width=\"225\" height=\"300\" srcset=\"https:\/\/ecole-ste-anne-asserac.fr\/wp-content\/uploads\/2023\/07\/1688643937921-1-225x300.jpg 225w, https:\/\/ecole-ste-anne-asserac.fr\/wp-content\/uploads\/2023\/07\/1688643937921-1-768x1024.jpg 768w, https:\/\/ecole-ste-anne-asserac.fr\/wp-content\/uploads\/2023\/07\/1688643937921-1-600x800.jpg 600w, https:\/\/ecole-ste-anne-asserac.fr\/wp-content\/uploads\/2023\/07\/1688643937921-1-1152x1536.jpg 1152w, https:\/\/ecole-ste-anne-asserac.fr\/wp-content\/uploads\/2023\/07\/1688643937921-1-1536x2048.jpg 1536w, https:\/\/ecole-ste-anne-asserac.fr\/wp-content\/uploads\/2023\/07\/1688643937921-1-scaled.jpg 1920w\" sizes=\"auto, (max-width: 225px) 100vw, 225px\" \/><\/a> <a href=\"http:\/\/ecole-ste-anne-asserac.fr\/wp-content\/uploads\/2023\/07\/1688643954721-1-scaled.jpg\"><img loading=\"lazy\" decoding=\"async\" class=\"alignnone size-medium wp-image-5753\" src=\"http:\/\/ecole-ste-anne-asserac.fr\/wp-content\/uploads\/2023\/07\/1688643954721-1-225x300.jpg\" alt=\"\" width=\"225\" height=\"300\" srcset=\"https:\/\/ecole-ste-anne-asserac.fr\/wp-content\/uploads\/2023\/07\/1688643954721-1-225x300.jpg 225w, https:\/\/ecole-ste-anne-asserac.fr\/wp-content\/uploads\/2023\/07\/1688643954721-1-768x1024.jpg 768w, https:\/\/ecole-ste-anne-asserac.fr\/wp-content\/uploads\/2023\/07\/1688643954721-1-600x800.jpg 600w, https:\/\/ecole-ste-anne-asserac.fr\/wp-content\/uploads\/2023\/07\/1688643954721-1-1152x1536.jpg 1152w, https:\/\/ecole-ste-anne-asserac.fr\/wp-content\/uploads\/2023\/07\/1688643954721-1-1536x2048.jpg 1536w, https:\/\/ecole-ste-anne-asserac.fr\/wp-content\/uploads\/2023\/07\/1688643954721-1-scaled.jpg 1920w\" sizes=\"auto, (max-width: 225px) 100vw, 225px\" \/><\/a> <a href=\"http:\/\/ecole-ste-anne-asserac.fr\/wp-content\/uploads\/2023\/07\/heron-scaled.jpg\"><img loading=\"lazy\" decoding=\"async\" class=\"alignnone size-medium wp-image-5754\" src=\"http:\/\/ecole-ste-anne-asserac.fr\/wp-content\/uploads\/2023\/07\/heron-225x300.jpg\" alt=\"\" width=\"225\" height=\"300\" srcset=\"https:\/\/ecole-ste-anne-asserac.fr\/wp-content\/uploads\/2023\/07\/heron-225x300.jpg 225w, https:\/\/ecole-ste-anne-asserac.fr\/wp-content\/uploads\/2023\/07\/heron-769x1024.jpg 769w, https:\/\/ecole-ste-anne-asserac.fr\/wp-content\/uploads\/2023\/07\/heron-768x1022.jpg 768w, https:\/\/ecole-ste-anne-asserac.fr\/wp-content\/uploads\/2023\/07\/heron-600x799.jpg 600w, https:\/\/ecole-ste-anne-asserac.fr\/wp-content\/uploads\/2023\/07\/heron-1154x1536.jpg 1154w, https:\/\/ecole-ste-anne-asserac.fr\/wp-content\/uploads\/2023\/07\/heron-1538x2048.jpg 1538w, https:\/\/ecole-ste-anne-asserac.fr\/wp-content\/uploads\/2023\/07\/heron-scaled.jpg 1923w\" sizes=\"auto, (max-width: 225px) 100vw, 225px\" \/><\/a><\/p>\n<div style=\"width: 1170px;\" class=\"wp-video\"><video class=\"wp-video-shortcode\" id=\"video-5696-2\" width=\"1170\" height=\"658\" preload=\"metadata\" controls=\"controls\"><source type=\"video\/mp4\" src=\"http:\/\/ecole-ste-anne-asserac.fr\/wp-content\/uploads\/2023\/06\/20230615_110125.mp4?_=2\" \/><a href=\"http:\/\/ecole-ste-anne-asserac.fr\/wp-content\/uploads\/2023\/06\/20230615_110125.mp4\">http:\/\/ecole-ste-anne-asserac.fr\/wp-content\/uploads\/2023\/06\/20230615_110125.mp4<\/a><\/video><\/div>\n<div style=\"width: 1170px;\" class=\"wp-video\"><video class=\"wp-video-shortcode\" id=\"video-5696-3\" width=\"1170\" height=\"658\" preload=\"metadata\" controls=\"controls\"><source type=\"video\/mp4\" src=\"http:\/\/ecole-ste-anne-asserac.fr\/wp-content\/uploads\/2023\/06\/20230615_112138.mp4?_=3\" \/><a href=\"http:\/\/ecole-ste-anne-asserac.fr\/wp-content\/uploads\/2023\/06\/20230615_112138.mp4\">http:\/\/ecole-ste-anne-asserac.fr\/wp-content\/uploads\/2023\/06\/20230615_112138.mp4<\/a><\/video><\/div>\n<p>&nbsp; &nbsp; <a href=\"http:\/\/ecole-ste-anne-asserac.fr\/wp-content\/uploads\/2023\/07\/estebane-scaled.jpg\"><img loading=\"lazy\" decoding=\"async\" class=\"alignnone size-medium wp-image-5755\" src=\"http:\/\/ecole-ste-anne-asserac.fr\/wp-content\/uploads\/2023\/07\/estebane-300x225.jpg\" alt=\"\" width=\"300\" height=\"225\" srcset=\"https:\/\/ecole-ste-anne-asserac.fr\/wp-content\/uploads\/2023\/07\/estebane-300x225.jpg 300w, https:\/\/ecole-ste-anne-asserac.fr\/wp-content\/uploads\/2023\/07\/estebane-1024x769.jpg 1024w, https:\/\/ecole-ste-anne-asserac.fr\/wp-content\/uploads\/2023\/07\/estebane-768x577.jpg 768w, https:\/\/ecole-ste-anne-asserac.fr\/wp-content\/uploads\/2023\/07\/estebane-600x451.jpg 600w, https:\/\/ecole-ste-anne-asserac.fr\/wp-content\/uploads\/2023\/07\/estebane-1536x1154.jpg 1536w, https:\/\/ecole-ste-anne-asserac.fr\/wp-content\/uploads\/2023\/07\/estebane-2048x1538.jpg 2048w\" sizes=\"auto, (max-width: 300px) 100vw, 300px\" \/><\/a>&nbsp; <img loading=\"lazy\" decoding=\"async\" class=\"alignnone size-medium wp-image-5710\" src=\"http:\/\/ecole-ste-anne-asserac.fr\/wp-content\/uploads\/2023\/06\/20230615_133337-225x300.jpg\" alt=\"\" width=\"225\" height=\"300\" srcset=\"https:\/\/ecole-ste-anne-asserac.fr\/wp-content\/uploads\/2023\/06\/20230615_133337-225x300.jpg 225w, https:\/\/ecole-ste-anne-asserac.fr\/wp-content\/uploads\/2023\/06\/20230615_133337-768x1024.jpg 768w, https:\/\/ecole-ste-anne-asserac.fr\/wp-content\/uploads\/2023\/06\/20230615_133337-600x800.jpg 600w, https:\/\/ecole-ste-anne-asserac.fr\/wp-content\/uploads\/2023\/06\/20230615_133337-1152x1536.jpg 1152w, https:\/\/ecole-ste-anne-asserac.fr\/wp-content\/uploads\/2023\/06\/20230615_133337-1536x2048.jpg 1536w, https:\/\/ecole-ste-anne-asserac.fr\/wp-content\/uploads\/2023\/06\/20230615_133337-scaled.jpg 1920w\" sizes=\"auto, (max-width: 225px) 100vw, 225px\" \/><\/p>\n<p>Tous devant la chenille g\u00e9ante et l&rsquo;\u00e9l\u00e9phant.<\/p>\n<div style=\"width: 1170px;\" class=\"wp-video\"><video class=\"wp-video-shortcode\" id=\"video-5696-4\" width=\"1170\" height=\"658\" preload=\"metadata\" controls=\"controls\"><source type=\"video\/mp4\" src=\"http:\/\/ecole-ste-anne-asserac.fr\/wp-content\/uploads\/2023\/06\/20230615_110943.mp4?_=4\" \/><a href=\"http:\/\/ecole-ste-anne-asserac.fr\/wp-content\/uploads\/2023\/06\/20230615_110943.mp4\">http:\/\/ecole-ste-anne-asserac.fr\/wp-content\/uploads\/2023\/06\/20230615_110943.mp4<\/a><\/video><\/div>\n<p>Nous avons aussi appris comment tous ces animaux avaient \u00e9t\u00e9 construits .&nbsp;<\/p>\n<p><a href=\"http:\/\/ecole-ste-anne-asserac.fr\/wp-content\/uploads\/2023\/06\/20230615_120647-scaled.jpg\"><img loading=\"lazy\" decoding=\"async\" class=\"alignnone size-medium wp-image-5711\" src=\"http:\/\/ecole-ste-anne-asserac.fr\/wp-content\/uploads\/2023\/06\/20230615_120647-225x300.jpg\" alt=\"\" width=\"225\" height=\"300\" srcset=\"https:\/\/ecole-ste-anne-asserac.fr\/wp-content\/uploads\/2023\/06\/20230615_120647-225x300.jpg 225w, https:\/\/ecole-ste-anne-asserac.fr\/wp-content\/uploads\/2023\/06\/20230615_120647-768x1024.jpg 768w, https:\/\/ecole-ste-anne-asserac.fr\/wp-content\/uploads\/2023\/06\/20230615_120647-600x800.jpg 600w, https:\/\/ecole-ste-anne-asserac.fr\/wp-content\/uploads\/2023\/06\/20230615_120647-1152x1536.jpg 1152w, https:\/\/ecole-ste-anne-asserac.fr\/wp-content\/uploads\/2023\/06\/20230615_120647-1536x2048.jpg 1536w, https:\/\/ecole-ste-anne-asserac.fr\/wp-content\/uploads\/2023\/06\/20230615_120647-scaled.jpg 1920w\" sizes=\"auto, (max-width: 225px) 100vw, 225px\" \/><\/a><\/p>\n<p>Puis nous sommes \u00ab\u00a0redescendus sur terre\u00a0\u00bb , en empruntant le chemin des oiseaux : retour par une des branches de l&rsquo;arbre aux h\u00e9rons.<a href=\"http:\/\/ecole-ste-anne-asserac.fr\/wp-content\/uploads\/2023\/06\/20230615_122549-scaled.jpg\"><img loading=\"lazy\" decoding=\"async\" class=\"alignnone size-medium wp-image-5712\" src=\"http:\/\/ecole-ste-anne-asserac.fr\/wp-content\/uploads\/2023\/06\/20230615_122549-225x300.jpg\" alt=\"\" width=\"225\" height=\"300\" srcset=\"https:\/\/ecole-ste-anne-asserac.fr\/wp-content\/uploads\/2023\/06\/20230615_122549-225x300.jpg 225w, https:\/\/ecole-ste-anne-asserac.fr\/wp-content\/uploads\/2023\/06\/20230615_122549-768x1024.jpg 768w, https:\/\/ecole-ste-anne-asserac.fr\/wp-content\/uploads\/2023\/06\/20230615_122549-600x800.jpg 600w, https:\/\/ecole-ste-anne-asserac.fr\/wp-content\/uploads\/2023\/06\/20230615_122549-1152x1536.jpg 1152w, https:\/\/ecole-ste-anne-asserac.fr\/wp-content\/uploads\/2023\/06\/20230615_122549-1536x2048.jpg 1536w, https:\/\/ecole-ste-anne-asserac.fr\/wp-content\/uploads\/2023\/06\/20230615_122549-scaled.jpg 1920w\" sizes=\"auto, (max-width: 225px) 100vw, 225px\" \/><\/a> <a href=\"http:\/\/ecole-ste-anne-asserac.fr\/wp-content\/uploads\/2023\/06\/20230615_122751-scaled.jpg\"><img loading=\"lazy\" decoding=\"async\" class=\"alignnone size-medium wp-image-5713\" src=\"http:\/\/ecole-ste-anne-asserac.fr\/wp-content\/uploads\/2023\/06\/20230615_122751-225x300.jpg\" alt=\"\" width=\"225\" height=\"300\" srcset=\"https:\/\/ecole-ste-anne-asserac.fr\/wp-content\/uploads\/2023\/06\/20230615_122751-225x300.jpg 225w, https:\/\/ecole-ste-anne-asserac.fr\/wp-content\/uploads\/2023\/06\/20230615_122751-768x1024.jpg 768w, https:\/\/ecole-ste-anne-asserac.fr\/wp-content\/uploads\/2023\/06\/20230615_122751-600x800.jpg 600w, https:\/\/ecole-ste-anne-asserac.fr\/wp-content\/uploads\/2023\/06\/20230615_122751-1152x1536.jpg 1152w, https:\/\/ecole-ste-anne-asserac.fr\/wp-content\/uploads\/2023\/06\/20230615_122751-1536x2048.jpg 1536w, https:\/\/ecole-ste-anne-asserac.fr\/wp-content\/uploads\/2023\/06\/20230615_122751-scaled.jpg 1920w\" sizes=\"auto, (max-width: 225px) 100vw, 225px\" \/><\/a> <img loading=\"lazy\" decoding=\"async\" class=\"alignnone size-medium wp-image-5714\" src=\"http:\/\/ecole-ste-anne-asserac.fr\/wp-content\/uploads\/2023\/06\/20230615_122800-225x300.jpg\" alt=\"\" width=\"225\" height=\"300\" srcset=\"https:\/\/ecole-ste-anne-asserac.fr\/wp-content\/uploads\/2023\/06\/20230615_122800-225x300.jpg 225w, https:\/\/ecole-ste-anne-asserac.fr\/wp-content\/uploads\/2023\/06\/20230615_122800-768x1024.jpg 768w, https:\/\/ecole-ste-anne-asserac.fr\/wp-content\/uploads\/2023\/06\/20230615_122800-600x800.jpg 600w, https:\/\/ecole-ste-anne-asserac.fr\/wp-content\/uploads\/2023\/06\/20230615_122800-1152x1536.jpg 1152w, https:\/\/ecole-ste-anne-asserac.fr\/wp-content\/uploads\/2023\/06\/20230615_122800-1536x2048.jpg 1536w, https:\/\/ecole-ste-anne-asserac.fr\/wp-content\/uploads\/2023\/06\/20230615_122800-scaled.jpg 1920w\" sizes=\"auto, (max-width: 225px) 100vw, 225px\" \/><\/p>\n<p>Des r\u00e9actions \u00e0 chaud apr\u00e8s cette belle journ\u00e9e ensoleill\u00e9e , plong\u00e9s dans le monde de Jules Verne :<\/p>\n<p><em>J&rsquo;ai ador\u00e9 le carrousel et la galerie des machines, je n&rsquo;ai pas aim\u00e9 la branche prototype car c&rsquo;\u00e9tait trop haut. J&rsquo;aurais bien aim\u00e9 faire un tour dans l&rsquo;\u00e9l\u00e9phant. (Arthur)<\/em><\/p>\n<p><em>J&rsquo;ai aim\u00e9 l&rsquo;\u00e9l\u00e9phant g\u00e9ant, le h\u00e9ron et le carrousel, l\u00e0 o\u00f9 j&rsquo;ai contr\u00f4l\u00e9 le bateau \u00e0 voiles. (Lilian)<\/em><\/p>\n<p><em>&nbsp;<\/em><em>J&rsquo;ai bien aim\u00e9 le carrousel car on peut contr\u00f4l\u00e9 les fumig\u00e8nes&nbsp;et la bouche du dragon . (Noah)<\/em><\/p>\n<p><em>&nbsp;<\/em><em>Je pensais que l&rsquo;\u00e9l\u00e9phant \u00e9tait plus petit . J&rsquo;ai bien aim\u00e9 l&rsquo;araign\u00e9e , je voudrais bien refaire une visite (Manon)<\/em><\/p>\n<p><em>&nbsp;<\/em><em>J&rsquo;ai bien aim\u00e9 la galerie des machines, surtout le spectacle avec le h\u00e9ron. J&rsquo;ai aim\u00e9 aussi le bateau \u00e0 voiles dans le carrousel (Jules)<\/em><\/p>\n<p><em>&nbsp;<\/em><em>J&rsquo;ai bien aim\u00e9 la vue en haut du carrousel , j&rsquo;y ai revu l&rsquo;endroit o\u00f9 on avait mang\u00e9 la derni\u00e8re fois&nbsp;: le jardin extraordinaire et sa cascade. (Eirwen)<\/em><em>&nbsp;<\/em><\/p>\n<p><em>Je suis all\u00e9e aux Machines de L&rsquo;\u00eele , j&rsquo;y ai fait des attractions incroyables. (Solenne)<\/em><\/p>\n<p><em>&nbsp;<\/em><em>La visite \u00e9tait tr\u00e8s bien et j&rsquo;ai vu le fameux \u00e9l\u00e9phant&nbsp;! (Lilou)<\/em><\/p>\n<p><em>&nbsp;<\/em><em>J&rsquo;ai aim\u00e9 diriger la t\u00eate du paresseux , le carrousel et la galerie des machines. (Marius)<\/em><\/p>\n<p><em>&nbsp;<\/em><em>J&rsquo;ai bien aim\u00e9 manier la fourmi, j&rsquo;ai trouv\u00e9 int\u00e9ressant de voir les machines se construire.&nbsp; (Sacha)<\/em><\/p>\n<p><em>&nbsp;<\/em><em>J&rsquo;ai ador\u00e9 la grande araign\u00e9e ! Les plus dr\u00f4les pour moi , ont \u00e9t\u00e9 le paresseux et l&rsquo;avion pris dans la temp\u00eate de neige. (Est\u00e9bane)<\/em><\/p>\n<p><em>&nbsp;<\/em><em>J&rsquo;ai beaucoup aim\u00e9 le carrousel, la galerie des machines et j&rsquo;ai trouv\u00e9 l&rsquo;\u00e9l\u00e9phant tr\u00e8s grand et tr\u00e8s bien r\u00e9ussi&nbsp;! (Louise)<\/em><\/p>\n<p><em>&nbsp;<\/em><em>J&rsquo;ai bien aim\u00e9 le carrousel, car le bateau tanguait&nbsp;; j&rsquo;ai bien aim\u00e9 regarder la fourmi, le h\u00e9ron, l&rsquo;\u00e9l\u00e9phant et la chenille. J&rsquo;ai trouv\u00e9 la salle o\u00f9 ils construisaient les machines tr\u00e8s int\u00e9ressante. (Marceau)<\/em><\/p>\n<p><em>&nbsp;<\/em><em>J&rsquo;ai aim\u00e9 voir plein d&rsquo;animaux extraordinaires. Je n&rsquo;ai juste pas aim\u00e9 quand je n&rsquo;ai pas r\u00e9ussi \u00e0 voir l&rsquo;araign\u00e9e \u00e0 cause de toutes les grandes personnes qui \u00e9tait devant moi. (Mano\u00e9)<\/em><\/p>\n<p><em>&nbsp;<\/em><em>J&rsquo;ai ador\u00e9 tous ces m\u00e9canismes, surtout l&rsquo;\u00e9l\u00e9phant et l&rsquo;arbre aux h\u00e9rons. (Axel)<\/em><\/p>\n<p><em>&nbsp;<\/em><em>Je me suis bien amus\u00e9 en regardant et admirant ces belles inventions, et en allant voir les animaux fantastiques du carrousel.&nbsp; (Mathys)<\/em><\/p>\n<p><em>&nbsp;<\/em><em>J&rsquo;ai aim\u00e9 le bateau dans le carrousel, le h\u00e9ron et l&rsquo;araign\u00e9e&#8230;. mais j&rsquo;avais faim&nbsp;! (Antonin)<\/em><\/p>\n<p><em>&nbsp;<\/em><em>J&rsquo;ai bien aim\u00e9 le h\u00e9ron et l&rsquo;avion . (L\u00e9na)<\/em><\/p>\n<p><em>&nbsp;<\/em><em>J&rsquo;ai bien aim\u00e9 voir les machines se construire et le carrousel . (Eva)<\/em><\/p>\n<p><em>&nbsp;<\/em><em>C&rsquo;\u00e9tait bien, j&rsquo;avais un peu peur de monter sur l&rsquo;\u00e9l\u00e9phant parce que j&rsquo;ai le vertige&#8230; Ouf&nbsp;! Nous n&rsquo;y sommes pas mont\u00e9s&nbsp;! (Oscar)<\/em><\/p>\n<p><em>&nbsp;<\/em><em>J&rsquo;ai bien aim\u00e9 le carrousel, et j&rsquo;ai ador\u00e9 voir voler le h\u00e9ron. J&rsquo;ai bien aim\u00e9 quand la fourmi conduite par Sacha est pass\u00e9e devant moi. J&rsquo;ai pu l&rsquo;observer de pr\u00e8s&nbsp;! (Ume)<\/em><\/p>\n","protected":false},"excerpt":{"rendered":"<p>Pour continuer \u00e0 s&rsquo;impr\u00e9gner du monde fantastique de Jules Verne, les enfants de CE2-CM1-CM2 se sont rendus \u00e0 Nantes, jeudi 15 Juin, pour visiter les Machines de l&rsquo;\u00eele.&nbsp; La journ\u00e9e a commenc\u00e9 par le carrousel avec les animaux marins. Un tour de man\u00e8ge un peu particulier puisque ce sont les enfants qui ont fait le<\/p>\n<p><a href=\"https:\/\/ecole-ste-anne-asserac.fr\/?p=5696\" class=\"more-link themebutton\">Lire la suite<\/a><\/p>\n","protected":false},"author":3,"featured_media":5702,"comment_status":"closed","ping_status":"closed","sticky":false,"template":"","format":"standard","meta":{"ngg_post_thumbnail":0,"footnotes":""},"categories":[7,8],"tags":[],"class_list":["post-5696","post","type-post","status-publish","format-standard","has-post-thumbnail","hentry","category-classe-de-ce2-cm1","category-classe-de-cm1-cm2"],"_links":{"self":[{"href":"https:\/\/ecole-ste-anne-asserac.fr\/index.php?rest_route=\/wp\/v2\/posts\/5696","targetHints":{"allow":["GET"]}}],"collection":[{"href":"https:\/\/ecole-ste-anne-asserac.fr\/index.php?rest_route=\/wp\/v2\/posts"}],"about":[{"href":"https:\/\/ecole-ste-anne-asserac.fr\/index.php?rest_route=\/wp\/v2\/types\/post"}],"author":[{"embeddable":true,"href":"https:\/\/ecole-ste-anne-asserac.fr\/index.php?rest_route=\/wp\/v2\/users\/3"}],"replies":[{"embeddable":true,"href":"https:\/\/ecole-ste-anne-asserac.fr\/index.php?rest_route=%2Fwp%2Fv2%2Fcomments&post=5696"}],"version-history":[{"count":2,"href":"https:\/\/ecole-ste-anne-asserac.fr\/index.php?rest_route=\/wp\/v2\/posts\/5696\/revisions"}],"predecessor-version":[{"id":5756,"href":"https:\/\/ecole-ste-anne-asserac.fr\/index.php?rest_route=\/wp\/v2\/posts\/5696\/revisions\/5756"}],"wp:featuredmedia":[{"embeddable":true,"href":"https:\/\/ecole-ste-anne-asserac.fr\/index.php?rest_route=\/wp\/v2\/media\/5702"}],"wp:attachment":[{"href":"https:\/\/ecole-ste-anne-asserac.fr\/index.php?rest_route=%2Fwp%2Fv2%2Fmedia&parent=5696"}],"wp:term":[{"taxonomy":"category","embeddable":true,"href":"https:\/\/ecole-ste-anne-asserac.fr\/index.php?rest_route=%2Fwp%2Fv2%2Fcategories&post=5696"},{"taxonomy":"post_tag","embeddable":true,"href":"https:\/\/ecole-ste-anne-asserac.fr\/index.php?rest_route=%2Fwp%2Fv2%2Ftags&post=5696"}],"curies":[{"name":"wp","href":"https:\/\/api.w.org\/{rel}","templated":true}]}}