{"id":5727,"date":"2023-06-25T14:42:53","date_gmt":"2023-06-25T12:42:53","guid":{"rendered":"https:\/\/ecole-ste-anne-asserac.fr\/?p=5727"},"modified":"2023-07-18T10:23:58","modified_gmt":"2023-07-18T08:23:58","slug":"sortie-dans-le-marais-de-briere","status":"publish","type":"post","link":"https:\/\/ecole-ste-anne-asserac.fr\/?p=5727","title":{"rendered":"Sortie dans le marais de Bri\u00e8re"},"content":{"rendered":"<p>Apr\u00e8s avoir explor\u00e9 la for\u00eat, le bord de mer et le paysage bocager, nous sommes partis pour cette derni\u00e8re journ\u00e9e &nbsp;\u00e0 la d\u00e9couverte du marais de Bri\u00e8re.<\/p>\n<p>Toujours accompagn\u00e9s de Claudine du parc de Bri\u00e8re, nous avons pass\u00e9 la journ\u00e9e du 20 juin \u00e0 <a href=\"https:\/\/www.saint-nazaire-tourisme.com\/offres\/belvedere-de-roze-saint-malo-de-guersac-fr-2926143\/\">Roz\u00e9<\/a>, \u00e0 St Malo de Guersac.<\/p>\n<p>Nous avons commenc\u00e9 par observer le marais et sa v\u00e9g\u00e9tation.<\/p>\n<p><a href=\"http:\/\/ecole-ste-anne-asserac.fr\/wp-content\/uploads\/2023\/06\/6B28AC87-3BEC-4454-B137-A774AA96D07D_1_105_c.jpeg\"><img loading=\"lazy\" decoding=\"async\" class=\"alignnone size-medium wp-image-5739\" src=\"http:\/\/ecole-ste-anne-asserac.fr\/wp-content\/uploads\/2023\/06\/6B28AC87-3BEC-4454-B137-A774AA96D07D_1_105_c-300x225.jpeg\" alt=\"\" width=\"300\" height=\"225\" srcset=\"https:\/\/ecole-ste-anne-asserac.fr\/wp-content\/uploads\/2023\/06\/6B28AC87-3BEC-4454-B137-A774AA96D07D_1_105_c-300x225.jpeg 300w, https:\/\/ecole-ste-anne-asserac.fr\/wp-content\/uploads\/2023\/06\/6B28AC87-3BEC-4454-B137-A774AA96D07D_1_105_c-768x576.jpeg 768w, https:\/\/ecole-ste-anne-asserac.fr\/wp-content\/uploads\/2023\/06\/6B28AC87-3BEC-4454-B137-A774AA96D07D_1_105_c-600x450.jpeg 600w, https:\/\/ecole-ste-anne-asserac.fr\/wp-content\/uploads\/2023\/06\/6B28AC87-3BEC-4454-B137-A774AA96D07D_1_105_c.jpeg 1024w\" sizes=\"auto, (max-width: 300px) 100vw, 300px\" \/><\/a><\/p>\n<p>Ensuite, nous avons march\u00e9 jusqu&rsquo;\u00e0 la r\u00e9serve. Nous avons parcouru l&rsquo;exposition sur la faune et la flore. Nous avons dessin\u00e9 des animaux et nous avons pass\u00e9 du temps \u00e0 l&rsquo;observatoire. Nous avons pu apercevoir des oies, des canards, des hirondelles, une tourterelle des bois. Il ne fallait faire aucun bruit..<\/p>\n<p><a href=\"http:\/\/ecole-ste-anne-asserac.fr\/wp-content\/uploads\/2023\/06\/32783C6D-7784-4F85-9765-090E82D9C5A9_1_105_c.jpeg\"><img loading=\"lazy\" decoding=\"async\" class=\"alignnone size-medium wp-image-5736\" src=\"http:\/\/ecole-ste-anne-asserac.fr\/wp-content\/uploads\/2023\/06\/32783C6D-7784-4F85-9765-090E82D9C5A9_1_105_c-300x225.jpeg\" alt=\"\" width=\"300\" height=\"225\" srcset=\"https:\/\/ecole-ste-anne-asserac.fr\/wp-content\/uploads\/2023\/06\/32783C6D-7784-4F85-9765-090E82D9C5A9_1_105_c-300x225.jpeg 300w, https:\/\/ecole-ste-anne-asserac.fr\/wp-content\/uploads\/2023\/06\/32783C6D-7784-4F85-9765-090E82D9C5A9_1_105_c-768x576.jpeg 768w, https:\/\/ecole-ste-anne-asserac.fr\/wp-content\/uploads\/2023\/06\/32783C6D-7784-4F85-9765-090E82D9C5A9_1_105_c-600x450.jpeg 600w, https:\/\/ecole-ste-anne-asserac.fr\/wp-content\/uploads\/2023\/06\/32783C6D-7784-4F85-9765-090E82D9C5A9_1_105_c.jpeg 1024w\" sizes=\"auto, (max-width: 300px) 100vw, 300px\" \/><\/a><\/p>\n<p><a href=\"http:\/\/ecole-ste-anne-asserac.fr\/wp-content\/uploads\/2023\/06\/9FB5BDD9-2EE3-4934-A77B-495E2CA3CB56_1_105_c.jpeg\"><img loading=\"lazy\" decoding=\"async\" class=\"alignnone size-medium wp-image-5738\" src=\"http:\/\/ecole-ste-anne-asserac.fr\/wp-content\/uploads\/2023\/06\/9FB5BDD9-2EE3-4934-A77B-495E2CA3CB56_1_105_c-300x225.jpeg\" alt=\"\" width=\"300\" height=\"225\" srcset=\"https:\/\/ecole-ste-anne-asserac.fr\/wp-content\/uploads\/2023\/06\/9FB5BDD9-2EE3-4934-A77B-495E2CA3CB56_1_105_c-300x225.jpeg 300w, https:\/\/ecole-ste-anne-asserac.fr\/wp-content\/uploads\/2023\/06\/9FB5BDD9-2EE3-4934-A77B-495E2CA3CB56_1_105_c-768x576.jpeg 768w, https:\/\/ecole-ste-anne-asserac.fr\/wp-content\/uploads\/2023\/06\/9FB5BDD9-2EE3-4934-A77B-495E2CA3CB56_1_105_c-600x450.jpeg 600w, https:\/\/ecole-ste-anne-asserac.fr\/wp-content\/uploads\/2023\/06\/9FB5BDD9-2EE3-4934-A77B-495E2CA3CB56_1_105_c.jpeg 1024w\" sizes=\"auto, (max-width: 300px) 100vw, 300px\" \/><\/a><a href=\"http:\/\/ecole-ste-anne-asserac.fr\/wp-content\/uploads\/2023\/06\/F193BABD-9027-4276-826F-58D949C7974D_1_105_c.jpeg\"><img loading=\"lazy\" decoding=\"async\" class=\"alignnone size-medium wp-image-5734\" src=\"http:\/\/ecole-ste-anne-asserac.fr\/wp-content\/uploads\/2023\/06\/F193BABD-9027-4276-826F-58D949C7974D_1_105_c-300x225.jpeg\" alt=\"\" width=\"300\" height=\"225\" srcset=\"https:\/\/ecole-ste-anne-asserac.fr\/wp-content\/uploads\/2023\/06\/F193BABD-9027-4276-826F-58D949C7974D_1_105_c-300x225.jpeg 300w, https:\/\/ecole-ste-anne-asserac.fr\/wp-content\/uploads\/2023\/06\/F193BABD-9027-4276-826F-58D949C7974D_1_105_c-768x576.jpeg 768w, https:\/\/ecole-ste-anne-asserac.fr\/wp-content\/uploads\/2023\/06\/F193BABD-9027-4276-826F-58D949C7974D_1_105_c-600x450.jpeg 600w, https:\/\/ecole-ste-anne-asserac.fr\/wp-content\/uploads\/2023\/06\/F193BABD-9027-4276-826F-58D949C7974D_1_105_c.jpeg 1024w\" sizes=\"auto, (max-width: 300px) 100vw, 300px\" \/><\/a><\/p>\n<p>Sur le chemin du retour, nous avons cherch\u00e9 et observ\u00e9 les esp\u00e8ces v\u00e9g\u00e9tales du marais.<\/p>\n<p><a href=\"http:\/\/ecole-ste-anne-asserac.fr\/wp-content\/uploads\/2023\/06\/DA96F4DF-3A72-4A4C-A4D7-CA463D774F37_1_105_c.jpeg\"><img loading=\"lazy\" decoding=\"async\" class=\"alignnone size-medium wp-image-5735\" src=\"http:\/\/ecole-ste-anne-asserac.fr\/wp-content\/uploads\/2023\/06\/DA96F4DF-3A72-4A4C-A4D7-CA463D774F37_1_105_c-300x225.jpeg\" alt=\"\" width=\"300\" height=\"225\" srcset=\"https:\/\/ecole-ste-anne-asserac.fr\/wp-content\/uploads\/2023\/06\/DA96F4DF-3A72-4A4C-A4D7-CA463D774F37_1_105_c-300x225.jpeg 300w, https:\/\/ecole-ste-anne-asserac.fr\/wp-content\/uploads\/2023\/06\/DA96F4DF-3A72-4A4C-A4D7-CA463D774F37_1_105_c-768x576.jpeg 768w, https:\/\/ecole-ste-anne-asserac.fr\/wp-content\/uploads\/2023\/06\/DA96F4DF-3A72-4A4C-A4D7-CA463D774F37_1_105_c-600x450.jpeg 600w, https:\/\/ecole-ste-anne-asserac.fr\/wp-content\/uploads\/2023\/06\/DA96F4DF-3A72-4A4C-A4D7-CA463D774F37_1_105_c.jpeg 1024w\" sizes=\"auto, (max-width: 300px) 100vw, 300px\" \/><\/a><\/p>\n<p>Apr\u00e8s le pique-nique, nous sommes mont\u00e9s tout en haut du Belv\u00e9d\u00e8re. Il est haut de 24 m\u00e8tres et nous avons mont\u00e9 les 128 marches.<a href=\"http:\/\/ecole-ste-anne-asserac.fr\/wp-content\/uploads\/2023\/06\/146C53FE-31CB-4822-AEF5-A76449003659_1_105_c.jpeg\"><img loading=\"lazy\" decoding=\"async\" class=\"alignnone size-medium wp-image-5737\" src=\"http:\/\/ecole-ste-anne-asserac.fr\/wp-content\/uploads\/2023\/06\/146C53FE-31CB-4822-AEF5-A76449003659_1_105_c-300x225.jpeg\" alt=\"\" width=\"300\" height=\"225\" srcset=\"https:\/\/ecole-ste-anne-asserac.fr\/wp-content\/uploads\/2023\/06\/146C53FE-31CB-4822-AEF5-A76449003659_1_105_c-300x225.jpeg 300w, https:\/\/ecole-ste-anne-asserac.fr\/wp-content\/uploads\/2023\/06\/146C53FE-31CB-4822-AEF5-A76449003659_1_105_c-768x576.jpeg 768w, https:\/\/ecole-ste-anne-asserac.fr\/wp-content\/uploads\/2023\/06\/146C53FE-31CB-4822-AEF5-A76449003659_1_105_c-600x450.jpeg 600w, https:\/\/ecole-ste-anne-asserac.fr\/wp-content\/uploads\/2023\/06\/146C53FE-31CB-4822-AEF5-A76449003659_1_105_c.jpeg 1024w\" sizes=\"auto, (max-width: 300px) 100vw, 300px\" \/><\/a><\/p>\n<p>L&rsquo;apr\u00e8s-midi s&rsquo;est termin\u00e9 par une grande danse avec les deux autres classes de l&rsquo;\u00e9cole et les parents accompagnateurs!<\/p>\n","protected":false},"excerpt":{"rendered":"<p>Apr\u00e8s avoir explor\u00e9 la for\u00eat, le bord de mer et le paysage bocager, nous sommes partis pour cette derni\u00e8re journ\u00e9e &nbsp;\u00e0 la d\u00e9couverte du marais de Bri\u00e8re. Toujours accompagn\u00e9s de Claudine du parc de Bri\u00e8re, nous avons pass\u00e9 la journ\u00e9e du 20 juin \u00e0 Roz\u00e9, \u00e0 St Malo de Guersac. Nous avons commenc\u00e9 par observer<\/p>\n<p><a href=\"https:\/\/ecole-ste-anne-asserac.fr\/?p=5727\" class=\"more-link themebutton\">Lire la suite<\/a><\/p>\n","protected":false},"author":4,"featured_media":5758,"comment_status":"closed","ping_status":"closed","sticky":false,"template":"","format":"standard","meta":{"ngg_post_thumbnail":0,"footnotes":""},"categories":[6],"tags":[],"class_list":["post-5727","post","type-post","status-publish","format-standard","has-post-thumbnail","hentry","category-classe-de-cp-ce1"],"_links":{"self":[{"href":"https:\/\/ecole-ste-anne-asserac.fr\/index.php?rest_route=\/wp\/v2\/posts\/5727","targetHints":{"allow":["GET"]}}],"collection":[{"href":"https:\/\/ecole-ste-anne-asserac.fr\/index.php?rest_route=\/wp\/v2\/posts"}],"about":[{"href":"https:\/\/ecole-ste-anne-asserac.fr\/index.php?rest_route=\/wp\/v2\/types\/post"}],"author":[{"embeddable":true,"href":"https:\/\/ecole-ste-anne-asserac.fr\/index.php?rest_route=\/wp\/v2\/users\/4"}],"replies":[{"embeddable":true,"href":"https:\/\/ecole-ste-anne-asserac.fr\/index.php?rest_route=%2Fwp%2Fv2%2Fcomments&post=5727"}],"version-history":[{"count":6,"href":"https:\/\/ecole-ste-anne-asserac.fr\/index.php?rest_route=\/wp\/v2\/posts\/5727\/revisions"}],"predecessor-version":[{"id":5761,"href":"https:\/\/ecole-ste-anne-asserac.fr\/index.php?rest_route=\/wp\/v2\/posts\/5727\/revisions\/5761"}],"wp:featuredmedia":[{"embeddable":true,"href":"https:\/\/ecole-ste-anne-asserac.fr\/index.php?rest_route=\/wp\/v2\/media\/5758"}],"wp:attachment":[{"href":"https:\/\/ecole-ste-anne-asserac.fr\/index.php?rest_route=%2Fwp%2Fv2%2Fmedia&parent=5727"}],"wp:term":[{"taxonomy":"category","embeddable":true,"href":"https:\/\/ecole-ste-anne-asserac.fr\/index.php?rest_route=%2Fwp%2Fv2%2Fcategories&post=5727"},{"taxonomy":"post_tag","embeddable":true,"href":"https:\/\/ecole-ste-anne-asserac.fr\/index.php?rest_route=%2Fwp%2Fv2%2Ftags&post=5727"}],"curies":[{"name":"wp","href":"https:\/\/api.w.org\/{rel}","templated":true}]}}