{"id":5762,"date":"2023-06-26T11:03:18","date_gmt":"2023-06-26T09:03:18","guid":{"rendered":"https:\/\/ecole-ste-anne-asserac.fr\/?p=5762"},"modified":"2023-07-18T12:39:19","modified_gmt":"2023-07-18T10:39:19","slug":"defi-sciences-pour-le-cycle-3","status":"publish","type":"post","link":"https:\/\/ecole-ste-anne-asserac.fr\/?p=5762","title":{"rendered":"D\u00e9fi Sciences pour le cycle 3"},"content":{"rendered":"<p>Lundi 26 Juin, les \u00e9l\u00e8ves de CE2-CM1-CM2 se sont retrouv\u00e9s avec les 6\u00e8mes au coll\u00e8ge St Joseph d&rsquo;Herbignac pour une journ\u00e9e consacr\u00e9e aux sciences : techno, chimie, physique, \u00e9cologie, biologie, anatomie &#8230;. Les autres \u00e9coles de la CLE des Marais \u00e9taient l\u00e0 aussi ! 300 enfants et leurs accompagnateurs ont pu d\u00e9couvrir des principes scientifiques sous forme de d\u00e9fis, par \u00e9quipes bien s\u00fbr.<\/p>\n<p><img loading=\"lazy\" decoding=\"async\" class=\"size-medium wp-image-5763 aligncenter\" src=\"http:\/\/ecole-ste-anne-asserac.fr\/wp-content\/uploads\/2023\/07\/Journee-scences-26_06_2023-212x300.png\" alt=\"\" width=\"212\" height=\"300\" srcset=\"https:\/\/ecole-ste-anne-asserac.fr\/wp-content\/uploads\/2023\/07\/Journee-scences-26_06_2023-212x300.png 212w, https:\/\/ecole-ste-anne-asserac.fr\/wp-content\/uploads\/2023\/07\/Journee-scences-26_06_2023-724x1024.png 724w, https:\/\/ecole-ste-anne-asserac.fr\/wp-content\/uploads\/2023\/07\/Journee-scences-26_06_2023-768x1086.png 768w, https:\/\/ecole-ste-anne-asserac.fr\/wp-content\/uploads\/2023\/07\/Journee-scences-26_06_2023-600x849.png 600w, https:\/\/ecole-ste-anne-asserac.fr\/wp-content\/uploads\/2023\/07\/Journee-scences-26_06_2023-1086x1536.png 1086w, https:\/\/ecole-ste-anne-asserac.fr\/wp-content\/uploads\/2023\/07\/Journee-scences-26_06_2023-1448x2048.png 1448w, https:\/\/ecole-ste-anne-asserac.fr\/wp-content\/uploads\/2023\/07\/Journee-scences-26_06_2023.png 1587w\" sizes=\"auto, (max-width: 212px) 100vw, 212px\" \/><\/p>\n<p>P\u00eale m\u00eale , quelques instants d&rsquo;exp\u00e9riences :<\/p>\n<p><a href=\"http:\/\/ecole-ste-anne-asserac.fr\/wp-content\/uploads\/2023\/07\/IMG_20230626_105327-scaled.jpg\"><img loading=\"lazy\" decoding=\"async\" class=\"alignnone size-medium wp-image-5770\" src=\"http:\/\/ecole-ste-anne-asserac.fr\/wp-content\/uploads\/2023\/07\/IMG_20230626_105327-300x139.jpg\" alt=\"\" width=\"300\" height=\"139\" srcset=\"https:\/\/ecole-ste-anne-asserac.fr\/wp-content\/uploads\/2023\/07\/IMG_20230626_105327-300x139.jpg 300w, https:\/\/ecole-ste-anne-asserac.fr\/wp-content\/uploads\/2023\/07\/IMG_20230626_105327-1024x473.jpg 1024w, https:\/\/ecole-ste-anne-asserac.fr\/wp-content\/uploads\/2023\/07\/IMG_20230626_105327-768x355.jpg 768w, https:\/\/ecole-ste-anne-asserac.fr\/wp-content\/uploads\/2023\/07\/IMG_20230626_105327-600x277.jpg 600w, https:\/\/ecole-ste-anne-asserac.fr\/wp-content\/uploads\/2023\/07\/IMG_20230626_105327-1536x710.jpg 1536w, https:\/\/ecole-ste-anne-asserac.fr\/wp-content\/uploads\/2023\/07\/IMG_20230626_105327-2048x946.jpg 2048w\" sizes=\"auto, (max-width: 300px) 100vw, 300px\" \/><\/a> <a href=\"http:\/\/ecole-ste-anne-asserac.fr\/wp-content\/uploads\/2023\/07\/IMG_20230626_104651-1-scaled.jpg\"><img loading=\"lazy\" decoding=\"async\" class=\"alignnone size-medium wp-image-5772\" src=\"http:\/\/ecole-ste-anne-asserac.fr\/wp-content\/uploads\/2023\/07\/IMG_20230626_104651-1-300x139.jpg\" alt=\"\" width=\"300\" height=\"139\" srcset=\"https:\/\/ecole-ste-anne-asserac.fr\/wp-content\/uploads\/2023\/07\/IMG_20230626_104651-1-300x139.jpg 300w, https:\/\/ecole-ste-anne-asserac.fr\/wp-content\/uploads\/2023\/07\/IMG_20230626_104651-1-1024x473.jpg 1024w, https:\/\/ecole-ste-anne-asserac.fr\/wp-content\/uploads\/2023\/07\/IMG_20230626_104651-1-768x355.jpg 768w, https:\/\/ecole-ste-anne-asserac.fr\/wp-content\/uploads\/2023\/07\/IMG_20230626_104651-1-600x277.jpg 600w, https:\/\/ecole-ste-anne-asserac.fr\/wp-content\/uploads\/2023\/07\/IMG_20230626_104651-1-1536x710.jpg 1536w, https:\/\/ecole-ste-anne-asserac.fr\/wp-content\/uploads\/2023\/07\/IMG_20230626_104651-1-2048x946.jpg 2048w\" sizes=\"auto, (max-width: 300px) 100vw, 300px\" \/><\/a> <a href=\"http:\/\/ecole-ste-anne-asserac.fr\/wp-content\/uploads\/2023\/07\/IMG_20230626_144116-scaled.jpg\"><img loading=\"lazy\" decoding=\"async\" class=\"alignnone size-medium wp-image-5773\" src=\"http:\/\/ecole-ste-anne-asserac.fr\/wp-content\/uploads\/2023\/07\/IMG_20230626_144116-300x139.jpg\" alt=\"\" width=\"300\" height=\"139\" srcset=\"https:\/\/ecole-ste-anne-asserac.fr\/wp-content\/uploads\/2023\/07\/IMG_20230626_144116-300x139.jpg 300w, https:\/\/ecole-ste-anne-asserac.fr\/wp-content\/uploads\/2023\/07\/IMG_20230626_144116-1024x473.jpg 1024w, https:\/\/ecole-ste-anne-asserac.fr\/wp-content\/uploads\/2023\/07\/IMG_20230626_144116-768x355.jpg 768w, https:\/\/ecole-ste-anne-asserac.fr\/wp-content\/uploads\/2023\/07\/IMG_20230626_144116-600x277.jpg 600w, https:\/\/ecole-ste-anne-asserac.fr\/wp-content\/uploads\/2023\/07\/IMG_20230626_144116-1536x710.jpg 1536w, https:\/\/ecole-ste-anne-asserac.fr\/wp-content\/uploads\/2023\/07\/IMG_20230626_144116-2048x946.jpg 2048w\" sizes=\"auto, (max-width: 300px) 100vw, 300px\" \/><\/a> <a href=\"http:\/\/ecole-ste-anne-asserac.fr\/wp-content\/uploads\/2023\/07\/IMG_20230626_110215-scaled.jpg\"><img loading=\"lazy\" decoding=\"async\" class=\"alignnone size-medium wp-image-5774\" src=\"http:\/\/ecole-ste-anne-asserac.fr\/wp-content\/uploads\/2023\/07\/IMG_20230626_110215-139x300.jpg\" alt=\"\" width=\"139\" height=\"300\" srcset=\"https:\/\/ecole-ste-anne-asserac.fr\/wp-content\/uploads\/2023\/07\/IMG_20230626_110215-139x300.jpg 139w, https:\/\/ecole-ste-anne-asserac.fr\/wp-content\/uploads\/2023\/07\/IMG_20230626_110215-473x1024.jpg 473w, https:\/\/ecole-ste-anne-asserac.fr\/wp-content\/uploads\/2023\/07\/IMG_20230626_110215-768x1663.jpg 768w, https:\/\/ecole-ste-anne-asserac.fr\/wp-content\/uploads\/2023\/07\/IMG_20230626_110215-600x1299.jpg 600w, https:\/\/ecole-ste-anne-asserac.fr\/wp-content\/uploads\/2023\/07\/IMG_20230626_110215-710x1536.jpg 710w, https:\/\/ecole-ste-anne-asserac.fr\/wp-content\/uploads\/2023\/07\/IMG_20230626_110215-946x2048.jpg 946w, https:\/\/ecole-ste-anne-asserac.fr\/wp-content\/uploads\/2023\/07\/IMG_20230626_110215-scaled.jpg 1183w\" sizes=\"auto, (max-width: 139px) 100vw, 139px\" \/><\/a> <a href=\"http:\/\/ecole-ste-anne-asserac.fr\/wp-content\/uploads\/2023\/07\/IMG_20230626_135909-scaled.jpg\"><img loading=\"lazy\" decoding=\"async\" class=\"alignnone size-medium wp-image-5775\" src=\"http:\/\/ecole-ste-anne-asserac.fr\/wp-content\/uploads\/2023\/07\/IMG_20230626_135909-139x300.jpg\" alt=\"\" width=\"139\" height=\"300\" srcset=\"https:\/\/ecole-ste-anne-asserac.fr\/wp-content\/uploads\/2023\/07\/IMG_20230626_135909-139x300.jpg 139w, https:\/\/ecole-ste-anne-asserac.fr\/wp-content\/uploads\/2023\/07\/IMG_20230626_135909-473x1024.jpg 473w, https:\/\/ecole-ste-anne-asserac.fr\/wp-content\/uploads\/2023\/07\/IMG_20230626_135909-768x1663.jpg 768w, https:\/\/ecole-ste-anne-asserac.fr\/wp-content\/uploads\/2023\/07\/IMG_20230626_135909-600x1299.jpg 600w, https:\/\/ecole-ste-anne-asserac.fr\/wp-content\/uploads\/2023\/07\/IMG_20230626_135909-710x1536.jpg 710w, https:\/\/ecole-ste-anne-asserac.fr\/wp-content\/uploads\/2023\/07\/IMG_20230626_135909-946x2048.jpg 946w, https:\/\/ecole-ste-anne-asserac.fr\/wp-content\/uploads\/2023\/07\/IMG_20230626_135909-scaled.jpg 1183w\" sizes=\"auto, (max-width: 139px) 100vw, 139px\" \/><\/a> &nbsp; &nbsp;<a href=\"http:\/\/ecole-ste-anne-asserac.fr\/wp-content\/uploads\/2023\/07\/20230626_104720-scaled.jpg\"><img loading=\"lazy\" decoding=\"async\" class=\"alignnone size-medium wp-image-5766\" src=\"http:\/\/ecole-ste-anne-asserac.fr\/wp-content\/uploads\/2023\/07\/20230626_104720-300x225.jpg\" alt=\"\" width=\"300\" height=\"225\" srcset=\"https:\/\/ecole-ste-anne-asserac.fr\/wp-content\/uploads\/2023\/07\/20230626_104720-300x225.jpg 300w, https:\/\/ecole-ste-anne-asserac.fr\/wp-content\/uploads\/2023\/07\/20230626_104720-1024x768.jpg 1024w, https:\/\/ecole-ste-anne-asserac.fr\/wp-content\/uploads\/2023\/07\/20230626_104720-768x576.jpg 768w, https:\/\/ecole-ste-anne-asserac.fr\/wp-content\/uploads\/2023\/07\/20230626_104720-600x450.jpg 600w, https:\/\/ecole-ste-anne-asserac.fr\/wp-content\/uploads\/2023\/07\/20230626_104720-1536x1152.jpg 1536w, https:\/\/ecole-ste-anne-asserac.fr\/wp-content\/uploads\/2023\/07\/20230626_104720-2048x1536.jpg 2048w\" sizes=\"auto, (max-width: 300px) 100vw, 300px\" \/><\/a> <img loading=\"lazy\" decoding=\"async\" class=\"alignnone size-medium wp-image-5765\" src=\"http:\/\/ecole-ste-anne-asserac.fr\/wp-content\/uploads\/2023\/07\/20230626_103359-300x225.jpg\" alt=\"\" width=\"300\" height=\"225\" srcset=\"https:\/\/ecole-ste-anne-asserac.fr\/wp-content\/uploads\/2023\/07\/20230626_103359-300x225.jpg 300w, https:\/\/ecole-ste-anne-asserac.fr\/wp-content\/uploads\/2023\/07\/20230626_103359-1024x768.jpg 1024w, https:\/\/ecole-ste-anne-asserac.fr\/wp-content\/uploads\/2023\/07\/20230626_103359-768x576.jpg 768w, https:\/\/ecole-ste-anne-asserac.fr\/wp-content\/uploads\/2023\/07\/20230626_103359-600x450.jpg 600w, https:\/\/ecole-ste-anne-asserac.fr\/wp-content\/uploads\/2023\/07\/20230626_103359-1536x1152.jpg 1536w, https:\/\/ecole-ste-anne-asserac.fr\/wp-content\/uploads\/2023\/07\/20230626_103359-2048x1536.jpg 2048w\" sizes=\"auto, (max-width: 300px) 100vw, 300px\" \/><\/p>\n<p><img loading=\"lazy\" decoding=\"async\" class=\"alignnone size-medium wp-image-5764\" src=\"http:\/\/ecole-ste-anne-asserac.fr\/wp-content\/uploads\/2023\/07\/20230626_102345-300x225.jpg\" alt=\"\" width=\"300\" height=\"225\" srcset=\"https:\/\/ecole-ste-anne-asserac.fr\/wp-content\/uploads\/2023\/07\/20230626_102345-300x225.jpg 300w, https:\/\/ecole-ste-anne-asserac.fr\/wp-content\/uploads\/2023\/07\/20230626_102345-1024x768.jpg 1024w, https:\/\/ecole-ste-anne-asserac.fr\/wp-content\/uploads\/2023\/07\/20230626_102345-768x576.jpg 768w, https:\/\/ecole-ste-anne-asserac.fr\/wp-content\/uploads\/2023\/07\/20230626_102345-600x450.jpg 600w, https:\/\/ecole-ste-anne-asserac.fr\/wp-content\/uploads\/2023\/07\/20230626_102345-1536x1152.jpg 1536w, https:\/\/ecole-ste-anne-asserac.fr\/wp-content\/uploads\/2023\/07\/20230626_102345-2048x1536.jpg 2048w\" sizes=\"auto, (max-width: 300px) 100vw, 300px\" \/> &#8230; qui parfois ont un r\u00e9sultat \u00ab\u00a0magique\u00a0\u00bb pour les enfants !<\/p>\n<p>Moments de partage aussi en \u00e9quipe lors du pique-nique, pour faire connaissance avec d&rsquo;autres enfants \u00ab\u00a0futurs copains de coll\u00e8ge\u00a0\u00bb peut-\u00eatre. <a href=\"http:\/\/ecole-ste-anne-asserac.fr\/wp-content\/uploads\/2023\/07\/20230626_124634-scaled.jpg\"><img loading=\"lazy\" decoding=\"async\" class=\"alignnone size-medium wp-image-5769\" src=\"http:\/\/ecole-ste-anne-asserac.fr\/wp-content\/uploads\/2023\/07\/20230626_124634-300x225.jpg\" alt=\"\" width=\"300\" height=\"225\" srcset=\"https:\/\/ecole-ste-anne-asserac.fr\/wp-content\/uploads\/2023\/07\/20230626_124634-300x225.jpg 300w, https:\/\/ecole-ste-anne-asserac.fr\/wp-content\/uploads\/2023\/07\/20230626_124634-1024x768.jpg 1024w, https:\/\/ecole-ste-anne-asserac.fr\/wp-content\/uploads\/2023\/07\/20230626_124634-768x576.jpg 768w, https:\/\/ecole-ste-anne-asserac.fr\/wp-content\/uploads\/2023\/07\/20230626_124634-600x450.jpg 600w, https:\/\/ecole-ste-anne-asserac.fr\/wp-content\/uploads\/2023\/07\/20230626_124634-1536x1152.jpg 1536w, https:\/\/ecole-ste-anne-asserac.fr\/wp-content\/uploads\/2023\/07\/20230626_124634-2048x1536.jpg 2048w\" sizes=\"auto, (max-width: 300px) 100vw, 300px\" \/><\/a> <a href=\"http:\/\/ecole-ste-anne-asserac.fr\/wp-content\/uploads\/2023\/07\/20230626_124401-scaled.jpg\"><img loading=\"lazy\" decoding=\"async\" class=\"alignnone size-medium wp-image-5768\" src=\"http:\/\/ecole-ste-anne-asserac.fr\/wp-content\/uploads\/2023\/07\/20230626_124401-300x225.jpg\" alt=\"\" width=\"300\" height=\"225\" srcset=\"https:\/\/ecole-ste-anne-asserac.fr\/wp-content\/uploads\/2023\/07\/20230626_124401-300x225.jpg 300w, https:\/\/ecole-ste-anne-asserac.fr\/wp-content\/uploads\/2023\/07\/20230626_124401-1024x768.jpg 1024w, https:\/\/ecole-ste-anne-asserac.fr\/wp-content\/uploads\/2023\/07\/20230626_124401-768x576.jpg 768w, https:\/\/ecole-ste-anne-asserac.fr\/wp-content\/uploads\/2023\/07\/20230626_124401-600x450.jpg 600w, https:\/\/ecole-ste-anne-asserac.fr\/wp-content\/uploads\/2023\/07\/20230626_124401-1536x1152.jpg 1536w, https:\/\/ecole-ste-anne-asserac.fr\/wp-content\/uploads\/2023\/07\/20230626_124401-2048x1536.jpg 2048w\" sizes=\"auto, (max-width: 300px) 100vw, 300px\" \/><\/a> <img loading=\"lazy\" decoding=\"async\" class=\"alignnone size-medium wp-image-5767\" src=\"http:\/\/ecole-ste-anne-asserac.fr\/wp-content\/uploads\/2023\/07\/20230626_124257-300x225.jpg\" alt=\"\" width=\"300\" height=\"225\" srcset=\"https:\/\/ecole-ste-anne-asserac.fr\/wp-content\/uploads\/2023\/07\/20230626_124257-300x225.jpg 300w, https:\/\/ecole-ste-anne-asserac.fr\/wp-content\/uploads\/2023\/07\/20230626_124257-1024x768.jpg 1024w, https:\/\/ecole-ste-anne-asserac.fr\/wp-content\/uploads\/2023\/07\/20230626_124257-768x576.jpg 768w, https:\/\/ecole-ste-anne-asserac.fr\/wp-content\/uploads\/2023\/07\/20230626_124257-600x450.jpg 600w, https:\/\/ecole-ste-anne-asserac.fr\/wp-content\/uploads\/2023\/07\/20230626_124257-1536x1152.jpg 1536w, https:\/\/ecole-ste-anne-asserac.fr\/wp-content\/uploads\/2023\/07\/20230626_124257-2048x1536.jpg 2048w\" sizes=\"auto, (max-width: 300px) 100vw, 300px\" \/><\/p>\n<p style=\"text-align: center;\">Merci \u00e0 tous les parents accompagnateurs , sans qui cette journ\u00e9e n&rsquo;aurait pas pu se d\u00e9rouler .<\/p>\n<p style=\"text-align: center;\">Une envie de recommencer l&rsquo;an prochain sur un autre th\u00e8me&#8230;que pourrait bien nous r\u00e9server 2024 ??&nbsp; \ud83d\ude09<\/p>\n<p>&nbsp;<\/p>\n","protected":false},"excerpt":{"rendered":"<p>Lundi 26 Juin, les \u00e9l\u00e8ves de CE2-CM1-CM2 se sont retrouv\u00e9s avec les 6\u00e8mes au coll\u00e8ge St Joseph d&rsquo;Herbignac pour une journ\u00e9e consacr\u00e9e aux sciences : techno, chimie, physique, \u00e9cologie, biologie, anatomie &#8230;. Les autres \u00e9coles de la CLE des Marais \u00e9taient l\u00e0 aussi ! 300 enfants et leurs accompagnateurs ont pu d\u00e9couvrir des principes scientifiques<\/p>\n<p><a href=\"https:\/\/ecole-ste-anne-asserac.fr\/?p=5762\" class=\"more-link themebutton\">Lire la suite<\/a><\/p>\n","protected":false},"author":3,"featured_media":5763,"comment_status":"closed","ping_status":"closed","sticky":false,"template":"","format":"standard","meta":{"ngg_post_thumbnail":0,"footnotes":""},"categories":[7,8],"tags":[],"class_list":["post-5762","post","type-post","status-publish","format-standard","has-post-thumbnail","hentry","category-classe-de-ce2-cm1","category-classe-de-cm1-cm2"],"_links":{"self":[{"href":"https:\/\/ecole-ste-anne-asserac.fr\/index.php?rest_route=\/wp\/v2\/posts\/5762","targetHints":{"allow":["GET"]}}],"collection":[{"href":"https:\/\/ecole-ste-anne-asserac.fr\/index.php?rest_route=\/wp\/v2\/posts"}],"about":[{"href":"https:\/\/ecole-ste-anne-asserac.fr\/index.php?rest_route=\/wp\/v2\/types\/post"}],"author":[{"embeddable":true,"href":"https:\/\/ecole-ste-anne-asserac.fr\/index.php?rest_route=\/wp\/v2\/users\/3"}],"replies":[{"embeddable":true,"href":"https:\/\/ecole-ste-anne-asserac.fr\/index.php?rest_route=%2Fwp%2Fv2%2Fcomments&post=5762"}],"version-history":[{"count":1,"href":"https:\/\/ecole-ste-anne-asserac.fr\/index.php?rest_route=\/wp\/v2\/posts\/5762\/revisions"}],"predecessor-version":[{"id":5776,"href":"https:\/\/ecole-ste-anne-asserac.fr\/index.php?rest_route=\/wp\/v2\/posts\/5762\/revisions\/5776"}],"wp:featuredmedia":[{"embeddable":true,"href":"https:\/\/ecole-ste-anne-asserac.fr\/index.php?rest_route=\/wp\/v2\/media\/5763"}],"wp:attachment":[{"href":"https:\/\/ecole-ste-anne-asserac.fr\/index.php?rest_route=%2Fwp%2Fv2%2Fmedia&parent=5762"}],"wp:term":[{"taxonomy":"category","embeddable":true,"href":"https:\/\/ecole-ste-anne-asserac.fr\/index.php?rest_route=%2Fwp%2Fv2%2Fcategories&post=5762"},{"taxonomy":"post_tag","embeddable":true,"href":"https:\/\/ecole-ste-anne-asserac.fr\/index.php?rest_route=%2Fwp%2Fv2%2Ftags&post=5762"}],"curies":[{"name":"wp","href":"https:\/\/api.w.org\/{rel}","templated":true}]}}