{"id":5778,"date":"2023-06-28T11:13:29","date_gmt":"2023-06-28T09:13:29","guid":{"rendered":"https:\/\/ecole-ste-anne-asserac.fr\/?p=5778"},"modified":"2023-07-18T12:38:53","modified_gmt":"2023-07-18T10:38:53","slug":"la-kermesse-se-prepare","status":"publish","type":"post","link":"https:\/\/ecole-ste-anne-asserac.fr\/?p=5778","title":{"rendered":"La kermesse se pr\u00e9pare"},"content":{"rendered":"<p>Fin d&rsquo;ann\u00e9e ? Une expression qui signifie pr\u00e9paration pour la kermesse de l&rsquo;\u00e9cole du samedi 1er Juillet &#8230;<\/p>\n<p><img loading=\"lazy\" decoding=\"async\" class=\"size-medium wp-image-5779 aligncenter\" src=\"http:\/\/ecole-ste-anne-asserac.fr\/wp-content\/uploads\/2023\/07\/Affiche-Kermesse-2023-212x300.jpg\" alt=\"\" width=\"212\" height=\"300\" srcset=\"https:\/\/ecole-ste-anne-asserac.fr\/wp-content\/uploads\/2023\/07\/Affiche-Kermesse-2023-212x300.jpg 212w, https:\/\/ecole-ste-anne-asserac.fr\/wp-content\/uploads\/2023\/07\/Affiche-Kermesse-2023-724x1024.jpg 724w, https:\/\/ecole-ste-anne-asserac.fr\/wp-content\/uploads\/2023\/07\/Affiche-Kermesse-2023-768x1086.jpg 768w, https:\/\/ecole-ste-anne-asserac.fr\/wp-content\/uploads\/2023\/07\/Affiche-Kermesse-2023-600x849.jpg 600w, https:\/\/ecole-ste-anne-asserac.fr\/wp-content\/uploads\/2023\/07\/Affiche-Kermesse-2023-1086x1536.jpg 1086w, https:\/\/ecole-ste-anne-asserac.fr\/wp-content\/uploads\/2023\/07\/Affiche-Kermesse-2023-1448x2048.jpg 1448w, https:\/\/ecole-ste-anne-asserac.fr\/wp-content\/uploads\/2023\/07\/Affiche-Kermesse-2023-scaled.jpg 1810w\" sizes=\"auto, (max-width: 212px) 100vw, 212px\" \/><\/p>\n<p>Chacun se pr\u00e9pare \u00e0 danser, chanter, pr\u00e9senter une sayn\u00e8te &#8230; devant parents et amis.<\/p>\n<p><a href=\"http:\/\/ecole-ste-anne-asserac.fr\/wp-content\/uploads\/2023\/07\/1688112231960-1-scaled.jpg\"><img loading=\"lazy\" decoding=\"async\" class=\"alignnone size-medium wp-image-5780\" src=\"http:\/\/ecole-ste-anne-asserac.fr\/wp-content\/uploads\/2023\/07\/1688112231960-1-300x225.jpg\" alt=\"\" width=\"300\" height=\"225\" srcset=\"https:\/\/ecole-ste-anne-asserac.fr\/wp-content\/uploads\/2023\/07\/1688112231960-1-300x225.jpg 300w, https:\/\/ecole-ste-anne-asserac.fr\/wp-content\/uploads\/2023\/07\/1688112231960-1-1024x768.jpg 1024w, https:\/\/ecole-ste-anne-asserac.fr\/wp-content\/uploads\/2023\/07\/1688112231960-1-768x576.jpg 768w, https:\/\/ecole-ste-anne-asserac.fr\/wp-content\/uploads\/2023\/07\/1688112231960-1-600x450.jpg 600w, https:\/\/ecole-ste-anne-asserac.fr\/wp-content\/uploads\/2023\/07\/1688112231960-1-1536x1152.jpg 1536w, https:\/\/ecole-ste-anne-asserac.fr\/wp-content\/uploads\/2023\/07\/1688112231960-1-2048x1536.jpg 2048w\" sizes=\"auto, (max-width: 300px) 100vw, 300px\" \/><\/a> <img loading=\"lazy\" decoding=\"async\" class=\"alignnone size-medium wp-image-5781\" src=\"http:\/\/ecole-ste-anne-asserac.fr\/wp-content\/uploads\/2023\/07\/1688113826431-300x225.jpg\" alt=\"\" width=\"300\" height=\"225\" srcset=\"https:\/\/ecole-ste-anne-asserac.fr\/wp-content\/uploads\/2023\/07\/1688113826431-300x225.jpg 300w, https:\/\/ecole-ste-anne-asserac.fr\/wp-content\/uploads\/2023\/07\/1688113826431-1024x769.jpg 1024w, https:\/\/ecole-ste-anne-asserac.fr\/wp-content\/uploads\/2023\/07\/1688113826431-768x577.jpg 768w, https:\/\/ecole-ste-anne-asserac.fr\/wp-content\/uploads\/2023\/07\/1688113826431-600x451.jpg 600w, https:\/\/ecole-ste-anne-asserac.fr\/wp-content\/uploads\/2023\/07\/1688113826431-1536x1154.jpg 1536w, https:\/\/ecole-ste-anne-asserac.fr\/wp-content\/uploads\/2023\/07\/1688113826431-2048x1538.jpg 2048w\" sizes=\"auto, (max-width: 300px) 100vw, 300px\" \/><\/p>\n<p>&nbsp;<\/p>\n","protected":false},"excerpt":{"rendered":"<p>Fin d&rsquo;ann\u00e9e ? Une expression qui signifie pr\u00e9paration pour la kermesse de l&rsquo;\u00e9cole du samedi 1er Juillet &#8230; Chacun se pr\u00e9pare \u00e0 danser, chanter, pr\u00e9senter une sayn\u00e8te &#8230; devant parents et amis. &nbsp;<\/p>\n","protected":false},"author":3,"featured_media":5779,"comment_status":"closed","ping_status":"closed","sticky":false,"template":"","format":"standard","meta":{"ngg_post_thumbnail":0,"footnotes":""},"categories":[11,7,8,6],"tags":[],"class_list":["post-5778","post","type-post","status-publish","format-standard","has-post-thumbnail","hentry","category-actualite","category-classe-de-ce2-cm1","category-classe-de-cm1-cm2","category-classe-de-cp-ce1"],"_links":{"self":[{"href":"https:\/\/ecole-ste-anne-asserac.fr\/index.php?rest_route=\/wp\/v2\/posts\/5778","targetHints":{"allow":["GET"]}}],"collection":[{"href":"https:\/\/ecole-ste-anne-asserac.fr\/index.php?rest_route=\/wp\/v2\/posts"}],"about":[{"href":"https:\/\/ecole-ste-anne-asserac.fr\/index.php?rest_route=\/wp\/v2\/types\/post"}],"author":[{"embeddable":true,"href":"https:\/\/ecole-ste-anne-asserac.fr\/index.php?rest_route=\/wp\/v2\/users\/3"}],"replies":[{"embeddable":true,"href":"https:\/\/ecole-ste-anne-asserac.fr\/index.php?rest_route=%2Fwp%2Fv2%2Fcomments&post=5778"}],"version-history":[{"count":1,"href":"https:\/\/ecole-ste-anne-asserac.fr\/index.php?rest_route=\/wp\/v2\/posts\/5778\/revisions"}],"predecessor-version":[{"id":5782,"href":"https:\/\/ecole-ste-anne-asserac.fr\/index.php?rest_route=\/wp\/v2\/posts\/5778\/revisions\/5782"}],"wp:featuredmedia":[{"embeddable":true,"href":"https:\/\/ecole-ste-anne-asserac.fr\/index.php?rest_route=\/wp\/v2\/media\/5779"}],"wp:attachment":[{"href":"https:\/\/ecole-ste-anne-asserac.fr\/index.php?rest_route=%2Fwp%2Fv2%2Fmedia&parent=5778"}],"wp:term":[{"taxonomy":"category","embeddable":true,"href":"https:\/\/ecole-ste-anne-asserac.fr\/index.php?rest_route=%2Fwp%2Fv2%2Fcategories&post=5778"},{"taxonomy":"post_tag","embeddable":true,"href":"https:\/\/ecole-ste-anne-asserac.fr\/index.php?rest_route=%2Fwp%2Fv2%2Ftags&post=5778"}],"curies":[{"name":"wp","href":"https:\/\/api.w.org\/{rel}","templated":true}]}}