{"id":579,"date":"2016-04-19T18:49:17","date_gmt":"2016-04-19T17:49:17","guid":{"rendered":"http:\/\/ecole-ste-anne-asserac.fr\/?p=579"},"modified":"2016-04-20T16:50:13","modified_gmt":"2016-04-20T15:50:13","slug":"eh-bien-chantez-maintenant","status":"publish","type":"post","link":"https:\/\/ecole-ste-anne-asserac.fr\/?p=579","title":{"rendered":"Eh bien&#8230;. chantez maintenant!"},"content":{"rendered":"<p>Depuis quelques semaines nous travaillons le chant choral avec <b>Sarah Clenet,<\/b> du\u00a0<a href=\"http:\/\/www.labaule.fr\/conservatoire-intercommunal-de-musique-0\" target=\"_blank\">Conservatoire intercommunal de musique La Baule-Gu\u00e9rande.<\/a><\/p>\n<p>Chaque mardi matin, nous voyageons une fois de plus dans les pays qui ont particip\u00e9 \u00e0 la coupe du monde de rugby &#8230; cette fois ci en chansons! Nous sommes ainsi partis en Argentine avec <em>\u00ab\u00a0El cafe\u00a0\u00bb<\/em><\/p>\n<!--[if lt IE 9]><script>document.createElement('audio');<\/script><![endif]-->\n<audio class=\"wp-audio-shortcode\" id=\"audio-579-1\" preload=\"none\" style=\"width: 100%;\" controls=\"controls\"><source type=\"audio\/mpeg\" src=\"http:\/\/ecole-ste-anne-asserac.fr\/wp-content\/uploads\/2016\/03\/01-El-Caf\u00e9.mp3?_=1\" \/><a href=\"http:\/\/ecole-ste-anne-asserac.fr\/wp-content\/uploads\/2016\/03\/01-El-Caf\u00e9.mp3\">http:\/\/ecole-ste-anne-asserac.fr\/wp-content\/uploads\/2016\/03\/01-El-Caf\u00e9.mp3<\/a><\/audio>\n<p>Puis autre ambiance avec une berceuse japonaise: Komoriuta<\/p>\n<p><a href=\"http:\/\/ecole-ste-anne-asserac.fr\/wp-content\/uploads\/2016\/03\/SDC11927.jpg\" rel=\"attachment wp-att-586\"><img loading=\"lazy\" decoding=\"async\" class=\"aligncenter size-medium wp-image-586\" src=\"http:\/\/ecole-ste-anne-asserac.fr\/wp-content\/uploads\/2016\/03\/SDC11927-300x225.jpg\" alt=\"SDC11927\" width=\"300\" height=\"225\" srcset=\"https:\/\/ecole-ste-anne-asserac.fr\/wp-content\/uploads\/2016\/03\/SDC11927-300x225.jpg 300w, https:\/\/ecole-ste-anne-asserac.fr\/wp-content\/uploads\/2016\/03\/SDC11927-768x576.jpg 768w, https:\/\/ecole-ste-anne-asserac.fr\/wp-content\/uploads\/2016\/03\/SDC11927-1024x768.jpg 1024w, https:\/\/ecole-ste-anne-asserac.fr\/wp-content\/uploads\/2016\/03\/SDC11927-600x450.jpg 600w, https:\/\/ecole-ste-anne-asserac.fr\/wp-content\/uploads\/2016\/03\/SDC11927.jpg 2048w\" sizes=\"auto, (max-width: 300px) 100vw, 300px\" \/><\/a> <a href=\"http:\/\/ecole-ste-anne-asserac.fr\/wp-content\/uploads\/2016\/03\/SDC11928.jpg\" rel=\"attachment wp-att-587\"><img loading=\"lazy\" decoding=\"async\" class=\"aligncenter size-medium wp-image-587\" src=\"http:\/\/ecole-ste-anne-asserac.fr\/wp-content\/uploads\/2016\/03\/SDC11928-300x225.jpg\" alt=\"SDC11928\" width=\"300\" height=\"225\" srcset=\"https:\/\/ecole-ste-anne-asserac.fr\/wp-content\/uploads\/2016\/03\/SDC11928-300x225.jpg 300w, https:\/\/ecole-ste-anne-asserac.fr\/wp-content\/uploads\/2016\/03\/SDC11928-768x576.jpg 768w, https:\/\/ecole-ste-anne-asserac.fr\/wp-content\/uploads\/2016\/03\/SDC11928-1024x768.jpg 1024w, https:\/\/ecole-ste-anne-asserac.fr\/wp-content\/uploads\/2016\/03\/SDC11928-600x450.jpg 600w, https:\/\/ecole-ste-anne-asserac.fr\/wp-content\/uploads\/2016\/03\/SDC11928.jpg 2048w\" sizes=\"auto, (max-width: 300px) 100vw, 300px\" \/><\/a><\/p>\n<p>Alexis nous a aussi fait d\u00e9couvrir sa guitare \u00e9lectrique :<\/p>\n<p><a href=\"http:\/\/ecole-ste-anne-asserac.fr\/wp-content\/uploads\/2016\/03\/SDC11930.jpg\" rel=\"attachment wp-att-585\"><img loading=\"lazy\" decoding=\"async\" class=\"aligncenter size-medium wp-image-585\" src=\"http:\/\/ecole-ste-anne-asserac.fr\/wp-content\/uploads\/2016\/03\/SDC11930-300x225.jpg\" alt=\"SDC11930\" width=\"300\" height=\"225\" srcset=\"https:\/\/ecole-ste-anne-asserac.fr\/wp-content\/uploads\/2016\/03\/SDC11930-300x225.jpg 300w, https:\/\/ecole-ste-anne-asserac.fr\/wp-content\/uploads\/2016\/03\/SDC11930-768x576.jpg 768w, https:\/\/ecole-ste-anne-asserac.fr\/wp-content\/uploads\/2016\/03\/SDC11930-1024x768.jpg 1024w, https:\/\/ecole-ste-anne-asserac.fr\/wp-content\/uploads\/2016\/03\/SDC11930-600x450.jpg 600w, https:\/\/ecole-ste-anne-asserac.fr\/wp-content\/uploads\/2016\/03\/SDC11930.jpg 2048w\" sizes=\"auto, (max-width: 300px) 100vw, 300px\" \/><\/a>Il sera bient\u00f4t pr\u00eat \u00e0 nous accompagner sur le chant argentin. Super!<\/p>\n<p>Nous travaillons aussi le rythme. Sarah nous a appris des rythmiques indiennes. Ce jour-l\u00e0 les CE2 de C\u00e9line \u00e9taient avec nous &#8230; et Keridwen nous avait apport\u00e9 un nouvel instrument de musique : un cajon . <a href=\"http:\/\/ecole-ste-anne-asserac.fr\/wp-content\/uploads\/2016\/03\/SDC11953.jpg\"><img loading=\"lazy\" decoding=\"async\" class=\"aligncenter size-medium wp-image-616\" src=\"http:\/\/ecole-ste-anne-asserac.fr\/wp-content\/uploads\/2016\/03\/SDC11953-300x225.jpg\" alt=\"SDC11953\" width=\"300\" height=\"225\" srcset=\"https:\/\/ecole-ste-anne-asserac.fr\/wp-content\/uploads\/2016\/03\/SDC11953-300x225.jpg 300w, https:\/\/ecole-ste-anne-asserac.fr\/wp-content\/uploads\/2016\/03\/SDC11953-768x576.jpg 768w, https:\/\/ecole-ste-anne-asserac.fr\/wp-content\/uploads\/2016\/03\/SDC11953-1024x768.jpg 1024w, https:\/\/ecole-ste-anne-asserac.fr\/wp-content\/uploads\/2016\/03\/SDC11953-600x450.jpg 600w, https:\/\/ecole-ste-anne-asserac.fr\/wp-content\/uploads\/2016\/03\/SDC11953.jpg 2048w\" sizes=\"auto, (max-width: 300px) 100vw, 300px\" \/><\/a>Apr\u00e8s quelques essais, Keridwen a r\u00e9ussi \u00e0 faire la m\u00eame chose qu&rsquo;avec les tambourins, claves et wood-block ! Bravo &#8230;.<\/p>\n<p><a href=\"http:\/\/ecole-ste-anne-asserac.fr\/wp-content\/uploads\/2016\/03\/SDC11952.jpg\"><img loading=\"lazy\" decoding=\"async\" class=\"aligncenter size-medium wp-image-617\" src=\"http:\/\/ecole-ste-anne-asserac.fr\/wp-content\/uploads\/2016\/03\/SDC11952-225x300.jpg\" alt=\"SDC11952\" width=\"225\" height=\"300\" srcset=\"https:\/\/ecole-ste-anne-asserac.fr\/wp-content\/uploads\/2016\/03\/SDC11952-225x300.jpg 225w, https:\/\/ecole-ste-anne-asserac.fr\/wp-content\/uploads\/2016\/03\/SDC11952-768x1024.jpg 768w, https:\/\/ecole-ste-anne-asserac.fr\/wp-content\/uploads\/2016\/03\/SDC11952-600x800.jpg 600w, https:\/\/ecole-ste-anne-asserac.fr\/wp-content\/uploads\/2016\/03\/SDC11952.jpg 1152w\" sizes=\"auto, (max-width: 225px) 100vw, 225px\" \/><\/a><\/p>\n","protected":false},"excerpt":{"rendered":"<p>Depuis quelques semaines nous travaillons le chant choral avec Sarah Clenet, du\u00a0Conservatoire intercommunal de musique La Baule-Gu\u00e9rande. Chaque mardi matin, nous voyageons une fois de plus dans les pays qui ont particip\u00e9 \u00e0 la coupe du monde de rugby &#8230; cette fois ci en chansons! Nous sommes ainsi partis en Argentine avec \u00ab\u00a0El cafe\u00a0\u00bb Puis<\/p>\n<p><a href=\"https:\/\/ecole-ste-anne-asserac.fr\/?p=579\" class=\"more-link themebutton\">Lire la suite<\/a><\/p>\n","protected":false},"author":3,"featured_media":0,"comment_status":"closed","ping_status":"closed","sticky":false,"template":"","format":"audio","meta":{"ngg_post_thumbnail":0,"footnotes":""},"categories":[8],"tags":[],"class_list":["post-579","post","type-post","status-publish","format-audio","hentry","category-classe-de-cm1-cm2","post_format-post-format-audio"],"_links":{"self":[{"href":"https:\/\/ecole-ste-anne-asserac.fr\/index.php?rest_route=\/wp\/v2\/posts\/579","targetHints":{"allow":["GET"]}}],"collection":[{"href":"https:\/\/ecole-ste-anne-asserac.fr\/index.php?rest_route=\/wp\/v2\/posts"}],"about":[{"href":"https:\/\/ecole-ste-anne-asserac.fr\/index.php?rest_route=\/wp\/v2\/types\/post"}],"author":[{"embeddable":true,"href":"https:\/\/ecole-ste-anne-asserac.fr\/index.php?rest_route=\/wp\/v2\/users\/3"}],"replies":[{"embeddable":true,"href":"https:\/\/ecole-ste-anne-asserac.fr\/index.php?rest_route=%2Fwp%2Fv2%2Fcomments&post=579"}],"version-history":[{"count":0,"href":"https:\/\/ecole-ste-anne-asserac.fr\/index.php?rest_route=\/wp\/v2\/posts\/579\/revisions"}],"wp:attachment":[{"href":"https:\/\/ecole-ste-anne-asserac.fr\/index.php?rest_route=%2Fwp%2Fv2%2Fmedia&parent=579"}],"wp:term":[{"taxonomy":"category","embeddable":true,"href":"https:\/\/ecole-ste-anne-asserac.fr\/index.php?rest_route=%2Fwp%2Fv2%2Fcategories&post=579"},{"taxonomy":"post_tag","embeddable":true,"href":"https:\/\/ecole-ste-anne-asserac.fr\/index.php?rest_route=%2Fwp%2Fv2%2Ftags&post=579"}],"curies":[{"name":"wp","href":"https:\/\/api.w.org\/{rel}","templated":true}]}}