{"id":5793,"date":"2023-07-08T12:09:45","date_gmt":"2023-07-08T10:09:45","guid":{"rendered":"https:\/\/ecole-ste-anne-asserac.fr\/?p=5793"},"modified":"2023-07-18T12:37:34","modified_gmt":"2023-07-18T10:37:34","slug":"dernier-jour-de-lannee-scolaire","status":"publish","type":"post","link":"https:\/\/ecole-ste-anne-asserac.fr\/?p=5793","title":{"rendered":"Dernier jour de l&rsquo;ann\u00e9e scolaire"},"content":{"rendered":"<p>Vendredi 7 Juillet : dernier jour d&rsquo;\u00e9cole ! Derni\u00e8re heure pass\u00e9e ensemble &#8230;. On fait la f\u00eate , comme on avait commenc\u00e9 le 1er septembre !<\/p>\n<p><a href=\"http:\/\/ecole-ste-anne-asserac.fr\/wp-content\/uploads\/2023\/07\/20230707_160731_compress34.jpg\"><img loading=\"lazy\" decoding=\"async\" class=\"alignnone size-medium wp-image-5796\" src=\"http:\/\/ecole-ste-anne-asserac.fr\/wp-content\/uploads\/2023\/07\/20230707_160731_compress34-300x135.jpg\" alt=\"\" width=\"300\" height=\"135\" srcset=\"https:\/\/ecole-ste-anne-asserac.fr\/wp-content\/uploads\/2023\/07\/20230707_160731_compress34-300x135.jpg 300w, https:\/\/ecole-ste-anne-asserac.fr\/wp-content\/uploads\/2023\/07\/20230707_160731_compress34-1024x462.jpg 1024w, https:\/\/ecole-ste-anne-asserac.fr\/wp-content\/uploads\/2023\/07\/20230707_160731_compress34-768x346.jpg 768w, https:\/\/ecole-ste-anne-asserac.fr\/wp-content\/uploads\/2023\/07\/20230707_160731_compress34-600x270.jpg 600w, https:\/\/ecole-ste-anne-asserac.fr\/wp-content\/uploads\/2023\/07\/20230707_160731_compress34-1536x692.jpg 1536w, https:\/\/ecole-ste-anne-asserac.fr\/wp-content\/uploads\/2023\/07\/20230707_160731_compress34-2048x923.jpg 2048w\" sizes=\"auto, (max-width: 300px) 100vw, 300px\" \/><\/a> <a href=\"http:\/\/ecole-ste-anne-asserac.fr\/wp-content\/uploads\/2023\/07\/20230707_155807_compress9.jpg\"><img loading=\"lazy\" decoding=\"async\" class=\"alignnone size-medium wp-image-5797\" src=\"http:\/\/ecole-ste-anne-asserac.fr\/wp-content\/uploads\/2023\/07\/20230707_155807_compress9-300x135.jpg\" alt=\"\" width=\"300\" height=\"135\" srcset=\"https:\/\/ecole-ste-anne-asserac.fr\/wp-content\/uploads\/2023\/07\/20230707_155807_compress9-300x135.jpg 300w, https:\/\/ecole-ste-anne-asserac.fr\/wp-content\/uploads\/2023\/07\/20230707_155807_compress9-1024x462.jpg 1024w, https:\/\/ecole-ste-anne-asserac.fr\/wp-content\/uploads\/2023\/07\/20230707_155807_compress9-768x346.jpg 768w, https:\/\/ecole-ste-anne-asserac.fr\/wp-content\/uploads\/2023\/07\/20230707_155807_compress9-600x270.jpg 600w, https:\/\/ecole-ste-anne-asserac.fr\/wp-content\/uploads\/2023\/07\/20230707_155807_compress9-1536x692.jpg 1536w, https:\/\/ecole-ste-anne-asserac.fr\/wp-content\/uploads\/2023\/07\/20230707_155807_compress9-2048x923.jpg 2048w\" sizes=\"auto, (max-width: 300px) 100vw, 300px\" \/><\/a> <a href=\"http:\/\/ecole-ste-anne-asserac.fr\/wp-content\/uploads\/2023\/07\/20230707_154932_compress16.jpg\"><img loading=\"lazy\" decoding=\"async\" class=\"alignnone size-medium wp-image-5798\" src=\"http:\/\/ecole-ste-anne-asserac.fr\/wp-content\/uploads\/2023\/07\/20230707_154932_compress16-300x135.jpg\" alt=\"\" width=\"300\" height=\"135\" srcset=\"https:\/\/ecole-ste-anne-asserac.fr\/wp-content\/uploads\/2023\/07\/20230707_154932_compress16-300x135.jpg 300w, https:\/\/ecole-ste-anne-asserac.fr\/wp-content\/uploads\/2023\/07\/20230707_154932_compress16-1024x462.jpg 1024w, https:\/\/ecole-ste-anne-asserac.fr\/wp-content\/uploads\/2023\/07\/20230707_154932_compress16-768x346.jpg 768w, https:\/\/ecole-ste-anne-asserac.fr\/wp-content\/uploads\/2023\/07\/20230707_154932_compress16-600x270.jpg 600w, https:\/\/ecole-ste-anne-asserac.fr\/wp-content\/uploads\/2023\/07\/20230707_154932_compress16-1536x692.jpg 1536w, https:\/\/ecole-ste-anne-asserac.fr\/wp-content\/uploads\/2023\/07\/20230707_154932_compress16-2048x923.jpg 2048w\" sizes=\"auto, (max-width: 300px) 100vw, 300px\" \/><\/a> <a href=\"http:\/\/ecole-ste-anne-asserac.fr\/wp-content\/uploads\/2023\/07\/20230707_154817_compress89.jpg\"><img loading=\"lazy\" decoding=\"async\" class=\"alignnone size-medium wp-image-5799\" src=\"http:\/\/ecole-ste-anne-asserac.fr\/wp-content\/uploads\/2023\/07\/20230707_154817_compress89-300x135.jpg\" alt=\"\" width=\"300\" height=\"135\" srcset=\"https:\/\/ecole-ste-anne-asserac.fr\/wp-content\/uploads\/2023\/07\/20230707_154817_compress89-300x135.jpg 300w, https:\/\/ecole-ste-anne-asserac.fr\/wp-content\/uploads\/2023\/07\/20230707_154817_compress89-1024x462.jpg 1024w, https:\/\/ecole-ste-anne-asserac.fr\/wp-content\/uploads\/2023\/07\/20230707_154817_compress89-768x346.jpg 768w, https:\/\/ecole-ste-anne-asserac.fr\/wp-content\/uploads\/2023\/07\/20230707_154817_compress89-600x270.jpg 600w, https:\/\/ecole-ste-anne-asserac.fr\/wp-content\/uploads\/2023\/07\/20230707_154817_compress89-1536x692.jpg 1536w, https:\/\/ecole-ste-anne-asserac.fr\/wp-content\/uploads\/2023\/07\/20230707_154817_compress89-2048x923.jpg 2048w\" sizes=\"auto, (max-width: 300px) 100vw, 300px\" \/><\/a> <a href=\"http:\/\/ecole-ste-anne-asserac.fr\/wp-content\/uploads\/2023\/07\/20230707_154826_compress32.jpg\"><img loading=\"lazy\" decoding=\"async\" class=\"alignnone size-medium wp-image-5800\" src=\"http:\/\/ecole-ste-anne-asserac.fr\/wp-content\/uploads\/2023\/07\/20230707_154826_compress32-300x135.jpg\" alt=\"\" width=\"300\" height=\"135\" srcset=\"https:\/\/ecole-ste-anne-asserac.fr\/wp-content\/uploads\/2023\/07\/20230707_154826_compress32-300x135.jpg 300w, https:\/\/ecole-ste-anne-asserac.fr\/wp-content\/uploads\/2023\/07\/20230707_154826_compress32-1024x462.jpg 1024w, https:\/\/ecole-ste-anne-asserac.fr\/wp-content\/uploads\/2023\/07\/20230707_154826_compress32-768x346.jpg 768w, https:\/\/ecole-ste-anne-asserac.fr\/wp-content\/uploads\/2023\/07\/20230707_154826_compress32-600x270.jpg 600w, https:\/\/ecole-ste-anne-asserac.fr\/wp-content\/uploads\/2023\/07\/20230707_154826_compress32-1536x692.jpg 1536w, https:\/\/ecole-ste-anne-asserac.fr\/wp-content\/uploads\/2023\/07\/20230707_154826_compress32-2048x923.jpg 2048w\" sizes=\"auto, (max-width: 300px) 100vw, 300px\" \/><\/a> <a href=\"http:\/\/ecole-ste-anne-asserac.fr\/wp-content\/uploads\/2023\/07\/20230707_154934_compress18.jpg\"><img loading=\"lazy\" decoding=\"async\" class=\"alignnone size-medium wp-image-5801\" src=\"http:\/\/ecole-ste-anne-asserac.fr\/wp-content\/uploads\/2023\/07\/20230707_154934_compress18-300x135.jpg\" alt=\"\" width=\"300\" height=\"135\" srcset=\"https:\/\/ecole-ste-anne-asserac.fr\/wp-content\/uploads\/2023\/07\/20230707_154934_compress18-300x135.jpg 300w, https:\/\/ecole-ste-anne-asserac.fr\/wp-content\/uploads\/2023\/07\/20230707_154934_compress18-1024x462.jpg 1024w, https:\/\/ecole-ste-anne-asserac.fr\/wp-content\/uploads\/2023\/07\/20230707_154934_compress18-768x346.jpg 768w, https:\/\/ecole-ste-anne-asserac.fr\/wp-content\/uploads\/2023\/07\/20230707_154934_compress18-600x270.jpg 600w, https:\/\/ecole-ste-anne-asserac.fr\/wp-content\/uploads\/2023\/07\/20230707_154934_compress18-1536x692.jpg 1536w, https:\/\/ecole-ste-anne-asserac.fr\/wp-content\/uploads\/2023\/07\/20230707_154934_compress18-2048x923.jpg 2048w\" sizes=\"auto, (max-width: 300px) 100vw, 300px\" \/><\/a><\/p>\n<p>Tous ensemble, petits et grands , nous reprenons les chor\u00e9graphies cultes de cette ann\u00e9e 2022-2023<\/p>\n<p>Mais c&rsquo;est un peu particulier pour le groupe de CM2 , ces derniers instants sont les derniers \u00e0 l&rsquo;\u00e9cole Sainte Anne . Heureux de leur parcours, mais aussi tristes de se quitter !<\/p>\n<p><img loading=\"lazy\" decoding=\"async\" class=\"alignnone size-medium wp-image-5794\" src=\"http:\/\/ecole-ste-anne-asserac.fr\/wp-content\/uploads\/2023\/07\/20230707_161521-300x225.jpg\" alt=\"\" width=\"300\" height=\"225\" srcset=\"https:\/\/ecole-ste-anne-asserac.fr\/wp-content\/uploads\/2023\/07\/20230707_161521-300x225.jpg 300w, https:\/\/ecole-ste-anne-asserac.fr\/wp-content\/uploads\/2023\/07\/20230707_161521-1024x768.jpg 1024w, https:\/\/ecole-ste-anne-asserac.fr\/wp-content\/uploads\/2023\/07\/20230707_161521-768x576.jpg 768w, https:\/\/ecole-ste-anne-asserac.fr\/wp-content\/uploads\/2023\/07\/20230707_161521-600x450.jpg 600w, https:\/\/ecole-ste-anne-asserac.fr\/wp-content\/uploads\/2023\/07\/20230707_161521-1536x1152.jpg 1536w, https:\/\/ecole-ste-anne-asserac.fr\/wp-content\/uploads\/2023\/07\/20230707_161521-2048x1536.jpg 2048w\" sizes=\"auto, (max-width: 300px) 100vw, 300px\" \/> <img loading=\"lazy\" decoding=\"async\" class=\"alignnone size-medium wp-image-5795\" src=\"http:\/\/ecole-ste-anne-asserac.fr\/wp-content\/uploads\/2023\/07\/20230707_161634-300x225.jpg\" alt=\"\" width=\"300\" height=\"225\" srcset=\"https:\/\/ecole-ste-anne-asserac.fr\/wp-content\/uploads\/2023\/07\/20230707_161634-300x225.jpg 300w, https:\/\/ecole-ste-anne-asserac.fr\/wp-content\/uploads\/2023\/07\/20230707_161634-1024x768.jpg 1024w, https:\/\/ecole-ste-anne-asserac.fr\/wp-content\/uploads\/2023\/07\/20230707_161634-768x576.jpg 768w, https:\/\/ecole-ste-anne-asserac.fr\/wp-content\/uploads\/2023\/07\/20230707_161634-600x450.jpg 600w, https:\/\/ecole-ste-anne-asserac.fr\/wp-content\/uploads\/2023\/07\/20230707_161634-1536x1152.jpg 1536w, https:\/\/ecole-ste-anne-asserac.fr\/wp-content\/uploads\/2023\/07\/20230707_161634-2048x1536.jpg 2048w\" sizes=\"auto, (max-width: 300px) 100vw, 300px\" \/><\/p>\n","protected":false},"excerpt":{"rendered":"<p>Vendredi 7 Juillet : dernier jour d&rsquo;\u00e9cole ! Derni\u00e8re heure pass\u00e9e ensemble &#8230;. On fait la f\u00eate , comme on avait commenc\u00e9 le 1er septembre ! Tous ensemble, petits et grands , nous reprenons les chor\u00e9graphies cultes de cette ann\u00e9e 2022-2023 Mais c&rsquo;est un peu particulier pour le groupe de CM2 , ces derniers instants<\/p>\n<p><a href=\"https:\/\/ecole-ste-anne-asserac.fr\/?p=5793\" class=\"more-link themebutton\">Lire la suite<\/a><\/p>\n","protected":false},"author":3,"featured_media":5796,"comment_status":"closed","ping_status":"closed","sticky":false,"template":"","format":"standard","meta":{"ngg_post_thumbnail":0,"footnotes":""},"categories":[11,7,8,6],"tags":[],"class_list":["post-5793","post","type-post","status-publish","format-standard","has-post-thumbnail","hentry","category-actualite","category-classe-de-ce2-cm1","category-classe-de-cm1-cm2","category-classe-de-cp-ce1"],"_links":{"self":[{"href":"https:\/\/ecole-ste-anne-asserac.fr\/index.php?rest_route=\/wp\/v2\/posts\/5793","targetHints":{"allow":["GET"]}}],"collection":[{"href":"https:\/\/ecole-ste-anne-asserac.fr\/index.php?rest_route=\/wp\/v2\/posts"}],"about":[{"href":"https:\/\/ecole-ste-anne-asserac.fr\/index.php?rest_route=\/wp\/v2\/types\/post"}],"author":[{"embeddable":true,"href":"https:\/\/ecole-ste-anne-asserac.fr\/index.php?rest_route=\/wp\/v2\/users\/3"}],"replies":[{"embeddable":true,"href":"https:\/\/ecole-ste-anne-asserac.fr\/index.php?rest_route=%2Fwp%2Fv2%2Fcomments&post=5793"}],"version-history":[{"count":1,"href":"https:\/\/ecole-ste-anne-asserac.fr\/index.php?rest_route=\/wp\/v2\/posts\/5793\/revisions"}],"predecessor-version":[{"id":5802,"href":"https:\/\/ecole-ste-anne-asserac.fr\/index.php?rest_route=\/wp\/v2\/posts\/5793\/revisions\/5802"}],"wp:featuredmedia":[{"embeddable":true,"href":"https:\/\/ecole-ste-anne-asserac.fr\/index.php?rest_route=\/wp\/v2\/media\/5796"}],"wp:attachment":[{"href":"https:\/\/ecole-ste-anne-asserac.fr\/index.php?rest_route=%2Fwp%2Fv2%2Fmedia&parent=5793"}],"wp:term":[{"taxonomy":"category","embeddable":true,"href":"https:\/\/ecole-ste-anne-asserac.fr\/index.php?rest_route=%2Fwp%2Fv2%2Fcategories&post=5793"},{"taxonomy":"post_tag","embeddable":true,"href":"https:\/\/ecole-ste-anne-asserac.fr\/index.php?rest_route=%2Fwp%2Fv2%2Ftags&post=5793"}],"curies":[{"name":"wp","href":"https:\/\/api.w.org\/{rel}","templated":true}]}}