{"id":5803,"date":"2023-07-05T12:13:16","date_gmt":"2023-07-05T10:13:16","guid":{"rendered":"https:\/\/ecole-ste-anne-asserac.fr\/?p=5803"},"modified":"2023-07-18T12:44:19","modified_gmt":"2023-07-18T10:44:19","slug":"cote-international-ceremonies-officielles","status":"publish","type":"post","link":"https:\/\/ecole-ste-anne-asserac.fr\/?p=5803","title":{"rendered":"C\u00f4t\u00e9 International : C\u00e9r\u00e9monies officielles"},"content":{"rendered":"<p>Cette fin d&rsquo;ann\u00e9e scolaire a \u00e9t\u00e9 l&rsquo;occasion de distinguer l&rsquo;\u00e9cole pour son travail li\u00e9 \u00e0 l&rsquo;international aupr\u00e8s des enfants.<\/p>\n<p>Les \u00e9tablissements scolaires labellis\u00e9s \u00ab\u00a0Ouverture internationale\u00a0\u00bb se sont vus invit\u00e9s \u00e0 l&rsquo;H\u00f4tel de R\u00e9gion fin Juin. Monsieur Dejoie, vice-pr\u00e9sident du Conseil R\u00e9gional, pr\u00e9sident de la commission des affaires europ\u00e9ennes a salu\u00e9 le travail effectu\u00e9 aupr\u00e8s des jeunes pour faire vivre la citoyennet\u00e9 europ\u00e9enne.<\/p>\n<p>A cette occasion, il m&rsquo;a \u00e9t\u00e9 demand\u00e9 de t\u00e9moigner de notre engagement pour l&rsquo;Europe, et de notre \u00e9change avec l&rsquo;Italie, v\u00e9cu cette ann\u00e9e avec les mobilit\u00e9s des enseignantes fran\u00e7aises et italiennes. Ce partenariat, d\u00e9but\u00e9 virtuellement avec eTwinning, s&rsquo;est concr\u00e9tis\u00e9 par le s\u00e9jour de l&rsquo;\u00e9quipe d&rsquo;Ass\u00e9rac \u00e0 Colleferro puis la venue par 2 fois de coll\u00e8gues italiennes en France.<\/p>\n<p>.&nbsp;<a href=\"http:\/\/ecole-ste-anne-asserac.fr\/wp-content\/uploads\/2023\/07\/HR3.jpg\"><img loading=\"lazy\" decoding=\"async\" class=\"alignnone size-medium wp-image-5808\" src=\"http:\/\/ecole-ste-anne-asserac.fr\/wp-content\/uploads\/2023\/07\/HR3-300x225.jpg\" alt=\"\" width=\"300\" height=\"225\" srcset=\"https:\/\/ecole-ste-anne-asserac.fr\/wp-content\/uploads\/2023\/07\/HR3-300x225.jpg 300w, https:\/\/ecole-ste-anne-asserac.fr\/wp-content\/uploads\/2023\/07\/HR3-600x451.jpg 600w, https:\/\/ecole-ste-anne-asserac.fr\/wp-content\/uploads\/2023\/07\/HR3.jpg 640w\" sizes=\"auto, (max-width: 300px) 100vw, 300px\" \/><\/a> <a href=\"http:\/\/ecole-ste-anne-asserac.fr\/wp-content\/uploads\/2023\/07\/IMG_1564-1-scaled.jpg\"><img loading=\"lazy\" decoding=\"async\" class=\"alignnone size-medium wp-image-5809\" src=\"http:\/\/ecole-ste-anne-asserac.fr\/wp-content\/uploads\/2023\/07\/IMG_1564-1-300x200.jpg\" alt=\"\" width=\"300\" height=\"200\" srcset=\"https:\/\/ecole-ste-anne-asserac.fr\/wp-content\/uploads\/2023\/07\/IMG_1564-1-300x200.jpg 300w, https:\/\/ecole-ste-anne-asserac.fr\/wp-content\/uploads\/2023\/07\/IMG_1564-1-1024x683.jpg 1024w, https:\/\/ecole-ste-anne-asserac.fr\/wp-content\/uploads\/2023\/07\/IMG_1564-1-768x512.jpg 768w, https:\/\/ecole-ste-anne-asserac.fr\/wp-content\/uploads\/2023\/07\/IMG_1564-1-600x400.jpg 600w, https:\/\/ecole-ste-anne-asserac.fr\/wp-content\/uploads\/2023\/07\/IMG_1564-1-1536x1024.jpg 1536w, https:\/\/ecole-ste-anne-asserac.fr\/wp-content\/uploads\/2023\/07\/IMG_1564-1-2048x1365.jpg 2048w, https:\/\/ecole-ste-anne-asserac.fr\/wp-content\/uploads\/2023\/07\/IMG_1564-1-272x182.jpg 272w\" sizes=\"auto, (max-width: 300px) 100vw, 300px\" \/><\/a> <a href=\"http:\/\/ecole-ste-anne-asserac.fr\/wp-content\/uploads\/2023\/07\/IMG_20230606_184651-1-scaled.jpg\"><img loading=\"lazy\" decoding=\"async\" class=\"alignnone size-medium wp-image-5810\" src=\"http:\/\/ecole-ste-anne-asserac.fr\/wp-content\/uploads\/2023\/07\/IMG_20230606_184651-1-300x225.jpg\" alt=\"\" width=\"300\" height=\"225\" srcset=\"https:\/\/ecole-ste-anne-asserac.fr\/wp-content\/uploads\/2023\/07\/IMG_20230606_184651-1-300x225.jpg 300w, https:\/\/ecole-ste-anne-asserac.fr\/wp-content\/uploads\/2023\/07\/IMG_20230606_184651-1-1024x768.jpg 1024w, https:\/\/ecole-ste-anne-asserac.fr\/wp-content\/uploads\/2023\/07\/IMG_20230606_184651-1-768x576.jpg 768w, https:\/\/ecole-ste-anne-asserac.fr\/wp-content\/uploads\/2023\/07\/IMG_20230606_184651-1-600x450.jpg 600w, https:\/\/ecole-ste-anne-asserac.fr\/wp-content\/uploads\/2023\/07\/IMG_20230606_184651-1-1536x1152.jpg 1536w, https:\/\/ecole-ste-anne-asserac.fr\/wp-content\/uploads\/2023\/07\/IMG_20230606_184651-1-2048x1536.jpg 2048w\" sizes=\"auto, (max-width: 300px) 100vw, 300px\" \/><\/a><\/p>\n<p>Enfin , lundi 4 Juillet, le label EUROSCOL \u00a0\u00bb niveau expertise\u00a0\u00bb a \u00e9t\u00e9 remis \u00e0 l&rsquo;\u00e9cole par le rectorat pour une dur\u00e9e de 5 ans. Une nouvelle plaque viendra donc s&rsquo;ajouter aux autres sur le mur ext\u00e9rieur.<\/p>\n<p><a href=\"http:\/\/ecole-ste-anne-asserac.fr\/wp-content\/uploads\/2023\/07\/IMG_17441.jpg\"><img loading=\"lazy\" decoding=\"async\" class=\"alignnone size-medium wp-image-5805\" src=\"http:\/\/ecole-ste-anne-asserac.fr\/wp-content\/uploads\/2023\/07\/IMG_17441-225x300.jpg\" alt=\"\" width=\"225\" height=\"300\" srcset=\"https:\/\/ecole-ste-anne-asserac.fr\/wp-content\/uploads\/2023\/07\/IMG_17441-225x300.jpg 225w, https:\/\/ecole-ste-anne-asserac.fr\/wp-content\/uploads\/2023\/07\/IMG_17441-768x1024.jpg 768w, https:\/\/ecole-ste-anne-asserac.fr\/wp-content\/uploads\/2023\/07\/IMG_17441-600x800.jpg 600w, https:\/\/ecole-ste-anne-asserac.fr\/wp-content\/uploads\/2023\/07\/IMG_17441-1152x1536.jpg 1152w, https:\/\/ecole-ste-anne-asserac.fr\/wp-content\/uploads\/2023\/07\/IMG_17441.jpg 1536w\" sizes=\"auto, (max-width: 225px) 100vw, 225px\" \/><\/a> <img loading=\"lazy\" decoding=\"async\" class=\"alignnone size-medium wp-image-5806\" src=\"http:\/\/ecole-ste-anne-asserac.fr\/wp-content\/uploads\/2023\/07\/IMG_17421-225x300.jpg\" alt=\"\" width=\"225\" height=\"300\" srcset=\"https:\/\/ecole-ste-anne-asserac.fr\/wp-content\/uploads\/2023\/07\/IMG_17421-225x300.jpg 225w, https:\/\/ecole-ste-anne-asserac.fr\/wp-content\/uploads\/2023\/07\/IMG_17421-768x1024.jpg 768w, https:\/\/ecole-ste-anne-asserac.fr\/wp-content\/uploads\/2023\/07\/IMG_17421-600x800.jpg 600w, https:\/\/ecole-ste-anne-asserac.fr\/wp-content\/uploads\/2023\/07\/IMG_17421.jpg 960w\" sizes=\"auto, (max-width: 225px) 100vw, 225px\" \/><\/p>\n<p>Ce label \u00ab Euroscol \u00bb reconna\u00eet l\u2019engagement dans une dynamique d\u2019ouverture europ\u00e9enne et internationale des \u00e9coles et des \u00e9tablissements scolaires publics ou priv\u00e9s sous contrat et s\u2019inscrit dans la construction d&rsquo;un Espace europ\u00e9en de l&rsquo;\u00e9ducation.<\/p>\n<p style=\"text-align: center;\">&nbsp;A nous de continuer \u00e0 faire vivre cet axe de notre projet \u00e9ducatif dans les ann\u00e9es futures encore !<\/p>\n<p>&nbsp;<\/p>\n","protected":false},"excerpt":{"rendered":"<p>Cette fin d&rsquo;ann\u00e9e scolaire a \u00e9t\u00e9 l&rsquo;occasion de distinguer l&rsquo;\u00e9cole pour son travail li\u00e9 \u00e0 l&rsquo;international aupr\u00e8s des enfants. Les \u00e9tablissements scolaires labellis\u00e9s \u00ab\u00a0Ouverture internationale\u00a0\u00bb se sont vus invit\u00e9s \u00e0 l&rsquo;H\u00f4tel de R\u00e9gion fin Juin. Monsieur Dejoie, vice-pr\u00e9sident du Conseil R\u00e9gional, pr\u00e9sident de la commission des affaires europ\u00e9ennes a salu\u00e9 le travail effectu\u00e9 aupr\u00e8s des<\/p>\n<p><a href=\"https:\/\/ecole-ste-anne-asserac.fr\/?p=5803\" class=\"more-link themebutton\">Lire la suite<\/a><\/p>\n","protected":false},"author":3,"featured_media":5812,"comment_status":"closed","ping_status":"closed","sticky":false,"template":"","format":"standard","meta":{"ngg_post_thumbnail":0,"footnotes":""},"categories":[11],"tags":[],"class_list":["post-5803","post","type-post","status-publish","format-standard","has-post-thumbnail","hentry","category-actualite"],"_links":{"self":[{"href":"https:\/\/ecole-ste-anne-asserac.fr\/index.php?rest_route=\/wp\/v2\/posts\/5803","targetHints":{"allow":["GET"]}}],"collection":[{"href":"https:\/\/ecole-ste-anne-asserac.fr\/index.php?rest_route=\/wp\/v2\/posts"}],"about":[{"href":"https:\/\/ecole-ste-anne-asserac.fr\/index.php?rest_route=\/wp\/v2\/types\/post"}],"author":[{"embeddable":true,"href":"https:\/\/ecole-ste-anne-asserac.fr\/index.php?rest_route=\/wp\/v2\/users\/3"}],"replies":[{"embeddable":true,"href":"https:\/\/ecole-ste-anne-asserac.fr\/index.php?rest_route=%2Fwp%2Fv2%2Fcomments&post=5803"}],"version-history":[{"count":3,"href":"https:\/\/ecole-ste-anne-asserac.fr\/index.php?rest_route=\/wp\/v2\/posts\/5803\/revisions"}],"predecessor-version":[{"id":5813,"href":"https:\/\/ecole-ste-anne-asserac.fr\/index.php?rest_route=\/wp\/v2\/posts\/5803\/revisions\/5813"}],"wp:featuredmedia":[{"embeddable":true,"href":"https:\/\/ecole-ste-anne-asserac.fr\/index.php?rest_route=\/wp\/v2\/media\/5812"}],"wp:attachment":[{"href":"https:\/\/ecole-ste-anne-asserac.fr\/index.php?rest_route=%2Fwp%2Fv2%2Fmedia&parent=5803"}],"wp:term":[{"taxonomy":"category","embeddable":true,"href":"https:\/\/ecole-ste-anne-asserac.fr\/index.php?rest_route=%2Fwp%2Fv2%2Fcategories&post=5803"},{"taxonomy":"post_tag","embeddable":true,"href":"https:\/\/ecole-ste-anne-asserac.fr\/index.php?rest_route=%2Fwp%2Fv2%2Ftags&post=5803"}],"curies":[{"name":"wp","href":"https:\/\/api.w.org\/{rel}","templated":true}]}}