{"id":5838,"date":"2023-09-09T16:12:50","date_gmt":"2023-09-09T14:12:50","guid":{"rendered":"https:\/\/ecole-ste-anne-asserac.fr\/?p=5838"},"modified":"2023-09-09T16:33:32","modified_gmt":"2023-09-09T14:33:32","slug":"fete-de-la-rentree-3","status":"publish","type":"post","link":"https:\/\/ecole-ste-anne-asserac.fr\/?p=5838","title":{"rendered":"F\u00eate de la rentr\u00e9e !"},"content":{"rendered":"<p>Lundi 4 septembre, nous avons fait la f\u00eate !<\/p>\n<p>En effet, le jour de la rentr\u00e9e est toujours un jour de f\u00eate pour les enfants qui sont heureux de se retrouver , heureux de faire des choses ensemble.<\/p>\n<p>C&rsquo;est aussi l&rsquo;occasion de faire les pr\u00e9sentations : de nouvelles t\u00eates parmi les enfants, mais aussi parmi les adultes de l&rsquo;\u00e9quipe:<img loading=\"lazy\" decoding=\"async\" class=\"size-medium wp-image-5839 aligncenter\" src=\"http:\/\/ecole-ste-anne-asserac.fr\/wp-content\/uploads\/2023\/09\/20230904_103835-300x225.jpg\" alt=\"\" width=\"300\" height=\"225\" srcset=\"https:\/\/ecole-ste-anne-asserac.fr\/wp-content\/uploads\/2023\/09\/20230904_103835-300x225.jpg 300w, https:\/\/ecole-ste-anne-asserac.fr\/wp-content\/uploads\/2023\/09\/20230904_103835-1024x768.jpg 1024w, https:\/\/ecole-ste-anne-asserac.fr\/wp-content\/uploads\/2023\/09\/20230904_103835-768x576.jpg 768w, https:\/\/ecole-ste-anne-asserac.fr\/wp-content\/uploads\/2023\/09\/20230904_103835-600x450.jpg 600w, https:\/\/ecole-ste-anne-asserac.fr\/wp-content\/uploads\/2023\/09\/20230904_103835-1536x1152.jpg 1536w, https:\/\/ecole-ste-anne-asserac.fr\/wp-content\/uploads\/2023\/09\/20230904_103835-2048x1536.jpg 2048w\" sizes=\"auto, (max-width: 300px) 100vw, 300px\" \/><\/p>\n<p style=\"text-align: center;\">Nous accueillons ainsi Sarah, aide-maternelle de Delphine en PS\/MS et St\u00e9phane , en CM1\/2 le lundi.<\/p>\n<p>Bienvenue \u00e0 Julia, Gabin, Ad\u00e9la\u00efde, Hugo, Elwan, Temoe, Marin , Th\u00e9o ! Et \u00e0 Lucie, Charlotte, Mylian pour leur entr\u00e9e en Petite Section&#8230;<\/p>\n<p>Le nouveau projet d&rsquo;ann\u00e9e a \u00e9t\u00e9 pr\u00e9sent\u00e9 aux enfants &#8230; et il leur a tout de suite plu puisque nous allons axer nos activit\u00e9s cette ann\u00e9e sur le <strong>JEU<\/strong>. Vous en saurez plus lors des r\u00e9unions de classe en ce d\u00e9but d&rsquo;ann\u00e9e ! Jeux sous toutes les formes&#8230; En classe, sur la cour de r\u00e9cr\u00e9ation ou pendant les activit\u00e9s physiques &#8230; D&rsquo;o\u00f9 l&rsquo;apprentissage de notre chant \u00a0\u00bb fil rouge\u00a0\u00bb de l&rsquo;ann\u00e9e : <a href=\"https:\/\/www.youtube.com\/watch?v=yvBOxAQNSDM&amp;list=RDyvBOxAQNSDM&amp;start_radio=1\"><em>Il faut qu&rsquo;on s&rsquo;bouge<\/em> des Enfantastiques<\/a> , que vous pouvez reprendre avec vos enfants , ils le connaissent d\u00e9j\u00e0 par coeur !<\/p>\n<p><img loading=\"lazy\" decoding=\"async\" class=\"alignnone size-medium wp-image-5841\" src=\"http:\/\/ecole-ste-anne-asserac.fr\/wp-content\/uploads\/2023\/09\/20230904_104621-300x225.jpg\" alt=\"\" width=\"300\" height=\"225\" srcset=\"https:\/\/ecole-ste-anne-asserac.fr\/wp-content\/uploads\/2023\/09\/20230904_104621-300x225.jpg 300w, https:\/\/ecole-ste-anne-asserac.fr\/wp-content\/uploads\/2023\/09\/20230904_104621-1024x768.jpg 1024w, https:\/\/ecole-ste-anne-asserac.fr\/wp-content\/uploads\/2023\/09\/20230904_104621-768x576.jpg 768w, https:\/\/ecole-ste-anne-asserac.fr\/wp-content\/uploads\/2023\/09\/20230904_104621-600x450.jpg 600w, https:\/\/ecole-ste-anne-asserac.fr\/wp-content\/uploads\/2023\/09\/20230904_104621-1536x1152.jpg 1536w, https:\/\/ecole-ste-anne-asserac.fr\/wp-content\/uploads\/2023\/09\/20230904_104621-2048x1536.jpg 2048w\" sizes=\"auto, (max-width: 300px) 100vw, 300px\" \/> <img loading=\"lazy\" decoding=\"async\" class=\"alignnone size-medium wp-image-5842\" src=\"http:\/\/ecole-ste-anne-asserac.fr\/wp-content\/uploads\/2023\/09\/20230904_104759-300x225.jpg\" alt=\"\" width=\"300\" height=\"225\" srcset=\"https:\/\/ecole-ste-anne-asserac.fr\/wp-content\/uploads\/2023\/09\/20230904_104759-300x225.jpg 300w, https:\/\/ecole-ste-anne-asserac.fr\/wp-content\/uploads\/2023\/09\/20230904_104759-1024x768.jpg 1024w, https:\/\/ecole-ste-anne-asserac.fr\/wp-content\/uploads\/2023\/09\/20230904_104759-768x576.jpg 768w, https:\/\/ecole-ste-anne-asserac.fr\/wp-content\/uploads\/2023\/09\/20230904_104759-600x450.jpg 600w, https:\/\/ecole-ste-anne-asserac.fr\/wp-content\/uploads\/2023\/09\/20230904_104759-1536x1152.jpg 1536w, https:\/\/ecole-ste-anne-asserac.fr\/wp-content\/uploads\/2023\/09\/20230904_104759-2048x1536.jpg 2048w\" sizes=\"auto, (max-width: 300px) 100vw, 300px\" \/> <img loading=\"lazy\" decoding=\"async\" class=\"alignnone size-medium wp-image-5840\" src=\"http:\/\/ecole-ste-anne-asserac.fr\/wp-content\/uploads\/2023\/09\/fete-de-la-rentree-300x252.jpg\" alt=\"\" width=\"300\" height=\"252\" srcset=\"https:\/\/ecole-ste-anne-asserac.fr\/wp-content\/uploads\/2023\/09\/fete-de-la-rentree-300x252.jpg 300w, https:\/\/ecole-ste-anne-asserac.fr\/wp-content\/uploads\/2023\/09\/fete-de-la-rentree-1024x861.jpg 1024w, https:\/\/ecole-ste-anne-asserac.fr\/wp-content\/uploads\/2023\/09\/fete-de-la-rentree-768x646.jpg 768w, https:\/\/ecole-ste-anne-asserac.fr\/wp-content\/uploads\/2023\/09\/fete-de-la-rentree-600x505.jpg 600w, https:\/\/ecole-ste-anne-asserac.fr\/wp-content\/uploads\/2023\/09\/fete-de-la-rentree-1536x1292.jpg 1536w, https:\/\/ecole-ste-anne-asserac.fr\/wp-content\/uploads\/2023\/09\/fete-de-la-rentree-2048x1722.jpg 2048w\" sizes=\"auto, (max-width: 300px) 100vw, 300px\" \/><\/p>\n<p style=\"text-align: center;\">Tous ont jou\u00e9 , dans\u00e9, chant\u00e9 , frapp\u00e9 des mains !<\/p>\n<p>V\u00e9ronique a ensuite remis \u00e0 chaque classe un anneau avec une premi\u00e8re mission \u00e0 remplir dans la journ\u00e9e : donner le nom d&rsquo;un sport qu&rsquo;on aimerait d\u00e9couvrir .<\/p>\n<p>En fin d&rsquo;apr\u00e8s-midi, nous nous sommes retrouv\u00e9s pour d\u00e9couvrir les envies des autres enfants ; apr\u00e8s les avoir lus, ils ont \u00e9t\u00e9 accroch\u00e9s au mur &#8230;.&nbsp;<\/p>\n<p>&nbsp;&nbsp;<img loading=\"lazy\" decoding=\"async\" class=\"alignnone size-medium wp-image-5845\" src=\"http:\/\/ecole-ste-anne-asserac.fr\/wp-content\/uploads\/2023\/09\/20230904_1610291-300x225.jpg\" alt=\"\" width=\"300\" height=\"225\" srcset=\"https:\/\/ecole-ste-anne-asserac.fr\/wp-content\/uploads\/2023\/09\/20230904_1610291-300x225.jpg 300w, https:\/\/ecole-ste-anne-asserac.fr\/wp-content\/uploads\/2023\/09\/20230904_1610291-1024x768.jpg 1024w, https:\/\/ecole-ste-anne-asserac.fr\/wp-content\/uploads\/2023\/09\/20230904_1610291-768x576.jpg 768w, https:\/\/ecole-ste-anne-asserac.fr\/wp-content\/uploads\/2023\/09\/20230904_1610291-600x450.jpg 600w, https:\/\/ecole-ste-anne-asserac.fr\/wp-content\/uploads\/2023\/09\/20230904_1610291-1536x1152.jpg 1536w, https:\/\/ecole-ste-anne-asserac.fr\/wp-content\/uploads\/2023\/09\/20230904_1610291-2048x1536.jpg 2048w\" sizes=\"auto, (max-width: 300px) 100vw, 300px\" \/>&nbsp;<img loading=\"lazy\" decoding=\"async\" class=\"alignnone size-medium wp-image-5844\" src=\"http:\/\/ecole-ste-anne-asserac.fr\/wp-content\/uploads\/2023\/09\/20230904_1613481-300x225.jpg\" alt=\"\" width=\"300\" height=\"225\" srcset=\"https:\/\/ecole-ste-anne-asserac.fr\/wp-content\/uploads\/2023\/09\/20230904_1613481-300x225.jpg 300w, https:\/\/ecole-ste-anne-asserac.fr\/wp-content\/uploads\/2023\/09\/20230904_1613481-1024x768.jpg 1024w, https:\/\/ecole-ste-anne-asserac.fr\/wp-content\/uploads\/2023\/09\/20230904_1613481-768x576.jpg 768w, https:\/\/ecole-ste-anne-asserac.fr\/wp-content\/uploads\/2023\/09\/20230904_1613481-600x450.jpg 600w, https:\/\/ecole-ste-anne-asserac.fr\/wp-content\/uploads\/2023\/09\/20230904_1613481-1536x1152.jpg 1536w, https:\/\/ecole-ste-anne-asserac.fr\/wp-content\/uploads\/2023\/09\/20230904_1613481-2048x1536.jpg 2048w\" sizes=\"auto, (max-width: 300px) 100vw, 300px\" \/>&nbsp;<a href=\"http:\/\/ecole-ste-anne-asserac.fr\/wp-content\/uploads\/2023\/09\/20230904_1621221-scaled.jpg\"><img loading=\"lazy\" decoding=\"async\" class=\"alignnone size-medium wp-image-5843\" src=\"http:\/\/ecole-ste-anne-asserac.fr\/wp-content\/uploads\/2023\/09\/20230904_1621221-300x225.jpg\" alt=\"\" width=\"300\" height=\"225\" srcset=\"https:\/\/ecole-ste-anne-asserac.fr\/wp-content\/uploads\/2023\/09\/20230904_1621221-300x225.jpg 300w, https:\/\/ecole-ste-anne-asserac.fr\/wp-content\/uploads\/2023\/09\/20230904_1621221-1024x768.jpg 1024w, https:\/\/ecole-ste-anne-asserac.fr\/wp-content\/uploads\/2023\/09\/20230904_1621221-768x576.jpg 768w, https:\/\/ecole-ste-anne-asserac.fr\/wp-content\/uploads\/2023\/09\/20230904_1621221-600x450.jpg 600w, https:\/\/ecole-ste-anne-asserac.fr\/wp-content\/uploads\/2023\/09\/20230904_1621221-1536x1152.jpg 1536w, https:\/\/ecole-ste-anne-asserac.fr\/wp-content\/uploads\/2023\/09\/20230904_1621221-2048x1536.jpg 2048w\" sizes=\"auto, (max-width: 300px) 100vw, 300px\" \/><\/a><\/p>\n<p>Le r\u00e9sultat a tout de suite donn\u00e9 des id\u00e9es sur quoi nous allions travailler aussi &#8230;.<\/p>\n<p>En effet , nous avons aussi d\u00e9clar\u00e9 \u00ab\u00a0ouverte\u00a0\u00bb l&rsquo;ann\u00e9e olympique \u00e0 l&rsquo;\u00e9cole Sainte Anne, en lien avec l&rsquo;UGSEL et le Projet de l&rsquo;enseignement catholique 44 de cette ann\u00e9e. Au fil des mois, des d\u00e9fis seront lanc\u00e9s aux enfants, des rencontres sportives en CLE, des propositions o\u00f9 vous pourrez participer vous aussi &#8230;. Plein de surprises pour le moment !<\/p>\n<p style=\"text-align: center;\">&nbsp;<\/p>\n","protected":false},"excerpt":{"rendered":"<p>Lundi 4 septembre, nous avons fait la f\u00eate ! En effet, le jour de la rentr\u00e9e est toujours un jour de f\u00eate pour les enfants qui sont heureux de se retrouver , heureux de faire des choses ensemble. C&rsquo;est aussi l&rsquo;occasion de faire les pr\u00e9sentations : de nouvelles t\u00eates parmi les enfants, mais aussi parmi<\/p>\n<p><a href=\"https:\/\/ecole-ste-anne-asserac.fr\/?p=5838\" class=\"more-link themebutton\">Lire la suite<\/a><\/p>\n","protected":false},"author":3,"featured_media":5839,"comment_status":"closed","ping_status":"closed","sticky":false,"template":"","format":"standard","meta":{"ngg_post_thumbnail":0,"footnotes":""},"categories":[11,7,8,6],"tags":[],"class_list":["post-5838","post","type-post","status-publish","format-standard","has-post-thumbnail","hentry","category-actualite","category-classe-de-ce2-cm1","category-classe-de-cm1-cm2","category-classe-de-cp-ce1"],"_links":{"self":[{"href":"https:\/\/ecole-ste-anne-asserac.fr\/index.php?rest_route=\/wp\/v2\/posts\/5838","targetHints":{"allow":["GET"]}}],"collection":[{"href":"https:\/\/ecole-ste-anne-asserac.fr\/index.php?rest_route=\/wp\/v2\/posts"}],"about":[{"href":"https:\/\/ecole-ste-anne-asserac.fr\/index.php?rest_route=\/wp\/v2\/types\/post"}],"author":[{"embeddable":true,"href":"https:\/\/ecole-ste-anne-asserac.fr\/index.php?rest_route=\/wp\/v2\/users\/3"}],"replies":[{"embeddable":true,"href":"https:\/\/ecole-ste-anne-asserac.fr\/index.php?rest_route=%2Fwp%2Fv2%2Fcomments&post=5838"}],"version-history":[{"count":4,"href":"https:\/\/ecole-ste-anne-asserac.fr\/index.php?rest_route=\/wp\/v2\/posts\/5838\/revisions"}],"predecessor-version":[{"id":5850,"href":"https:\/\/ecole-ste-anne-asserac.fr\/index.php?rest_route=\/wp\/v2\/posts\/5838\/revisions\/5850"}],"wp:featuredmedia":[{"embeddable":true,"href":"https:\/\/ecole-ste-anne-asserac.fr\/index.php?rest_route=\/wp\/v2\/media\/5839"}],"wp:attachment":[{"href":"https:\/\/ecole-ste-anne-asserac.fr\/index.php?rest_route=%2Fwp%2Fv2%2Fmedia&parent=5838"}],"wp:term":[{"taxonomy":"category","embeddable":true,"href":"https:\/\/ecole-ste-anne-asserac.fr\/index.php?rest_route=%2Fwp%2Fv2%2Fcategories&post=5838"},{"taxonomy":"post_tag","embeddable":true,"href":"https:\/\/ecole-ste-anne-asserac.fr\/index.php?rest_route=%2Fwp%2Fv2%2Ftags&post=5838"}],"curies":[{"name":"wp","href":"https:\/\/api.w.org\/{rel}","templated":true}]}}