{"id":5931,"date":"2023-10-07T16:22:10","date_gmt":"2023-10-07T14:22:10","guid":{"rendered":"https:\/\/ecole-ste-anne-asserac.fr\/?p=5931"},"modified":"2023-10-07T16:24:10","modified_gmt":"2023-10-07T14:24:10","slug":"premier-defi-olympique-pour-les-enfants","status":"publish","type":"post","link":"https:\/\/ecole-ste-anne-asserac.fr\/?p=5931","title":{"rendered":"Premier \u00ab\u00a0D\u00e9fi Olympique\u00a0\u00bb pour les enfants"},"content":{"rendered":"<p><img loading=\"lazy\" decoding=\"async\" class=\"size-medium wp-image-5932 aligncenter\" src=\"http:\/\/ecole-ste-anne-asserac.fr\/wp-content\/uploads\/2023\/10\/Capture-decran-2023-10-04-131454-300x147.png\" alt=\"\" width=\"300\" height=\"147\" srcset=\"https:\/\/ecole-ste-anne-asserac.fr\/wp-content\/uploads\/2023\/10\/Capture-decran-2023-10-04-131454-300x147.png 300w, https:\/\/ecole-ste-anne-asserac.fr\/wp-content\/uploads\/2023\/10\/Capture-decran-2023-10-04-131454-1024x500.png 1024w, https:\/\/ecole-ste-anne-asserac.fr\/wp-content\/uploads\/2023\/10\/Capture-decran-2023-10-04-131454-768x375.png 768w, https:\/\/ecole-ste-anne-asserac.fr\/wp-content\/uploads\/2023\/10\/Capture-decran-2023-10-04-131454-600x293.png 600w, https:\/\/ecole-ste-anne-asserac.fr\/wp-content\/uploads\/2023\/10\/Capture-decran-2023-10-04-131454.png 1189w\" sizes=\"auto, (max-width: 300px) 100vw, 300px\" \/><\/p>\n<p>Le premier d\u00e9fi \u00e0 relever pour les enfants s&rsquo;est d\u00e9roul\u00e9 sur plusieurs journ\u00e9es, en fonction des \u00e2ges des \u00e9l\u00e8ves.<\/p>\n<p><strong>Lundi 2 Octobre<\/strong>&nbsp;<\/p>\n<p>1 &#8211; C&rsquo;est \u00e0 l&rsquo;\u00e9tang du Pr\u00e9 Grasseur d&rsquo;Herbignac que se sont r\u00e9unis les CM1 et CM2, avec tous les copains de la CLE des Marais. Ils ont \u00e9t\u00e9 rejoints par les plus grands : les 6\u00e8mes et 5\u00e8mes du coll\u00e8ge St Joseph.<\/p>\n<p>Les CM1 se sont \u00e9lanc\u00e9s les premiers, filles et gar\u00e7ons \u00e9taient pr\u00eats \u00e0 en d\u00e9coudre !<\/p>\n<p><img loading=\"lazy\" decoding=\"async\" class=\"alignnone size-medium wp-image-5934\" src=\"http:\/\/ecole-ste-anne-asserac.fr\/wp-content\/uploads\/2023\/10\/IMG_7444-300x225.jpg\" alt=\"\" width=\"300\" height=\"225\" srcset=\"https:\/\/ecole-ste-anne-asserac.fr\/wp-content\/uploads\/2023\/10\/IMG_7444-300x225.jpg 300w, https:\/\/ecole-ste-anne-asserac.fr\/wp-content\/uploads\/2023\/10\/IMG_7444-1024x768.jpg 1024w, https:\/\/ecole-ste-anne-asserac.fr\/wp-content\/uploads\/2023\/10\/IMG_7444-768x576.jpg 768w, https:\/\/ecole-ste-anne-asserac.fr\/wp-content\/uploads\/2023\/10\/IMG_7444-600x450.jpg 600w, https:\/\/ecole-ste-anne-asserac.fr\/wp-content\/uploads\/2023\/10\/IMG_7444-1536x1152.jpg 1536w, https:\/\/ecole-ste-anne-asserac.fr\/wp-content\/uploads\/2023\/10\/IMG_7444-2048x1536.jpg 2048w\" sizes=\"auto, (max-width: 300px) 100vw, 300px\" \/><\/p>\n<p>3, 2, 1 &#8230;. C&rsquo;est parti ! Sous les encouragements de tous&#8230;<\/p>\n<p>&nbsp;<img loading=\"lazy\" decoding=\"async\" class=\"alignnone size-medium wp-image-5935\" src=\"http:\/\/ecole-ste-anne-asserac.fr\/wp-content\/uploads\/2023\/10\/IMG_7445-300x225.jpg\" alt=\"\" width=\"300\" height=\"225\" srcset=\"https:\/\/ecole-ste-anne-asserac.fr\/wp-content\/uploads\/2023\/10\/IMG_7445-300x225.jpg 300w, https:\/\/ecole-ste-anne-asserac.fr\/wp-content\/uploads\/2023\/10\/IMG_7445-1024x768.jpg 1024w, https:\/\/ecole-ste-anne-asserac.fr\/wp-content\/uploads\/2023\/10\/IMG_7445-768x576.jpg 768w, https:\/\/ecole-ste-anne-asserac.fr\/wp-content\/uploads\/2023\/10\/IMG_7445-600x450.jpg 600w, https:\/\/ecole-ste-anne-asserac.fr\/wp-content\/uploads\/2023\/10\/IMG_7445-1536x1152.jpg 1536w, https:\/\/ecole-ste-anne-asserac.fr\/wp-content\/uploads\/2023\/10\/IMG_7445-2048x1536.jpg 2048w\" sizes=\"auto, (max-width: 300px) 100vw, 300px\" \/><\/p>\n<div style=\"width: 1170px;\" class=\"wp-video\"><!--[if lt IE 9]><script>document.createElement('video');<\/script><![endif]-->\n<video class=\"wp-video-shortcode\" id=\"video-5931-1\" width=\"1170\" height=\"658\" preload=\"metadata\" controls=\"controls\"><source type=\"video\/mp4\" src=\"http:\/\/ecole-ste-anne-asserac.fr\/wp-content\/uploads\/2023\/10\/20231002_131356.mp4?_=1\" \/><a href=\"http:\/\/ecole-ste-anne-asserac.fr\/wp-content\/uploads\/2023\/10\/20231002_131356.mp4\">http:\/\/ecole-ste-anne-asserac.fr\/wp-content\/uploads\/2023\/10\/20231002_131356.mp4<\/a><\/video><\/div>\n<p>Pas de m\u00e9daill\u00e9s pour l&rsquo;\u00e9cole Sainte Anne , mais des enfants fiers d&rsquo;avoir r\u00e9ussi leur d\u00e9fi :<\/p>\n<p><a href=\"http:\/\/ecole-ste-anne-asserac.fr\/wp-content\/uploads\/2023\/10\/GROUPE-DES-CM1-margaux-floutee-scaled.jpg\"><img loading=\"lazy\" decoding=\"async\" class=\"alignnone size-medium wp-image-5933\" src=\"http:\/\/ecole-ste-anne-asserac.fr\/wp-content\/uploads\/2023\/10\/GROUPE-DES-CM1-margaux-floutee-300x225.jpg\" alt=\"\" width=\"300\" height=\"225\" srcset=\"https:\/\/ecole-ste-anne-asserac.fr\/wp-content\/uploads\/2023\/10\/GROUPE-DES-CM1-margaux-floutee-300x225.jpg 300w, https:\/\/ecole-ste-anne-asserac.fr\/wp-content\/uploads\/2023\/10\/GROUPE-DES-CM1-margaux-floutee-1024x768.jpg 1024w, https:\/\/ecole-ste-anne-asserac.fr\/wp-content\/uploads\/2023\/10\/GROUPE-DES-CM1-margaux-floutee-768x576.jpg 768w, https:\/\/ecole-ste-anne-asserac.fr\/wp-content\/uploads\/2023\/10\/GROUPE-DES-CM1-margaux-floutee-600x450.jpg 600w, https:\/\/ecole-ste-anne-asserac.fr\/wp-content\/uploads\/2023\/10\/GROUPE-DES-CM1-margaux-floutee-1536x1152.jpg 1536w, https:\/\/ecole-ste-anne-asserac.fr\/wp-content\/uploads\/2023\/10\/GROUPE-DES-CM1-margaux-floutee-2048x1536.jpg 2048w\" sizes=\"auto, (max-width: 300px) 100vw, 300px\" \/><\/a><\/p>\n<p>Toujours sous le soleil, les CM2 se sont pr\u00e9par\u00e9s \u00e0 leur tour :<\/p>\n<p><a href=\"http:\/\/ecole-ste-anne-asserac.fr\/wp-content\/uploads\/2023\/10\/GROUPE-DES-CM2-scaled.jpg\"><img loading=\"lazy\" decoding=\"async\" class=\"alignnone size-medium wp-image-6005\" src=\"http:\/\/ecole-ste-anne-asserac.fr\/wp-content\/uploads\/2023\/10\/GROUPE-DES-CM2-300x225.jpg\" alt=\"\" width=\"300\" height=\"225\" srcset=\"https:\/\/ecole-ste-anne-asserac.fr\/wp-content\/uploads\/2023\/10\/GROUPE-DES-CM2-300x225.jpg 300w, https:\/\/ecole-ste-anne-asserac.fr\/wp-content\/uploads\/2023\/10\/GROUPE-DES-CM2-1024x768.jpg 1024w, https:\/\/ecole-ste-anne-asserac.fr\/wp-content\/uploads\/2023\/10\/GROUPE-DES-CM2-768x576.jpg 768w, https:\/\/ecole-ste-anne-asserac.fr\/wp-content\/uploads\/2023\/10\/GROUPE-DES-CM2-600x450.jpg 600w, https:\/\/ecole-ste-anne-asserac.fr\/wp-content\/uploads\/2023\/10\/GROUPE-DES-CM2-1536x1152.jpg 1536w, https:\/\/ecole-ste-anne-asserac.fr\/wp-content\/uploads\/2023\/10\/GROUPE-DES-CM2-2048x1536.jpg 2048w\" sizes=\"auto, (max-width: 300px) 100vw, 300px\" \/><\/a><\/p>\n<div style=\"width: 1170px;\" class=\"wp-video\"><video class=\"wp-video-shortcode\" id=\"video-5931-2\" width=\"1170\" height=\"658\" preload=\"metadata\" controls=\"controls\"><source type=\"video\/mp4\" src=\"http:\/\/ecole-ste-anne-asserac.fr\/wp-content\/uploads\/2023\/10\/20231002_131356-1.mp4?_=2\" \/><a href=\"http:\/\/ecole-ste-anne-asserac.fr\/wp-content\/uploads\/2023\/10\/20231002_131356-1.mp4\">http:\/\/ecole-ste-anne-asserac.fr\/wp-content\/uploads\/2023\/10\/20231002_131356-1.mp4<\/a><\/video><\/div>\n<p>Un tour d&rsquo;\u00e9tang plus tard, c&rsquo;est d\u00e9j\u00e0 l&rsquo;arriv\u00e9e sous les \u00ab\u00a0vivas de la foule\u00a0\u00bb :<\/p>\n<p><a href=\"http:\/\/ecole-ste-anne-asserac.fr\/wp-content\/uploads\/2023\/10\/20231002_131641-scaled.jpg\"><img loading=\"lazy\" decoding=\"async\" class=\"alignnone size-medium wp-image-6007\" src=\"http:\/\/ecole-ste-anne-asserac.fr\/wp-content\/uploads\/2023\/10\/20231002_131641-300x225.jpg\" alt=\"\" width=\"300\" height=\"225\" srcset=\"https:\/\/ecole-ste-anne-asserac.fr\/wp-content\/uploads\/2023\/10\/20231002_131641-300x225.jpg 300w, https:\/\/ecole-ste-anne-asserac.fr\/wp-content\/uploads\/2023\/10\/20231002_131641-1024x768.jpg 1024w, https:\/\/ecole-ste-anne-asserac.fr\/wp-content\/uploads\/2023\/10\/20231002_131641-768x576.jpg 768w, https:\/\/ecole-ste-anne-asserac.fr\/wp-content\/uploads\/2023\/10\/20231002_131641-600x450.jpg 600w, https:\/\/ecole-ste-anne-asserac.fr\/wp-content\/uploads\/2023\/10\/20231002_131641-1536x1152.jpg 1536w, https:\/\/ecole-ste-anne-asserac.fr\/wp-content\/uploads\/2023\/10\/20231002_131641-2048x1536.jpg 2048w\" sizes=\"auto, (max-width: 300px) 100vw, 300px\" \/><\/a><\/p>\n<div style=\"width: 1170px;\" class=\"wp-video\"><video class=\"wp-video-shortcode\" id=\"video-5931-3\" width=\"1170\" height=\"658\" preload=\"metadata\" controls=\"controls\"><source type=\"video\/mp4\" src=\"http:\/\/ecole-ste-anne-asserac.fr\/wp-content\/uploads\/2023\/10\/20231002_131649.mp4?_=3\" \/><a href=\"http:\/\/ecole-ste-anne-asserac.fr\/wp-content\/uploads\/2023\/10\/20231002_131649.mp4\">http:\/\/ecole-ste-anne-asserac.fr\/wp-content\/uploads\/2023\/10\/20231002_131649.mp4<\/a><\/video><\/div>\n<p>Une&nbsp;haie d&rsquo;honneur, puis la remise des m\u00e9dailles sur le podium :<\/p>\n<p>&nbsp;<\/p>\n<p>&nbsp; <a href=\"http:\/\/ecole-ste-anne-asserac.fr\/wp-content\/uploads\/2023\/10\/IMG_7446-scaled.jpg\"><img loading=\"lazy\" decoding=\"async\" class=\"alignnone size-medium wp-image-6010\" src=\"http:\/\/ecole-ste-anne-asserac.fr\/wp-content\/uploads\/2023\/10\/IMG_7446-225x300.jpg\" alt=\"\" width=\"225\" height=\"300\" srcset=\"https:\/\/ecole-ste-anne-asserac.fr\/wp-content\/uploads\/2023\/10\/IMG_7446-225x300.jpg 225w, https:\/\/ecole-ste-anne-asserac.fr\/wp-content\/uploads\/2023\/10\/IMG_7446-768x1024.jpg 768w, https:\/\/ecole-ste-anne-asserac.fr\/wp-content\/uploads\/2023\/10\/IMG_7446-600x800.jpg 600w, https:\/\/ecole-ste-anne-asserac.fr\/wp-content\/uploads\/2023\/10\/IMG_7446-1152x1536.jpg 1152w, https:\/\/ecole-ste-anne-asserac.fr\/wp-content\/uploads\/2023\/10\/IMG_7446-1536x2048.jpg 1536w, https:\/\/ecole-ste-anne-asserac.fr\/wp-content\/uploads\/2023\/10\/IMG_7446-scaled.jpg 1920w\" sizes=\"auto, (max-width: 225px) 100vw, 225px\" \/><\/a>&nbsp; &nbsp; &nbsp;<img loading=\"lazy\" decoding=\"async\" class=\"alignnone size-medium wp-image-6016\" src=\"http:\/\/ecole-ste-anne-asserac.fr\/wp-content\/uploads\/2023\/10\/20231002_153304-300x225.jpg\" alt=\"\" width=\"300\" height=\"225\" srcset=\"https:\/\/ecole-ste-anne-asserac.fr\/wp-content\/uploads\/2023\/10\/20231002_153304-300x225.jpg 300w, https:\/\/ecole-ste-anne-asserac.fr\/wp-content\/uploads\/2023\/10\/20231002_153304-1024x768.jpg 1024w, https:\/\/ecole-ste-anne-asserac.fr\/wp-content\/uploads\/2023\/10\/20231002_153304-768x576.jpg 768w, https:\/\/ecole-ste-anne-asserac.fr\/wp-content\/uploads\/2023\/10\/20231002_153304-600x450.jpg 600w, https:\/\/ecole-ste-anne-asserac.fr\/wp-content\/uploads\/2023\/10\/20231002_153304-1536x1152.jpg 1536w, https:\/\/ecole-ste-anne-asserac.fr\/wp-content\/uploads\/2023\/10\/20231002_153304-2048x1536.jpg 2048w\" sizes=\"auto, (max-width: 300px) 100vw, 300px\" \/> <img loading=\"lazy\" decoding=\"async\" class=\"alignnone size-medium wp-image-6015\" src=\"http:\/\/ecole-ste-anne-asserac.fr\/wp-content\/uploads\/2023\/10\/20231002_1532121-300x225.jpg\" alt=\"\" width=\"300\" height=\"225\" srcset=\"https:\/\/ecole-ste-anne-asserac.fr\/wp-content\/uploads\/2023\/10\/20231002_1532121-300x225.jpg 300w, https:\/\/ecole-ste-anne-asserac.fr\/wp-content\/uploads\/2023\/10\/20231002_1532121-1024x768.jpg 1024w, https:\/\/ecole-ste-anne-asserac.fr\/wp-content\/uploads\/2023\/10\/20231002_1532121-768x576.jpg 768w, https:\/\/ecole-ste-anne-asserac.fr\/wp-content\/uploads\/2023\/10\/20231002_1532121-600x450.jpg 600w, https:\/\/ecole-ste-anne-asserac.fr\/wp-content\/uploads\/2023\/10\/20231002_1532121-1536x1152.jpg 1536w, https:\/\/ecole-ste-anne-asserac.fr\/wp-content\/uploads\/2023\/10\/20231002_1532121-2048x1536.jpg 2048w\" sizes=\"auto, (max-width: 300px) 100vw, 300px\" \/>&nbsp;<\/p>\n<p>Une fois les r\u00e9sultats de tous les participants d\u00e9pouill\u00e9s, il y a eu la remise de la coupe r\u00e9compensant l&rsquo;\u00e9quipe de la Norv\u00e8ge, pour le total de points, tous niveaux confondus ( du CM1 \u00e0 la 5\u00e8me), et toutes \u00e9coles confondues :<\/p>\n<p><a href=\"http:\/\/ecole-ste-anne-asserac.fr\/wp-content\/uploads\/2023\/10\/IMG_7466-scaled.jpg\"><img loading=\"lazy\" decoding=\"async\" class=\"alignnone size-medium wp-image-6012\" src=\"http:\/\/ecole-ste-anne-asserac.fr\/wp-content\/uploads\/2023\/10\/IMG_7466-300x225.jpg\" alt=\"\" width=\"300\" height=\"225\" srcset=\"https:\/\/ecole-ste-anne-asserac.fr\/wp-content\/uploads\/2023\/10\/IMG_7466-300x225.jpg 300w, https:\/\/ecole-ste-anne-asserac.fr\/wp-content\/uploads\/2023\/10\/IMG_7466-1024x768.jpg 1024w, https:\/\/ecole-ste-anne-asserac.fr\/wp-content\/uploads\/2023\/10\/IMG_7466-768x576.jpg 768w, https:\/\/ecole-ste-anne-asserac.fr\/wp-content\/uploads\/2023\/10\/IMG_7466-600x450.jpg 600w, https:\/\/ecole-ste-anne-asserac.fr\/wp-content\/uploads\/2023\/10\/IMG_7466-1536x1152.jpg 1536w, https:\/\/ecole-ste-anne-asserac.fr\/wp-content\/uploads\/2023\/10\/IMG_7466-2048x1536.jpg 2048w\" sizes=\"auto, (max-width: 300px) 100vw, 300px\" \/><\/a> &nbsp;<img loading=\"lazy\" decoding=\"async\" class=\"alignnone size-medium wp-image-6009\" src=\"http:\/\/ecole-ste-anne-asserac.fr\/wp-content\/uploads\/2023\/10\/20231002_154957-298x300.jpg\" alt=\"\" width=\"298\" height=\"300\" srcset=\"https:\/\/ecole-ste-anne-asserac.fr\/wp-content\/uploads\/2023\/10\/20231002_154957-298x300.jpg 298w, https:\/\/ecole-ste-anne-asserac.fr\/wp-content\/uploads\/2023\/10\/20231002_154957-1016x1024.jpg 1016w, https:\/\/ecole-ste-anne-asserac.fr\/wp-content\/uploads\/2023\/10\/20231002_154957-150x150.jpg 150w, https:\/\/ecole-ste-anne-asserac.fr\/wp-content\/uploads\/2023\/10\/20231002_154957-768x774.jpg 768w, https:\/\/ecole-ste-anne-asserac.fr\/wp-content\/uploads\/2023\/10\/20231002_154957-600x605.jpg 600w, https:\/\/ecole-ste-anne-asserac.fr\/wp-content\/uploads\/2023\/10\/20231002_154957-1523x1536.jpg 1523w, https:\/\/ecole-ste-anne-asserac.fr\/wp-content\/uploads\/2023\/10\/20231002_154957-2031x2048.jpg 2031w\" sizes=\"auto, (max-width: 298px) 100vw, 298px\" \/><\/p>\n<p>Une fois \u00e0 l&rsquo;\u00e9cole,&nbsp; tous les CM1-CM2 ont \u00e9t\u00e9 r\u00e9compens\u00e9s par la remise d&rsquo;un dipl\u00f4me :<\/p>\n<p><img loading=\"lazy\" decoding=\"async\" class=\"alignnone size-medium wp-image-6013\" src=\"http:\/\/ecole-ste-anne-asserac.fr\/wp-content\/uploads\/2023\/10\/IMG_7485-300x225.jpg\" alt=\"\" width=\"300\" height=\"225\" srcset=\"https:\/\/ecole-ste-anne-asserac.fr\/wp-content\/uploads\/2023\/10\/IMG_7485-300x225.jpg 300w, https:\/\/ecole-ste-anne-asserac.fr\/wp-content\/uploads\/2023\/10\/IMG_7485-1024x768.jpg 1024w, https:\/\/ecole-ste-anne-asserac.fr\/wp-content\/uploads\/2023\/10\/IMG_7485-768x576.jpg 768w, https:\/\/ecole-ste-anne-asserac.fr\/wp-content\/uploads\/2023\/10\/IMG_7485-600x450.jpg 600w, https:\/\/ecole-ste-anne-asserac.fr\/wp-content\/uploads\/2023\/10\/IMG_7485-1536x1152.jpg 1536w, https:\/\/ecole-ste-anne-asserac.fr\/wp-content\/uploads\/2023\/10\/IMG_7485-2048x1536.jpg 2048w\" sizes=\"auto, (max-width: 300px) 100vw, 300px\" \/> <a href=\"http:\/\/ecole-ste-anne-asserac.fr\/wp-content\/uploads\/2023\/10\/IMG_7486-scaled.jpg\"><img loading=\"lazy\" decoding=\"async\" class=\"alignnone size-medium wp-image-6014\" src=\"http:\/\/ecole-ste-anne-asserac.fr\/wp-content\/uploads\/2023\/10\/IMG_7486-300x225.jpg\" alt=\"\" width=\"300\" height=\"225\" srcset=\"https:\/\/ecole-ste-anne-asserac.fr\/wp-content\/uploads\/2023\/10\/IMG_7486-300x225.jpg 300w, https:\/\/ecole-ste-anne-asserac.fr\/wp-content\/uploads\/2023\/10\/IMG_7486-1024x768.jpg 1024w, https:\/\/ecole-ste-anne-asserac.fr\/wp-content\/uploads\/2023\/10\/IMG_7486-768x576.jpg 768w, https:\/\/ecole-ste-anne-asserac.fr\/wp-content\/uploads\/2023\/10\/IMG_7486-600x450.jpg 600w, https:\/\/ecole-ste-anne-asserac.fr\/wp-content\/uploads\/2023\/10\/IMG_7486-1536x1152.jpg 1536w, https:\/\/ecole-ste-anne-asserac.fr\/wp-content\/uploads\/2023\/10\/IMG_7486-2048x1536.jpg 2048w\" sizes=\"auto, (max-width: 300px) 100vw, 300px\" \/><\/a>&nbsp;<\/p>\n<p>Bravo \u00e0 Gautier pour sa m\u00e9daille d&rsquo;argent,&nbsp; \u00e0 L\u00e9na et Kriston pour leurs m\u00e9dailles de bronze.<\/p>\n<p>&nbsp;<\/p>\n<p>2 &#8211; Les \u00e9l\u00e8ves de CE2 se sont , quant \u00e0 eux,&nbsp; mesur\u00e9s entre eux autour de l&rsquo;\u00e9tang d&rsquo;Ass\u00e9rac. Une course pour les filles, une autre pour les gar\u00e7ons. Tous sont motiv\u00e9s sur la ligne de d\u00e9part !<\/p>\n<p><img loading=\"lazy\" decoding=\"async\" class=\"alignnone size-medium wp-image-5941\" src=\"http:\/\/ecole-ste-anne-asserac.fr\/wp-content\/uploads\/2023\/10\/IMG_20231002_141929-300x225.jpg\" alt=\"\" width=\"300\" height=\"225\" srcset=\"https:\/\/ecole-ste-anne-asserac.fr\/wp-content\/uploads\/2023\/10\/IMG_20231002_141929-300x225.jpg 300w, https:\/\/ecole-ste-anne-asserac.fr\/wp-content\/uploads\/2023\/10\/IMG_20231002_141929-1024x768.jpg 1024w, https:\/\/ecole-ste-anne-asserac.fr\/wp-content\/uploads\/2023\/10\/IMG_20231002_141929-768x576.jpg 768w, https:\/\/ecole-ste-anne-asserac.fr\/wp-content\/uploads\/2023\/10\/IMG_20231002_141929-600x450.jpg 600w, https:\/\/ecole-ste-anne-asserac.fr\/wp-content\/uploads\/2023\/10\/IMG_20231002_141929-1536x1152.jpg 1536w, https:\/\/ecole-ste-anne-asserac.fr\/wp-content\/uploads\/2023\/10\/IMG_20231002_141929-2048x1536.jpg 2048w\" sizes=\"auto, (max-width: 300px) 100vw, 300px\" \/>&nbsp; <a href=\"http:\/\/ecole-ste-anne-asserac.fr\/wp-content\/uploads\/2023\/10\/IMG_20231002_142343-scaled.jpg\"><img loading=\"lazy\" decoding=\"async\" class=\"alignnone size-medium wp-image-5954\" src=\"http:\/\/ecole-ste-anne-asserac.fr\/wp-content\/uploads\/2023\/10\/IMG_20231002_142343-300x225.jpg\" alt=\"\" width=\"300\" height=\"225\" srcset=\"https:\/\/ecole-ste-anne-asserac.fr\/wp-content\/uploads\/2023\/10\/IMG_20231002_142343-300x225.jpg 300w, https:\/\/ecole-ste-anne-asserac.fr\/wp-content\/uploads\/2023\/10\/IMG_20231002_142343-1024x768.jpg 1024w, https:\/\/ecole-ste-anne-asserac.fr\/wp-content\/uploads\/2023\/10\/IMG_20231002_142343-768x576.jpg 768w, https:\/\/ecole-ste-anne-asserac.fr\/wp-content\/uploads\/2023\/10\/IMG_20231002_142343-600x450.jpg 600w, https:\/\/ecole-ste-anne-asserac.fr\/wp-content\/uploads\/2023\/10\/IMG_20231002_142343-1536x1152.jpg 1536w, https:\/\/ecole-ste-anne-asserac.fr\/wp-content\/uploads\/2023\/10\/IMG_20231002_142343-2048x1536.jpg 2048w\" sizes=\"auto, (max-width: 300px) 100vw, 300px\" \/><\/a><\/p>\n<p>Les enfants de CP et CE1 les ont accompagn\u00e9s pour les soutenir et les motiver comme il se doit avec des encouragements chaleureux!!!<a href=\"http:\/\/ecole-ste-anne-asserac.fr\/wp-content\/uploads\/2023\/10\/2BADC214-41E0-424D-8FF3-F4E17C4FB7D8-scaled.jpg\"><img loading=\"lazy\" decoding=\"async\" class=\"alignnone size-medium wp-image-5967\" src=\"http:\/\/ecole-ste-anne-asserac.fr\/wp-content\/uploads\/2023\/10\/2BADC214-41E0-424D-8FF3-F4E17C4FB7D8-300x225.jpg\" alt=\"\" width=\"300\" height=\"225\" srcset=\"https:\/\/ecole-ste-anne-asserac.fr\/wp-content\/uploads\/2023\/10\/2BADC214-41E0-424D-8FF3-F4E17C4FB7D8-300x225.jpg 300w, https:\/\/ecole-ste-anne-asserac.fr\/wp-content\/uploads\/2023\/10\/2BADC214-41E0-424D-8FF3-F4E17C4FB7D8-1024x768.jpg 1024w, https:\/\/ecole-ste-anne-asserac.fr\/wp-content\/uploads\/2023\/10\/2BADC214-41E0-424D-8FF3-F4E17C4FB7D8-768x576.jpg 768w, https:\/\/ecole-ste-anne-asserac.fr\/wp-content\/uploads\/2023\/10\/2BADC214-41E0-424D-8FF3-F4E17C4FB7D8-600x450.jpg 600w, https:\/\/ecole-ste-anne-asserac.fr\/wp-content\/uploads\/2023\/10\/2BADC214-41E0-424D-8FF3-F4E17C4FB7D8-1536x1152.jpg 1536w, https:\/\/ecole-ste-anne-asserac.fr\/wp-content\/uploads\/2023\/10\/2BADC214-41E0-424D-8FF3-F4E17C4FB7D8-2048x1536.jpg 2048w\" sizes=\"auto, (max-width: 300px) 100vw, 300px\" \/><\/a><\/p>\n<p>Cette fois, les m\u00e9daill\u00e9s sont nombreux \ud83d\ude42 et fiers d&rsquo;avoir r\u00e9ussi&nbsp; :<\/p>\n<p><a href=\"http:\/\/ecole-ste-anne-asserac.fr\/wp-content\/uploads\/2023\/10\/53DB17C3-4374-4207-8297-BB3ED7E9B56A1.jpeg\"><img loading=\"lazy\" decoding=\"async\" class=\"alignnone size-medium wp-image-5974\" src=\"http:\/\/ecole-ste-anne-asserac.fr\/wp-content\/uploads\/2023\/10\/53DB17C3-4374-4207-8297-BB3ED7E9B56A1-300x169.jpeg\" alt=\"\" width=\"300\" height=\"169\" srcset=\"https:\/\/ecole-ste-anne-asserac.fr\/wp-content\/uploads\/2023\/10\/53DB17C3-4374-4207-8297-BB3ED7E9B56A1-300x169.jpeg 300w, https:\/\/ecole-ste-anne-asserac.fr\/wp-content\/uploads\/2023\/10\/53DB17C3-4374-4207-8297-BB3ED7E9B56A1-1024x577.jpeg 1024w, https:\/\/ecole-ste-anne-asserac.fr\/wp-content\/uploads\/2023\/10\/53DB17C3-4374-4207-8297-BB3ED7E9B56A1-768x432.jpeg 768w, https:\/\/ecole-ste-anne-asserac.fr\/wp-content\/uploads\/2023\/10\/53DB17C3-4374-4207-8297-BB3ED7E9B56A1-600x338.jpeg 600w, https:\/\/ecole-ste-anne-asserac.fr\/wp-content\/uploads\/2023\/10\/53DB17C3-4374-4207-8297-BB3ED7E9B56A1-1536x865.jpeg 1536w, https:\/\/ecole-ste-anne-asserac.fr\/wp-content\/uploads\/2023\/10\/53DB17C3-4374-4207-8297-BB3ED7E9B56A1.jpeg 1600w\" sizes=\"auto, (max-width: 300px) 100vw, 300px\" \/><\/a>&nbsp; <img loading=\"lazy\" decoding=\"async\" class=\"alignnone size-medium wp-image-5971\" src=\"http:\/\/ecole-ste-anne-asserac.fr\/wp-content\/uploads\/2023\/10\/09E7E927-BD4F-4DCB-8216-96DCF1304A851-300x169.jpeg\" alt=\"\" width=\"300\" height=\"169\" srcset=\"https:\/\/ecole-ste-anne-asserac.fr\/wp-content\/uploads\/2023\/10\/09E7E927-BD4F-4DCB-8216-96DCF1304A851-300x169.jpeg 300w, https:\/\/ecole-ste-anne-asserac.fr\/wp-content\/uploads\/2023\/10\/09E7E927-BD4F-4DCB-8216-96DCF1304A851-1024x577.jpeg 1024w, https:\/\/ecole-ste-anne-asserac.fr\/wp-content\/uploads\/2023\/10\/09E7E927-BD4F-4DCB-8216-96DCF1304A851-768x432.jpeg 768w, https:\/\/ecole-ste-anne-asserac.fr\/wp-content\/uploads\/2023\/10\/09E7E927-BD4F-4DCB-8216-96DCF1304A851-600x338.jpeg 600w, https:\/\/ecole-ste-anne-asserac.fr\/wp-content\/uploads\/2023\/10\/09E7E927-BD4F-4DCB-8216-96DCF1304A851-1536x865.jpeg 1536w, https:\/\/ecole-ste-anne-asserac.fr\/wp-content\/uploads\/2023\/10\/09E7E927-BD4F-4DCB-8216-96DCF1304A851.jpeg 1600w\" sizes=\"auto, (max-width: 300px) 100vw, 300px\" \/><\/p>\n<p>Bravo \u00e0 Lily, Louison et Juliette&nbsp; &nbsp; &nbsp; &nbsp; &nbsp; &nbsp; &nbsp; &nbsp; &nbsp; &nbsp; &nbsp; &nbsp; &nbsp;Malo, Sohan et Malone<\/p>\n<p style=\"text-align: center;\"><strong>Total de l&rsquo;apr\u00e8s-midi ? 31 800 m\u00e8tres parcourus !<\/strong><\/p>\n<p style=\"text-align: center;\">Un bel apr\u00e8s-midi sous le signe du bon esprit, de l&rsquo;encouragement, du d\u00e9passement de soi&#8230;.<\/p>\n<p style=\"text-align: center;\">Des valeurs olympiques v\u00e9cues par les enfants !<\/p>\n","protected":false},"excerpt":{"rendered":"<p>Le premier d\u00e9fi \u00e0 relever pour les enfants s&rsquo;est d\u00e9roul\u00e9 sur plusieurs journ\u00e9es, en fonction des \u00e2ges des \u00e9l\u00e8ves. Lundi 2 Octobre&nbsp; 1 &#8211; C&rsquo;est \u00e0 l&rsquo;\u00e9tang du Pr\u00e9 Grasseur d&rsquo;Herbignac que se sont r\u00e9unis les CM1 et CM2, avec tous les copains de la CLE des Marais. Ils ont \u00e9t\u00e9 rejoints par les plus<\/p>\n<p><a href=\"https:\/\/ecole-ste-anne-asserac.fr\/?p=5931\" class=\"more-link themebutton\">Lire la suite<\/a><\/p>\n","protected":false},"author":3,"featured_media":5935,"comment_status":"closed","ping_status":"closed","sticky":false,"template":"","format":"standard","meta":{"ngg_post_thumbnail":0,"footnotes":""},"categories":[7,8],"tags":[],"class_list":["post-5931","post","type-post","status-publish","format-standard","has-post-thumbnail","hentry","category-classe-de-ce2-cm1","category-classe-de-cm1-cm2"],"_links":{"self":[{"href":"https:\/\/ecole-ste-anne-asserac.fr\/index.php?rest_route=\/wp\/v2\/posts\/5931","targetHints":{"allow":["GET"]}}],"collection":[{"href":"https:\/\/ecole-ste-anne-asserac.fr\/index.php?rest_route=\/wp\/v2\/posts"}],"about":[{"href":"https:\/\/ecole-ste-anne-asserac.fr\/index.php?rest_route=\/wp\/v2\/types\/post"}],"author":[{"embeddable":true,"href":"https:\/\/ecole-ste-anne-asserac.fr\/index.php?rest_route=\/wp\/v2\/users\/3"}],"replies":[{"embeddable":true,"href":"https:\/\/ecole-ste-anne-asserac.fr\/index.php?rest_route=%2Fwp%2Fv2%2Fcomments&post=5931"}],"version-history":[{"count":6,"href":"https:\/\/ecole-ste-anne-asserac.fr\/index.php?rest_route=\/wp\/v2\/posts\/5931\/revisions"}],"predecessor-version":[{"id":6020,"href":"https:\/\/ecole-ste-anne-asserac.fr\/index.php?rest_route=\/wp\/v2\/posts\/5931\/revisions\/6020"}],"wp:featuredmedia":[{"embeddable":true,"href":"https:\/\/ecole-ste-anne-asserac.fr\/index.php?rest_route=\/wp\/v2\/media\/5935"}],"wp:attachment":[{"href":"https:\/\/ecole-ste-anne-asserac.fr\/index.php?rest_route=%2Fwp%2Fv2%2Fmedia&parent=5931"}],"wp:term":[{"taxonomy":"category","embeddable":true,"href":"https:\/\/ecole-ste-anne-asserac.fr\/index.php?rest_route=%2Fwp%2Fv2%2Fcategories&post=5931"},{"taxonomy":"post_tag","embeddable":true,"href":"https:\/\/ecole-ste-anne-asserac.fr\/index.php?rest_route=%2Fwp%2Fv2%2Ftags&post=5931"}],"curies":[{"name":"wp","href":"https:\/\/api.w.org\/{rel}","templated":true}]}}