{"id":5939,"date":"2023-10-04T18:27:51","date_gmt":"2023-10-04T16:27:51","guid":{"rendered":"https:\/\/ecole-ste-anne-asserac.fr\/?p=5939"},"modified":"2023-10-07T11:48:28","modified_gmt":"2023-10-07T09:48:28","slug":"cross-ce2","status":"publish","type":"post","link":"https:\/\/ecole-ste-anne-asserac.fr\/?p=5939","title":{"rendered":"Cross CE2"},"content":{"rendered":"<p>Lundi 2 octobre, les CM1 et CM2 ont particip\u00e9 au Cross du coll\u00e8ge au Pr\u00e9 Grasseur \u00e0 Herbignac.<\/p>\n<p>Les \u00e9l\u00e8ves de CE2 ont \u00e9galement pu se mesurer entre eux dans une course au rythme soutenu autour de l&rsquo;\u00e9tang d&rsquo;Ass\u00e9rac. Les enfants de CP et CE1 les ont accompagn\u00e9s pour les soutenir et les motiver comme il se doit avec des encouragements chaleureux!!!<\/p>\n<p><a href=\"http:\/\/ecole-ste-anne-asserac.fr\/wp-content\/uploads\/2023\/10\/2BADC214-41E0-424D-8FF3-F4E17C4FB7D8-scaled.jpg\"><img loading=\"lazy\" decoding=\"async\" class=\"aligncenter size-medium wp-image-5967\" src=\"http:\/\/ecole-ste-anne-asserac.fr\/wp-content\/uploads\/2023\/10\/2BADC214-41E0-424D-8FF3-F4E17C4FB7D8-300x225.jpg\" alt=\"\" width=\"300\" height=\"225\" srcset=\"https:\/\/ecole-ste-anne-asserac.fr\/wp-content\/uploads\/2023\/10\/2BADC214-41E0-424D-8FF3-F4E17C4FB7D8-300x225.jpg 300w, https:\/\/ecole-ste-anne-asserac.fr\/wp-content\/uploads\/2023\/10\/2BADC214-41E0-424D-8FF3-F4E17C4FB7D8-1024x768.jpg 1024w, https:\/\/ecole-ste-anne-asserac.fr\/wp-content\/uploads\/2023\/10\/2BADC214-41E0-424D-8FF3-F4E17C4FB7D8-768x576.jpg 768w, https:\/\/ecole-ste-anne-asserac.fr\/wp-content\/uploads\/2023\/10\/2BADC214-41E0-424D-8FF3-F4E17C4FB7D8-600x450.jpg 600w, https:\/\/ecole-ste-anne-asserac.fr\/wp-content\/uploads\/2023\/10\/2BADC214-41E0-424D-8FF3-F4E17C4FB7D8-1536x1152.jpg 1536w, https:\/\/ecole-ste-anne-asserac.fr\/wp-content\/uploads\/2023\/10\/2BADC214-41E0-424D-8FF3-F4E17C4FB7D8-2048x1536.jpg 2048w\" sizes=\"auto, (max-width: 300px) 100vw, 300px\" \/><\/a><\/p>\n<p>Tout le monde a fait de son mieux et la remise des m\u00e9dailles par les \u00e9l\u00e8ves de CP et CE1 a \u00e9t\u00e9 tr\u00e8s applaudie.<\/p>\n<p><a href=\"http:\/\/ecole-ste-anne-asserac.fr\/wp-content\/uploads\/2023\/10\/3C90AF9A-6FB1-43B7-9063-C541AA43E9DC1.jpeg\"><img loading=\"lazy\" decoding=\"async\" class=\"aligncenter size-medium wp-image-5968\" src=\"http:\/\/ecole-ste-anne-asserac.fr\/wp-content\/uploads\/2023\/10\/3C90AF9A-6FB1-43B7-9063-C541AA43E9DC1-169x300.jpeg\" alt=\"\" width=\"169\" height=\"300\" srcset=\"https:\/\/ecole-ste-anne-asserac.fr\/wp-content\/uploads\/2023\/10\/3C90AF9A-6FB1-43B7-9063-C541AA43E9DC1-169x300.jpeg 169w, https:\/\/ecole-ste-anne-asserac.fr\/wp-content\/uploads\/2023\/10\/3C90AF9A-6FB1-43B7-9063-C541AA43E9DC1-577x1024.jpeg 577w, https:\/\/ecole-ste-anne-asserac.fr\/wp-content\/uploads\/2023\/10\/3C90AF9A-6FB1-43B7-9063-C541AA43E9DC1-768x1364.jpeg 768w, https:\/\/ecole-ste-anne-asserac.fr\/wp-content\/uploads\/2023\/10\/3C90AF9A-6FB1-43B7-9063-C541AA43E9DC1-600x1065.jpeg 600w, https:\/\/ecole-ste-anne-asserac.fr\/wp-content\/uploads\/2023\/10\/3C90AF9A-6FB1-43B7-9063-C541AA43E9DC1-865x1536.jpeg 865w, https:\/\/ecole-ste-anne-asserac.fr\/wp-content\/uploads\/2023\/10\/3C90AF9A-6FB1-43B7-9063-C541AA43E9DC1.jpeg 901w\" sizes=\"auto, (max-width: 169px) 100vw, 169px\" \/><\/a><a href=\"http:\/\/ecole-ste-anne-asserac.fr\/wp-content\/uploads\/2023\/10\/3F6BE97A-E968-44FA-B02F-4BDED743D1C01.jpeg\"><img loading=\"lazy\" decoding=\"async\" class=\"aligncenter size-medium wp-image-5969\" src=\"http:\/\/ecole-ste-anne-asserac.fr\/wp-content\/uploads\/2023\/10\/3F6BE97A-E968-44FA-B02F-4BDED743D1C01-169x300.jpeg\" alt=\"\" width=\"169\" height=\"300\" srcset=\"https:\/\/ecole-ste-anne-asserac.fr\/wp-content\/uploads\/2023\/10\/3F6BE97A-E968-44FA-B02F-4BDED743D1C01-169x300.jpeg 169w, https:\/\/ecole-ste-anne-asserac.fr\/wp-content\/uploads\/2023\/10\/3F6BE97A-E968-44FA-B02F-4BDED743D1C01-577x1024.jpeg 577w, https:\/\/ecole-ste-anne-asserac.fr\/wp-content\/uploads\/2023\/10\/3F6BE97A-E968-44FA-B02F-4BDED743D1C01-768x1364.jpeg 768w, https:\/\/ecole-ste-anne-asserac.fr\/wp-content\/uploads\/2023\/10\/3F6BE97A-E968-44FA-B02F-4BDED743D1C01-600x1065.jpeg 600w, https:\/\/ecole-ste-anne-asserac.fr\/wp-content\/uploads\/2023\/10\/3F6BE97A-E968-44FA-B02F-4BDED743D1C01-865x1536.jpeg 865w, https:\/\/ecole-ste-anne-asserac.fr\/wp-content\/uploads\/2023\/10\/3F6BE97A-E968-44FA-B02F-4BDED743D1C01.jpeg 901w\" sizes=\"auto, (max-width: 169px) 100vw, 169px\" \/><\/a><a href=\"http:\/\/ecole-ste-anne-asserac.fr\/wp-content\/uploads\/2023\/10\/48F765AE-715A-471E-9ED2-A5E2C4C058631.jpeg\"><img loading=\"lazy\" decoding=\"async\" class=\"aligncenter size-medium wp-image-5973\" src=\"http:\/\/ecole-ste-anne-asserac.fr\/wp-content\/uploads\/2023\/10\/48F765AE-715A-471E-9ED2-A5E2C4C058631-169x300.jpeg\" alt=\"\" width=\"169\" height=\"300\" srcset=\"https:\/\/ecole-ste-anne-asserac.fr\/wp-content\/uploads\/2023\/10\/48F765AE-715A-471E-9ED2-A5E2C4C058631-169x300.jpeg 169w, https:\/\/ecole-ste-anne-asserac.fr\/wp-content\/uploads\/2023\/10\/48F765AE-715A-471E-9ED2-A5E2C4C058631-577x1024.jpeg 577w, https:\/\/ecole-ste-anne-asserac.fr\/wp-content\/uploads\/2023\/10\/48F765AE-715A-471E-9ED2-A5E2C4C058631-768x1364.jpeg 768w, https:\/\/ecole-ste-anne-asserac.fr\/wp-content\/uploads\/2023\/10\/48F765AE-715A-471E-9ED2-A5E2C4C058631-600x1065.jpeg 600w, https:\/\/ecole-ste-anne-asserac.fr\/wp-content\/uploads\/2023\/10\/48F765AE-715A-471E-9ED2-A5E2C4C058631-865x1536.jpeg 865w, https:\/\/ecole-ste-anne-asserac.fr\/wp-content\/uploads\/2023\/10\/48F765AE-715A-471E-9ED2-A5E2C4C058631.jpeg 901w\" sizes=\"auto, (max-width: 169px) 100vw, 169px\" \/><\/a><a href=\"http:\/\/ecole-ste-anne-asserac.fr\/wp-content\/uploads\/2023\/10\/53DB17C3-4374-4207-8297-BB3ED7E9B56A1.jpeg\"><img loading=\"lazy\" decoding=\"async\" class=\"aligncenter size-medium wp-image-5974\" src=\"http:\/\/ecole-ste-anne-asserac.fr\/wp-content\/uploads\/2023\/10\/53DB17C3-4374-4207-8297-BB3ED7E9B56A1-300x169.jpeg\" alt=\"\" width=\"300\" height=\"169\" srcset=\"https:\/\/ecole-ste-anne-asserac.fr\/wp-content\/uploads\/2023\/10\/53DB17C3-4374-4207-8297-BB3ED7E9B56A1-300x169.jpeg 300w, https:\/\/ecole-ste-anne-asserac.fr\/wp-content\/uploads\/2023\/10\/53DB17C3-4374-4207-8297-BB3ED7E9B56A1-1024x577.jpeg 1024w, https:\/\/ecole-ste-anne-asserac.fr\/wp-content\/uploads\/2023\/10\/53DB17C3-4374-4207-8297-BB3ED7E9B56A1-768x432.jpeg 768w, https:\/\/ecole-ste-anne-asserac.fr\/wp-content\/uploads\/2023\/10\/53DB17C3-4374-4207-8297-BB3ED7E9B56A1-600x338.jpeg 600w, https:\/\/ecole-ste-anne-asserac.fr\/wp-content\/uploads\/2023\/10\/53DB17C3-4374-4207-8297-BB3ED7E9B56A1-1536x865.jpeg 1536w, https:\/\/ecole-ste-anne-asserac.fr\/wp-content\/uploads\/2023\/10\/53DB17C3-4374-4207-8297-BB3ED7E9B56A1.jpeg 1600w\" sizes=\"auto, (max-width: 300px) 100vw, 300px\" \/><\/a><a href=\"http:\/\/ecole-ste-anne-asserac.fr\/wp-content\/uploads\/2023\/10\/5204BA79-1AF8-41D2-AC77-0F49FD0DE1011.jpeg\"><img loading=\"lazy\" decoding=\"async\" class=\"aligncenter size-medium wp-image-5976\" src=\"http:\/\/ecole-ste-anne-asserac.fr\/wp-content\/uploads\/2023\/10\/5204BA79-1AF8-41D2-AC77-0F49FD0DE1011-169x300.jpeg\" alt=\"\" width=\"169\" height=\"300\" srcset=\"https:\/\/ecole-ste-anne-asserac.fr\/wp-content\/uploads\/2023\/10\/5204BA79-1AF8-41D2-AC77-0F49FD0DE1011-169x300.jpeg 169w, https:\/\/ecole-ste-anne-asserac.fr\/wp-content\/uploads\/2023\/10\/5204BA79-1AF8-41D2-AC77-0F49FD0DE1011-577x1024.jpeg 577w, https:\/\/ecole-ste-anne-asserac.fr\/wp-content\/uploads\/2023\/10\/5204BA79-1AF8-41D2-AC77-0F49FD0DE1011-768x1364.jpeg 768w, https:\/\/ecole-ste-anne-asserac.fr\/wp-content\/uploads\/2023\/10\/5204BA79-1AF8-41D2-AC77-0F49FD0DE1011-600x1065.jpeg 600w, https:\/\/ecole-ste-anne-asserac.fr\/wp-content\/uploads\/2023\/10\/5204BA79-1AF8-41D2-AC77-0F49FD0DE1011-865x1536.jpeg 865w, https:\/\/ecole-ste-anne-asserac.fr\/wp-content\/uploads\/2023\/10\/5204BA79-1AF8-41D2-AC77-0F49FD0DE1011.jpeg 901w\" sizes=\"auto, (max-width: 169px) 100vw, 169px\" \/><\/a><a href=\"http:\/\/ecole-ste-anne-asserac.fr\/wp-content\/uploads\/2023\/10\/8A2DFF82-6599-40AE-A36F-55B06CCF80031.jpeg\"><img loading=\"lazy\" decoding=\"async\" class=\"aligncenter size-medium wp-image-5970\" src=\"http:\/\/ecole-ste-anne-asserac.fr\/wp-content\/uploads\/2023\/10\/8A2DFF82-6599-40AE-A36F-55B06CCF80031-169x300.jpeg\" alt=\"\" width=\"169\" height=\"300\" srcset=\"https:\/\/ecole-ste-anne-asserac.fr\/wp-content\/uploads\/2023\/10\/8A2DFF82-6599-40AE-A36F-55B06CCF80031-169x300.jpeg 169w, https:\/\/ecole-ste-anne-asserac.fr\/wp-content\/uploads\/2023\/10\/8A2DFF82-6599-40AE-A36F-55B06CCF80031-577x1024.jpeg 577w, https:\/\/ecole-ste-anne-asserac.fr\/wp-content\/uploads\/2023\/10\/8A2DFF82-6599-40AE-A36F-55B06CCF80031-768x1364.jpeg 768w, https:\/\/ecole-ste-anne-asserac.fr\/wp-content\/uploads\/2023\/10\/8A2DFF82-6599-40AE-A36F-55B06CCF80031-600x1065.jpeg 600w, https:\/\/ecole-ste-anne-asserac.fr\/wp-content\/uploads\/2023\/10\/8A2DFF82-6599-40AE-A36F-55B06CCF80031-865x1536.jpeg 865w, https:\/\/ecole-ste-anne-asserac.fr\/wp-content\/uploads\/2023\/10\/8A2DFF82-6599-40AE-A36F-55B06CCF80031.jpeg 901w\" sizes=\"auto, (max-width: 169px) 100vw, 169px\" \/><\/a><a href=\"http:\/\/ecole-ste-anne-asserac.fr\/wp-content\/uploads\/2023\/10\/D6B8FFD8-5674-4847-85DA-CD18DF7E24881.jpeg\"><img loading=\"lazy\" decoding=\"async\" class=\"aligncenter size-medium wp-image-5980\" src=\"http:\/\/ecole-ste-anne-asserac.fr\/wp-content\/uploads\/2023\/10\/D6B8FFD8-5674-4847-85DA-CD18DF7E24881-169x300.jpeg\" alt=\"\" width=\"169\" height=\"300\" srcset=\"https:\/\/ecole-ste-anne-asserac.fr\/wp-content\/uploads\/2023\/10\/D6B8FFD8-5674-4847-85DA-CD18DF7E24881-169x300.jpeg 169w, https:\/\/ecole-ste-anne-asserac.fr\/wp-content\/uploads\/2023\/10\/D6B8FFD8-5674-4847-85DA-CD18DF7E24881-577x1024.jpeg 577w, https:\/\/ecole-ste-anne-asserac.fr\/wp-content\/uploads\/2023\/10\/D6B8FFD8-5674-4847-85DA-CD18DF7E24881-768x1364.jpeg 768w, https:\/\/ecole-ste-anne-asserac.fr\/wp-content\/uploads\/2023\/10\/D6B8FFD8-5674-4847-85DA-CD18DF7E24881-600x1065.jpeg 600w, https:\/\/ecole-ste-anne-asserac.fr\/wp-content\/uploads\/2023\/10\/D6B8FFD8-5674-4847-85DA-CD18DF7E24881-865x1536.jpeg 865w, https:\/\/ecole-ste-anne-asserac.fr\/wp-content\/uploads\/2023\/10\/D6B8FFD8-5674-4847-85DA-CD18DF7E24881.jpeg 901w\" sizes=\"auto, (max-width: 169px) 100vw, 169px\" \/><\/a><\/p>\n<p>Bravo \u00e0 tous!!!<\/p>\n<p><a href=\"http:\/\/ecole-ste-anne-asserac.fr\/wp-content\/uploads\/2023\/10\/IMG_20231002_150023-scaled.jpg\"><img loading=\"lazy\" decoding=\"async\" class=\"aligncenter size-medium wp-image-5966\" src=\"http:\/\/ecole-ste-anne-asserac.fr\/wp-content\/uploads\/2023\/10\/IMG_20231002_150023-300x225.jpg\" alt=\"\" width=\"300\" height=\"225\" srcset=\"https:\/\/ecole-ste-anne-asserac.fr\/wp-content\/uploads\/2023\/10\/IMG_20231002_150023-300x225.jpg 300w, https:\/\/ecole-ste-anne-asserac.fr\/wp-content\/uploads\/2023\/10\/IMG_20231002_150023-1024x768.jpg 1024w, https:\/\/ecole-ste-anne-asserac.fr\/wp-content\/uploads\/2023\/10\/IMG_20231002_150023-768x576.jpg 768w, https:\/\/ecole-ste-anne-asserac.fr\/wp-content\/uploads\/2023\/10\/IMG_20231002_150023-600x450.jpg 600w, https:\/\/ecole-ste-anne-asserac.fr\/wp-content\/uploads\/2023\/10\/IMG_20231002_150023-1536x1152.jpg 1536w, https:\/\/ecole-ste-anne-asserac.fr\/wp-content\/uploads\/2023\/10\/IMG_20231002_150023-2048x1536.jpg 2048w\" sizes=\"auto, (max-width: 300px) 100vw, 300px\" \/><\/a><\/p>\n<p>&nbsp;<\/p>\n<p>&nbsp;<\/p>\n<p>&nbsp;<\/p>\n","protected":false},"excerpt":{"rendered":"<p>Lundi 2 octobre, les CM1 et CM2 ont particip\u00e9 au Cross du coll\u00e8ge au Pr\u00e9 Grasseur \u00e0 Herbignac. Les \u00e9l\u00e8ves de CE2 ont \u00e9galement pu se mesurer entre eux dans une course au rythme soutenu autour de l&rsquo;\u00e9tang d&rsquo;Ass\u00e9rac. Les enfants de CP et CE1 les ont accompagn\u00e9s pour les soutenir et les motiver comme<\/p>\n<p><a href=\"https:\/\/ecole-ste-anne-asserac.fr\/?p=5939\" class=\"more-link themebutton\">Lire la suite<\/a><\/p>\n","protected":false},"author":10,"featured_media":5966,"comment_status":"closed","ping_status":"closed","sticky":false,"template":"","format":"standard","meta":{"ngg_post_thumbnail":0,"footnotes":""},"categories":[7,6],"tags":[],"class_list":["post-5939","post","type-post","status-publish","format-standard","has-post-thumbnail","hentry","category-classe-de-ce2-cm1","category-classe-de-cp-ce1"],"_links":{"self":[{"href":"https:\/\/ecole-ste-anne-asserac.fr\/index.php?rest_route=\/wp\/v2\/posts\/5939","targetHints":{"allow":["GET"]}}],"collection":[{"href":"https:\/\/ecole-ste-anne-asserac.fr\/index.php?rest_route=\/wp\/v2\/posts"}],"about":[{"href":"https:\/\/ecole-ste-anne-asserac.fr\/index.php?rest_route=\/wp\/v2\/types\/post"}],"author":[{"embeddable":true,"href":"https:\/\/ecole-ste-anne-asserac.fr\/index.php?rest_route=\/wp\/v2\/users\/10"}],"replies":[{"embeddable":true,"href":"https:\/\/ecole-ste-anne-asserac.fr\/index.php?rest_route=%2Fwp%2Fv2%2Fcomments&post=5939"}],"version-history":[{"count":3,"href":"https:\/\/ecole-ste-anne-asserac.fr\/index.php?rest_route=\/wp\/v2\/posts\/5939\/revisions"}],"predecessor-version":[{"id":6000,"href":"https:\/\/ecole-ste-anne-asserac.fr\/index.php?rest_route=\/wp\/v2\/posts\/5939\/revisions\/6000"}],"wp:featuredmedia":[{"embeddable":true,"href":"https:\/\/ecole-ste-anne-asserac.fr\/index.php?rest_route=\/wp\/v2\/media\/5966"}],"wp:attachment":[{"href":"https:\/\/ecole-ste-anne-asserac.fr\/index.php?rest_route=%2Fwp%2Fv2%2Fmedia&parent=5939"}],"wp:term":[{"taxonomy":"category","embeddable":true,"href":"https:\/\/ecole-ste-anne-asserac.fr\/index.php?rest_route=%2Fwp%2Fv2%2Fcategories&post=5939"},{"taxonomy":"post_tag","embeddable":true,"href":"https:\/\/ecole-ste-anne-asserac.fr\/index.php?rest_route=%2Fwp%2Fv2%2Ftags&post=5939"}],"curies":[{"name":"wp","href":"https:\/\/api.w.org\/{rel}","templated":true}]}}