{"id":599,"date":"2016-04-06T13:17:52","date_gmt":"2016-04-06T12:17:52","guid":{"rendered":"http:\/\/ecole-ste-anne-asserac.fr\/?p=599"},"modified":"2016-04-21T20:23:19","modified_gmt":"2016-04-21T19:23:19","slug":"visite-au-centre-de-tri","status":"publish","type":"post","link":"https:\/\/ecole-ste-anne-asserac.fr\/?p=599","title":{"rendered":"Visite au centre de tri"},"content":{"rendered":"<p>En lien avec Cap Atlantique, Vendredi 1er avril,\u00a0 les \u00e9l\u00e8ves de CM2 sont partis visiter <a href=\"http:\/\/www.sysem.fr\/venesys_centre_de_tri.html\">le centre de tri \u00e0 Vannes<\/a> avec Delphine et V\u00e9ronique pour terminer leur chapitre de sciences sur le d\u00e9veloppement durable et le tri des d\u00e9chets.<\/p>\n<p><a href=\"http:\/\/ecole-ste-anne-asserac.fr\/wp-content\/uploads\/2016\/04\/centre-de-tri-vannes.jpg\" rel=\"attachment wp-att-605\"><img loading=\"lazy\" decoding=\"async\" class=\"aligncenter size-medium wp-image-605\" src=\"http:\/\/ecole-ste-anne-asserac.fr\/wp-content\/uploads\/2016\/04\/centre-de-tri-vannes-300x110.jpg\" alt=\"centre de tri-vannes\" width=\"300\" height=\"110\" srcset=\"https:\/\/ecole-ste-anne-asserac.fr\/wp-content\/uploads\/2016\/04\/centre-de-tri-vannes-300x110.jpg 300w, https:\/\/ecole-ste-anne-asserac.fr\/wp-content\/uploads\/2016\/04\/centre-de-tri-vannes-768x281.jpg 768w, https:\/\/ecole-ste-anne-asserac.fr\/wp-content\/uploads\/2016\/04\/centre-de-tri-vannes-1024x375.jpg 1024w, https:\/\/ecole-ste-anne-asserac.fr\/wp-content\/uploads\/2016\/04\/centre-de-tri-vannes-600x219.jpg 600w, https:\/\/ecole-ste-anne-asserac.fr\/wp-content\/uploads\/2016\/04\/centre-de-tri-vannes.jpg 2048w\" sizes=\"auto, (max-width: 300px) 100vw, 300px\" \/><\/a><a href=\"http:\/\/ecole-ste-anne-asserac.fr\/wp-content\/uploads\/2016\/04\/SDC11932.jpg\" rel=\"attachment wp-att-606\"><img loading=\"lazy\" decoding=\"async\" class=\"aligncenter size-medium wp-image-606\" src=\"http:\/\/ecole-ste-anne-asserac.fr\/wp-content\/uploads\/2016\/04\/SDC11932-300x225.jpg\" alt=\"SDC11932\" width=\"300\" height=\"225\" srcset=\"https:\/\/ecole-ste-anne-asserac.fr\/wp-content\/uploads\/2016\/04\/SDC11932-300x225.jpg 300w, https:\/\/ecole-ste-anne-asserac.fr\/wp-content\/uploads\/2016\/04\/SDC11932-768x576.jpg 768w, https:\/\/ecole-ste-anne-asserac.fr\/wp-content\/uploads\/2016\/04\/SDC11932-1024x768.jpg 1024w, https:\/\/ecole-ste-anne-asserac.fr\/wp-content\/uploads\/2016\/04\/SDC11932-600x450.jpg 600w, https:\/\/ecole-ste-anne-asserac.fr\/wp-content\/uploads\/2016\/04\/SDC11932.jpg 2048w\" sizes=\"auto, (max-width: 300px) 100vw, 300px\" \/><\/a><\/p>\n<p>Ce jour-l\u00e0 ils ont vu r\u00e9ellement ce que deviennent les d\u00e9chets de leurs poubelles jaunes ! De leur arriv\u00e9e \u00e0 l&rsquo;usine &#8230;<\/p>\n<p><a href=\"http:\/\/ecole-ste-anne-asserac.fr\/wp-content\/uploads\/2016\/04\/SDC11935.jpg\" rel=\"attachment wp-att-600\"><img loading=\"lazy\" decoding=\"async\" class=\"aligncenter size-medium wp-image-600\" src=\"http:\/\/ecole-ste-anne-asserac.fr\/wp-content\/uploads\/2016\/04\/SDC11935-300x225.jpg\" alt=\"SDC11935\" width=\"300\" height=\"225\" srcset=\"https:\/\/ecole-ste-anne-asserac.fr\/wp-content\/uploads\/2016\/04\/SDC11935-300x225.jpg 300w, https:\/\/ecole-ste-anne-asserac.fr\/wp-content\/uploads\/2016\/04\/SDC11935-768x576.jpg 768w, https:\/\/ecole-ste-anne-asserac.fr\/wp-content\/uploads\/2016\/04\/SDC11935-1024x768.jpg 1024w, https:\/\/ecole-ste-anne-asserac.fr\/wp-content\/uploads\/2016\/04\/SDC11935-600x450.jpg 600w, https:\/\/ecole-ste-anne-asserac.fr\/wp-content\/uploads\/2016\/04\/SDC11935.jpg 2048w\" sizes=\"auto, (max-width: 300px) 100vw, 300px\" \/><\/a><\/p>\n<p><a href=\"http:\/\/ecole-ste-anne-asserac.fr\/wp-content\/uploads\/2016\/04\/SDC11936.jpg\" rel=\"attachment wp-att-601\"><img loading=\"lazy\" decoding=\"async\" class=\"aligncenter size-medium wp-image-601\" src=\"http:\/\/ecole-ste-anne-asserac.fr\/wp-content\/uploads\/2016\/04\/SDC11936-300x225.jpg\" alt=\"SDC11936\" width=\"300\" height=\"225\" srcset=\"https:\/\/ecole-ste-anne-asserac.fr\/wp-content\/uploads\/2016\/04\/SDC11936-300x225.jpg 300w, https:\/\/ecole-ste-anne-asserac.fr\/wp-content\/uploads\/2016\/04\/SDC11936-768x576.jpg 768w, https:\/\/ecole-ste-anne-asserac.fr\/wp-content\/uploads\/2016\/04\/SDC11936-1024x768.jpg 1024w, https:\/\/ecole-ste-anne-asserac.fr\/wp-content\/uploads\/2016\/04\/SDC11936-600x450.jpg 600w, https:\/\/ecole-ste-anne-asserac.fr\/wp-content\/uploads\/2016\/04\/SDC11936.jpg 2048w\" sizes=\"auto, (max-width: 300px) 100vw, 300px\" \/><\/a>&#8230;&#8230; \u00e0 leurs tris successifs<\/p>\n<p><a href=\"http:\/\/ecole-ste-anne-asserac.fr\/wp-content\/uploads\/2016\/04\/SDC11942.jpg\" rel=\"attachment wp-att-602\"><img loading=\"lazy\" decoding=\"async\" class=\"aligncenter size-medium wp-image-602\" src=\"http:\/\/ecole-ste-anne-asserac.fr\/wp-content\/uploads\/2016\/04\/SDC11942-300x225.jpg\" alt=\"SDC11942\" width=\"300\" height=\"225\" srcset=\"https:\/\/ecole-ste-anne-asserac.fr\/wp-content\/uploads\/2016\/04\/SDC11942-300x225.jpg 300w, https:\/\/ecole-ste-anne-asserac.fr\/wp-content\/uploads\/2016\/04\/SDC11942-768x576.jpg 768w, https:\/\/ecole-ste-anne-asserac.fr\/wp-content\/uploads\/2016\/04\/SDC11942-1024x768.jpg 1024w, https:\/\/ecole-ste-anne-asserac.fr\/wp-content\/uploads\/2016\/04\/SDC11942-600x450.jpg 600w, https:\/\/ecole-ste-anne-asserac.fr\/wp-content\/uploads\/2016\/04\/SDC11942.jpg 2048w\" sizes=\"auto, (max-width: 300px) 100vw, 300px\" \/><\/a><a href=\"http:\/\/ecole-ste-anne-asserac.fr\/wp-content\/uploads\/2016\/04\/SDC11939.jpg\" rel=\"attachment wp-att-603\"><img loading=\"lazy\" decoding=\"async\" class=\"aligncenter size-medium wp-image-603\" src=\"http:\/\/ecole-ste-anne-asserac.fr\/wp-content\/uploads\/2016\/04\/SDC11939-300x225.jpg\" alt=\"SDC11939\" width=\"300\" height=\"225\" srcset=\"https:\/\/ecole-ste-anne-asserac.fr\/wp-content\/uploads\/2016\/04\/SDC11939-300x225.jpg 300w, https:\/\/ecole-ste-anne-asserac.fr\/wp-content\/uploads\/2016\/04\/SDC11939-768x576.jpg 768w, https:\/\/ecole-ste-anne-asserac.fr\/wp-content\/uploads\/2016\/04\/SDC11939-1024x768.jpg 1024w, https:\/\/ecole-ste-anne-asserac.fr\/wp-content\/uploads\/2016\/04\/SDC11939-600x450.jpg 600w, https:\/\/ecole-ste-anne-asserac.fr\/wp-content\/uploads\/2016\/04\/SDC11939.jpg 2048w\" sizes=\"auto, (max-width: 300px) 100vw, 300px\" \/><\/a>Pour terminer en balles pr\u00eates \u00e0 \u00eatre envoy\u00e9es vers d&rsquo;autres entreprises pour \u00eatre transform\u00e9es \u00e0 nouveau en d&rsquo;autres objets de consommation ( carton, polaires, bo\u00eetes \u00e0 oeufs, papier cadeau, bouteilles &#8230;.) !<\/p>\n<p><a href=\"http:\/\/ecole-ste-anne-asserac.fr\/wp-content\/uploads\/2016\/04\/SDC11943.jpg\" rel=\"attachment wp-att-604\"><img loading=\"lazy\" decoding=\"async\" class=\"aligncenter size-medium wp-image-604\" src=\"http:\/\/ecole-ste-anne-asserac.fr\/wp-content\/uploads\/2016\/04\/SDC11943-300x225.jpg\" alt=\"SDC11943\" width=\"300\" height=\"225\" srcset=\"https:\/\/ecole-ste-anne-asserac.fr\/wp-content\/uploads\/2016\/04\/SDC11943-300x225.jpg 300w, https:\/\/ecole-ste-anne-asserac.fr\/wp-content\/uploads\/2016\/04\/SDC11943-768x576.jpg 768w, https:\/\/ecole-ste-anne-asserac.fr\/wp-content\/uploads\/2016\/04\/SDC11943-1024x768.jpg 1024w, https:\/\/ecole-ste-anne-asserac.fr\/wp-content\/uploads\/2016\/04\/SDC11943-600x450.jpg 600w, https:\/\/ecole-ste-anne-asserac.fr\/wp-content\/uploads\/2016\/04\/SDC11943.jpg 2048w\" sizes=\"auto, (max-width: 300px) 100vw, 300px\" \/><\/a><\/p>\n<p>Nous avons pique-niqu\u00e9 dans le jardin de l&rsquo;\u00e9cole . V\u00e9ronique a pes\u00e9 le sac qui contenait nos d\u00e9chets : 1,035 kg . Apr\u00e8s le tri de ce qu&rsquo;on pouvait mettre dans la poubelle jaune , il ne restait plus que 785 g.<\/p>\n<p>Prochaine \u00e9tape le 21 avril\u00a0 : atelier en classe avec Emmanuelle, l&rsquo;animatrice de CAP pour prolonger cette visite .<\/p>\n","protected":false},"excerpt":{"rendered":"<p>En lien avec Cap Atlantique, Vendredi 1er avril,\u00a0 les \u00e9l\u00e8ves de CM2 sont partis visiter le centre de tri \u00e0 Vannes avec Delphine et V\u00e9ronique pour terminer leur chapitre de sciences sur le d\u00e9veloppement durable et le tri des d\u00e9chets. Ce jour-l\u00e0 ils ont vu r\u00e9ellement ce que deviennent les d\u00e9chets de leurs poubelles jaunes<\/p>\n<p><a href=\"https:\/\/ecole-ste-anne-asserac.fr\/?p=599\" class=\"more-link themebutton\">Lire la suite<\/a><\/p>\n","protected":false},"author":3,"featured_media":0,"comment_status":"closed","ping_status":"closed","sticky":false,"template":"","format":"standard","meta":{"ngg_post_thumbnail":0,"footnotes":""},"categories":[1],"tags":[],"class_list":["post-599","post","type-post","status-publish","format-standard","hentry","category-non-classe"],"_links":{"self":[{"href":"https:\/\/ecole-ste-anne-asserac.fr\/index.php?rest_route=\/wp\/v2\/posts\/599","targetHints":{"allow":["GET"]}}],"collection":[{"href":"https:\/\/ecole-ste-anne-asserac.fr\/index.php?rest_route=\/wp\/v2\/posts"}],"about":[{"href":"https:\/\/ecole-ste-anne-asserac.fr\/index.php?rest_route=\/wp\/v2\/types\/post"}],"author":[{"embeddable":true,"href":"https:\/\/ecole-ste-anne-asserac.fr\/index.php?rest_route=\/wp\/v2\/users\/3"}],"replies":[{"embeddable":true,"href":"https:\/\/ecole-ste-anne-asserac.fr\/index.php?rest_route=%2Fwp%2Fv2%2Fcomments&post=599"}],"version-history":[{"count":0,"href":"https:\/\/ecole-ste-anne-asserac.fr\/index.php?rest_route=\/wp\/v2\/posts\/599\/revisions"}],"wp:attachment":[{"href":"https:\/\/ecole-ste-anne-asserac.fr\/index.php?rest_route=%2Fwp%2Fv2%2Fmedia&parent=599"}],"wp:term":[{"taxonomy":"category","embeddable":true,"href":"https:\/\/ecole-ste-anne-asserac.fr\/index.php?rest_route=%2Fwp%2Fv2%2Fcategories&post=599"},{"taxonomy":"post_tag","embeddable":true,"href":"https:\/\/ecole-ste-anne-asserac.fr\/index.php?rest_route=%2Fwp%2Fv2%2Ftags&post=599"}],"curies":[{"name":"wp","href":"https:\/\/api.w.org\/{rel}","templated":true}]}}