{"id":6024,"date":"2023-10-14T17:45:34","date_gmt":"2023-10-14T15:45:34","guid":{"rendered":"https:\/\/ecole-ste-anne-asserac.fr\/?p=6024"},"modified":"2023-10-14T17:46:44","modified_gmt":"2023-10-14T15:46:44","slug":"erasmus-days-3","status":"publish","type":"post","link":"https:\/\/ecole-ste-anne-asserac.fr\/?p=6024","title":{"rendered":"ERASMUS DAYS"},"content":{"rendered":"<p><img loading=\"lazy\" decoding=\"async\" class=\"size-medium wp-image-6025 aligncenter\" src=\"http:\/\/ecole-ste-anne-asserac.fr\/wp-content\/uploads\/2023\/10\/erasmus-days-2023-300x149.png\" alt=\"\" width=\"300\" height=\"149\" srcset=\"https:\/\/ecole-ste-anne-asserac.fr\/wp-content\/uploads\/2023\/10\/erasmus-days-2023-300x149.png 300w, https:\/\/ecole-ste-anne-asserac.fr\/wp-content\/uploads\/2023\/10\/erasmus-days-2023-600x298.png 600w, https:\/\/ecole-ste-anne-asserac.fr\/wp-content\/uploads\/2023\/10\/erasmus-days-2023.png 718w\" sizes=\"auto, (max-width: 300px) 100vw, 300px\" \/><\/p>\n<p>Comme chaque ann\u00e9e, en Octobre, nous organisons une semaine sur le th\u00e8me de l&rsquo;Europe. Dans chaque classe , des activit\u00e9s sont organis\u00e9es pour mieux conna\u00eetre l&rsquo;Union europ\u00e9enne. Chacun \u00e0 son niveau, les enfants sont ainsi sensibilis\u00e9s peu \u00e0 peu \u00e0 la citoyennet\u00e9 europ\u00e9enne.<\/p>\n<p>Cette ann\u00e9e, pour cette occasion, nous avons accueilli 2 mamans de l&rsquo;\u00e9cole , C\u00e9line et Wafa, qui sont venues raconter l&rsquo;\u00e9cole dans leurs pays d&rsquo;origine avec des comptines et chants traditionnels, des photos&#8230;<\/p>\n<p><img loading=\"lazy\" decoding=\"async\" class=\"size-medium wp-image-6028 aligncenter\" src=\"http:\/\/ecole-ste-anne-asserac.fr\/wp-content\/uploads\/2023\/10\/59DD8489-8ED3-4168-8151-487437C3F415-225x300.jpeg\" alt=\"\" width=\"225\" height=\"300\" srcset=\"https:\/\/ecole-ste-anne-asserac.fr\/wp-content\/uploads\/2023\/10\/59DD8489-8ED3-4168-8151-487437C3F415-225x300.jpeg 225w, https:\/\/ecole-ste-anne-asserac.fr\/wp-content\/uploads\/2023\/10\/59DD8489-8ED3-4168-8151-487437C3F415-600x800.jpeg 600w, https:\/\/ecole-ste-anne-asserac.fr\/wp-content\/uploads\/2023\/10\/59DD8489-8ED3-4168-8151-487437C3F415.jpeg 768w\" sizes=\"auto, (max-width: 225px) 100vw, 225px\" \/><\/p>\n<p style=\"text-align: left;\">En cycle 1, C\u00e9line d&rsquo;origine anglaise, maman de Th\u00e9o en Petite Section et de Rafa\u00ebl en CE1, a appris aux enfants une comptine traditionnelle tr\u00e8s connue (<a href=\"https:\/\/www.dailymotion.com\/video\/x4qfcnn\"><em>The wheels on the bus<\/em><\/a>), qu&rsquo;ils ont mim\u00e9e, dans\u00e9e ! Ensuite ?R\u00e9alisation du traditionnel \u00ab\u00a0Carrot Cake\u00a0\u00bb!<\/p>\n<p style=\"text-align: left;\"><img loading=\"lazy\" decoding=\"async\" class=\"size-medium wp-image-6029 alignleft\" src=\"http:\/\/ecole-ste-anne-asserac.fr\/wp-content\/uploads\/2023\/10\/danse-Celine-225x300.jpg\" alt=\"\" width=\"225\" height=\"300\" srcset=\"https:\/\/ecole-ste-anne-asserac.fr\/wp-content\/uploads\/2023\/10\/danse-Celine-225x300.jpg 225w, https:\/\/ecole-ste-anne-asserac.fr\/wp-content\/uploads\/2023\/10\/danse-Celine-600x800.jpg 600w, https:\/\/ecole-ste-anne-asserac.fr\/wp-content\/uploads\/2023\/10\/danse-Celine.jpg 756w\" sizes=\"auto, (max-width: 225px) 100vw, 225px\" \/> <img loading=\"lazy\" decoding=\"async\" class=\"alignnone size-medium wp-image-6033\" src=\"http:\/\/ecole-ste-anne-asserac.fr\/wp-content\/uploads\/2023\/10\/carrot-cake-225x300.jpg\" alt=\"\" width=\"225\" height=\"300\" srcset=\"https:\/\/ecole-ste-anne-asserac.fr\/wp-content\/uploads\/2023\/10\/carrot-cake-225x300.jpg 225w, https:\/\/ecole-ste-anne-asserac.fr\/wp-content\/uploads\/2023\/10\/carrot-cake-600x800.jpg 600w, https:\/\/ecole-ste-anne-asserac.fr\/wp-content\/uploads\/2023\/10\/carrot-cake.jpg 756w\" sizes=\"auto, (max-width: 225px) 100vw, 225px\" \/><\/p>\n<p style=\"text-align: left;\">En cycle 2, C\u00e9line est aussi intervenue&nbsp; pour la plus grande joie des enfants :<\/p>\n<p><img loading=\"lazy\" decoding=\"async\" class=\"size-medium wp-image-6030 alignleft\" src=\"http:\/\/ecole-ste-anne-asserac.fr\/wp-content\/uploads\/2023\/10\/C303669F-93B6-4A4E-AC6F-7A5DC7CA8EB5-300x225.jpg\" alt=\"\" width=\"300\" height=\"225\" srcset=\"https:\/\/ecole-ste-anne-asserac.fr\/wp-content\/uploads\/2023\/10\/C303669F-93B6-4A4E-AC6F-7A5DC7CA8EB5-300x225.jpg 300w, https:\/\/ecole-ste-anne-asserac.fr\/wp-content\/uploads\/2023\/10\/C303669F-93B6-4A4E-AC6F-7A5DC7CA8EB5-1024x769.jpg 1024w, https:\/\/ecole-ste-anne-asserac.fr\/wp-content\/uploads\/2023\/10\/C303669F-93B6-4A4E-AC6F-7A5DC7CA8EB5-768x576.jpg 768w, https:\/\/ecole-ste-anne-asserac.fr\/wp-content\/uploads\/2023\/10\/C303669F-93B6-4A4E-AC6F-7A5DC7CA8EB5-600x450.jpg 600w, https:\/\/ecole-ste-anne-asserac.fr\/wp-content\/uploads\/2023\/10\/C303669F-93B6-4A4E-AC6F-7A5DC7CA8EB5.jpg 1231w\" sizes=\"auto, (max-width: 300px) 100vw, 300px\" \/><a href=\"http:\/\/ecole-ste-anne-asserac.fr\/wp-content\/uploads\/2023\/10\/B94BD1F4-61A4-4D9F-91B5-839DC5B547D3-scaled.jpg\"><img loading=\"lazy\" decoding=\"async\" class=\"alignnone size-medium wp-image-6031\" src=\"http:\/\/ecole-ste-anne-asserac.fr\/wp-content\/uploads\/2023\/10\/B94BD1F4-61A4-4D9F-91B5-839DC5B547D3-300x225.jpg\" alt=\"\" width=\"300\" height=\"225\" srcset=\"https:\/\/ecole-ste-anne-asserac.fr\/wp-content\/uploads\/2023\/10\/B94BD1F4-61A4-4D9F-91B5-839DC5B547D3-300x225.jpg 300w, https:\/\/ecole-ste-anne-asserac.fr\/wp-content\/uploads\/2023\/10\/B94BD1F4-61A4-4D9F-91B5-839DC5B547D3-1024x768.jpg 1024w, https:\/\/ecole-ste-anne-asserac.fr\/wp-content\/uploads\/2023\/10\/B94BD1F4-61A4-4D9F-91B5-839DC5B547D3-768x576.jpg 768w, https:\/\/ecole-ste-anne-asserac.fr\/wp-content\/uploads\/2023\/10\/B94BD1F4-61A4-4D9F-91B5-839DC5B547D3-600x450.jpg 600w, https:\/\/ecole-ste-anne-asserac.fr\/wp-content\/uploads\/2023\/10\/B94BD1F4-61A4-4D9F-91B5-839DC5B547D3-1536x1152.jpg 1536w, https:\/\/ecole-ste-anne-asserac.fr\/wp-content\/uploads\/2023\/10\/B94BD1F4-61A4-4D9F-91B5-839DC5B547D3-2048x1536.jpg 2048w\" sizes=\"auto, (max-width: 300px) 100vw, 300px\" \/><\/a><\/p>\n<p>Tout au long de la semaine, les GS\/CP ont appris le chant \u00ab\u00a0Fr\u00e8re Jacques\u00a0\u00bb en plusieurs langues; les CP\/CE1 , quant \u00e0 eux, savent maintenant dire \u00a0\u00bb bonjour\u00a0\u00bb dans beaucoup de langues !!<\/p>\n<p style=\"text-align: center;\"><img loading=\"lazy\" decoding=\"async\" class=\"alignnone size-medium wp-image-6032\" src=\"http:\/\/ecole-ste-anne-asserac.fr\/wp-content\/uploads\/2023\/10\/banderole-BONJOUR-300x70.jpg\" alt=\"\" width=\"300\" height=\"70\" srcset=\"https:\/\/ecole-ste-anne-asserac.fr\/wp-content\/uploads\/2023\/10\/banderole-BONJOUR-300x70.jpg 300w, https:\/\/ecole-ste-anne-asserac.fr\/wp-content\/uploads\/2023\/10\/banderole-BONJOUR-1024x240.jpg 1024w, https:\/\/ecole-ste-anne-asserac.fr\/wp-content\/uploads\/2023\/10\/banderole-BONJOUR-768x180.jpg 768w, https:\/\/ecole-ste-anne-asserac.fr\/wp-content\/uploads\/2023\/10\/banderole-BONJOUR-600x140.jpg 600w, https:\/\/ecole-ste-anne-asserac.fr\/wp-content\/uploads\/2023\/10\/banderole-BONJOUR-1536x360.jpg 1536w, https:\/\/ecole-ste-anne-asserac.fr\/wp-content\/uploads\/2023\/10\/banderole-BONJOUR-2048x479.jpg 2048w\" sizes=\"auto, (max-width: 300px) 100vw, 300px\" \/><\/p>\n<p>En direct de Colleferro, en visio, avec leurs correspondants italiens , les CE2-CM1 ont appris un chant et une danse traditionnelle ; ils nous ont aussi pr\u00e9par\u00e9 du th\u00e9 glac\u00e9.<\/p>\n<p><img loading=\"lazy\" decoding=\"async\" class=\"alignnone size-medium wp-image-6048\" src=\"http:\/\/ecole-ste-anne-asserac.fr\/wp-content\/uploads\/2023\/10\/IMG_20231012_154538-225x300.jpg\" alt=\"\" width=\"225\" height=\"300\" srcset=\"https:\/\/ecole-ste-anne-asserac.fr\/wp-content\/uploads\/2023\/10\/IMG_20231012_154538-225x300.jpg 225w, https:\/\/ecole-ste-anne-asserac.fr\/wp-content\/uploads\/2023\/10\/IMG_20231012_154538-768x1024.jpg 768w, https:\/\/ecole-ste-anne-asserac.fr\/wp-content\/uploads\/2023\/10\/IMG_20231012_154538-600x800.jpg 600w, https:\/\/ecole-ste-anne-asserac.fr\/wp-content\/uploads\/2023\/10\/IMG_20231012_154538-1152x1536.jpg 1152w, https:\/\/ecole-ste-anne-asserac.fr\/wp-content\/uploads\/2023\/10\/IMG_20231012_154538-1536x2048.jpg 1536w, https:\/\/ecole-ste-anne-asserac.fr\/wp-content\/uploads\/2023\/10\/IMG_20231012_154538-scaled.jpg 1920w\" sizes=\"auto, (max-width: 225px) 100vw, 225px\" \/>&nbsp;<a href=\"http:\/\/ecole-ste-anne-asserac.fr\/wp-content\/uploads\/2023\/10\/IMG_20231005_150927-scaled.jpg\"><img loading=\"lazy\" decoding=\"async\" class=\"alignnone size-medium wp-image-5990\" src=\"http:\/\/ecole-ste-anne-asserac.fr\/wp-content\/uploads\/2023\/10\/IMG_20231005_150927-225x300.jpg\" alt=\"\" width=\"225\" height=\"300\" srcset=\"https:\/\/ecole-ste-anne-asserac.fr\/wp-content\/uploads\/2023\/10\/IMG_20231005_150927-225x300.jpg 225w, https:\/\/ecole-ste-anne-asserac.fr\/wp-content\/uploads\/2023\/10\/IMG_20231005_150927-768x1024.jpg 768w, https:\/\/ecole-ste-anne-asserac.fr\/wp-content\/uploads\/2023\/10\/IMG_20231005_150927-600x800.jpg 600w, https:\/\/ecole-ste-anne-asserac.fr\/wp-content\/uploads\/2023\/10\/IMG_20231005_150927-1152x1536.jpg 1152w, https:\/\/ecole-ste-anne-asserac.fr\/wp-content\/uploads\/2023\/10\/IMG_20231005_150927-1536x2048.jpg 1536w, https:\/\/ecole-ste-anne-asserac.fr\/wp-content\/uploads\/2023\/10\/IMG_20231005_150927-scaled.jpg 1920w\" sizes=\"auto, (max-width: 225px) 100vw, 225px\" \/><\/a> <a href=\"http:\/\/ecole-ste-anne-asserac.fr\/wp-content\/uploads\/2023\/10\/IMG_20231005_151900-scaled.jpg\"><img loading=\"lazy\" decoding=\"async\" class=\"alignnone size-medium wp-image-5994\" src=\"http:\/\/ecole-ste-anne-asserac.fr\/wp-content\/uploads\/2023\/10\/IMG_20231005_151900-300x225.jpg\" alt=\"\" width=\"300\" height=\"225\" srcset=\"https:\/\/ecole-ste-anne-asserac.fr\/wp-content\/uploads\/2023\/10\/IMG_20231005_151900-300x225.jpg 300w, https:\/\/ecole-ste-anne-asserac.fr\/wp-content\/uploads\/2023\/10\/IMG_20231005_151900-1024x768.jpg 1024w, https:\/\/ecole-ste-anne-asserac.fr\/wp-content\/uploads\/2023\/10\/IMG_20231005_151900-768x576.jpg 768w, https:\/\/ecole-ste-anne-asserac.fr\/wp-content\/uploads\/2023\/10\/IMG_20231005_151900-600x450.jpg 600w, https:\/\/ecole-ste-anne-asserac.fr\/wp-content\/uploads\/2023\/10\/IMG_20231005_151900-1536x1152.jpg 1536w, https:\/\/ecole-ste-anne-asserac.fr\/wp-content\/uploads\/2023\/10\/IMG_20231005_151900-2048x1536.jpg 2048w\" sizes=\"auto, (max-width: 300px) 100vw, 300px\" \/><\/a><\/p>\n<p>Les plus grands de CM1\/CM2 ont travaill\u00e9 sur les symboles de l&rsquo;Union Europ\u00e9enne ( drapeau, devise, hymne&#8230;) , l&rsquo;histoire et sa g\u00e9ographie. C&rsquo;\u00e9tait l&rsquo;occasion de lancer le nouveau projet avec les partenaires d&rsquo;eTwinning. Ils travailleront toute l&rsquo;ann\u00e9e scolaire avec des classes italiennes, croates, grecques et finlandaises.<\/p>\n<p><img loading=\"lazy\" decoding=\"async\" class=\"size-medium wp-image-6026 aligncenter\" src=\"http:\/\/ecole-ste-anne-asserac.fr\/wp-content\/uploads\/2023\/10\/IMG_7504-300x225.jpg\" alt=\"\" width=\"300\" height=\"225\" srcset=\"https:\/\/ecole-ste-anne-asserac.fr\/wp-content\/uploads\/2023\/10\/IMG_7504-300x225.jpg 300w, https:\/\/ecole-ste-anne-asserac.fr\/wp-content\/uploads\/2023\/10\/IMG_7504-1024x768.jpg 1024w, https:\/\/ecole-ste-anne-asserac.fr\/wp-content\/uploads\/2023\/10\/IMG_7504-768x576.jpg 768w, https:\/\/ecole-ste-anne-asserac.fr\/wp-content\/uploads\/2023\/10\/IMG_7504-600x450.jpg 600w, https:\/\/ecole-ste-anne-asserac.fr\/wp-content\/uploads\/2023\/10\/IMG_7504-1536x1152.jpg 1536w, https:\/\/ecole-ste-anne-asserac.fr\/wp-content\/uploads\/2023\/10\/IMG_7504-2048x1536.jpg 2048w\" sizes=\"auto, (max-width: 300px) 100vw, 300px\" \/><\/p>\n<p><img loading=\"lazy\" decoding=\"async\" class=\"size-medium wp-image-6027 aligncenter\" src=\"http:\/\/ecole-ste-anne-asserac.fr\/wp-content\/uploads\/2023\/10\/IMG_7506-300x225.jpg\" alt=\"\" width=\"300\" height=\"225\" srcset=\"https:\/\/ecole-ste-anne-asserac.fr\/wp-content\/uploads\/2023\/10\/IMG_7506-300x225.jpg 300w, https:\/\/ecole-ste-anne-asserac.fr\/wp-content\/uploads\/2023\/10\/IMG_7506-1024x768.jpg 1024w, https:\/\/ecole-ste-anne-asserac.fr\/wp-content\/uploads\/2023\/10\/IMG_7506-768x576.jpg 768w, https:\/\/ecole-ste-anne-asserac.fr\/wp-content\/uploads\/2023\/10\/IMG_7506-600x450.jpg 600w, https:\/\/ecole-ste-anne-asserac.fr\/wp-content\/uploads\/2023\/10\/IMG_7506-1536x1152.jpg 1536w, https:\/\/ecole-ste-anne-asserac.fr\/wp-content\/uploads\/2023\/10\/IMG_7506-2048x1536.jpg 2048w\" sizes=\"auto, (max-width: 300px) 100vw, 300px\" \/><\/p>\n<p>Wafa, maman de Solenne en CM2, est venue pr\u00e9senter comment se vit l&rsquo;\u00e9cole dans son pays d&rsquo;origine, le Maroc. Un t\u00e9moignage qui a beaucoup int\u00e9ress\u00e9 les enfants car ils ont compar\u00e9 avec ce qu&rsquo;ils vivaient dans leur \u00e9cole&#8230; Tous les \u00e9l\u00e8ves marocains n&rsquo;ont pas la chance d&rsquo;aller dans une belle \u00e9cole &#8230;<\/p>\n<p><a href=\"http:\/\/ecole-ste-anne-asserac.fr\/wp-content\/uploads\/2023\/10\/IMG_20231013_151208-scaled.jpg\"><img loading=\"lazy\" decoding=\"async\" class=\"alignnone size-medium wp-image-6049\" src=\"http:\/\/ecole-ste-anne-asserac.fr\/wp-content\/uploads\/2023\/10\/IMG_20231013_151208-300x225.jpg\" alt=\"\" width=\"300\" height=\"225\" srcset=\"https:\/\/ecole-ste-anne-asserac.fr\/wp-content\/uploads\/2023\/10\/IMG_20231013_151208-300x225.jpg 300w, https:\/\/ecole-ste-anne-asserac.fr\/wp-content\/uploads\/2023\/10\/IMG_20231013_151208-1024x768.jpg 1024w, https:\/\/ecole-ste-anne-asserac.fr\/wp-content\/uploads\/2023\/10\/IMG_20231013_151208-768x576.jpg 768w, https:\/\/ecole-ste-anne-asserac.fr\/wp-content\/uploads\/2023\/10\/IMG_20231013_151208-600x450.jpg 600w, https:\/\/ecole-ste-anne-asserac.fr\/wp-content\/uploads\/2023\/10\/IMG_20231013_151208-1536x1152.jpg 1536w, https:\/\/ecole-ste-anne-asserac.fr\/wp-content\/uploads\/2023\/10\/IMG_20231013_151208-2048x1536.jpg 2048w\" sizes=\"auto, (max-width: 300px) 100vw, 300px\" \/><\/a> <img loading=\"lazy\" decoding=\"async\" class=\"alignnone size-medium wp-image-6050\" src=\"http:\/\/ecole-ste-anne-asserac.fr\/wp-content\/uploads\/2023\/10\/IMG_20231013_153622-300x225.jpg\" alt=\"\" width=\"300\" height=\"225\" srcset=\"https:\/\/ecole-ste-anne-asserac.fr\/wp-content\/uploads\/2023\/10\/IMG_20231013_153622-300x225.jpg 300w, https:\/\/ecole-ste-anne-asserac.fr\/wp-content\/uploads\/2023\/10\/IMG_20231013_153622-1024x768.jpg 1024w, https:\/\/ecole-ste-anne-asserac.fr\/wp-content\/uploads\/2023\/10\/IMG_20231013_153622-768x576.jpg 768w, https:\/\/ecole-ste-anne-asserac.fr\/wp-content\/uploads\/2023\/10\/IMG_20231013_153622-600x450.jpg 600w, https:\/\/ecole-ste-anne-asserac.fr\/wp-content\/uploads\/2023\/10\/IMG_20231013_153622-1536x1152.jpg 1536w, https:\/\/ecole-ste-anne-asserac.fr\/wp-content\/uploads\/2023\/10\/IMG_20231013_153622-2048x1536.jpg 2048w\" sizes=\"auto, (max-width: 300px) 100vw, 300px\" \/><\/p>\n<p><img loading=\"lazy\" decoding=\"async\" class=\"alignnone size-medium wp-image-6052\" src=\"http:\/\/ecole-ste-anne-asserac.fr\/wp-content\/uploads\/2023\/10\/L-ecole-El-Biguiriyine-dans-banlieue-Casablanca-fete-cette-annee-premiere-generation-bachelieres_0_730_484-300x199.jpg\" alt=\"\" width=\"300\" height=\"199\" srcset=\"https:\/\/ecole-ste-anne-asserac.fr\/wp-content\/uploads\/2023\/10\/L-ecole-El-Biguiriyine-dans-banlieue-Casablanca-fete-cette-annee-premiere-generation-bachelieres_0_730_484-300x199.jpg 300w, https:\/\/ecole-ste-anne-asserac.fr\/wp-content\/uploads\/2023\/10\/L-ecole-El-Biguiriyine-dans-banlieue-Casablanca-fete-cette-annee-premiere-generation-bachelieres_0_730_484-600x398.jpg 600w, https:\/\/ecole-ste-anne-asserac.fr\/wp-content\/uploads\/2023\/10\/L-ecole-El-Biguiriyine-dans-banlieue-Casablanca-fete-cette-annee-premiere-generation-bachelieres_0_730_484.jpg 729w\" sizes=\"auto, (max-width: 300px) 100vw, 300px\" \/> &nbsp;<img loading=\"lazy\" decoding=\"async\" class=\"alignnone size-medium wp-image-6051\" src=\"http:\/\/ecole-ste-anne-asserac.fr\/wp-content\/uploads\/2023\/10\/Maroc-2-300x226.jpg\" alt=\"\" width=\"300\" height=\"226\" srcset=\"https:\/\/ecole-ste-anne-asserac.fr\/wp-content\/uploads\/2023\/10\/Maroc-2-300x226.jpg 300w, https:\/\/ecole-ste-anne-asserac.fr\/wp-content\/uploads\/2023\/10\/Maroc-2-600x452.jpg 600w, https:\/\/ecole-ste-anne-asserac.fr\/wp-content\/uploads\/2023\/10\/Maroc-2.jpg 665w\" sizes=\"auto, (max-width: 300px) 100vw, 300px\" \/><\/p>\n<p>Ils ont aussi r\u00e9alis\u00e9 des brochettes de mini-drapeaux italiens, pour le go\u00fbter collectif :<\/p>\n<p><a href=\"http:\/\/ecole-ste-anne-asserac.fr\/wp-content\/uploads\/2023\/10\/20231013_141657-scaled.jpg\"><img loading=\"lazy\" decoding=\"async\" class=\"alignnone size-medium wp-image-6034\" src=\"http:\/\/ecole-ste-anne-asserac.fr\/wp-content\/uploads\/2023\/10\/20231013_141657-300x225.jpg\" alt=\"\" width=\"300\" height=\"225\" srcset=\"https:\/\/ecole-ste-anne-asserac.fr\/wp-content\/uploads\/2023\/10\/20231013_141657-300x225.jpg 300w, https:\/\/ecole-ste-anne-asserac.fr\/wp-content\/uploads\/2023\/10\/20231013_141657-1024x768.jpg 1024w, https:\/\/ecole-ste-anne-asserac.fr\/wp-content\/uploads\/2023\/10\/20231013_141657-768x576.jpg 768w, https:\/\/ecole-ste-anne-asserac.fr\/wp-content\/uploads\/2023\/10\/20231013_141657-600x450.jpg 600w, https:\/\/ecole-ste-anne-asserac.fr\/wp-content\/uploads\/2023\/10\/20231013_141657-1536x1152.jpg 1536w, https:\/\/ecole-ste-anne-asserac.fr\/wp-content\/uploads\/2023\/10\/20231013_141657-2048x1536.jpg 2048w\" sizes=\"auto, (max-width: 300px) 100vw, 300px\" \/><\/a> <a href=\"http:\/\/ecole-ste-anne-asserac.fr\/wp-content\/uploads\/2023\/10\/20231013_143056-scaled.jpg\"><img loading=\"lazy\" decoding=\"async\" class=\"alignnone size-medium wp-image-6035\" src=\"http:\/\/ecole-ste-anne-asserac.fr\/wp-content\/uploads\/2023\/10\/20231013_143056-300x225.jpg\" alt=\"\" width=\"300\" height=\"225\" srcset=\"https:\/\/ecole-ste-anne-asserac.fr\/wp-content\/uploads\/2023\/10\/20231013_143056-300x225.jpg 300w, https:\/\/ecole-ste-anne-asserac.fr\/wp-content\/uploads\/2023\/10\/20231013_143056-1024x768.jpg 1024w, https:\/\/ecole-ste-anne-asserac.fr\/wp-content\/uploads\/2023\/10\/20231013_143056-768x576.jpg 768w, https:\/\/ecole-ste-anne-asserac.fr\/wp-content\/uploads\/2023\/10\/20231013_143056-600x450.jpg 600w, https:\/\/ecole-ste-anne-asserac.fr\/wp-content\/uploads\/2023\/10\/20231013_143056-1536x1152.jpg 1536w, https:\/\/ecole-ste-anne-asserac.fr\/wp-content\/uploads\/2023\/10\/20231013_143056-2048x1536.jpg 2048w\" sizes=\"auto, (max-width: 300px) 100vw, 300px\" \/><\/a> <img loading=\"lazy\" decoding=\"async\" class=\"alignnone size-medium wp-image-6036\" src=\"http:\/\/ecole-ste-anne-asserac.fr\/wp-content\/uploads\/2023\/10\/20231013_143308-225x300.jpg\" alt=\"\" width=\"225\" height=\"300\" srcset=\"https:\/\/ecole-ste-anne-asserac.fr\/wp-content\/uploads\/2023\/10\/20231013_143308-225x300.jpg 225w, https:\/\/ecole-ste-anne-asserac.fr\/wp-content\/uploads\/2023\/10\/20231013_143308-768x1024.jpg 768w, https:\/\/ecole-ste-anne-asserac.fr\/wp-content\/uploads\/2023\/10\/20231013_143308-600x800.jpg 600w, https:\/\/ecole-ste-anne-asserac.fr\/wp-content\/uploads\/2023\/10\/20231013_143308-1152x1536.jpg 1152w, https:\/\/ecole-ste-anne-asserac.fr\/wp-content\/uploads\/2023\/10\/20231013_143308-1536x2048.jpg 1536w, https:\/\/ecole-ste-anne-asserac.fr\/wp-content\/uploads\/2023\/10\/20231013_143308-scaled.jpg 1920w\" sizes=\"auto, (max-width: 225px) 100vw, 225px\" \/> <a href=\"http:\/\/ecole-ste-anne-asserac.fr\/wp-content\/uploads\/2023\/10\/gouter-2.jpeg\"><img loading=\"lazy\" decoding=\"async\" class=\"alignnone size-medium wp-image-6039\" src=\"http:\/\/ecole-ste-anne-asserac.fr\/wp-content\/uploads\/2023\/10\/gouter-2-190x300.jpeg\" alt=\"\" width=\"190\" height=\"300\" srcset=\"https:\/\/ecole-ste-anne-asserac.fr\/wp-content\/uploads\/2023\/10\/gouter-2-190x300.jpeg 190w, https:\/\/ecole-ste-anne-asserac.fr\/wp-content\/uploads\/2023\/10\/gouter-2.jpeg 487w\" sizes=\"auto, (max-width: 190px) 100vw, 190px\" \/><\/a><\/p>\n<p>Tous , en fin de journ\u00e9e se sont retrouv\u00e9s sous le pr\u00e9au pour la restitution, pour montrer aux autres classes ce qu&rsquo;ils avaient d\u00e9couvert . Tout s&rsquo;est bien s\u00fbr termin\u00e9 par un go\u00fbter international, avec l&rsquo;<a href=\"https:\/\/www.youtube.com\/watch?v=d0JgQsP_4Hw\"><em>Ode \u00e0 la Joie<\/em> <\/a>en fond musical.&nbsp;<\/p>\n<p><a href=\"http:\/\/ecole-ste-anne-asserac.fr\/wp-content\/uploads\/2023\/10\/44581E03-118A-42B3-84BF-8C09D390465D-scaled.jpg\"><img loading=\"lazy\" decoding=\"async\" class=\"alignnone size-medium wp-image-6040\" src=\"http:\/\/ecole-ste-anne-asserac.fr\/wp-content\/uploads\/2023\/10\/44581E03-118A-42B3-84BF-8C09D390465D-300x225.jpg\" alt=\"\" width=\"300\" height=\"225\" srcset=\"https:\/\/ecole-ste-anne-asserac.fr\/wp-content\/uploads\/2023\/10\/44581E03-118A-42B3-84BF-8C09D390465D-300x225.jpg 300w, https:\/\/ecole-ste-anne-asserac.fr\/wp-content\/uploads\/2023\/10\/44581E03-118A-42B3-84BF-8C09D390465D-1024x768.jpg 1024w, https:\/\/ecole-ste-anne-asserac.fr\/wp-content\/uploads\/2023\/10\/44581E03-118A-42B3-84BF-8C09D390465D-768x576.jpg 768w, https:\/\/ecole-ste-anne-asserac.fr\/wp-content\/uploads\/2023\/10\/44581E03-118A-42B3-84BF-8C09D390465D-600x450.jpg 600w, https:\/\/ecole-ste-anne-asserac.fr\/wp-content\/uploads\/2023\/10\/44581E03-118A-42B3-84BF-8C09D390465D-1536x1152.jpg 1536w, https:\/\/ecole-ste-anne-asserac.fr\/wp-content\/uploads\/2023\/10\/44581E03-118A-42B3-84BF-8C09D390465D-2048x1536.jpg 2048w\" sizes=\"auto, (max-width: 300px) 100vw, 300px\" \/><\/a>&nbsp;&nbsp;<a href=\"http:\/\/ecole-ste-anne-asserac.fr\/wp-content\/uploads\/2023\/10\/gouter-1.jpeg\"><img loading=\"lazy\" decoding=\"async\" class=\"alignnone size-medium wp-image-6038\" src=\"http:\/\/ecole-ste-anne-asserac.fr\/wp-content\/uploads\/2023\/10\/gouter-1-300x178.jpeg\" alt=\"\" width=\"300\" height=\"178\" srcset=\"https:\/\/ecole-ste-anne-asserac.fr\/wp-content\/uploads\/2023\/10\/gouter-1-300x178.jpeg 300w, https:\/\/ecole-ste-anne-asserac.fr\/wp-content\/uploads\/2023\/10\/gouter-1-768x457.jpeg 768w, https:\/\/ecole-ste-anne-asserac.fr\/wp-content\/uploads\/2023\/10\/gouter-1-600x357.jpeg 600w, https:\/\/ecole-ste-anne-asserac.fr\/wp-content\/uploads\/2023\/10\/gouter-1.jpeg 795w\" sizes=\"auto, (max-width: 300px) 100vw, 300px\" \/><\/a>&nbsp; <a href=\"http:\/\/ecole-ste-anne-asserac.fr\/wp-content\/uploads\/2023\/10\/4D6F7126-09D3-419C-8439-5CC19E6C018A.jpeg\"><img loading=\"lazy\" decoding=\"async\" class=\"alignnone size-medium wp-image-6037\" src=\"http:\/\/ecole-ste-anne-asserac.fr\/wp-content\/uploads\/2023\/10\/4D6F7126-09D3-419C-8439-5CC19E6C018A-225x300.jpeg\" alt=\"\" width=\"225\" height=\"300\" srcset=\"https:\/\/ecole-ste-anne-asserac.fr\/wp-content\/uploads\/2023\/10\/4D6F7126-09D3-419C-8439-5CC19E6C018A-225x300.jpeg 225w, https:\/\/ecole-ste-anne-asserac.fr\/wp-content\/uploads\/2023\/10\/4D6F7126-09D3-419C-8439-5CC19E6C018A-600x800.jpeg 600w, https:\/\/ecole-ste-anne-asserac.fr\/wp-content\/uploads\/2023\/10\/4D6F7126-09D3-419C-8439-5CC19E6C018A.jpeg 768w\" sizes=\"auto, (max-width: 225px) 100vw, 225px\" \/><\/a> &nbsp;<\/p>\n<p style=\"text-align: center;\">Un beau moment de partage , vive les <strong>Erasmus Days<\/strong> !<\/p>\n<p><a href=\"http:\/\/ecole-ste-anne-asserac.fr\/wp-content\/uploads\/2023\/10\/20231013_145543-scaled.jpg\"><img loading=\"lazy\" decoding=\"async\" class=\"alignnone size-medium wp-image-6041 aligncenter\" src=\"http:\/\/ecole-ste-anne-asserac.fr\/wp-content\/uploads\/2023\/10\/20231013_145543-300x225.jpg\" alt=\"\" width=\"300\" height=\"225\" srcset=\"https:\/\/ecole-ste-anne-asserac.fr\/wp-content\/uploads\/2023\/10\/20231013_145543-300x225.jpg 300w, https:\/\/ecole-ste-anne-asserac.fr\/wp-content\/uploads\/2023\/10\/20231013_145543-1024x768.jpg 1024w, https:\/\/ecole-ste-anne-asserac.fr\/wp-content\/uploads\/2023\/10\/20231013_145543-768x576.jpg 768w, https:\/\/ecole-ste-anne-asserac.fr\/wp-content\/uploads\/2023\/10\/20231013_145543-600x450.jpg 600w, https:\/\/ecole-ste-anne-asserac.fr\/wp-content\/uploads\/2023\/10\/20231013_145543-1536x1152.jpg 1536w, https:\/\/ecole-ste-anne-asserac.fr\/wp-content\/uploads\/2023\/10\/20231013_145543-2048x1536.jpg 2048w\" sizes=\"auto, (max-width: 300px) 100vw, 300px\" \/><\/a><\/p>\n<p>&nbsp;<\/p>\n<p>&nbsp;<\/p>\n<p>&nbsp;<\/p>\n<p>&nbsp;<\/p>\n<p>&nbsp;<\/p>\n","protected":false},"excerpt":{"rendered":"<p>Comme chaque ann\u00e9e, en Octobre, nous organisons une semaine sur le th\u00e8me de l&rsquo;Europe. Dans chaque classe , des activit\u00e9s sont organis\u00e9es pour mieux conna\u00eetre l&rsquo;Union europ\u00e9enne. Chacun \u00e0 son niveau, les enfants sont ainsi sensibilis\u00e9s peu \u00e0 peu \u00e0 la citoyennet\u00e9 europ\u00e9enne. Cette ann\u00e9e, pour cette occasion, nous avons accueilli 2 mamans de l&rsquo;\u00e9cole<\/p>\n<p><a href=\"https:\/\/ecole-ste-anne-asserac.fr\/?p=6024\" class=\"more-link themebutton\">Lire la suite<\/a><\/p>\n","protected":false},"author":3,"featured_media":6025,"comment_status":"closed","ping_status":"closed","sticky":false,"template":"","format":"standard","meta":{"ngg_post_thumbnail":0,"footnotes":""},"categories":[7,8,6,1],"tags":[],"class_list":["post-6024","post","type-post","status-publish","format-standard","has-post-thumbnail","hentry","category-classe-de-ce2-cm1","category-classe-de-cm1-cm2","category-classe-de-cp-ce1","category-non-classe"],"_links":{"self":[{"href":"https:\/\/ecole-ste-anne-asserac.fr\/index.php?rest_route=\/wp\/v2\/posts\/6024","targetHints":{"allow":["GET"]}}],"collection":[{"href":"https:\/\/ecole-ste-anne-asserac.fr\/index.php?rest_route=\/wp\/v2\/posts"}],"about":[{"href":"https:\/\/ecole-ste-anne-asserac.fr\/index.php?rest_route=\/wp\/v2\/types\/post"}],"author":[{"embeddable":true,"href":"https:\/\/ecole-ste-anne-asserac.fr\/index.php?rest_route=\/wp\/v2\/users\/3"}],"replies":[{"embeddable":true,"href":"https:\/\/ecole-ste-anne-asserac.fr\/index.php?rest_route=%2Fwp%2Fv2%2Fcomments&post=6024"}],"version-history":[{"count":2,"href":"https:\/\/ecole-ste-anne-asserac.fr\/index.php?rest_route=\/wp\/v2\/posts\/6024\/revisions"}],"predecessor-version":[{"id":6053,"href":"https:\/\/ecole-ste-anne-asserac.fr\/index.php?rest_route=\/wp\/v2\/posts\/6024\/revisions\/6053"}],"wp:featuredmedia":[{"embeddable":true,"href":"https:\/\/ecole-ste-anne-asserac.fr\/index.php?rest_route=\/wp\/v2\/media\/6025"}],"wp:attachment":[{"href":"https:\/\/ecole-ste-anne-asserac.fr\/index.php?rest_route=%2Fwp%2Fv2%2Fmedia&parent=6024"}],"wp:term":[{"taxonomy":"category","embeddable":true,"href":"https:\/\/ecole-ste-anne-asserac.fr\/index.php?rest_route=%2Fwp%2Fv2%2Fcategories&post=6024"},{"taxonomy":"post_tag","embeddable":true,"href":"https:\/\/ecole-ste-anne-asserac.fr\/index.php?rest_route=%2Fwp%2Fv2%2Ftags&post=6024"}],"curies":[{"name":"wp","href":"https:\/\/api.w.org\/{rel}","templated":true}]}}