{"id":612,"date":"2016-04-19T20:18:16","date_gmt":"2016-04-19T19:18:16","guid":{"rendered":"http:\/\/ecole-ste-anne-asserac.fr\/?p=612"},"modified":"2016-04-20T16:56:24","modified_gmt":"2016-04-20T15:56:24","slug":"visite-du-college","status":"publish","type":"post","link":"https:\/\/ecole-ste-anne-asserac.fr\/?p=612","title":{"rendered":"Visite du coll\u00e8ge"},"content":{"rendered":"<p><a href=\"http:\/\/ecole-ste-anne-asserac.fr\/wp-content\/uploads\/2016\/04\/SDC11955.jpg\"><img loading=\"lazy\" decoding=\"async\" class=\"aligncenter size-medium wp-image-613\" src=\"http:\/\/ecole-ste-anne-asserac.fr\/wp-content\/uploads\/2016\/04\/SDC11955-300x225.jpg\" alt=\"SDC11955\" width=\"300\" height=\"225\" srcset=\"https:\/\/ecole-ste-anne-asserac.fr\/wp-content\/uploads\/2016\/04\/SDC11955-300x225.jpg 300w, https:\/\/ecole-ste-anne-asserac.fr\/wp-content\/uploads\/2016\/04\/SDC11955-768x576.jpg 768w, https:\/\/ecole-ste-anne-asserac.fr\/wp-content\/uploads\/2016\/04\/SDC11955-1024x768.jpg 1024w, https:\/\/ecole-ste-anne-asserac.fr\/wp-content\/uploads\/2016\/04\/SDC11955-600x450.jpg 600w, https:\/\/ecole-ste-anne-asserac.fr\/wp-content\/uploads\/2016\/04\/SDC11955.jpg 2048w\" sizes=\"auto, (max-width: 300px) 100vw, 300px\" \/><\/a>Mardi 19 Avril ,\u00a0 nous sommes tous all\u00e9s passer la journ\u00e9e au<a href=\"http:\/\/stjosephherbignac.loire-atlantique.e-lyco.fr\/\"> coll\u00e8ge St Joseph d&rsquo;Herbignac<\/a>, avec aussi les enfants de l&rsquo;\u00e9cole Ste Anne de St Lyphard.<\/p>\n<p><a href=\"http:\/\/ecole-ste-anne-asserac.fr\/wp-content\/uploads\/2016\/04\/SDC11957.jpg\"><img loading=\"lazy\" decoding=\"async\" class=\"aligncenter size-medium wp-image-614\" src=\"http:\/\/ecole-ste-anne-asserac.fr\/wp-content\/uploads\/2016\/04\/SDC11957-300x225.jpg\" alt=\"SDC11957\" width=\"300\" height=\"225\" srcset=\"https:\/\/ecole-ste-anne-asserac.fr\/wp-content\/uploads\/2016\/04\/SDC11957-300x225.jpg 300w, https:\/\/ecole-ste-anne-asserac.fr\/wp-content\/uploads\/2016\/04\/SDC11957-768x576.jpg 768w, https:\/\/ecole-ste-anne-asserac.fr\/wp-content\/uploads\/2016\/04\/SDC11957-1024x768.jpg 1024w, https:\/\/ecole-ste-anne-asserac.fr\/wp-content\/uploads\/2016\/04\/SDC11957-600x450.jpg 600w, https:\/\/ecole-ste-anne-asserac.fr\/wp-content\/uploads\/2016\/04\/SDC11957.jpg 2048w\" sizes=\"auto, (max-width: 300px) 100vw, 300px\" \/><\/a>Apr\u00e8s avoir eu des informations sur le fonctionnement du coll\u00e8ge, nous sommes partis par petits groupes dans des classes de 6\u00e8me et de 5\u00e8me pour assister ( et participer !!) au cours. V\u00e9ronique n&rsquo;est pas venue avec nous ! Certains d&rsquo;entre nous ont eu histoire, ou\u00a0 EPS, ou maths, d&rsquo;autres ont eu anglais, d&rsquo;autres encore techno &#8230;.. Nous \u00e9tions \u00e0 la fois impressionn\u00e9s, timides au d\u00e9but, mais nous avons r\u00e9pondu \u00e0 des questions, parl\u00e9 en anglais, fait du lancer, essay\u00e9 les exercices de maths&#8230;.<\/p>\n<p>Apr\u00e8s ces cours, nous sommes all\u00e9s d\u00e9jeuner au self ( des lasagnes , miam miam !!) avec les 6\u00e8mes. Nous avons retrouv\u00e9 d&rsquo;anciens camarades de l&rsquo;\u00e9cole de l&rsquo;an pass\u00e9 et nous avons profit\u00e9 des ateliers propos\u00e9s pendant la pause du midi.<\/p>\n<p>Les \u00e9l\u00e8ves de 6\u00e8me nous ont ensuite fait visiter les salles, on a pu leur poser des questions sur la vie au coll\u00e8ge. Puis V\u00e9ronique et Julien ( le directeur de St Lyphard) sont revenus :\u00a0 nous leur avons racont\u00e9 notre journ\u00e9e, donn\u00e9 nos impressions, puis nous avons termin\u00e9 cette journ\u00e9e par un petit go\u00fbter .<\/p>\n<p>Nous sommes tr\u00e8s contents, nous avons h\u00e2te d&rsquo;\u00eatre en 6\u00e8me mais nous savons qu&rsquo;il faut d&rsquo;abord bien terminer notre CM2!!!<\/p>\n","protected":false},"excerpt":{"rendered":"<p>Mardi 19 Avril ,\u00a0 nous sommes tous all\u00e9s passer la journ\u00e9e au coll\u00e8ge St Joseph d&rsquo;Herbignac, avec aussi les enfants de l&rsquo;\u00e9cole Ste Anne de St Lyphard. Apr\u00e8s avoir eu des informations sur le fonctionnement du coll\u00e8ge, nous sommes partis par petits groupes dans des classes de 6\u00e8me et de 5\u00e8me pour assister ( et<\/p>\n<p><a href=\"https:\/\/ecole-ste-anne-asserac.fr\/?p=612\" class=\"more-link themebutton\">Lire la suite<\/a><\/p>\n","protected":false},"author":3,"featured_media":0,"comment_status":"closed","ping_status":"closed","sticky":false,"template":"","format":"standard","meta":{"ngg_post_thumbnail":0,"footnotes":""},"categories":[8],"tags":[],"class_list":["post-612","post","type-post","status-publish","format-standard","hentry","category-classe-de-cm1-cm2"],"_links":{"self":[{"href":"https:\/\/ecole-ste-anne-asserac.fr\/index.php?rest_route=\/wp\/v2\/posts\/612","targetHints":{"allow":["GET"]}}],"collection":[{"href":"https:\/\/ecole-ste-anne-asserac.fr\/index.php?rest_route=\/wp\/v2\/posts"}],"about":[{"href":"https:\/\/ecole-ste-anne-asserac.fr\/index.php?rest_route=\/wp\/v2\/types\/post"}],"author":[{"embeddable":true,"href":"https:\/\/ecole-ste-anne-asserac.fr\/index.php?rest_route=\/wp\/v2\/users\/3"}],"replies":[{"embeddable":true,"href":"https:\/\/ecole-ste-anne-asserac.fr\/index.php?rest_route=%2Fwp%2Fv2%2Fcomments&post=612"}],"version-history":[{"count":0,"href":"https:\/\/ecole-ste-anne-asserac.fr\/index.php?rest_route=\/wp\/v2\/posts\/612\/revisions"}],"wp:attachment":[{"href":"https:\/\/ecole-ste-anne-asserac.fr\/index.php?rest_route=%2Fwp%2Fv2%2Fmedia&parent=612"}],"wp:term":[{"taxonomy":"category","embeddable":true,"href":"https:\/\/ecole-ste-anne-asserac.fr\/index.php?rest_route=%2Fwp%2Fv2%2Fcategories&post=612"},{"taxonomy":"post_tag","embeddable":true,"href":"https:\/\/ecole-ste-anne-asserac.fr\/index.php?rest_route=%2Fwp%2Fv2%2Ftags&post=612"}],"curies":[{"name":"wp","href":"https:\/\/api.w.org\/{rel}","templated":true}]}}