{"id":624,"date":"2016-04-21T17:23:30","date_gmt":"2016-04-21T16:23:30","guid":{"rendered":"http:\/\/ecole-ste-anne-asserac.fr\/?p=624"},"modified":"2016-04-21T20:48:12","modified_gmt":"2016-04-21T19:48:12","slug":"atelier-sur-les-dechets","status":"publish","type":"post","link":"https:\/\/ecole-ste-anne-asserac.fr\/?p=624","title":{"rendered":"Atelier sur les d\u00e9chets"},"content":{"rendered":"<p>Aujourd&rsquo;hui, 21 avril, Emmanuelle de <a href=\"http:\/\/www.cap-atlantique.fr\/\">CAP Atlantique <\/a>est revenue nous voir, dans\u00a0 la classe cette fois.<\/p>\n<p><a href=\"http:\/\/ecole-ste-anne-asserac.fr\/wp-content\/uploads\/2016\/04\/SDC11968.jpg\"><img loading=\"lazy\" decoding=\"async\" class=\"aligncenter size-medium wp-image-625\" src=\"http:\/\/ecole-ste-anne-asserac.fr\/wp-content\/uploads\/2016\/04\/SDC11968-300x225.jpg\" alt=\"SDC11968\" width=\"300\" height=\"225\" srcset=\"https:\/\/ecole-ste-anne-asserac.fr\/wp-content\/uploads\/2016\/04\/SDC11968-300x225.jpg 300w, https:\/\/ecole-ste-anne-asserac.fr\/wp-content\/uploads\/2016\/04\/SDC11968-768x576.jpg 768w, https:\/\/ecole-ste-anne-asserac.fr\/wp-content\/uploads\/2016\/04\/SDC11968-1024x768.jpg 1024w, https:\/\/ecole-ste-anne-asserac.fr\/wp-content\/uploads\/2016\/04\/SDC11968-600x450.jpg 600w, https:\/\/ecole-ste-anne-asserac.fr\/wp-content\/uploads\/2016\/04\/SDC11968.jpg 2048w\" sizes=\"auto, (max-width: 300px) 100vw, 300px\" \/><\/a>Apr\u00e8s avoir fait un r\u00e9sum\u00e9 de ce que nous avions vu \u00e0 Vannes, Emmanuelle nous a distribu\u00e9 des d\u00e9chets&#8230;..<\/p>\n<p><a href=\"http:\/\/ecole-ste-anne-asserac.fr\/wp-content\/uploads\/2016\/04\/SDC11960.jpg\"><img loading=\"lazy\" decoding=\"async\" class=\"aligncenter size-medium wp-image-626\" src=\"http:\/\/ecole-ste-anne-asserac.fr\/wp-content\/uploads\/2016\/04\/SDC11960-300x225.jpg\" alt=\"SDC11960\" width=\"300\" height=\"225\" srcset=\"https:\/\/ecole-ste-anne-asserac.fr\/wp-content\/uploads\/2016\/04\/SDC11960-300x225.jpg 300w, https:\/\/ecole-ste-anne-asserac.fr\/wp-content\/uploads\/2016\/04\/SDC11960-768x576.jpg 768w, https:\/\/ecole-ste-anne-asserac.fr\/wp-content\/uploads\/2016\/04\/SDC11960-1024x768.jpg 1024w, https:\/\/ecole-ste-anne-asserac.fr\/wp-content\/uploads\/2016\/04\/SDC11960-600x450.jpg 600w, https:\/\/ecole-ste-anne-asserac.fr\/wp-content\/uploads\/2016\/04\/SDC11960.jpg 2048w\" sizes=\"auto, (max-width: 300px) 100vw, 300px\" \/><\/a><a href=\"http:\/\/ecole-ste-anne-asserac.fr\/wp-content\/uploads\/2016\/04\/SDC11962.jpg\"><img loading=\"lazy\" decoding=\"async\" class=\"aligncenter size-medium wp-image-630\" src=\"http:\/\/ecole-ste-anne-asserac.fr\/wp-content\/uploads\/2016\/04\/SDC11962-300x225.jpg\" alt=\"SDC11962\" width=\"300\" height=\"225\" srcset=\"https:\/\/ecole-ste-anne-asserac.fr\/wp-content\/uploads\/2016\/04\/SDC11962-300x225.jpg 300w, https:\/\/ecole-ste-anne-asserac.fr\/wp-content\/uploads\/2016\/04\/SDC11962-768x576.jpg 768w, https:\/\/ecole-ste-anne-asserac.fr\/wp-content\/uploads\/2016\/04\/SDC11962-1024x768.jpg 1024w, https:\/\/ecole-ste-anne-asserac.fr\/wp-content\/uploads\/2016\/04\/SDC11962-600x450.jpg 600w, https:\/\/ecole-ste-anne-asserac.fr\/wp-content\/uploads\/2016\/04\/SDC11962.jpg 2048w\" sizes=\"auto, (max-width: 300px) 100vw, 300px\" \/><\/a>&#8230;&#8230; et nous avons du les trier et les mettre dans les bonnes poubelles (jaune,bleue, noire, compost, piles, verre, m\u00e9dicaments, d\u00e9chets \u00e9lectriques, encombrants &#8230;)<\/p>\n<p><a href=\"http:\/\/ecole-ste-anne-asserac.fr\/wp-content\/uploads\/2016\/04\/SDC11964.jpg\"><img loading=\"lazy\" decoding=\"async\" class=\"aligncenter size-medium wp-image-627\" src=\"http:\/\/ecole-ste-anne-asserac.fr\/wp-content\/uploads\/2016\/04\/SDC11964-300x225.jpg\" alt=\"SDC11964\" width=\"300\" height=\"225\" srcset=\"https:\/\/ecole-ste-anne-asserac.fr\/wp-content\/uploads\/2016\/04\/SDC11964-300x225.jpg 300w, https:\/\/ecole-ste-anne-asserac.fr\/wp-content\/uploads\/2016\/04\/SDC11964-768x576.jpg 768w, https:\/\/ecole-ste-anne-asserac.fr\/wp-content\/uploads\/2016\/04\/SDC11964-1024x768.jpg 1024w, https:\/\/ecole-ste-anne-asserac.fr\/wp-content\/uploads\/2016\/04\/SDC11964-600x450.jpg 600w, https:\/\/ecole-ste-anne-asserac.fr\/wp-content\/uploads\/2016\/04\/SDC11964.jpg 2048w\" sizes=\"auto, (max-width: 300px) 100vw, 300px\" \/><\/a><a href=\"http:\/\/ecole-ste-anne-asserac.fr\/wp-content\/uploads\/2016\/04\/SDC11966.jpg\"><img loading=\"lazy\" decoding=\"async\" class=\"aligncenter size-medium wp-image-628\" src=\"http:\/\/ecole-ste-anne-asserac.fr\/wp-content\/uploads\/2016\/04\/SDC11966-300x225.jpg\" alt=\"SDC11966\" width=\"300\" height=\"225\" srcset=\"https:\/\/ecole-ste-anne-asserac.fr\/wp-content\/uploads\/2016\/04\/SDC11966-300x225.jpg 300w, https:\/\/ecole-ste-anne-asserac.fr\/wp-content\/uploads\/2016\/04\/SDC11966-768x576.jpg 768w, https:\/\/ecole-ste-anne-asserac.fr\/wp-content\/uploads\/2016\/04\/SDC11966-1024x768.jpg 1024w, https:\/\/ecole-ste-anne-asserac.fr\/wp-content\/uploads\/2016\/04\/SDC11966-600x450.jpg 600w, https:\/\/ecole-ste-anne-asserac.fr\/wp-content\/uploads\/2016\/04\/SDC11966.jpg 2048w\" sizes=\"auto, (max-width: 300px) 100vw, 300px\" \/><\/a><a href=\"http:\/\/ecole-ste-anne-asserac.fr\/wp-content\/uploads\/2016\/04\/SDC11965.jpg\"><img loading=\"lazy\" decoding=\"async\" class=\"aligncenter size-medium wp-image-629\" src=\"http:\/\/ecole-ste-anne-asserac.fr\/wp-content\/uploads\/2016\/04\/SDC11965-300x225.jpg\" alt=\"SDC11965\" width=\"300\" height=\"225\" srcset=\"https:\/\/ecole-ste-anne-asserac.fr\/wp-content\/uploads\/2016\/04\/SDC11965-300x225.jpg 300w, https:\/\/ecole-ste-anne-asserac.fr\/wp-content\/uploads\/2016\/04\/SDC11965-768x576.jpg 768w, https:\/\/ecole-ste-anne-asserac.fr\/wp-content\/uploads\/2016\/04\/SDC11965-1024x768.jpg 1024w, https:\/\/ecole-ste-anne-asserac.fr\/wp-content\/uploads\/2016\/04\/SDC11965-600x450.jpg 600w, https:\/\/ecole-ste-anne-asserac.fr\/wp-content\/uploads\/2016\/04\/SDC11965.jpg 2048w\" sizes=\"auto, (max-width: 300px) 100vw, 300px\" \/><\/a><\/p>\n<p>D\u00e9sormais, nous sommes les champions du tri !!<\/p>\n<p>Apr\u00e8s nous avoir expliqu\u00e9 les diff\u00e9rentes fa\u00e7ons d&rsquo;\u00e9liminer les d\u00e9chets ( incin\u00e9ration, enfouissement, compostage &#8230;.), nous avons fait un jeu de loto\u00a0 par \u00e9quipe dans lequel il fallait trouver la mati\u00e8re premi\u00e8re et l&rsquo;objet revaloris\u00e9 apr\u00e8s le recyclage .\u00a0 La chance n&rsquo;a pas \u00e9t\u00e9 avec toutes les \u00e9quipes !<\/p>\n<p><a href=\"http:\/\/ecole-ste-anne-asserac.fr\/wp-content\/uploads\/2016\/04\/SDC11969.jpg\"><img loading=\"lazy\" decoding=\"async\" class=\"aligncenter size-medium wp-image-631\" src=\"http:\/\/ecole-ste-anne-asserac.fr\/wp-content\/uploads\/2016\/04\/SDC11969-300x225.jpg\" alt=\"SDC11969\" width=\"300\" height=\"225\" srcset=\"https:\/\/ecole-ste-anne-asserac.fr\/wp-content\/uploads\/2016\/04\/SDC11969-300x225.jpg 300w, https:\/\/ecole-ste-anne-asserac.fr\/wp-content\/uploads\/2016\/04\/SDC11969-768x576.jpg 768w, https:\/\/ecole-ste-anne-asserac.fr\/wp-content\/uploads\/2016\/04\/SDC11969-1024x768.jpg 1024w, https:\/\/ecole-ste-anne-asserac.fr\/wp-content\/uploads\/2016\/04\/SDC11969-600x450.jpg 600w, https:\/\/ecole-ste-anne-asserac.fr\/wp-content\/uploads\/2016\/04\/SDC11969.jpg 2048w\" sizes=\"auto, (max-width: 300px) 100vw, 300px\" \/><\/a><\/p>\n<p>Enfin, pour terminer, Emmanuelle nous a montr\u00e9 la vid\u00e9o de Georgette la canette. &#8230; Nous n&rsquo;aurons plus jamais le m\u00eame regard sur l&rsquo;int\u00e9rieur d&rsquo;un frigo ! Vous ne le savez peut-\u00eatre pas , mais il y a une folle ambiance dans un frigo !!<\/p>\n","protected":false},"excerpt":{"rendered":"<p>Aujourd&rsquo;hui, 21 avril, Emmanuelle de CAP Atlantique est revenue nous voir, dans\u00a0 la classe cette fois. Apr\u00e8s avoir fait un r\u00e9sum\u00e9 de ce que nous avions vu \u00e0 Vannes, Emmanuelle nous a distribu\u00e9 des d\u00e9chets&#8230;.. &#8230;&#8230; et nous avons du les trier et les mettre dans les bonnes poubelles (jaune,bleue, noire, compost, piles, verre, m\u00e9dicaments,<\/p>\n<p><a href=\"https:\/\/ecole-ste-anne-asserac.fr\/?p=624\" class=\"more-link themebutton\">Lire la suite<\/a><\/p>\n","protected":false},"author":3,"featured_media":0,"comment_status":"closed","ping_status":"closed","sticky":false,"template":"","format":"standard","meta":{"ngg_post_thumbnail":0,"footnotes":""},"categories":[8],"tags":[],"class_list":["post-624","post","type-post","status-publish","format-standard","hentry","category-classe-de-cm1-cm2"],"_links":{"self":[{"href":"https:\/\/ecole-ste-anne-asserac.fr\/index.php?rest_route=\/wp\/v2\/posts\/624","targetHints":{"allow":["GET"]}}],"collection":[{"href":"https:\/\/ecole-ste-anne-asserac.fr\/index.php?rest_route=\/wp\/v2\/posts"}],"about":[{"href":"https:\/\/ecole-ste-anne-asserac.fr\/index.php?rest_route=\/wp\/v2\/types\/post"}],"author":[{"embeddable":true,"href":"https:\/\/ecole-ste-anne-asserac.fr\/index.php?rest_route=\/wp\/v2\/users\/3"}],"replies":[{"embeddable":true,"href":"https:\/\/ecole-ste-anne-asserac.fr\/index.php?rest_route=%2Fwp%2Fv2%2Fcomments&post=624"}],"version-history":[{"count":0,"href":"https:\/\/ecole-ste-anne-asserac.fr\/index.php?rest_route=\/wp\/v2\/posts\/624\/revisions"}],"wp:attachment":[{"href":"https:\/\/ecole-ste-anne-asserac.fr\/index.php?rest_route=%2Fwp%2Fv2%2Fmedia&parent=624"}],"wp:term":[{"taxonomy":"category","embeddable":true,"href":"https:\/\/ecole-ste-anne-asserac.fr\/index.php?rest_route=%2Fwp%2Fv2%2Fcategories&post=624"},{"taxonomy":"post_tag","embeddable":true,"href":"https:\/\/ecole-ste-anne-asserac.fr\/index.php?rest_route=%2Fwp%2Fv2%2Ftags&post=624"}],"curies":[{"name":"wp","href":"https:\/\/api.w.org\/{rel}","templated":true}]}}