{"id":6293,"date":"2024-02-10T23:41:47","date_gmt":"2024-02-10T22:41:47","guid":{"rendered":"https:\/\/ecole-ste-anne-asserac.fr\/?p=6293"},"modified":"2024-02-24T13:45:44","modified_gmt":"2024-02-24T12:45:44","slug":"la-flamme-olympique-est-arrivee-a-asserac","status":"publish","type":"post","link":"https:\/\/ecole-ste-anne-asserac.fr\/?p=6293","title":{"rendered":"La flamme olympique est arriv\u00e9e \u00e0 Ass\u00e9rac !"},"content":{"rendered":"<p>La flamme est le symbole fondamental des c\u00e9r\u00e9monies olympiques . Elle a \u00e9t\u00e9 allum\u00e9e pour la premi\u00e8re fois \u00e0 l&rsquo;occasion des Jeux Olympiques d&rsquo;Amsterdam en 1928. A partir de 1936, la c\u00e9r\u00e9monie d&rsquo;allumage et le transport de la flamme depuis Olympie en Gr\u00e8ce ont \u00e9t\u00e9 valid\u00e9s et int\u00e9gr\u00e9s par le Comit\u00e9 International Olympique.<\/p>\n<p>2024 est une ann\u00e9e olympique particuli\u00e8re pour la France puisque les JO auront lieu \u00e0 Paris. Les valeurs de l&rsquo;olympisme sont : AMITIE &#8211; RESPECT &#8211; EXCELLENCE&#8230;<\/p>\n<p>Le projet d&rsquo;ann\u00e9e des \u00e9tablissements scolaires catholiques de Loire Atlantique s&rsquo;en est inspir\u00e9 et un parcours avec le passage de la flamme, sous forme de relais, a \u00e9t\u00e9 mis en place.<\/p>\n<p>Cette semaine, jeudi 8 f\u00e9vrier , c&rsquo;est l&rsquo;\u00e9cole St Fran\u00e7ois de SAINT-MOLF qui nous l&rsquo;a apport\u00e9e. Nous l&rsquo;attendions avec impatience ! Ils ont \u00e9t\u00e9 accueillis avec une haie d&rsquo;honneur , sous les applaudissements des \u00e9l\u00e8ves et des parents venus pour cet \u00e9v\u00e9nement :<\/p>\n<p>&nbsp;<img loading=\"lazy\" decoding=\"async\" class=\"alignnone size-medium wp-image-6299\" src=\"http:\/\/ecole-ste-anne-asserac.fr\/wp-content\/uploads\/2024\/02\/20240208_092014-1-300x225.jpg\" alt=\"\" width=\"300\" height=\"225\" srcset=\"https:\/\/ecole-ste-anne-asserac.fr\/wp-content\/uploads\/2024\/02\/20240208_092014-1-300x225.jpg 300w, https:\/\/ecole-ste-anne-asserac.fr\/wp-content\/uploads\/2024\/02\/20240208_092014-1-1024x768.jpg 1024w, https:\/\/ecole-ste-anne-asserac.fr\/wp-content\/uploads\/2024\/02\/20240208_092014-1-768x576.jpg 768w, https:\/\/ecole-ste-anne-asserac.fr\/wp-content\/uploads\/2024\/02\/20240208_092014-1-600x450.jpg 600w, https:\/\/ecole-ste-anne-asserac.fr\/wp-content\/uploads\/2024\/02\/20240208_092014-1-1536x1152.jpg 1536w, https:\/\/ecole-ste-anne-asserac.fr\/wp-content\/uploads\/2024\/02\/20240208_092014-1-2048x1536.jpg 2048w\" sizes=\"auto, (max-width: 300px) 100vw, 300px\" \/>&nbsp;<a href=\"http:\/\/ecole-ste-anne-asserac.fr\/wp-content\/uploads\/2024\/02\/20240208_092042-scaled.jpg\"><img loading=\"lazy\" decoding=\"async\" class=\"alignnone size-medium wp-image-6296\" src=\"http:\/\/ecole-ste-anne-asserac.fr\/wp-content\/uploads\/2024\/02\/20240208_092042-169x300.jpg\" alt=\"\" width=\"169\" height=\"300\" srcset=\"https:\/\/ecole-ste-anne-asserac.fr\/wp-content\/uploads\/2024\/02\/20240208_092042-169x300.jpg 169w, https:\/\/ecole-ste-anne-asserac.fr\/wp-content\/uploads\/2024\/02\/20240208_092042-577x1024.jpg 577w, https:\/\/ecole-ste-anne-asserac.fr\/wp-content\/uploads\/2024\/02\/20240208_092042-768x1364.jpg 768w, https:\/\/ecole-ste-anne-asserac.fr\/wp-content\/uploads\/2024\/02\/20240208_092042-600x1065.jpg 600w, https:\/\/ecole-ste-anne-asserac.fr\/wp-content\/uploads\/2024\/02\/20240208_092042-865x1536.jpg 865w, https:\/\/ecole-ste-anne-asserac.fr\/wp-content\/uploads\/2024\/02\/20240208_092042-1153x2048.jpg 1153w, https:\/\/ecole-ste-anne-asserac.fr\/wp-content\/uploads\/2024\/02\/20240208_092042-scaled.jpg 1442w\" sizes=\"auto, (max-width: 169px) 100vw, 169px\" \/><\/a> <img loading=\"lazy\" decoding=\"async\" class=\"alignnone size-medium wp-image-6297\" src=\"http:\/\/ecole-ste-anne-asserac.fr\/wp-content\/uploads\/2024\/02\/20240208_093719-169x300.jpg\" alt=\"\" width=\"169\" height=\"300\" srcset=\"https:\/\/ecole-ste-anne-asserac.fr\/wp-content\/uploads\/2024\/02\/20240208_093719-169x300.jpg 169w, https:\/\/ecole-ste-anne-asserac.fr\/wp-content\/uploads\/2024\/02\/20240208_093719-577x1024.jpg 577w, https:\/\/ecole-ste-anne-asserac.fr\/wp-content\/uploads\/2024\/02\/20240208_093719-768x1364.jpg 768w, https:\/\/ecole-ste-anne-asserac.fr\/wp-content\/uploads\/2024\/02\/20240208_093719-600x1065.jpg 600w, https:\/\/ecole-ste-anne-asserac.fr\/wp-content\/uploads\/2024\/02\/20240208_093719-865x1536.jpg 865w, https:\/\/ecole-ste-anne-asserac.fr\/wp-content\/uploads\/2024\/02\/20240208_093719-1153x2048.jpg 1153w, https:\/\/ecole-ste-anne-asserac.fr\/wp-content\/uploads\/2024\/02\/20240208_093719-scaled.jpg 1442w\" sizes=\"auto, (max-width: 169px) 100vw, 169px\" \/> <a href=\"http:\/\/ecole-ste-anne-asserac.fr\/wp-content\/uploads\/2024\/02\/2FEE946D-7D67-4DE7-92C8-B0C53B2CF2F6_1_105_c.jpeg\"><img loading=\"lazy\" decoding=\"async\" class=\"alignnone size-medium wp-image-6312\" src=\"http:\/\/ecole-ste-anne-asserac.fr\/wp-content\/uploads\/2024\/02\/2FEE946D-7D67-4DE7-92C8-B0C53B2CF2F6_1_105_c-225x300.jpeg\" alt=\"\" width=\"225\" height=\"300\" srcset=\"https:\/\/ecole-ste-anne-asserac.fr\/wp-content\/uploads\/2024\/02\/2FEE946D-7D67-4DE7-92C8-B0C53B2CF2F6_1_105_c-225x300.jpeg 225w, https:\/\/ecole-ste-anne-asserac.fr\/wp-content\/uploads\/2024\/02\/2FEE946D-7D67-4DE7-92C8-B0C53B2CF2F6_1_105_c-600x800.jpeg 600w, https:\/\/ecole-ste-anne-asserac.fr\/wp-content\/uploads\/2024\/02\/2FEE946D-7D67-4DE7-92C8-B0C53B2CF2F6_1_105_c.jpeg 768w\" sizes=\"auto, (max-width: 225px) 100vw, 225px\" \/><\/a><\/p>\n<p>La passation s&rsquo;est faite entre \u00e9l\u00e8ves Mendulphins et Ass\u00e9racais &#8230; Elle va maintenant br\u00fbler pendant 2 jours dans notre \u00e9cole.<\/p>\n<p><img loading=\"lazy\" decoding=\"async\" class=\"size-medium wp-image-6311 aligncenter\" src=\"http:\/\/ecole-ste-anne-asserac.fr\/wp-content\/uploads\/2024\/02\/931FD9B4-F0E8-4778-AAEB-3547B03950BA_1_105_c-225x300.jpeg\" alt=\"\" width=\"225\" height=\"300\" srcset=\"https:\/\/ecole-ste-anne-asserac.fr\/wp-content\/uploads\/2024\/02\/931FD9B4-F0E8-4778-AAEB-3547B03950BA_1_105_c-225x300.jpeg 225w, https:\/\/ecole-ste-anne-asserac.fr\/wp-content\/uploads\/2024\/02\/931FD9B4-F0E8-4778-AAEB-3547B03950BA_1_105_c-600x800.jpeg 600w, https:\/\/ecole-ste-anne-asserac.fr\/wp-content\/uploads\/2024\/02\/931FD9B4-F0E8-4778-AAEB-3547B03950BA_1_105_c.jpeg 768w\" sizes=\"auto, (max-width: 225px) 100vw, 225px\" \/> &nbsp; &nbsp;&nbsp;<\/p>\n<p>Nous avons ensuite c\u00e9l\u00e9br\u00e9 cet olympisme en formant les 5 anneaux olympiques, avec nos 2 \u00e9coles m\u00e9lang\u00e9es&#8230;&nbsp;<\/p>\n<p>Ce dessin des 5 anneaux a \u00e9t\u00e9 r\u00e9alis\u00e9 par Pierre de Coubertin, pour symboliser l&rsquo;activit\u00e9 du mouvement olympique, l&rsquo;Union des 5 continents, la rencontre des athl\u00e8tes du monde entier. Nous l&rsquo;avons v\u00e9cu nous aussi \u00e0 notre mani\u00e8re avec la rencontre des \u00e9l\u00e8ves de St Molf :<\/p>\n<p><a href=\"http:\/\/ecole-ste-anne-asserac.fr\/wp-content\/uploads\/2024\/02\/anneaux-1-scaled.jpeg\"><img loading=\"lazy\" decoding=\"async\" class=\"alignnone size-medium wp-image-6301\" src=\"http:\/\/ecole-ste-anne-asserac.fr\/wp-content\/uploads\/2024\/02\/anneaux-1-300x225.jpeg\" alt=\"\" width=\"300\" height=\"225\" srcset=\"https:\/\/ecole-ste-anne-asserac.fr\/wp-content\/uploads\/2024\/02\/anneaux-1-300x225.jpeg 300w, https:\/\/ecole-ste-anne-asserac.fr\/wp-content\/uploads\/2024\/02\/anneaux-1-1024x768.jpeg 1024w, https:\/\/ecole-ste-anne-asserac.fr\/wp-content\/uploads\/2024\/02\/anneaux-1-768x576.jpeg 768w, https:\/\/ecole-ste-anne-asserac.fr\/wp-content\/uploads\/2024\/02\/anneaux-1-600x450.jpeg 600w, https:\/\/ecole-ste-anne-asserac.fr\/wp-content\/uploads\/2024\/02\/anneaux-1-1536x1152.jpeg 1536w, https:\/\/ecole-ste-anne-asserac.fr\/wp-content\/uploads\/2024\/02\/anneaux-1-2048x1536.jpeg 2048w\" sizes=\"auto, (max-width: 300px) 100vw, 300px\" \/><\/a>&nbsp; &nbsp; <a href=\"http:\/\/ecole-ste-anne-asserac.fr\/wp-content\/uploads\/2024\/02\/Capture-decran-2024-02-10-134500.png\"><img loading=\"lazy\" decoding=\"async\" class=\"alignnone size-medium wp-image-6304\" src=\"http:\/\/ecole-ste-anne-asserac.fr\/wp-content\/uploads\/2024\/02\/Capture-decran-2024-02-10-134500-300x145.png\" alt=\"\" width=\"300\" height=\"145\" srcset=\"https:\/\/ecole-ste-anne-asserac.fr\/wp-content\/uploads\/2024\/02\/Capture-decran-2024-02-10-134500-300x145.png 300w, https:\/\/ecole-ste-anne-asserac.fr\/wp-content\/uploads\/2024\/02\/Capture-decran-2024-02-10-134500-1024x496.png 1024w, https:\/\/ecole-ste-anne-asserac.fr\/wp-content\/uploads\/2024\/02\/Capture-decran-2024-02-10-134500-768x372.png 768w, https:\/\/ecole-ste-anne-asserac.fr\/wp-content\/uploads\/2024\/02\/Capture-decran-2024-02-10-134500-600x291.png 600w, https:\/\/ecole-ste-anne-asserac.fr\/wp-content\/uploads\/2024\/02\/Capture-decran-2024-02-10-134500.png 1116w\" sizes=\"auto, (max-width: 300px) 100vw, 300px\" \/><\/a>&nbsp; <img loading=\"lazy\" decoding=\"async\" class=\"alignnone size-medium wp-image-6305\" src=\"http:\/\/ecole-ste-anne-asserac.fr\/wp-content\/uploads\/2024\/02\/Capture-decran-2024-02-10-134537-300x202.png\" alt=\"\" width=\"300\" height=\"202\" srcset=\"https:\/\/ecole-ste-anne-asserac.fr\/wp-content\/uploads\/2024\/02\/Capture-decran-2024-02-10-134537-300x202.png 300w, https:\/\/ecole-ste-anne-asserac.fr\/wp-content\/uploads\/2024\/02\/Capture-decran-2024-02-10-134537-1024x688.png 1024w, https:\/\/ecole-ste-anne-asserac.fr\/wp-content\/uploads\/2024\/02\/Capture-decran-2024-02-10-134537-768x516.png 768w, https:\/\/ecole-ste-anne-asserac.fr\/wp-content\/uploads\/2024\/02\/Capture-decran-2024-02-10-134537-600x403.png 600w, https:\/\/ecole-ste-anne-asserac.fr\/wp-content\/uploads\/2024\/02\/Capture-decran-2024-02-10-134537-272x182.png 272w, https:\/\/ecole-ste-anne-asserac.fr\/wp-content\/uploads\/2024\/02\/Capture-decran-2024-02-10-134537.png 1128w\" sizes=\"auto, (max-width: 300px) 100vw, 300px\" \/>&nbsp;<\/p>\n<p>La f\u00eate a continu\u00e9 avec le chant \u00ab\u00a0la flamme olympique\u00a0\u00bb , puis la pr\u00e9sentation de chacun des flashmobs , appris pour cette occasion :<\/p>\n<p>Celui de nos invit\u00e9s :<\/p>\n<div style=\"width: 1170px;\" class=\"wp-video\"><!--[if lt IE 9]><script>document.createElement('video');<\/script><![endif]-->\n<video class=\"wp-video-shortcode\" id=\"video-6293-1\" width=\"1170\" height=\"658\" preload=\"metadata\" controls=\"controls\"><source type=\"video\/mp4\" src=\"http:\/\/ecole-ste-anne-asserac.fr\/wp-content\/uploads\/2024\/02\/20240208_095512.mp4?_=1\" \/><a href=\"http:\/\/ecole-ste-anne-asserac.fr\/wp-content\/uploads\/2024\/02\/20240208_095512.mp4\">http:\/\/ecole-ste-anne-asserac.fr\/wp-content\/uploads\/2024\/02\/20240208_095512.mp4<\/a><\/video><\/div>\n<p>Et le n\u00f4tre , \u00a0\u00bb Portons la flamme \u00a0\u00bb :<\/p>\n<div style=\"width: 1170px;\" class=\"wp-video\"><video class=\"wp-video-shortcode\" id=\"video-6293-2\" width=\"1170\" height=\"658\" preload=\"metadata\" controls=\"controls\"><source type=\"video\/mp4\" src=\"http:\/\/ecole-ste-anne-asserac.fr\/wp-content\/uploads\/2024\/02\/20240208_095934.mp4?_=2\" \/><a href=\"http:\/\/ecole-ste-anne-asserac.fr\/wp-content\/uploads\/2024\/02\/20240208_095934.mp4\">http:\/\/ecole-ste-anne-asserac.fr\/wp-content\/uploads\/2024\/02\/20240208_095934.mp4<\/a><\/video><\/div>\n<p>Nous avons ensuite dans\u00e9 ensemble les 2 chor\u00e9graphies, avec beaucoup de plaisir.&nbsp;<\/p>\n<p>Les enfants de St Molf sont ensuite retourn\u00e9s dans leur \u00e9cole, nous laissant avec cette flamme, sous les yeux des Phryges, les mascottes des futurs JO et Jeux Paralympiques . La pluie qui est arriv\u00e9e en fin de matin\u00e9e ne l&rsquo;a pas \u00e9teinte&nbsp; ! Nous avions bien l&rsquo;intention de la faire vivre&#8230;<\/p>\n<p style=\"text-align: center;\">**********************<\/p>\n<p>Le lendemain, vendredi 8 f\u00e9vrier, nous avons pass\u00e9 la matin\u00e9e en ateliers en \u00e9quipes \u00ab\u00a0inter-classes\u00a0\u00bb : du sport, du bricolage, des constructions, de la cuisine, de l&rsquo;art plastique &#8230;.. tout sur le th\u00e8me des JO bien s\u00fbr !<\/p>\n<p>En \u00e9quipe , pour le sport, nous avons fait du parachute, du c\u00e9cifoot masqu\u00e9,&nbsp; un relais&#8230;<\/p>\n<p><img loading=\"lazy\" decoding=\"async\" class=\"alignnone size-medium wp-image-6317\" src=\"http:\/\/ecole-ste-anne-asserac.fr\/wp-content\/uploads\/2024\/02\/WhatsApp-Image-2024-02-09-at-15.02.46-11-300x225.jpeg\" alt=\"\" width=\"300\" height=\"225\" srcset=\"https:\/\/ecole-ste-anne-asserac.fr\/wp-content\/uploads\/2024\/02\/WhatsApp-Image-2024-02-09-at-15.02.46-11-300x225.jpeg 300w, https:\/\/ecole-ste-anne-asserac.fr\/wp-content\/uploads\/2024\/02\/WhatsApp-Image-2024-02-09-at-15.02.46-11-1024x768.jpeg 1024w, https:\/\/ecole-ste-anne-asserac.fr\/wp-content\/uploads\/2024\/02\/WhatsApp-Image-2024-02-09-at-15.02.46-11-768x576.jpeg 768w, https:\/\/ecole-ste-anne-asserac.fr\/wp-content\/uploads\/2024\/02\/WhatsApp-Image-2024-02-09-at-15.02.46-11-600x450.jpeg 600w, https:\/\/ecole-ste-anne-asserac.fr\/wp-content\/uploads\/2024\/02\/WhatsApp-Image-2024-02-09-at-15.02.46-11-1536x1152.jpeg 1536w, https:\/\/ecole-ste-anne-asserac.fr\/wp-content\/uploads\/2024\/02\/WhatsApp-Image-2024-02-09-at-15.02.46-11.jpeg 2016w\" sizes=\"auto, (max-width: 300px) 100vw, 300px\" \/> <a href=\"http:\/\/ecole-ste-anne-asserac.fr\/wp-content\/uploads\/2024\/02\/WhatsApp-Image-2024-02-09-at-15.04.27-6.jpeg\"><img loading=\"lazy\" decoding=\"async\" class=\"alignnone size-medium wp-image-6325\" src=\"http:\/\/ecole-ste-anne-asserac.fr\/wp-content\/uploads\/2024\/02\/WhatsApp-Image-2024-02-09-at-15.04.27-6-300x225.jpeg\" alt=\"\" width=\"300\" height=\"225\" srcset=\"https:\/\/ecole-ste-anne-asserac.fr\/wp-content\/uploads\/2024\/02\/WhatsApp-Image-2024-02-09-at-15.04.27-6-300x225.jpeg 300w, https:\/\/ecole-ste-anne-asserac.fr\/wp-content\/uploads\/2024\/02\/WhatsApp-Image-2024-02-09-at-15.04.27-6-1024x768.jpeg 1024w, https:\/\/ecole-ste-anne-asserac.fr\/wp-content\/uploads\/2024\/02\/WhatsApp-Image-2024-02-09-at-15.04.27-6-768x576.jpeg 768w, https:\/\/ecole-ste-anne-asserac.fr\/wp-content\/uploads\/2024\/02\/WhatsApp-Image-2024-02-09-at-15.04.27-6-600x450.jpeg 600w, https:\/\/ecole-ste-anne-asserac.fr\/wp-content\/uploads\/2024\/02\/WhatsApp-Image-2024-02-09-at-15.04.27-6-1536x1152.jpeg 1536w, https:\/\/ecole-ste-anne-asserac.fr\/wp-content\/uploads\/2024\/02\/WhatsApp-Image-2024-02-09-at-15.04.27-6.jpeg 2016w\" sizes=\"auto, (max-width: 300px) 100vw, 300px\" \/><\/a>&nbsp;&nbsp;<a href=\"http:\/\/ecole-ste-anne-asserac.fr\/wp-content\/uploads\/2024\/02\/WhatsApp-Image-2024-02-09-at-15.04.18-1.jpeg\"><img loading=\"lazy\" decoding=\"async\" class=\"alignnone size-medium wp-image-6323\" src=\"http:\/\/ecole-ste-anne-asserac.fr\/wp-content\/uploads\/2024\/02\/WhatsApp-Image-2024-02-09-at-15.04.18-1-225x300.jpeg\" alt=\"\" width=\"225\" height=\"300\" srcset=\"https:\/\/ecole-ste-anne-asserac.fr\/wp-content\/uploads\/2024\/02\/WhatsApp-Image-2024-02-09-at-15.04.18-1-225x300.jpeg 225w, https:\/\/ecole-ste-anne-asserac.fr\/wp-content\/uploads\/2024\/02\/WhatsApp-Image-2024-02-09-at-15.04.18-1-768x1024.jpeg 768w, https:\/\/ecole-ste-anne-asserac.fr\/wp-content\/uploads\/2024\/02\/WhatsApp-Image-2024-02-09-at-15.04.18-1-600x800.jpeg 600w, https:\/\/ecole-ste-anne-asserac.fr\/wp-content\/uploads\/2024\/02\/WhatsApp-Image-2024-02-09-at-15.04.18-1-1152x1536.jpeg 1152w, https:\/\/ecole-ste-anne-asserac.fr\/wp-content\/uploads\/2024\/02\/WhatsApp-Image-2024-02-09-at-15.04.18-1.jpeg 1512w\" sizes=\"auto, (max-width: 225px) 100vw, 225px\" \/><\/a> <a href=\"http:\/\/ecole-ste-anne-asserac.fr\/wp-content\/uploads\/2024\/02\/WhatsApp-Image-2024-02-09-at-15.04.17.jpeg\"><img loading=\"lazy\" decoding=\"async\" class=\"alignnone size-medium wp-image-6314\" src=\"http:\/\/ecole-ste-anne-asserac.fr\/wp-content\/uploads\/2024\/02\/WhatsApp-Image-2024-02-09-at-15.04.17-300x225.jpeg\" alt=\"\" width=\"300\" height=\"225\" srcset=\"https:\/\/ecole-ste-anne-asserac.fr\/wp-content\/uploads\/2024\/02\/WhatsApp-Image-2024-02-09-at-15.04.17-300x225.jpeg 300w, https:\/\/ecole-ste-anne-asserac.fr\/wp-content\/uploads\/2024\/02\/WhatsApp-Image-2024-02-09-at-15.04.17-1024x768.jpeg 1024w, https:\/\/ecole-ste-anne-asserac.fr\/wp-content\/uploads\/2024\/02\/WhatsApp-Image-2024-02-09-at-15.04.17-768x576.jpeg 768w, https:\/\/ecole-ste-anne-asserac.fr\/wp-content\/uploads\/2024\/02\/WhatsApp-Image-2024-02-09-at-15.04.17-600x450.jpeg 600w, https:\/\/ecole-ste-anne-asserac.fr\/wp-content\/uploads\/2024\/02\/WhatsApp-Image-2024-02-09-at-15.04.17-1536x1152.jpeg 1536w, https:\/\/ecole-ste-anne-asserac.fr\/wp-content\/uploads\/2024\/02\/WhatsApp-Image-2024-02-09-at-15.04.17.jpeg 2016w\" sizes=\"auto, (max-width: 300px) 100vw, 300px\" \/><\/a> <a href=\"http:\/\/ecole-ste-anne-asserac.fr\/wp-content\/uploads\/2024\/02\/WhatsApp-Image-2024-02-09-at-15.04.27.jpeg\"><img loading=\"lazy\" decoding=\"async\" class=\"alignnone size-medium wp-image-6320\" src=\"http:\/\/ecole-ste-anne-asserac.fr\/wp-content\/uploads\/2024\/02\/WhatsApp-Image-2024-02-09-at-15.04.27-225x300.jpeg\" alt=\"\" width=\"225\" height=\"300\" srcset=\"https:\/\/ecole-ste-anne-asserac.fr\/wp-content\/uploads\/2024\/02\/WhatsApp-Image-2024-02-09-at-15.04.27-225x300.jpeg 225w, https:\/\/ecole-ste-anne-asserac.fr\/wp-content\/uploads\/2024\/02\/WhatsApp-Image-2024-02-09-at-15.04.27-768x1024.jpeg 768w, https:\/\/ecole-ste-anne-asserac.fr\/wp-content\/uploads\/2024\/02\/WhatsApp-Image-2024-02-09-at-15.04.27-600x800.jpeg 600w, https:\/\/ecole-ste-anne-asserac.fr\/wp-content\/uploads\/2024\/02\/WhatsApp-Image-2024-02-09-at-15.04.27-1152x1536.jpeg 1152w, https:\/\/ecole-ste-anne-asserac.fr\/wp-content\/uploads\/2024\/02\/WhatsApp-Image-2024-02-09-at-15.04.27.jpeg 1512w\" sizes=\"auto, (max-width: 225px) 100vw, 225px\" \/><\/a> <a href=\"http:\/\/ecole-ste-anne-asserac.fr\/wp-content\/uploads\/2024\/02\/WhatsApp-Image-2024-02-09-at-15.02.48-5.jpeg\"><img loading=\"lazy\" decoding=\"async\" class=\"alignnone size-medium wp-image-6321\" src=\"http:\/\/ecole-ste-anne-asserac.fr\/wp-content\/uploads\/2024\/02\/WhatsApp-Image-2024-02-09-at-15.02.48-5-225x300.jpeg\" alt=\"\" width=\"225\" height=\"300\" srcset=\"https:\/\/ecole-ste-anne-asserac.fr\/wp-content\/uploads\/2024\/02\/WhatsApp-Image-2024-02-09-at-15.02.48-5-225x300.jpeg 225w, https:\/\/ecole-ste-anne-asserac.fr\/wp-content\/uploads\/2024\/02\/WhatsApp-Image-2024-02-09-at-15.02.48-5-768x1024.jpeg 768w, https:\/\/ecole-ste-anne-asserac.fr\/wp-content\/uploads\/2024\/02\/WhatsApp-Image-2024-02-09-at-15.02.48-5-600x800.jpeg 600w, https:\/\/ecole-ste-anne-asserac.fr\/wp-content\/uploads\/2024\/02\/WhatsApp-Image-2024-02-09-at-15.02.48-5-1152x1536.jpeg 1152w, https:\/\/ecole-ste-anne-asserac.fr\/wp-content\/uploads\/2024\/02\/WhatsApp-Image-2024-02-09-at-15.02.48-5.jpeg 1512w\" sizes=\"auto, (max-width: 225px) 100vw, 225px\" \/><\/a> <img loading=\"lazy\" decoding=\"async\" class=\"alignnone size-medium wp-image-6322\" src=\"http:\/\/ecole-ste-anne-asserac.fr\/wp-content\/uploads\/2024\/02\/WhatsApp-Image-2024-02-09-at-15.02.20-1-225x300.jpeg\" alt=\"\" width=\"225\" height=\"300\" srcset=\"https:\/\/ecole-ste-anne-asserac.fr\/wp-content\/uploads\/2024\/02\/WhatsApp-Image-2024-02-09-at-15.02.20-1-225x300.jpeg 225w, https:\/\/ecole-ste-anne-asserac.fr\/wp-content\/uploads\/2024\/02\/WhatsApp-Image-2024-02-09-at-15.02.20-1-768x1024.jpeg 768w, https:\/\/ecole-ste-anne-asserac.fr\/wp-content\/uploads\/2024\/02\/WhatsApp-Image-2024-02-09-at-15.02.20-1-600x800.jpeg 600w, https:\/\/ecole-ste-anne-asserac.fr\/wp-content\/uploads\/2024\/02\/WhatsApp-Image-2024-02-09-at-15.02.20-1-1152x1536.jpeg 1152w, https:\/\/ecole-ste-anne-asserac.fr\/wp-content\/uploads\/2024\/02\/WhatsApp-Image-2024-02-09-at-15.02.20-1.jpeg 1512w\" sizes=\"auto, (max-width: 225px) 100vw, 225px\" \/><\/p>\n<p>Pour le bricolage et art visuel, nous avons r\u00e9alis\u00e9 une fresque collective avec les anneaux olympiques, une flamme individuelle&nbsp; &nbsp;et le drapeau de notre \u00e9quipe &#8230; car nous repr\u00e9sentions symboliquement les 5 continents avec les pays de l&rsquo;Asie (Inde, Tha\u00eflande), de l&rsquo;Oc\u00e9anie (Australie), de l&rsquo;Am\u00e9rique (USA, Colombie), de l&rsquo;Europe (Italie, Espagne, Allemagne, Royaume Uni), et de l&rsquo;Afrique (Afrique du Sud)<\/p>\n<p><a href=\"http:\/\/ecole-ste-anne-asserac.fr\/wp-content\/uploads\/2024\/02\/WhatsApp-Image-2024-02-09-at-15.02.47-7-1.jpeg\"><img loading=\"lazy\" decoding=\"async\" class=\"alignnone size-medium wp-image-6326\" src=\"http:\/\/ecole-ste-anne-asserac.fr\/wp-content\/uploads\/2024\/02\/WhatsApp-Image-2024-02-09-at-15.02.47-7-1-225x300.jpeg\" alt=\"\" width=\"225\" height=\"300\" srcset=\"https:\/\/ecole-ste-anne-asserac.fr\/wp-content\/uploads\/2024\/02\/WhatsApp-Image-2024-02-09-at-15.02.47-7-1-225x300.jpeg 225w, https:\/\/ecole-ste-anne-asserac.fr\/wp-content\/uploads\/2024\/02\/WhatsApp-Image-2024-02-09-at-15.02.47-7-1-768x1024.jpeg 768w, https:\/\/ecole-ste-anne-asserac.fr\/wp-content\/uploads\/2024\/02\/WhatsApp-Image-2024-02-09-at-15.02.47-7-1-600x800.jpeg 600w, https:\/\/ecole-ste-anne-asserac.fr\/wp-content\/uploads\/2024\/02\/WhatsApp-Image-2024-02-09-at-15.02.47-7-1-1152x1536.jpeg 1152w, https:\/\/ecole-ste-anne-asserac.fr\/wp-content\/uploads\/2024\/02\/WhatsApp-Image-2024-02-09-at-15.02.47-7-1.jpeg 1512w\" sizes=\"auto, (max-width: 225px) 100vw, 225px\" \/><\/a> <a href=\"http:\/\/ecole-ste-anne-asserac.fr\/wp-content\/uploads\/2024\/02\/WhatsApp-Image-2024-02-09-at-15.04.24-4.jpeg\"><img loading=\"lazy\" decoding=\"async\" class=\"alignnone size-medium wp-image-6327\" src=\"http:\/\/ecole-ste-anne-asserac.fr\/wp-content\/uploads\/2024\/02\/WhatsApp-Image-2024-02-09-at-15.04.24-4-225x300.jpeg\" alt=\"\" width=\"225\" height=\"300\" srcset=\"https:\/\/ecole-ste-anne-asserac.fr\/wp-content\/uploads\/2024\/02\/WhatsApp-Image-2024-02-09-at-15.04.24-4-225x300.jpeg 225w, https:\/\/ecole-ste-anne-asserac.fr\/wp-content\/uploads\/2024\/02\/WhatsApp-Image-2024-02-09-at-15.04.24-4-768x1024.jpeg 768w, https:\/\/ecole-ste-anne-asserac.fr\/wp-content\/uploads\/2024\/02\/WhatsApp-Image-2024-02-09-at-15.04.24-4-600x800.jpeg 600w, https:\/\/ecole-ste-anne-asserac.fr\/wp-content\/uploads\/2024\/02\/WhatsApp-Image-2024-02-09-at-15.04.24-4-1152x1536.jpeg 1152w, https:\/\/ecole-ste-anne-asserac.fr\/wp-content\/uploads\/2024\/02\/WhatsApp-Image-2024-02-09-at-15.04.24-4.jpeg 1512w\" sizes=\"auto, (max-width: 225px) 100vw, 225px\" \/><\/a> <a href=\"http:\/\/ecole-ste-anne-asserac.fr\/wp-content\/uploads\/2024\/02\/WhatsApp-Image-2024-02-09-at-15.02.49.jpeg\"><img loading=\"lazy\" decoding=\"async\" class=\"alignnone size-medium wp-image-6328\" src=\"http:\/\/ecole-ste-anne-asserac.fr\/wp-content\/uploads\/2024\/02\/WhatsApp-Image-2024-02-09-at-15.02.49-225x300.jpeg\" alt=\"\" width=\"225\" height=\"300\" srcset=\"https:\/\/ecole-ste-anne-asserac.fr\/wp-content\/uploads\/2024\/02\/WhatsApp-Image-2024-02-09-at-15.02.49-225x300.jpeg 225w, https:\/\/ecole-ste-anne-asserac.fr\/wp-content\/uploads\/2024\/02\/WhatsApp-Image-2024-02-09-at-15.02.49-768x1024.jpeg 768w, https:\/\/ecole-ste-anne-asserac.fr\/wp-content\/uploads\/2024\/02\/WhatsApp-Image-2024-02-09-at-15.02.49-600x800.jpeg 600w, https:\/\/ecole-ste-anne-asserac.fr\/wp-content\/uploads\/2024\/02\/WhatsApp-Image-2024-02-09-at-15.02.49-1152x1536.jpeg 1152w, https:\/\/ecole-ste-anne-asserac.fr\/wp-content\/uploads\/2024\/02\/WhatsApp-Image-2024-02-09-at-15.02.49.jpeg 1512w\" sizes=\"auto, (max-width: 225px) 100vw, 225px\" \/><\/a> <a href=\"http:\/\/ecole-ste-anne-asserac.fr\/wp-content\/uploads\/2024\/02\/WhatsApp-Image-2024-02-09-at-15.04.20-2.jpeg\"><img loading=\"lazy\" decoding=\"async\" class=\"alignnone size-medium wp-image-6329\" src=\"http:\/\/ecole-ste-anne-asserac.fr\/wp-content\/uploads\/2024\/02\/WhatsApp-Image-2024-02-09-at-15.04.20-2-225x300.jpeg\" alt=\"\" width=\"225\" height=\"300\" srcset=\"https:\/\/ecole-ste-anne-asserac.fr\/wp-content\/uploads\/2024\/02\/WhatsApp-Image-2024-02-09-at-15.04.20-2-225x300.jpeg 225w, https:\/\/ecole-ste-anne-asserac.fr\/wp-content\/uploads\/2024\/02\/WhatsApp-Image-2024-02-09-at-15.04.20-2-768x1024.jpeg 768w, https:\/\/ecole-ste-anne-asserac.fr\/wp-content\/uploads\/2024\/02\/WhatsApp-Image-2024-02-09-at-15.04.20-2-600x800.jpeg 600w, https:\/\/ecole-ste-anne-asserac.fr\/wp-content\/uploads\/2024\/02\/WhatsApp-Image-2024-02-09-at-15.04.20-2-1152x1536.jpeg 1152w, https:\/\/ecole-ste-anne-asserac.fr\/wp-content\/uploads\/2024\/02\/WhatsApp-Image-2024-02-09-at-15.04.20-2.jpeg 1512w\" sizes=\"auto, (max-width: 225px) 100vw, 225px\" \/><\/a> <a href=\"http:\/\/ecole-ste-anne-asserac.fr\/wp-content\/uploads\/2024\/02\/WhatsApp-Image-2024-02-09-at-15.02.17-1.jpeg\"><img loading=\"lazy\" decoding=\"async\" class=\"alignnone size-medium wp-image-6330\" src=\"http:\/\/ecole-ste-anne-asserac.fr\/wp-content\/uploads\/2024\/02\/WhatsApp-Image-2024-02-09-at-15.02.17-1-225x300.jpeg\" alt=\"\" width=\"225\" height=\"300\" srcset=\"https:\/\/ecole-ste-anne-asserac.fr\/wp-content\/uploads\/2024\/02\/WhatsApp-Image-2024-02-09-at-15.02.17-1-225x300.jpeg 225w, https:\/\/ecole-ste-anne-asserac.fr\/wp-content\/uploads\/2024\/02\/WhatsApp-Image-2024-02-09-at-15.02.17-1-768x1024.jpeg 768w, https:\/\/ecole-ste-anne-asserac.fr\/wp-content\/uploads\/2024\/02\/WhatsApp-Image-2024-02-09-at-15.02.17-1-600x800.jpeg 600w, https:\/\/ecole-ste-anne-asserac.fr\/wp-content\/uploads\/2024\/02\/WhatsApp-Image-2024-02-09-at-15.02.17-1-1152x1536.jpeg 1152w, https:\/\/ecole-ste-anne-asserac.fr\/wp-content\/uploads\/2024\/02\/WhatsApp-Image-2024-02-09-at-15.02.17-1.jpeg 1512w\" sizes=\"auto, (max-width: 225px) 100vw, 225px\" \/><\/a> <a href=\"http:\/\/ecole-ste-anne-asserac.fr\/wp-content\/uploads\/2024\/02\/WhatsApp-Image-2024-02-09-at-15.02.21.jpeg\"><img loading=\"lazy\" decoding=\"async\" class=\"alignnone size-medium wp-image-6331\" src=\"http:\/\/ecole-ste-anne-asserac.fr\/wp-content\/uploads\/2024\/02\/WhatsApp-Image-2024-02-09-at-15.02.21-225x300.jpeg\" alt=\"\" width=\"225\" height=\"300\" srcset=\"https:\/\/ecole-ste-anne-asserac.fr\/wp-content\/uploads\/2024\/02\/WhatsApp-Image-2024-02-09-at-15.02.21-225x300.jpeg 225w, https:\/\/ecole-ste-anne-asserac.fr\/wp-content\/uploads\/2024\/02\/WhatsApp-Image-2024-02-09-at-15.02.21-768x1024.jpeg 768w, https:\/\/ecole-ste-anne-asserac.fr\/wp-content\/uploads\/2024\/02\/WhatsApp-Image-2024-02-09-at-15.02.21-600x800.jpeg 600w, https:\/\/ecole-ste-anne-asserac.fr\/wp-content\/uploads\/2024\/02\/WhatsApp-Image-2024-02-09-at-15.02.21-1152x1536.jpeg 1152w, https:\/\/ecole-ste-anne-asserac.fr\/wp-content\/uploads\/2024\/02\/WhatsApp-Image-2024-02-09-at-15.02.21.jpeg 1512w\" sizes=\"auto, (max-width: 225px) 100vw, 225px\" \/><\/a> <a href=\"http:\/\/ecole-ste-anne-asserac.fr\/wp-content\/uploads\/2024\/02\/WhatsApp-Image-2024-02-09-at-15.02.37-5.jpeg\"><img loading=\"lazy\" decoding=\"async\" class=\"alignnone size-medium wp-image-6332\" src=\"http:\/\/ecole-ste-anne-asserac.fr\/wp-content\/uploads\/2024\/02\/WhatsApp-Image-2024-02-09-at-15.02.37-5-225x300.jpeg\" alt=\"\" width=\"225\" height=\"300\" srcset=\"https:\/\/ecole-ste-anne-asserac.fr\/wp-content\/uploads\/2024\/02\/WhatsApp-Image-2024-02-09-at-15.02.37-5-225x300.jpeg 225w, https:\/\/ecole-ste-anne-asserac.fr\/wp-content\/uploads\/2024\/02\/WhatsApp-Image-2024-02-09-at-15.02.37-5-768x1024.jpeg 768w, https:\/\/ecole-ste-anne-asserac.fr\/wp-content\/uploads\/2024\/02\/WhatsApp-Image-2024-02-09-at-15.02.37-5-600x800.jpeg 600w, https:\/\/ecole-ste-anne-asserac.fr\/wp-content\/uploads\/2024\/02\/WhatsApp-Image-2024-02-09-at-15.02.37-5-1152x1536.jpeg 1152w, https:\/\/ecole-ste-anne-asserac.fr\/wp-content\/uploads\/2024\/02\/WhatsApp-Image-2024-02-09-at-15.02.37-5.jpeg 1512w\" sizes=\"auto, (max-width: 225px) 100vw, 225px\" \/><\/a> <a href=\"http:\/\/ecole-ste-anne-asserac.fr\/wp-content\/uploads\/2024\/02\/WhatsApp-Image-2024-02-09-at-15.02.16-3.jpeg\"><img loading=\"lazy\" decoding=\"async\" class=\"alignnone size-medium wp-image-6333\" src=\"http:\/\/ecole-ste-anne-asserac.fr\/wp-content\/uploads\/2024\/02\/WhatsApp-Image-2024-02-09-at-15.02.16-3-225x300.jpeg\" alt=\"\" width=\"225\" height=\"300\" srcset=\"https:\/\/ecole-ste-anne-asserac.fr\/wp-content\/uploads\/2024\/02\/WhatsApp-Image-2024-02-09-at-15.02.16-3-225x300.jpeg 225w, https:\/\/ecole-ste-anne-asserac.fr\/wp-content\/uploads\/2024\/02\/WhatsApp-Image-2024-02-09-at-15.02.16-3-768x1024.jpeg 768w, https:\/\/ecole-ste-anne-asserac.fr\/wp-content\/uploads\/2024\/02\/WhatsApp-Image-2024-02-09-at-15.02.16-3-600x800.jpeg 600w, https:\/\/ecole-ste-anne-asserac.fr\/wp-content\/uploads\/2024\/02\/WhatsApp-Image-2024-02-09-at-15.02.16-3-1152x1536.jpeg 1152w, https:\/\/ecole-ste-anne-asserac.fr\/wp-content\/uploads\/2024\/02\/WhatsApp-Image-2024-02-09-at-15.02.16-3.jpeg 1512w\" sizes=\"auto, (max-width: 225px) 100vw, 225px\" \/><\/a><\/p>\n<p>Nous avons aussi travaill\u00e9 l&rsquo;espace en construisant le village olympique en Kaplas, ou en reproduisant des pixels sur quadrillages :<\/p>\n<p><a href=\"http:\/\/ecole-ste-anne-asserac.fr\/wp-content\/uploads\/2024\/02\/WhatsApp-Image-2024-02-09-at-15.04.21-6.jpeg\"><img loading=\"lazy\" decoding=\"async\" class=\"alignnone size-medium wp-image-6334\" src=\"http:\/\/ecole-ste-anne-asserac.fr\/wp-content\/uploads\/2024\/02\/WhatsApp-Image-2024-02-09-at-15.04.21-6-225x300.jpeg\" alt=\"\" width=\"225\" height=\"300\" srcset=\"https:\/\/ecole-ste-anne-asserac.fr\/wp-content\/uploads\/2024\/02\/WhatsApp-Image-2024-02-09-at-15.04.21-6-225x300.jpeg 225w, https:\/\/ecole-ste-anne-asserac.fr\/wp-content\/uploads\/2024\/02\/WhatsApp-Image-2024-02-09-at-15.04.21-6-768x1024.jpeg 768w, https:\/\/ecole-ste-anne-asserac.fr\/wp-content\/uploads\/2024\/02\/WhatsApp-Image-2024-02-09-at-15.04.21-6-600x800.jpeg 600w, https:\/\/ecole-ste-anne-asserac.fr\/wp-content\/uploads\/2024\/02\/WhatsApp-Image-2024-02-09-at-15.04.21-6-1152x1536.jpeg 1152w, https:\/\/ecole-ste-anne-asserac.fr\/wp-content\/uploads\/2024\/02\/WhatsApp-Image-2024-02-09-at-15.04.21-6.jpeg 1512w\" sizes=\"auto, (max-width: 225px) 100vw, 225px\" \/><\/a> <a href=\"http:\/\/ecole-ste-anne-asserac.fr\/wp-content\/uploads\/2024\/02\/IMG_20240209_103215-scaled.jpg\"><img loading=\"lazy\" decoding=\"async\" class=\"alignnone size-medium wp-image-6335\" src=\"http:\/\/ecole-ste-anne-asserac.fr\/wp-content\/uploads\/2024\/02\/IMG_20240209_103215-225x300.jpg\" alt=\"\" width=\"225\" height=\"300\" srcset=\"https:\/\/ecole-ste-anne-asserac.fr\/wp-content\/uploads\/2024\/02\/IMG_20240209_103215-225x300.jpg 225w, https:\/\/ecole-ste-anne-asserac.fr\/wp-content\/uploads\/2024\/02\/IMG_20240209_103215-768x1024.jpg 768w, https:\/\/ecole-ste-anne-asserac.fr\/wp-content\/uploads\/2024\/02\/IMG_20240209_103215-600x800.jpg 600w, https:\/\/ecole-ste-anne-asserac.fr\/wp-content\/uploads\/2024\/02\/IMG_20240209_103215-1152x1536.jpg 1152w, https:\/\/ecole-ste-anne-asserac.fr\/wp-content\/uploads\/2024\/02\/IMG_20240209_103215-1536x2048.jpg 1536w, https:\/\/ecole-ste-anne-asserac.fr\/wp-content\/uploads\/2024\/02\/IMG_20240209_103215-scaled.jpg 1920w\" sizes=\"auto, (max-width: 225px) 100vw, 225px\" \/><\/a> <a href=\"http:\/\/ecole-ste-anne-asserac.fr\/wp-content\/uploads\/2024\/02\/IMG_20240209_094025-scaled.jpg\"><img loading=\"lazy\" decoding=\"async\" class=\"alignnone size-medium wp-image-6336\" src=\"http:\/\/ecole-ste-anne-asserac.fr\/wp-content\/uploads\/2024\/02\/IMG_20240209_094025-225x300.jpg\" alt=\"\" width=\"225\" height=\"300\" srcset=\"https:\/\/ecole-ste-anne-asserac.fr\/wp-content\/uploads\/2024\/02\/IMG_20240209_094025-225x300.jpg 225w, https:\/\/ecole-ste-anne-asserac.fr\/wp-content\/uploads\/2024\/02\/IMG_20240209_094025-768x1024.jpg 768w, https:\/\/ecole-ste-anne-asserac.fr\/wp-content\/uploads\/2024\/02\/IMG_20240209_094025-600x800.jpg 600w, https:\/\/ecole-ste-anne-asserac.fr\/wp-content\/uploads\/2024\/02\/IMG_20240209_094025-1152x1536.jpg 1152w, https:\/\/ecole-ste-anne-asserac.fr\/wp-content\/uploads\/2024\/02\/IMG_20240209_094025-1536x2048.jpg 1536w, https:\/\/ecole-ste-anne-asserac.fr\/wp-content\/uploads\/2024\/02\/IMG_20240209_094025-scaled.jpg 1920w\" sizes=\"auto, (max-width: 225px) 100vw, 225px\" \/><\/a> <a href=\"http:\/\/ecole-ste-anne-asserac.fr\/wp-content\/uploads\/2024\/02\/WhatsApp-Image-2024-02-09-at-15.04.25-3.jpeg\"><img loading=\"lazy\" decoding=\"async\" class=\"alignnone size-medium wp-image-6337\" src=\"http:\/\/ecole-ste-anne-asserac.fr\/wp-content\/uploads\/2024\/02\/WhatsApp-Image-2024-02-09-at-15.04.25-3-300x225.jpeg\" alt=\"\" width=\"300\" height=\"225\" srcset=\"https:\/\/ecole-ste-anne-asserac.fr\/wp-content\/uploads\/2024\/02\/WhatsApp-Image-2024-02-09-at-15.04.25-3-300x225.jpeg 300w, https:\/\/ecole-ste-anne-asserac.fr\/wp-content\/uploads\/2024\/02\/WhatsApp-Image-2024-02-09-at-15.04.25-3-1024x768.jpeg 1024w, https:\/\/ecole-ste-anne-asserac.fr\/wp-content\/uploads\/2024\/02\/WhatsApp-Image-2024-02-09-at-15.04.25-3-768x576.jpeg 768w, https:\/\/ecole-ste-anne-asserac.fr\/wp-content\/uploads\/2024\/02\/WhatsApp-Image-2024-02-09-at-15.04.25-3-600x450.jpeg 600w, https:\/\/ecole-ste-anne-asserac.fr\/wp-content\/uploads\/2024\/02\/WhatsApp-Image-2024-02-09-at-15.04.25-3-1536x1152.jpeg 1536w, https:\/\/ecole-ste-anne-asserac.fr\/wp-content\/uploads\/2024\/02\/WhatsApp-Image-2024-02-09-at-15.04.25-3.jpeg 2016w\" sizes=\"auto, (max-width: 300px) 100vw, 300px\" \/><\/a><\/p>\n<p>Sans oublier l&rsquo;atelier cuisine , o\u00f9 nous avons pr\u00e9par\u00e9 des m\u00e9dailles olympiques pour le go\u00fbter de l&rsquo;apr\u00e8s-midi :<\/p>\n<p><a href=\"http:\/\/ecole-ste-anne-asserac.fr\/wp-content\/uploads\/2024\/02\/WhatsApp-Image-2024-02-09-at-15.02.47.jpeg\"><img loading=\"lazy\" decoding=\"async\" class=\"alignnone size-medium wp-image-6338\" src=\"http:\/\/ecole-ste-anne-asserac.fr\/wp-content\/uploads\/2024\/02\/WhatsApp-Image-2024-02-09-at-15.02.47-225x300.jpeg\" alt=\"\" width=\"225\" height=\"300\" srcset=\"https:\/\/ecole-ste-anne-asserac.fr\/wp-content\/uploads\/2024\/02\/WhatsApp-Image-2024-02-09-at-15.02.47-225x300.jpeg 225w, https:\/\/ecole-ste-anne-asserac.fr\/wp-content\/uploads\/2024\/02\/WhatsApp-Image-2024-02-09-at-15.02.47-768x1024.jpeg 768w, https:\/\/ecole-ste-anne-asserac.fr\/wp-content\/uploads\/2024\/02\/WhatsApp-Image-2024-02-09-at-15.02.47-600x800.jpeg 600w, https:\/\/ecole-ste-anne-asserac.fr\/wp-content\/uploads\/2024\/02\/WhatsApp-Image-2024-02-09-at-15.02.47-1152x1536.jpeg 1152w, https:\/\/ecole-ste-anne-asserac.fr\/wp-content\/uploads\/2024\/02\/WhatsApp-Image-2024-02-09-at-15.02.47.jpeg 1512w\" sizes=\"auto, (max-width: 225px) 100vw, 225px\" \/><\/a> <a href=\"http:\/\/ecole-ste-anne-asserac.fr\/wp-content\/uploads\/2024\/02\/WhatsApp-Image-2024-02-09-at-15.02.43-2.jpeg\"><img loading=\"lazy\" decoding=\"async\" class=\"alignnone size-medium wp-image-6339\" src=\"http:\/\/ecole-ste-anne-asserac.fr\/wp-content\/uploads\/2024\/02\/WhatsApp-Image-2024-02-09-at-15.02.43-2-225x300.jpeg\" alt=\"\" width=\"225\" height=\"300\" srcset=\"https:\/\/ecole-ste-anne-asserac.fr\/wp-content\/uploads\/2024\/02\/WhatsApp-Image-2024-02-09-at-15.02.43-2-225x300.jpeg 225w, https:\/\/ecole-ste-anne-asserac.fr\/wp-content\/uploads\/2024\/02\/WhatsApp-Image-2024-02-09-at-15.02.43-2-768x1024.jpeg 768w, https:\/\/ecole-ste-anne-asserac.fr\/wp-content\/uploads\/2024\/02\/WhatsApp-Image-2024-02-09-at-15.02.43-2-600x800.jpeg 600w, https:\/\/ecole-ste-anne-asserac.fr\/wp-content\/uploads\/2024\/02\/WhatsApp-Image-2024-02-09-at-15.02.43-2-1152x1536.jpeg 1152w, https:\/\/ecole-ste-anne-asserac.fr\/wp-content\/uploads\/2024\/02\/WhatsApp-Image-2024-02-09-at-15.02.43-2.jpeg 1512w\" sizes=\"auto, (max-width: 225px) 100vw, 225px\" \/><\/a> <a href=\"http:\/\/ecole-ste-anne-asserac.fr\/wp-content\/uploads\/2024\/02\/WhatsApp-Image-2024-02-09-at-15.02.37-2.jpeg\"><img loading=\"lazy\" decoding=\"async\" class=\"alignnone size-medium wp-image-6340\" src=\"http:\/\/ecole-ste-anne-asserac.fr\/wp-content\/uploads\/2024\/02\/WhatsApp-Image-2024-02-09-at-15.02.37-2-225x300.jpeg\" alt=\"\" width=\"225\" height=\"300\" srcset=\"https:\/\/ecole-ste-anne-asserac.fr\/wp-content\/uploads\/2024\/02\/WhatsApp-Image-2024-02-09-at-15.02.37-2-225x300.jpeg 225w, https:\/\/ecole-ste-anne-asserac.fr\/wp-content\/uploads\/2024\/02\/WhatsApp-Image-2024-02-09-at-15.02.37-2-768x1024.jpeg 768w, https:\/\/ecole-ste-anne-asserac.fr\/wp-content\/uploads\/2024\/02\/WhatsApp-Image-2024-02-09-at-15.02.37-2-600x800.jpeg 600w, https:\/\/ecole-ste-anne-asserac.fr\/wp-content\/uploads\/2024\/02\/WhatsApp-Image-2024-02-09-at-15.02.37-2-1152x1536.jpeg 1152w, https:\/\/ecole-ste-anne-asserac.fr\/wp-content\/uploads\/2024\/02\/WhatsApp-Image-2024-02-09-at-15.02.37-2.jpeg 1512w\" sizes=\"auto, (max-width: 225px) 100vw, 225px\" \/><\/a> <a href=\"http:\/\/ecole-ste-anne-asserac.fr\/wp-content\/uploads\/2024\/02\/20240209_095134-scaled.jpg\"><img loading=\"lazy\" decoding=\"async\" class=\"alignnone size-medium wp-image-6341\" src=\"http:\/\/ecole-ste-anne-asserac.fr\/wp-content\/uploads\/2024\/02\/20240209_095134-300x225.jpg\" alt=\"\" width=\"300\" height=\"225\" srcset=\"https:\/\/ecole-ste-anne-asserac.fr\/wp-content\/uploads\/2024\/02\/20240209_095134-300x225.jpg 300w, https:\/\/ecole-ste-anne-asserac.fr\/wp-content\/uploads\/2024\/02\/20240209_095134-1024x768.jpg 1024w, https:\/\/ecole-ste-anne-asserac.fr\/wp-content\/uploads\/2024\/02\/20240209_095134-768x576.jpg 768w, https:\/\/ecole-ste-anne-asserac.fr\/wp-content\/uploads\/2024\/02\/20240209_095134-600x450.jpg 600w, https:\/\/ecole-ste-anne-asserac.fr\/wp-content\/uploads\/2024\/02\/20240209_095134-1536x1152.jpg 1536w, https:\/\/ecole-ste-anne-asserac.fr\/wp-content\/uploads\/2024\/02\/20240209_095134-2048x1536.jpg 2048w\" sizes=\"auto, (max-width: 300px) 100vw, 300px\" \/><\/a><\/p>\n<p><a href=\"http:\/\/ecole-ste-anne-asserac.fr\/wp-content\/uploads\/2024\/02\/20240209_093846-scaled.jpg\"><img loading=\"lazy\" decoding=\"async\" class=\"alignnone size-medium wp-image-6342\" src=\"http:\/\/ecole-ste-anne-asserac.fr\/wp-content\/uploads\/2024\/02\/20240209_093846-300x225.jpg\" alt=\"\" width=\"300\" height=\"225\" srcset=\"https:\/\/ecole-ste-anne-asserac.fr\/wp-content\/uploads\/2024\/02\/20240209_093846-300x225.jpg 300w, https:\/\/ecole-ste-anne-asserac.fr\/wp-content\/uploads\/2024\/02\/20240209_093846-1024x768.jpg 1024w, https:\/\/ecole-ste-anne-asserac.fr\/wp-content\/uploads\/2024\/02\/20240209_093846-768x576.jpg 768w, https:\/\/ecole-ste-anne-asserac.fr\/wp-content\/uploads\/2024\/02\/20240209_093846-600x450.jpg 600w, https:\/\/ecole-ste-anne-asserac.fr\/wp-content\/uploads\/2024\/02\/20240209_093846-1536x1152.jpg 1536w, https:\/\/ecole-ste-anne-asserac.fr\/wp-content\/uploads\/2024\/02\/20240209_093846-2048x1536.jpg 2048w\" sizes=\"auto, (max-width: 300px) 100vw, 300px\" \/><\/a> <a href=\"http:\/\/ecole-ste-anne-asserac.fr\/wp-content\/uploads\/2024\/02\/IMG_20240209_155541-scaled.jpg\"><img loading=\"lazy\" decoding=\"async\" class=\"alignnone size-medium wp-image-6343\" src=\"http:\/\/ecole-ste-anne-asserac.fr\/wp-content\/uploads\/2024\/02\/IMG_20240209_155541-300x225.jpg\" alt=\"\" width=\"300\" height=\"225\" srcset=\"https:\/\/ecole-ste-anne-asserac.fr\/wp-content\/uploads\/2024\/02\/IMG_20240209_155541-300x225.jpg 300w, https:\/\/ecole-ste-anne-asserac.fr\/wp-content\/uploads\/2024\/02\/IMG_20240209_155541-1024x768.jpg 1024w, https:\/\/ecole-ste-anne-asserac.fr\/wp-content\/uploads\/2024\/02\/IMG_20240209_155541-768x576.jpg 768w, https:\/\/ecole-ste-anne-asserac.fr\/wp-content\/uploads\/2024\/02\/IMG_20240209_155541-600x450.jpg 600w, https:\/\/ecole-ste-anne-asserac.fr\/wp-content\/uploads\/2024\/02\/IMG_20240209_155541-1536x1152.jpg 1536w, https:\/\/ecole-ste-anne-asserac.fr\/wp-content\/uploads\/2024\/02\/IMG_20240209_155541-2048x1536.jpg 2048w\" sizes=\"auto, (max-width: 300px) 100vw, 300px\" \/><\/a><\/p>\n<p>De tr\u00e8s bons moments partag\u00e9s avec tous : parents, enfants, enseignantes&#8230; Amiti\u00e9, respect, excellence &#8230;.<\/p>\n<p><a href=\"http:\/\/ecole-ste-anne-asserac.fr\/wp-content\/uploads\/2024\/02\/IMG_20240209_113243-scaled.jpg\"><img loading=\"lazy\" decoding=\"async\" class=\"alignnone size-medium wp-image-6344\" src=\"http:\/\/ecole-ste-anne-asserac.fr\/wp-content\/uploads\/2024\/02\/IMG_20240209_113243-300x225.jpg\" alt=\"\" width=\"300\" height=\"225\" srcset=\"https:\/\/ecole-ste-anne-asserac.fr\/wp-content\/uploads\/2024\/02\/IMG_20240209_113243-300x225.jpg 300w, https:\/\/ecole-ste-anne-asserac.fr\/wp-content\/uploads\/2024\/02\/IMG_20240209_113243-1024x768.jpg 1024w, https:\/\/ecole-ste-anne-asserac.fr\/wp-content\/uploads\/2024\/02\/IMG_20240209_113243-768x576.jpg 768w, https:\/\/ecole-ste-anne-asserac.fr\/wp-content\/uploads\/2024\/02\/IMG_20240209_113243-600x450.jpg 600w, https:\/\/ecole-ste-anne-asserac.fr\/wp-content\/uploads\/2024\/02\/IMG_20240209_113243-1536x1152.jpg 1536w, https:\/\/ecole-ste-anne-asserac.fr\/wp-content\/uploads\/2024\/02\/IMG_20240209_113243-2048x1536.jpg 2048w\" sizes=\"auto, (max-width: 300px) 100vw, 300px\" \/><\/a> <img loading=\"lazy\" decoding=\"async\" class=\"alignnone size-medium wp-image-6346\" src=\"http:\/\/ecole-ste-anne-asserac.fr\/wp-content\/uploads\/2024\/02\/WhatsApp-Image-2024-02-09-at-15.04.08-1-300x225.jpeg\" alt=\"\" width=\"300\" height=\"225\" srcset=\"https:\/\/ecole-ste-anne-asserac.fr\/wp-content\/uploads\/2024\/02\/WhatsApp-Image-2024-02-09-at-15.04.08-1-300x225.jpeg 300w, https:\/\/ecole-ste-anne-asserac.fr\/wp-content\/uploads\/2024\/02\/WhatsApp-Image-2024-02-09-at-15.04.08-1-1024x768.jpeg 1024w, https:\/\/ecole-ste-anne-asserac.fr\/wp-content\/uploads\/2024\/02\/WhatsApp-Image-2024-02-09-at-15.04.08-1-768x576.jpeg 768w, https:\/\/ecole-ste-anne-asserac.fr\/wp-content\/uploads\/2024\/02\/WhatsApp-Image-2024-02-09-at-15.04.08-1-600x450.jpeg 600w, https:\/\/ecole-ste-anne-asserac.fr\/wp-content\/uploads\/2024\/02\/WhatsApp-Image-2024-02-09-at-15.04.08-1-1536x1152.jpeg 1536w, https:\/\/ecole-ste-anne-asserac.fr\/wp-content\/uploads\/2024\/02\/WhatsApp-Image-2024-02-09-at-15.04.08-1.jpeg 2016w\" sizes=\"auto, (max-width: 300px) 100vw, 300px\" \/>&nbsp;<img loading=\"lazy\" decoding=\"async\" class=\"alignnone size-medium wp-image-6324\" src=\"http:\/\/ecole-ste-anne-asserac.fr\/wp-content\/uploads\/2024\/02\/7D44ADE5-7512-4898-86F1-EDB477AE051A_1_105_c-300x225.jpeg\" alt=\"\" width=\"300\" height=\"225\" srcset=\"https:\/\/ecole-ste-anne-asserac.fr\/wp-content\/uploads\/2024\/02\/7D44ADE5-7512-4898-86F1-EDB477AE051A_1_105_c-300x225.jpeg 300w, https:\/\/ecole-ste-anne-asserac.fr\/wp-content\/uploads\/2024\/02\/7D44ADE5-7512-4898-86F1-EDB477AE051A_1_105_c-768x576.jpeg 768w, https:\/\/ecole-ste-anne-asserac.fr\/wp-content\/uploads\/2024\/02\/7D44ADE5-7512-4898-86F1-EDB477AE051A_1_105_c-600x450.jpeg 600w, https:\/\/ecole-ste-anne-asserac.fr\/wp-content\/uploads\/2024\/02\/7D44ADE5-7512-4898-86F1-EDB477AE051A_1_105_c.jpeg 1024w\" sizes=\"auto, (max-width: 300px) 100vw, 300px\" \/><\/p>\n<p style=\"text-align: center;\">*******************<\/p>\n<p>Le 12 f\u00e9vrier, c&rsquo;\u00e9tait \u00e0 notre tour d&#8217;emmener la flamme dans une autre \u00e9cole. Tous les enfants se sont r\u00e9unis , et ce sont les CM2 qui sont partis avec elle , encadr\u00e9s par des parents, pour un relais du stade jusqu&rsquo;\u00e0 l&rsquo;\u00e9cole Sainte Marie d&rsquo;Herbignac :<\/p>\n<p><a href=\"http:\/\/ecole-ste-anne-asserac.fr\/wp-content\/uploads\/2024\/02\/depart-Flamme-1.jpg\"><img loading=\"lazy\" decoding=\"async\" class=\"alignnone size-medium wp-image-6351\" src=\"http:\/\/ecole-ste-anne-asserac.fr\/wp-content\/uploads\/2024\/02\/depart-Flamme-1-300x270.jpg\" alt=\"\" width=\"300\" height=\"270\" srcset=\"https:\/\/ecole-ste-anne-asserac.fr\/wp-content\/uploads\/2024\/02\/depart-Flamme-1-300x270.jpg 300w, https:\/\/ecole-ste-anne-asserac.fr\/wp-content\/uploads\/2024\/02\/depart-Flamme-1.jpg 534w\" sizes=\"auto, (max-width: 300px) 100vw, 300px\" \/><\/a> <a href=\"http:\/\/ecole-ste-anne-asserac.fr\/wp-content\/uploads\/2024\/02\/flamme-2.png\"><img loading=\"lazy\" decoding=\"async\" class=\"alignnone size-medium wp-image-6352\" src=\"http:\/\/ecole-ste-anne-asserac.fr\/wp-content\/uploads\/2024\/02\/flamme-2-300x162.png\" alt=\"\" width=\"300\" height=\"162\" srcset=\"https:\/\/ecole-ste-anne-asserac.fr\/wp-content\/uploads\/2024\/02\/flamme-2-300x162.png 300w, https:\/\/ecole-ste-anne-asserac.fr\/wp-content\/uploads\/2024\/02\/flamme-2-1024x551.png 1024w, https:\/\/ecole-ste-anne-asserac.fr\/wp-content\/uploads\/2024\/02\/flamme-2-768x414.png 768w, https:\/\/ecole-ste-anne-asserac.fr\/wp-content\/uploads\/2024\/02\/flamme-2-600x323.png 600w, https:\/\/ecole-ste-anne-asserac.fr\/wp-content\/uploads\/2024\/02\/flamme-2.png 1363w\" sizes=\"auto, (max-width: 300px) 100vw, 300px\" \/><\/a> &nbsp;<a href=\"http:\/\/ecole-ste-anne-asserac.fr\/wp-content\/uploads\/2024\/02\/relais-1-scaled.jpg\"><img loading=\"lazy\" decoding=\"async\" class=\"alignnone size-medium wp-image-6355\" src=\"http:\/\/ecole-ste-anne-asserac.fr\/wp-content\/uploads\/2024\/02\/relais-1-300x277.jpg\" alt=\"\" width=\"300\" height=\"277\" srcset=\"https:\/\/ecole-ste-anne-asserac.fr\/wp-content\/uploads\/2024\/02\/relais-1-300x277.jpg 300w, https:\/\/ecole-ste-anne-asserac.fr\/wp-content\/uploads\/2024\/02\/relais-1-1024x946.jpg 1024w, https:\/\/ecole-ste-anne-asserac.fr\/wp-content\/uploads\/2024\/02\/relais-1-768x710.jpg 768w, https:\/\/ecole-ste-anne-asserac.fr\/wp-content\/uploads\/2024\/02\/relais-1-600x554.jpg 600w, https:\/\/ecole-ste-anne-asserac.fr\/wp-content\/uploads\/2024\/02\/relais-1-1536x1419.jpg 1536w, https:\/\/ecole-ste-anne-asserac.fr\/wp-content\/uploads\/2024\/02\/relais-1-2048x1893.jpg 2048w\" sizes=\"auto, (max-width: 300px) 100vw, 300px\" \/><\/a> <a href=\"http:\/\/ecole-ste-anne-asserac.fr\/wp-content\/uploads\/2024\/02\/relais-2.jpg\"><img loading=\"lazy\" decoding=\"async\" class=\"alignnone size-medium wp-image-6356\" src=\"http:\/\/ecole-ste-anne-asserac.fr\/wp-content\/uploads\/2024\/02\/relais-2-209x300.jpg\" alt=\"\" width=\"209\" height=\"300\" srcset=\"https:\/\/ecole-ste-anne-asserac.fr\/wp-content\/uploads\/2024\/02\/relais-2-209x300.jpg 209w, https:\/\/ecole-ste-anne-asserac.fr\/wp-content\/uploads\/2024\/02\/relais-2-715x1024.jpg 715w, https:\/\/ecole-ste-anne-asserac.fr\/wp-content\/uploads\/2024\/02\/relais-2-768x1100.jpg 768w, https:\/\/ecole-ste-anne-asserac.fr\/wp-content\/uploads\/2024\/02\/relais-2-600x859.jpg 600w, https:\/\/ecole-ste-anne-asserac.fr\/wp-content\/uploads\/2024\/02\/relais-2-1072x1536.jpg 1072w, https:\/\/ecole-ste-anne-asserac.fr\/wp-content\/uploads\/2024\/02\/relais-2-1430x2048.jpg 1430w, https:\/\/ecole-ste-anne-asserac.fr\/wp-content\/uploads\/2024\/02\/relais-2.jpg 1709w\" sizes=\"auto, (max-width: 209px) 100vw, 209px\" \/><\/a> <a href=\"http:\/\/ecole-ste-anne-asserac.fr\/wp-content\/uploads\/2024\/02\/relais-3.jpg\"><img loading=\"lazy\" decoding=\"async\" class=\"alignnone size-medium wp-image-6357\" src=\"http:\/\/ecole-ste-anne-asserac.fr\/wp-content\/uploads\/2024\/02\/relais-3-264x300.jpg\" alt=\"\" width=\"264\" height=\"300\" srcset=\"https:\/\/ecole-ste-anne-asserac.fr\/wp-content\/uploads\/2024\/02\/relais-3-264x300.jpg 264w, https:\/\/ecole-ste-anne-asserac.fr\/wp-content\/uploads\/2024\/02\/relais-3-901x1024.jpg 901w, https:\/\/ecole-ste-anne-asserac.fr\/wp-content\/uploads\/2024\/02\/relais-3-768x873.jpg 768w, https:\/\/ecole-ste-anne-asserac.fr\/wp-content\/uploads\/2024\/02\/relais-3-600x682.jpg 600w, https:\/\/ecole-ste-anne-asserac.fr\/wp-content\/uploads\/2024\/02\/relais-3-1351x1536.jpg 1351w, https:\/\/ecole-ste-anne-asserac.fr\/wp-content\/uploads\/2024\/02\/relais-3-1801x2048.jpg 1801w\" sizes=\"auto, (max-width: 264px) 100vw, 264px\" \/><\/a> <a href=\"http:\/\/ecole-ste-anne-asserac.fr\/wp-content\/uploads\/2024\/02\/relais-3-1-scaled.jpg\"><img loading=\"lazy\" decoding=\"async\" class=\"alignnone size-medium wp-image-6359\" src=\"http:\/\/ecole-ste-anne-asserac.fr\/wp-content\/uploads\/2024\/02\/relais-3-1-300x225.jpg\" alt=\"\" width=\"300\" height=\"225\" srcset=\"https:\/\/ecole-ste-anne-asserac.fr\/wp-content\/uploads\/2024\/02\/relais-3-1-300x225.jpg 300w, https:\/\/ecole-ste-anne-asserac.fr\/wp-content\/uploads\/2024\/02\/relais-3-1-1024x768.jpg 1024w, https:\/\/ecole-ste-anne-asserac.fr\/wp-content\/uploads\/2024\/02\/relais-3-1-768x576.jpg 768w, https:\/\/ecole-ste-anne-asserac.fr\/wp-content\/uploads\/2024\/02\/relais-3-1-600x450.jpg 600w, https:\/\/ecole-ste-anne-asserac.fr\/wp-content\/uploads\/2024\/02\/relais-3-1-1536x1152.jpg 1536w, https:\/\/ecole-ste-anne-asserac.fr\/wp-content\/uploads\/2024\/02\/relais-3-1-2048x1536.jpg 2048w\" sizes=\"auto, (max-width: 300px) 100vw, 300px\" \/><\/a> <a href=\"http:\/\/ecole-ste-anne-asserac.fr\/wp-content\/uploads\/2024\/02\/arrivee-relais-1.jpg\"><img loading=\"lazy\" decoding=\"async\" class=\"alignnone size-medium wp-image-6353\" src=\"http:\/\/ecole-ste-anne-asserac.fr\/wp-content\/uploads\/2024\/02\/arrivee-relais-1-131x300.jpg\" alt=\"\" width=\"131\" height=\"300\" srcset=\"https:\/\/ecole-ste-anne-asserac.fr\/wp-content\/uploads\/2024\/02\/arrivee-relais-1-131x300.jpg 131w, https:\/\/ecole-ste-anne-asserac.fr\/wp-content\/uploads\/2024\/02\/arrivee-relais-1-448x1024.jpg 448w, https:\/\/ecole-ste-anne-asserac.fr\/wp-content\/uploads\/2024\/02\/arrivee-relais-1-768x1757.jpg 768w, https:\/\/ecole-ste-anne-asserac.fr\/wp-content\/uploads\/2024\/02\/arrivee-relais-1-600x1373.jpg 600w, https:\/\/ecole-ste-anne-asserac.fr\/wp-content\/uploads\/2024\/02\/arrivee-relais-1-671x1536.jpg 671w, https:\/\/ecole-ste-anne-asserac.fr\/wp-content\/uploads\/2024\/02\/arrivee-relais-1-895x2048.jpg 895w, https:\/\/ecole-ste-anne-asserac.fr\/wp-content\/uploads\/2024\/02\/arrivee-relais-1.jpg 1070w\" sizes=\"auto, (max-width: 131px) 100vw, 131px\" \/><\/a> <img loading=\"lazy\" decoding=\"async\" class=\"alignnone size-medium wp-image-6358\" src=\"http:\/\/ecole-ste-anne-asserac.fr\/wp-content\/uploads\/2024\/02\/relais-4-300x263.jpg\" alt=\"\" width=\"300\" height=\"263\" srcset=\"https:\/\/ecole-ste-anne-asserac.fr\/wp-content\/uploads\/2024\/02\/relais-4-300x263.jpg 300w, https:\/\/ecole-ste-anne-asserac.fr\/wp-content\/uploads\/2024\/02\/relais-4-1024x896.jpg 1024w, https:\/\/ecole-ste-anne-asserac.fr\/wp-content\/uploads\/2024\/02\/relais-4-768x672.jpg 768w, https:\/\/ecole-ste-anne-asserac.fr\/wp-content\/uploads\/2024\/02\/relais-4-600x525.jpg 600w, https:\/\/ecole-ste-anne-asserac.fr\/wp-content\/uploads\/2024\/02\/relais-4-1536x1344.jpg 1536w, https:\/\/ecole-ste-anne-asserac.fr\/wp-content\/uploads\/2024\/02\/relais-4-2048x1792.jpg 2048w\" sizes=\"auto, (max-width: 300px) 100vw, 300px\" \/> &nbsp;<a href=\"http:\/\/ecole-ste-anne-asserac.fr\/wp-content\/uploads\/2024\/02\/arrivee-relais-2-scaled.jpg\"><img loading=\"lazy\" decoding=\"async\" class=\"alignnone size-medium wp-image-6354\" src=\"http:\/\/ecole-ste-anne-asserac.fr\/wp-content\/uploads\/2024\/02\/arrivee-relais-2-300x270.jpg\" alt=\"\" width=\"300\" height=\"270\" srcset=\"https:\/\/ecole-ste-anne-asserac.fr\/wp-content\/uploads\/2024\/02\/arrivee-relais-2-300x270.jpg 300w, https:\/\/ecole-ste-anne-asserac.fr\/wp-content\/uploads\/2024\/02\/arrivee-relais-2-1024x922.jpg 1024w, https:\/\/ecole-ste-anne-asserac.fr\/wp-content\/uploads\/2024\/02\/arrivee-relais-2-768x691.jpg 768w, https:\/\/ecole-ste-anne-asserac.fr\/wp-content\/uploads\/2024\/02\/arrivee-relais-2-600x540.jpg 600w, https:\/\/ecole-ste-anne-asserac.fr\/wp-content\/uploads\/2024\/02\/arrivee-relais-2-1536x1383.jpg 1536w, https:\/\/ecole-ste-anne-asserac.fr\/wp-content\/uploads\/2024\/02\/arrivee-relais-2-2048x1844.jpg 2048w\" sizes=\"auto, (max-width: 300px) 100vw, 300px\" \/><\/a> &nbsp;<a href=\"http:\/\/ecole-ste-anne-asserac.fr\/wp-content\/uploads\/2024\/02\/arrivee-a-Herbignac-1-scaled.jpg\"><img loading=\"lazy\" decoding=\"async\" class=\"alignnone size-medium wp-image-6360\" src=\"http:\/\/ecole-ste-anne-asserac.fr\/wp-content\/uploads\/2024\/02\/arrivee-a-Herbignac-1-288x300.jpg\" alt=\"\" width=\"288\" height=\"300\" srcset=\"https:\/\/ecole-ste-anne-asserac.fr\/wp-content\/uploads\/2024\/02\/arrivee-a-Herbignac-1-288x300.jpg 288w, https:\/\/ecole-ste-anne-asserac.fr\/wp-content\/uploads\/2024\/02\/arrivee-a-Herbignac-1-984x1024.jpg 984w, https:\/\/ecole-ste-anne-asserac.fr\/wp-content\/uploads\/2024\/02\/arrivee-a-Herbignac-1-768x799.jpg 768w, https:\/\/ecole-ste-anne-asserac.fr\/wp-content\/uploads\/2024\/02\/arrivee-a-Herbignac-1-600x625.jpg 600w, https:\/\/ecole-ste-anne-asserac.fr\/wp-content\/uploads\/2024\/02\/arrivee-a-Herbignac-1-1476x1536.jpg 1476w, https:\/\/ecole-ste-anne-asserac.fr\/wp-content\/uploads\/2024\/02\/arrivee-a-Herbignac-1-1967x2048.jpg 1967w\" sizes=\"auto, (max-width: 288px) 100vw, 288px\" \/><\/a><\/p>\n<p>L\u00e0, les \u00e9l\u00e8ves d&rsquo;Ass\u00e9rac \u00e9tait attendus ! Une nouvelle fois une haie d&rsquo;honneur et un flashmob pour la passation de cette flamme !<\/p>\n<p><a href=\"http:\/\/ecole-ste-anne-asserac.fr\/wp-content\/uploads\/2024\/02\/20240212_101406-scaled.jpg\"><img loading=\"lazy\" decoding=\"async\" class=\"alignnone size-medium wp-image-6361\" src=\"http:\/\/ecole-ste-anne-asserac.fr\/wp-content\/uploads\/2024\/02\/20240212_101406-300x225.jpg\" alt=\"\" width=\"300\" height=\"225\" srcset=\"https:\/\/ecole-ste-anne-asserac.fr\/wp-content\/uploads\/2024\/02\/20240212_101406-300x225.jpg 300w, https:\/\/ecole-ste-anne-asserac.fr\/wp-content\/uploads\/2024\/02\/20240212_101406-1024x768.jpg 1024w, https:\/\/ecole-ste-anne-asserac.fr\/wp-content\/uploads\/2024\/02\/20240212_101406-768x576.jpg 768w, https:\/\/ecole-ste-anne-asserac.fr\/wp-content\/uploads\/2024\/02\/20240212_101406-600x450.jpg 600w, https:\/\/ecole-ste-anne-asserac.fr\/wp-content\/uploads\/2024\/02\/20240212_101406-1536x1152.jpg 1536w, https:\/\/ecole-ste-anne-asserac.fr\/wp-content\/uploads\/2024\/02\/20240212_101406-2048x1536.jpg 2048w\" sizes=\"auto, (max-width: 300px) 100vw, 300px\" \/><\/a> <a href=\"http:\/\/ecole-ste-anne-asserac.fr\/wp-content\/uploads\/2024\/02\/arrivee-relais-3.jpg\"><img loading=\"lazy\" decoding=\"async\" class=\"alignnone size-medium wp-image-6362\" src=\"http:\/\/ecole-ste-anne-asserac.fr\/wp-content\/uploads\/2024\/02\/arrivee-relais-3-206x300.jpg\" alt=\"\" width=\"206\" height=\"300\" srcset=\"https:\/\/ecole-ste-anne-asserac.fr\/wp-content\/uploads\/2024\/02\/arrivee-relais-3-206x300.jpg 206w, https:\/\/ecole-ste-anne-asserac.fr\/wp-content\/uploads\/2024\/02\/arrivee-relais-3-705x1024.jpg 705w, https:\/\/ecole-ste-anne-asserac.fr\/wp-content\/uploads\/2024\/02\/arrivee-relais-3-768x1116.jpg 768w, https:\/\/ecole-ste-anne-asserac.fr\/wp-content\/uploads\/2024\/02\/arrivee-relais-3-600x872.jpg 600w, https:\/\/ecole-ste-anne-asserac.fr\/wp-content\/uploads\/2024\/02\/arrivee-relais-3-1057x1536.jpg 1057w, https:\/\/ecole-ste-anne-asserac.fr\/wp-content\/uploads\/2024\/02\/arrivee-relais-3-1410x2048.jpg 1410w, https:\/\/ecole-ste-anne-asserac.fr\/wp-content\/uploads\/2024\/02\/arrivee-relais-3.jpg 1411w\" sizes=\"auto, (max-width: 206px) 100vw, 206px\" \/><\/a> <img loading=\"lazy\" decoding=\"async\" class=\"alignnone size-medium wp-image-6363\" src=\"http:\/\/ecole-ste-anne-asserac.fr\/wp-content\/uploads\/2024\/02\/arrivee-relais-4-300x193.jpg\" alt=\"\" width=\"300\" height=\"193\" srcset=\"https:\/\/ecole-ste-anne-asserac.fr\/wp-content\/uploads\/2024\/02\/arrivee-relais-4-300x193.jpg 300w, https:\/\/ecole-ste-anne-asserac.fr\/wp-content\/uploads\/2024\/02\/arrivee-relais-4-1024x659.jpg 1024w, https:\/\/ecole-ste-anne-asserac.fr\/wp-content\/uploads\/2024\/02\/arrivee-relais-4-768x494.jpg 768w, https:\/\/ecole-ste-anne-asserac.fr\/wp-content\/uploads\/2024\/02\/arrivee-relais-4-600x386.jpg 600w, https:\/\/ecole-ste-anne-asserac.fr\/wp-content\/uploads\/2024\/02\/arrivee-relais-4-1536x989.jpg 1536w, https:\/\/ecole-ste-anne-asserac.fr\/wp-content\/uploads\/2024\/02\/arrivee-relais-4-2048x1318.jpg 2048w\" sizes=\"auto, (max-width: 300px) 100vw, 300px\" \/><\/p>\n<p style=\"text-align: center;\"><strong>Un grand merci \u00e0 tous les parents qui nous ont aid\u00e9s \u00e0 organiser cet \u00e9v\u00e9nement sur les 3 jours !&nbsp;<\/strong><\/p>\n<p><iframe loading=\"lazy\" title=\"La flamme olympique Ecole Ste Anne Ass\u00e9rac\" width=\"1170\" height=\"658\" src=\"https:\/\/www.youtube.com\/embed\/0XgX-Fp3gkc?feature=oembed\" frameborder=\"0\" allow=\"accelerometer; autoplay; clipboard-write; encrypted-media; gyroscope; picture-in-picture; web-share\" allowfullscreen><\/iframe><\/p>\n<p>&nbsp;<\/p>\n<p>&nbsp;<\/p>\n<p>&nbsp;<\/p>\n","protected":false},"excerpt":{"rendered":"<p>La flamme est le symbole fondamental des c\u00e9r\u00e9monies olympiques . Elle a \u00e9t\u00e9 allum\u00e9e pour la premi\u00e8re fois \u00e0 l&rsquo;occasion des Jeux Olympiques d&rsquo;Amsterdam en 1928. A partir de 1936, la c\u00e9r\u00e9monie d&rsquo;allumage et le transport de la flamme depuis Olympie en Gr\u00e8ce ont \u00e9t\u00e9 valid\u00e9s et int\u00e9gr\u00e9s par le Comit\u00e9 International Olympique. 2024 est<\/p>\n<p><a href=\"https:\/\/ecole-ste-anne-asserac.fr\/?p=6293\" class=\"more-link themebutton\">Lire la suite<\/a><\/p>\n","protected":false},"author":3,"featured_media":6311,"comment_status":"closed","ping_status":"closed","sticky":false,"template":"","format":"standard","meta":{"ngg_post_thumbnail":0,"footnotes":""},"categories":[11,7,8,6],"tags":[],"class_list":["post-6293","post","type-post","status-publish","format-standard","has-post-thumbnail","hentry","category-actualite","category-classe-de-ce2-cm1","category-classe-de-cm1-cm2","category-classe-de-cp-ce1"],"_links":{"self":[{"href":"https:\/\/ecole-ste-anne-asserac.fr\/index.php?rest_route=\/wp\/v2\/posts\/6293","targetHints":{"allow":["GET"]}}],"collection":[{"href":"https:\/\/ecole-ste-anne-asserac.fr\/index.php?rest_route=\/wp\/v2\/posts"}],"about":[{"href":"https:\/\/ecole-ste-anne-asserac.fr\/index.php?rest_route=\/wp\/v2\/types\/post"}],"author":[{"embeddable":true,"href":"https:\/\/ecole-ste-anne-asserac.fr\/index.php?rest_route=\/wp\/v2\/users\/3"}],"replies":[{"embeddable":true,"href":"https:\/\/ecole-ste-anne-asserac.fr\/index.php?rest_route=%2Fwp%2Fv2%2Fcomments&post=6293"}],"version-history":[{"count":6,"href":"https:\/\/ecole-ste-anne-asserac.fr\/index.php?rest_route=\/wp\/v2\/posts\/6293\/revisions"}],"predecessor-version":[{"id":6366,"href":"https:\/\/ecole-ste-anne-asserac.fr\/index.php?rest_route=\/wp\/v2\/posts\/6293\/revisions\/6366"}],"wp:featuredmedia":[{"embeddable":true,"href":"https:\/\/ecole-ste-anne-asserac.fr\/index.php?rest_route=\/wp\/v2\/media\/6311"}],"wp:attachment":[{"href":"https:\/\/ecole-ste-anne-asserac.fr\/index.php?rest_route=%2Fwp%2Fv2%2Fmedia&parent=6293"}],"wp:term":[{"taxonomy":"category","embeddable":true,"href":"https:\/\/ecole-ste-anne-asserac.fr\/index.php?rest_route=%2Fwp%2Fv2%2Fcategories&post=6293"},{"taxonomy":"post_tag","embeddable":true,"href":"https:\/\/ecole-ste-anne-asserac.fr\/index.php?rest_route=%2Fwp%2Fv2%2Ftags&post=6293"}],"curies":[{"name":"wp","href":"https:\/\/api.w.org\/{rel}","templated":true}]}}