{"id":637,"date":"2016-04-07T20:57:23","date_gmt":"2016-04-07T19:57:23","guid":{"rendered":"http:\/\/ecole-ste-anne-asserac.fr\/?p=637"},"modified":"2016-04-27T09:55:11","modified_gmt":"2016-04-27T08:55:11","slug":"premiers-secours","status":"publish","type":"post","link":"https:\/\/ecole-ste-anne-asserac.fr\/?p=637","title":{"rendered":"Premiers secours"},"content":{"rendered":"<p>Durant les vacances de printemps, au centre de secours d&rsquo;Ass\u00e9rac, une partie de\u00a0 l&rsquo;\u00e9quipe \u00e9ducative de l&rsquo;\u00e9cole Ste Anne s&rsquo;est form\u00e9e dans le domaine des premiers secours avec quelques coll\u00e8gues de St Lyphard.<\/p>\n<p><a href=\"http:\/\/ecole-ste-anne-asserac.fr\/wp-content\/uploads\/2016\/04\/SDC11945.jpg\"><img loading=\"lazy\" decoding=\"async\" class=\"aligncenter size-medium wp-image-638\" src=\"http:\/\/ecole-ste-anne-asserac.fr\/wp-content\/uploads\/2016\/04\/SDC11945-300x225.jpg\" alt=\"SDC11945\" width=\"300\" height=\"225\" srcset=\"https:\/\/ecole-ste-anne-asserac.fr\/wp-content\/uploads\/2016\/04\/SDC11945-300x225.jpg 300w, https:\/\/ecole-ste-anne-asserac.fr\/wp-content\/uploads\/2016\/04\/SDC11945-768x576.jpg 768w, https:\/\/ecole-ste-anne-asserac.fr\/wp-content\/uploads\/2016\/04\/SDC11945-1024x768.jpg 1024w, https:\/\/ecole-ste-anne-asserac.fr\/wp-content\/uploads\/2016\/04\/SDC11945-600x450.jpg 600w, https:\/\/ecole-ste-anne-asserac.fr\/wp-content\/uploads\/2016\/04\/SDC11945.jpg 2048w\" sizes=\"auto, (max-width: 300px) 100vw, 300px\" \/><\/a>Avec Nicolas, formateur et pompier \u00e0 Ass\u00e9rac, toutes ont mis en oeuvre les premiers gestes dans des situations concr\u00e8tes.<\/p>\n<p><a href=\"http:\/\/ecole-ste-anne-asserac.fr\/wp-content\/uploads\/2016\/04\/SDC11946.jpg\"><img loading=\"lazy\" decoding=\"async\" class=\"aligncenter size-medium wp-image-639\" src=\"http:\/\/ecole-ste-anne-asserac.fr\/wp-content\/uploads\/2016\/04\/SDC11946-300x225.jpg\" alt=\"SDC11946\" width=\"300\" height=\"225\" srcset=\"https:\/\/ecole-ste-anne-asserac.fr\/wp-content\/uploads\/2016\/04\/SDC11946-300x225.jpg 300w, https:\/\/ecole-ste-anne-asserac.fr\/wp-content\/uploads\/2016\/04\/SDC11946-768x576.jpg 768w, https:\/\/ecole-ste-anne-asserac.fr\/wp-content\/uploads\/2016\/04\/SDC11946-1024x768.jpg 1024w, https:\/\/ecole-ste-anne-asserac.fr\/wp-content\/uploads\/2016\/04\/SDC11946-600x450.jpg 600w, https:\/\/ecole-ste-anne-asserac.fr\/wp-content\/uploads\/2016\/04\/SDC11946.jpg 2048w\" sizes=\"auto, (max-width: 300px) 100vw, 300px\" \/><\/a>Avec les pompiers d&rsquo;Ass\u00e9rac, l&rsquo;\u00e9quipe a \u00e9galement vu les diff\u00e9rents types de feux et manipul\u00e9 les extincteurs qui conviennent !<\/p>\n<p style=\"text-align: center;\"><a href=\"http:\/\/ecole-ste-anne-asserac.fr\/wp-content\/uploads\/2016\/04\/WP_20160329_003.jpg\"><img loading=\"lazy\" decoding=\"async\" class=\"aligncenter size-medium wp-image-643\" src=\"http:\/\/ecole-ste-anne-asserac.fr\/wp-content\/uploads\/2016\/04\/WP_20160329_003-300x168.jpg\" alt=\"WP_20160329_003\" width=\"300\" height=\"168\" srcset=\"https:\/\/ecole-ste-anne-asserac.fr\/wp-content\/uploads\/2016\/04\/WP_20160329_003-300x168.jpg 300w, https:\/\/ecole-ste-anne-asserac.fr\/wp-content\/uploads\/2016\/04\/WP_20160329_003-768x431.jpg 768w, https:\/\/ecole-ste-anne-asserac.fr\/wp-content\/uploads\/2016\/04\/WP_20160329_003-1024x575.jpg 1024w, https:\/\/ecole-ste-anne-asserac.fr\/wp-content\/uploads\/2016\/04\/WP_20160329_003-600x337.jpg 600w, https:\/\/ecole-ste-anne-asserac.fr\/wp-content\/uploads\/2016\/04\/WP_20160329_003.jpg 1632w\" sizes=\"auto, (max-width: 300px) 100vw, 300px\" \/><\/a><a href=\"http:\/\/ecole-ste-anne-asserac.fr\/wp-content\/uploads\/2016\/04\/WP_20160329_009.jpg\"><img loading=\"lazy\" decoding=\"async\" class=\"aligncenter size-medium wp-image-644\" src=\"http:\/\/ecole-ste-anne-asserac.fr\/wp-content\/uploads\/2016\/04\/WP_20160329_009-300x168.jpg\" alt=\"WP_20160329_009\" width=\"300\" height=\"168\" srcset=\"https:\/\/ecole-ste-anne-asserac.fr\/wp-content\/uploads\/2016\/04\/WP_20160329_009-300x168.jpg 300w, https:\/\/ecole-ste-anne-asserac.fr\/wp-content\/uploads\/2016\/04\/WP_20160329_009-768x431.jpg 768w, https:\/\/ecole-ste-anne-asserac.fr\/wp-content\/uploads\/2016\/04\/WP_20160329_009-1024x575.jpg 1024w, https:\/\/ecole-ste-anne-asserac.fr\/wp-content\/uploads\/2016\/04\/WP_20160329_009-600x337.jpg 600w, https:\/\/ecole-ste-anne-asserac.fr\/wp-content\/uploads\/2016\/04\/WP_20160329_009.jpg 1632w\" sizes=\"auto, (max-width: 300px) 100vw, 300px\" \/><\/a><a href=\"http:\/\/ecole-ste-anne-asserac.fr\/wp-content\/uploads\/2016\/04\/WP_20160329_014.jpg\"><img loading=\"lazy\" decoding=\"async\" class=\"aligncenter size-medium wp-image-645\" src=\"http:\/\/ecole-ste-anne-asserac.fr\/wp-content\/uploads\/2016\/04\/WP_20160329_014-300x168.jpg\" alt=\"WP_20160329_014\" width=\"300\" height=\"168\" srcset=\"https:\/\/ecole-ste-anne-asserac.fr\/wp-content\/uploads\/2016\/04\/WP_20160329_014-300x168.jpg 300w, https:\/\/ecole-ste-anne-asserac.fr\/wp-content\/uploads\/2016\/04\/WP_20160329_014-768x431.jpg 768w, https:\/\/ecole-ste-anne-asserac.fr\/wp-content\/uploads\/2016\/04\/WP_20160329_014-1024x575.jpg 1024w, https:\/\/ecole-ste-anne-asserac.fr\/wp-content\/uploads\/2016\/04\/WP_20160329_014-600x337.jpg 600w, https:\/\/ecole-ste-anne-asserac.fr\/wp-content\/uploads\/2016\/04\/WP_20160329_014.jpg 1632w\" sizes=\"auto, (max-width: 300px) 100vw, 300px\" \/><\/a>Formations r\u00e9ussies pour toutes et riche en \u00e9motions !!<\/p>\n","protected":false},"excerpt":{"rendered":"<p>Durant les vacances de printemps, au centre de secours d&rsquo;Ass\u00e9rac, une partie de\u00a0 l&rsquo;\u00e9quipe \u00e9ducative de l&rsquo;\u00e9cole Ste Anne s&rsquo;est form\u00e9e dans le domaine des premiers secours avec quelques coll\u00e8gues de St Lyphard. Avec Nicolas, formateur et pompier \u00e0 Ass\u00e9rac, toutes ont mis en oeuvre les premiers gestes dans des situations concr\u00e8tes. Avec les pompiers<\/p>\n<p><a href=\"https:\/\/ecole-ste-anne-asserac.fr\/?p=637\" class=\"more-link themebutton\">Lire la suite<\/a><\/p>\n","protected":false},"author":3,"featured_media":0,"comment_status":"closed","ping_status":"closed","sticky":false,"template":"","format":"standard","meta":{"ngg_post_thumbnail":0,"footnotes":""},"categories":[11],"tags":[],"class_list":["post-637","post","type-post","status-publish","format-standard","hentry","category-actualite"],"_links":{"self":[{"href":"https:\/\/ecole-ste-anne-asserac.fr\/index.php?rest_route=\/wp\/v2\/posts\/637","targetHints":{"allow":["GET"]}}],"collection":[{"href":"https:\/\/ecole-ste-anne-asserac.fr\/index.php?rest_route=\/wp\/v2\/posts"}],"about":[{"href":"https:\/\/ecole-ste-anne-asserac.fr\/index.php?rest_route=\/wp\/v2\/types\/post"}],"author":[{"embeddable":true,"href":"https:\/\/ecole-ste-anne-asserac.fr\/index.php?rest_route=\/wp\/v2\/users\/3"}],"replies":[{"embeddable":true,"href":"https:\/\/ecole-ste-anne-asserac.fr\/index.php?rest_route=%2Fwp%2Fv2%2Fcomments&post=637"}],"version-history":[{"count":0,"href":"https:\/\/ecole-ste-anne-asserac.fr\/index.php?rest_route=\/wp\/v2\/posts\/637\/revisions"}],"wp:attachment":[{"href":"https:\/\/ecole-ste-anne-asserac.fr\/index.php?rest_route=%2Fwp%2Fv2%2Fmedia&parent=637"}],"wp:term":[{"taxonomy":"category","embeddable":true,"href":"https:\/\/ecole-ste-anne-asserac.fr\/index.php?rest_route=%2Fwp%2Fv2%2Fcategories&post=637"},{"taxonomy":"post_tag","embeddable":true,"href":"https:\/\/ecole-ste-anne-asserac.fr\/index.php?rest_route=%2Fwp%2Fv2%2Ftags&post=637"}],"curies":[{"name":"wp","href":"https:\/\/api.w.org\/{rel}","templated":true}]}}