{"id":6431,"date":"2024-06-03T15:06:17","date_gmt":"2024-06-03T13:06:17","guid":{"rendered":"https:\/\/ecole-ste-anne-asserac.fr\/?p=6431"},"modified":"2024-06-05T13:14:18","modified_gmt":"2024-06-05T11:14:18","slug":"journee-olympique-des-ecoles","status":"publish","type":"post","link":"https:\/\/ecole-ste-anne-asserac.fr\/?p=6431","title":{"rendered":"Journ\u00e9e Olympique des \u00e9coles"},"content":{"rendered":"<p style=\"text-align: center;\"><strong>24 Mai 2024 : Journ\u00e9e Olympique des \u00e9coles catholiques du d\u00e9partement !<\/strong><\/p>\n<p><a href=\"http:\/\/ecole-ste-anne-asserac.fr\/wp-content\/uploads\/2024\/05\/J3.jpg\"><img loading=\"lazy\" decoding=\"async\" class=\"alignnone size-medium wp-image-6432\" src=\"http:\/\/ecole-ste-anne-asserac.fr\/wp-content\/uploads\/2024\/05\/J3-300x225.jpg\" alt=\"\" width=\"300\" height=\"225\" srcset=\"https:\/\/ecole-ste-anne-asserac.fr\/wp-content\/uploads\/2024\/05\/J3-300x225.jpg 300w, https:\/\/ecole-ste-anne-asserac.fr\/wp-content\/uploads\/2024\/05\/J3.jpg 559w\" sizes=\"auto, (max-width: 300px) 100vw, 300px\" \/><\/a> <a href=\"http:\/\/ecole-ste-anne-asserac.fr\/wp-content\/uploads\/2024\/05\/JO1.jpg\"><img loading=\"lazy\" decoding=\"async\" class=\"alignnone size-medium wp-image-6433\" src=\"http:\/\/ecole-ste-anne-asserac.fr\/wp-content\/uploads\/2024\/05\/JO1-300x205.jpg\" alt=\"\" width=\"300\" height=\"205\" srcset=\"https:\/\/ecole-ste-anne-asserac.fr\/wp-content\/uploads\/2024\/05\/JO1-300x205.jpg 300w, https:\/\/ecole-ste-anne-asserac.fr\/wp-content\/uploads\/2024\/05\/JO1-1024x700.jpg 1024w, https:\/\/ecole-ste-anne-asserac.fr\/wp-content\/uploads\/2024\/05\/JO1-768x525.jpg 768w, https:\/\/ecole-ste-anne-asserac.fr\/wp-content\/uploads\/2024\/05\/JO1-600x410.jpg 600w, https:\/\/ecole-ste-anne-asserac.fr\/wp-content\/uploads\/2024\/05\/JO1.jpg 1163w\" sizes=\"auto, (max-width: 300px) 100vw, 300px\" \/><\/a> <a href=\"http:\/\/ecole-ste-anne-asserac.fr\/wp-content\/uploads\/2024\/05\/JO2.jpg\"><img loading=\"lazy\" decoding=\"async\" class=\"alignnone size-medium wp-image-6434\" src=\"http:\/\/ecole-ste-anne-asserac.fr\/wp-content\/uploads\/2024\/05\/JO2-300x190.jpg\" alt=\"\" width=\"300\" height=\"190\" srcset=\"https:\/\/ecole-ste-anne-asserac.fr\/wp-content\/uploads\/2024\/05\/JO2-300x190.jpg 300w, https:\/\/ecole-ste-anne-asserac.fr\/wp-content\/uploads\/2024\/05\/JO2-768x487.jpg 768w, https:\/\/ecole-ste-anne-asserac.fr\/wp-content\/uploads\/2024\/05\/JO2-600x381.jpg 600w, https:\/\/ecole-ste-anne-asserac.fr\/wp-content\/uploads\/2024\/05\/JO2.jpg 829w\" sizes=\"auto, (max-width: 300px) 100vw, 300px\" \/><\/a><\/p>\n<p>Apr\u00e8s avoir re\u00e7u et transmis la flamme olympique des \u00e9coles, tous les \u00e9l\u00e8ves de la Petite section au CM2 ont particip\u00e9 ce 24 Mai 2024 \u00e0 une grande journ\u00e9e sportive inter-\u00e9coles, par cycles pour vivre les valeurs de l&rsquo;olympisme : RESPECT &#8211; AMITIE &#8211; EXCELLENCE<\/p>\n<ul>\n<li><em><strong>Les enfants de Cycle 1 ont retrouv\u00e9 leurs copains de la CLE des Marais \u00e0 St Lyphard<\/strong><\/em>.<\/li>\n<\/ul>\n<p>Tout au long de la matin\u00e9e, ils ont couru, saut\u00e9 fait des courses, des relais, du v\u00e9lo&#8230;.<\/p>\n<p><a href=\"http:\/\/ecole-ste-anne-asserac.fr\/wp-content\/uploads\/2024\/05\/ps2.jpg\"><img loading=\"lazy\" decoding=\"async\" class=\"alignnone size-medium wp-image-6448\" src=\"http:\/\/ecole-ste-anne-asserac.fr\/wp-content\/uploads\/2024\/05\/ps2-225x300.jpg\" alt=\"\" width=\"225\" height=\"300\" srcset=\"https:\/\/ecole-ste-anne-asserac.fr\/wp-content\/uploads\/2024\/05\/ps2-225x300.jpg 225w, https:\/\/ecole-ste-anne-asserac.fr\/wp-content\/uploads\/2024\/05\/ps2.jpg 240w\" sizes=\"auto, (max-width: 225px) 100vw, 225px\" \/><\/a> <a href=\"http:\/\/ecole-ste-anne-asserac.fr\/wp-content\/uploads\/2024\/05\/ps1.jpg\"><img loading=\"lazy\" decoding=\"async\" class=\"alignnone size-medium wp-image-6447\" src=\"http:\/\/ecole-ste-anne-asserac.fr\/wp-content\/uploads\/2024\/05\/ps1-300x169.jpg\" alt=\"\" width=\"300\" height=\"169\" srcset=\"https:\/\/ecole-ste-anne-asserac.fr\/wp-content\/uploads\/2024\/05\/ps1-300x169.jpg 300w, https:\/\/ecole-ste-anne-asserac.fr\/wp-content\/uploads\/2024\/05\/ps1-1024x577.jpg 1024w, https:\/\/ecole-ste-anne-asserac.fr\/wp-content\/uploads\/2024\/05\/ps1-768x432.jpg 768w, https:\/\/ecole-ste-anne-asserac.fr\/wp-content\/uploads\/2024\/05\/ps1-600x338.jpg 600w, https:\/\/ecole-ste-anne-asserac.fr\/wp-content\/uploads\/2024\/05\/ps1-1536x865.jpg 1536w, https:\/\/ecole-ste-anne-asserac.fr\/wp-content\/uploads\/2024\/05\/ps1-2048x1153.jpg 2048w\" sizes=\"auto, (max-width: 300px) 100vw, 300px\" \/><\/a> <a href=\"http:\/\/ecole-ste-anne-asserac.fr\/wp-content\/uploads\/2024\/05\/ps5.jpg\"><img loading=\"lazy\" decoding=\"async\" class=\"alignnone size-medium wp-image-6451\" src=\"http:\/\/ecole-ste-anne-asserac.fr\/wp-content\/uploads\/2024\/05\/ps5-225x300.jpg\" alt=\"\" width=\"225\" height=\"300\" srcset=\"https:\/\/ecole-ste-anne-asserac.fr\/wp-content\/uploads\/2024\/05\/ps5-225x300.jpg 225w, https:\/\/ecole-ste-anne-asserac.fr\/wp-content\/uploads\/2024\/05\/ps5-768x1024.jpg 768w, https:\/\/ecole-ste-anne-asserac.fr\/wp-content\/uploads\/2024\/05\/ps5-600x800.jpg 600w, https:\/\/ecole-ste-anne-asserac.fr\/wp-content\/uploads\/2024\/05\/ps5-1152x1536.jpg 1152w, https:\/\/ecole-ste-anne-asserac.fr\/wp-content\/uploads\/2024\/05\/ps5.jpg 1536w\" sizes=\"auto, (max-width: 225px) 100vw, 225px\" \/><\/a> <a href=\"http:\/\/ecole-ste-anne-asserac.fr\/wp-content\/uploads\/2024\/05\/ps4.jpg\"><img loading=\"lazy\" decoding=\"async\" class=\"alignnone size-medium wp-image-6450\" src=\"http:\/\/ecole-ste-anne-asserac.fr\/wp-content\/uploads\/2024\/05\/ps4-169x300.jpg\" alt=\"\" width=\"169\" height=\"300\" srcset=\"https:\/\/ecole-ste-anne-asserac.fr\/wp-content\/uploads\/2024\/05\/ps4-169x300.jpg 169w, https:\/\/ecole-ste-anne-asserac.fr\/wp-content\/uploads\/2024\/05\/ps4-577x1024.jpg 577w, https:\/\/ecole-ste-anne-asserac.fr\/wp-content\/uploads\/2024\/05\/ps4-768x1364.jpg 768w, https:\/\/ecole-ste-anne-asserac.fr\/wp-content\/uploads\/2024\/05\/ps4-600x1065.jpg 600w, https:\/\/ecole-ste-anne-asserac.fr\/wp-content\/uploads\/2024\/05\/ps4-865x1536.jpg 865w, https:\/\/ecole-ste-anne-asserac.fr\/wp-content\/uploads\/2024\/05\/ps4-1153x2048.jpg 1153w, https:\/\/ecole-ste-anne-asserac.fr\/wp-content\/uploads\/2024\/05\/ps4.jpg 1302w\" sizes=\"auto, (max-width: 169px) 100vw, 169px\" \/><\/a> <img loading=\"lazy\" decoding=\"async\" class=\"alignnone size-medium wp-image-6449\" src=\"http:\/\/ecole-ste-anne-asserac.fr\/wp-content\/uploads\/2024\/05\/ps3-300x225.jpg\" alt=\"\" width=\"300\" height=\"225\" srcset=\"https:\/\/ecole-ste-anne-asserac.fr\/wp-content\/uploads\/2024\/05\/ps3-300x225.jpg 300w, https:\/\/ecole-ste-anne-asserac.fr\/wp-content\/uploads\/2024\/05\/ps3.jpg 320w\" sizes=\"auto, (max-width: 300px) 100vw, 300px\" \/> <a href=\"http:\/\/ecole-ste-anne-asserac.fr\/wp-content\/uploads\/2024\/05\/ps6.jpg\"><img loading=\"lazy\" decoding=\"async\" class=\"alignnone size-medium wp-image-6452\" src=\"http:\/\/ecole-ste-anne-asserac.fr\/wp-content\/uploads\/2024\/05\/ps6-300x225.jpg\" alt=\"\" width=\"300\" height=\"225\" srcset=\"https:\/\/ecole-ste-anne-asserac.fr\/wp-content\/uploads\/2024\/05\/ps6-300x225.jpg 300w, https:\/\/ecole-ste-anne-asserac.fr\/wp-content\/uploads\/2024\/05\/ps6-1024x768.jpg 1024w, https:\/\/ecole-ste-anne-asserac.fr\/wp-content\/uploads\/2024\/05\/ps6-768x576.jpg 768w, https:\/\/ecole-ste-anne-asserac.fr\/wp-content\/uploads\/2024\/05\/ps6-600x450.jpg 600w, https:\/\/ecole-ste-anne-asserac.fr\/wp-content\/uploads\/2024\/05\/ps6-1536x1152.jpg 1536w, https:\/\/ecole-ste-anne-asserac.fr\/wp-content\/uploads\/2024\/05\/ps6.jpg 2048w\" sizes=\"auto, (max-width: 300px) 100vw, 300px\" \/><\/a><\/p>\n<p>Un beau moment de partage qui s&rsquo;est termin\u00e9 par un pique-nique dans l&rsquo;herbe&nbsp;<\/p>\n<p><a href=\"http:\/\/ecole-ste-anne-asserac.fr\/wp-content\/uploads\/2024\/05\/ps7.jpg\"><img loading=\"lazy\" decoding=\"async\" class=\"alignnone size-medium wp-image-6453\" src=\"http:\/\/ecole-ste-anne-asserac.fr\/wp-content\/uploads\/2024\/05\/ps7-300x169.jpg\" alt=\"\" width=\"300\" height=\"169\" srcset=\"https:\/\/ecole-ste-anne-asserac.fr\/wp-content\/uploads\/2024\/05\/ps7-300x169.jpg 300w, https:\/\/ecole-ste-anne-asserac.fr\/wp-content\/uploads\/2024\/05\/ps7-1024x577.jpg 1024w, https:\/\/ecole-ste-anne-asserac.fr\/wp-content\/uploads\/2024\/05\/ps7-768x432.jpg 768w, https:\/\/ecole-ste-anne-asserac.fr\/wp-content\/uploads\/2024\/05\/ps7-600x338.jpg 600w, https:\/\/ecole-ste-anne-asserac.fr\/wp-content\/uploads\/2024\/05\/ps7-1536x865.jpg 1536w, https:\/\/ecole-ste-anne-asserac.fr\/wp-content\/uploads\/2024\/05\/ps7-2048x1153.jpg 2048w\" sizes=\"auto, (max-width: 300px) 100vw, 300px\" \/><\/a><\/p>\n<ul>\n<li><em><strong>Les enfants de cycle 2 ont rencontr\u00e9 les \u00e9l\u00e8ves de La Chapelle des Marais , St Lyphard, et Herbignac au stade d&rsquo;Herbignac.<\/strong><\/em><\/li>\n<\/ul>\n<p><img loading=\"lazy\" decoding=\"async\" class=\"alignnone size-medium wp-image-6446\" src=\"http:\/\/ecole-ste-anne-asserac.fr\/wp-content\/uploads\/2024\/05\/55644DC2-33B7-46A8-8DAF-2634C83FF61D_1_102_o-300x225.jpeg\" alt=\"\" width=\"300\" height=\"225\" srcset=\"https:\/\/ecole-ste-anne-asserac.fr\/wp-content\/uploads\/2024\/05\/55644DC2-33B7-46A8-8DAF-2634C83FF61D_1_102_o-300x225.jpeg 300w, https:\/\/ecole-ste-anne-asserac.fr\/wp-content\/uploads\/2024\/05\/55644DC2-33B7-46A8-8DAF-2634C83FF61D_1_102_o-1024x768.jpeg 1024w, https:\/\/ecole-ste-anne-asserac.fr\/wp-content\/uploads\/2024\/05\/55644DC2-33B7-46A8-8DAF-2634C83FF61D_1_102_o-768x576.jpeg 768w, https:\/\/ecole-ste-anne-asserac.fr\/wp-content\/uploads\/2024\/05\/55644DC2-33B7-46A8-8DAF-2634C83FF61D_1_102_o-600x450.jpeg 600w, https:\/\/ecole-ste-anne-asserac.fr\/wp-content\/uploads\/2024\/05\/55644DC2-33B7-46A8-8DAF-2634C83FF61D_1_102_o-1536x1152.jpeg 1536w, https:\/\/ecole-ste-anne-asserac.fr\/wp-content\/uploads\/2024\/05\/55644DC2-33B7-46A8-8DAF-2634C83FF61D_1_102_o.jpeg 2048w\" sizes=\"auto, (max-width: 300px) 100vw, 300px\" \/>&nbsp;<a href=\"http:\/\/ecole-ste-anne-asserac.fr\/wp-content\/uploads\/2024\/06\/WhatsApp-Image-2024-05-24-at-16.54.24.jpeg\"><img loading=\"lazy\" decoding=\"async\" class=\"alignnone size-medium wp-image-6462\" src=\"http:\/\/ecole-ste-anne-asserac.fr\/wp-content\/uploads\/2024\/06\/WhatsApp-Image-2024-05-24-at-16.54.24-300x169.jpeg\" alt=\"\" width=\"300\" height=\"169\" srcset=\"https:\/\/ecole-ste-anne-asserac.fr\/wp-content\/uploads\/2024\/06\/WhatsApp-Image-2024-05-24-at-16.54.24-300x169.jpeg 300w, https:\/\/ecole-ste-anne-asserac.fr\/wp-content\/uploads\/2024\/06\/WhatsApp-Image-2024-05-24-at-16.54.24-1024x576.jpeg 1024w, https:\/\/ecole-ste-anne-asserac.fr\/wp-content\/uploads\/2024\/06\/WhatsApp-Image-2024-05-24-at-16.54.24-768x432.jpeg 768w, https:\/\/ecole-ste-anne-asserac.fr\/wp-content\/uploads\/2024\/06\/WhatsApp-Image-2024-05-24-at-16.54.24-600x338.jpeg 600w, https:\/\/ecole-ste-anne-asserac.fr\/wp-content\/uploads\/2024\/06\/WhatsApp-Image-2024-05-24-at-16.54.24-1536x864.jpeg 1536w, https:\/\/ecole-ste-anne-asserac.fr\/wp-content\/uploads\/2024\/06\/WhatsApp-Image-2024-05-24-at-16.54.24.jpeg 1600w\" sizes=\"auto, (max-width: 300px) 100vw, 300px\" \/><\/a> <a href=\"http:\/\/ecole-ste-anne-asserac.fr\/wp-content\/uploads\/2024\/06\/WhatsApp-Image-2024-05-24-at-16.54.22-2.jpeg\"><img loading=\"lazy\" decoding=\"async\" class=\"alignnone size-medium wp-image-6463\" src=\"http:\/\/ecole-ste-anne-asserac.fr\/wp-content\/uploads\/2024\/06\/WhatsApp-Image-2024-05-24-at-16.54.22-2-249x300.jpeg\" alt=\"\" width=\"249\" height=\"300\" srcset=\"https:\/\/ecole-ste-anne-asserac.fr\/wp-content\/uploads\/2024\/06\/WhatsApp-Image-2024-05-24-at-16.54.22-2-249x300.jpeg 249w, https:\/\/ecole-ste-anne-asserac.fr\/wp-content\/uploads\/2024\/06\/WhatsApp-Image-2024-05-24-at-16.54.22-2-849x1024.jpeg 849w, https:\/\/ecole-ste-anne-asserac.fr\/wp-content\/uploads\/2024\/06\/WhatsApp-Image-2024-05-24-at-16.54.22-2-768x927.jpeg 768w, https:\/\/ecole-ste-anne-asserac.fr\/wp-content\/uploads\/2024\/06\/WhatsApp-Image-2024-05-24-at-16.54.22-2-600x724.jpeg 600w, https:\/\/ecole-ste-anne-asserac.fr\/wp-content\/uploads\/2024\/06\/WhatsApp-Image-2024-05-24-at-16.54.22-2-1273x1536.jpeg 1273w, https:\/\/ecole-ste-anne-asserac.fr\/wp-content\/uploads\/2024\/06\/WhatsApp-Image-2024-05-24-at-16.54.22-2.jpeg 1326w\" sizes=\"auto, (max-width: 249px) 100vw, 249px\" \/><\/a> <img loading=\"lazy\" decoding=\"async\" class=\"alignnone size-medium wp-image-6464\" src=\"http:\/\/ecole-ste-anne-asserac.fr\/wp-content\/uploads\/2024\/06\/WhatsApp-Image-2024-05-24-at-16.54.18-1-300x169.jpeg\" alt=\"\" width=\"300\" height=\"169\" srcset=\"https:\/\/ecole-ste-anne-asserac.fr\/wp-content\/uploads\/2024\/06\/WhatsApp-Image-2024-05-24-at-16.54.18-1-300x169.jpeg 300w, https:\/\/ecole-ste-anne-asserac.fr\/wp-content\/uploads\/2024\/06\/WhatsApp-Image-2024-05-24-at-16.54.18-1-1024x576.jpeg 1024w, https:\/\/ecole-ste-anne-asserac.fr\/wp-content\/uploads\/2024\/06\/WhatsApp-Image-2024-05-24-at-16.54.18-1-768x432.jpeg 768w, https:\/\/ecole-ste-anne-asserac.fr\/wp-content\/uploads\/2024\/06\/WhatsApp-Image-2024-05-24-at-16.54.18-1-600x338.jpeg 600w, https:\/\/ecole-ste-anne-asserac.fr\/wp-content\/uploads\/2024\/06\/WhatsApp-Image-2024-05-24-at-16.54.18-1-1536x864.jpeg 1536w, https:\/\/ecole-ste-anne-asserac.fr\/wp-content\/uploads\/2024\/06\/WhatsApp-Image-2024-05-24-at-16.54.18-1.jpeg 1600w\" sizes=\"auto, (max-width: 300px) 100vw, 300px\" \/><a href=\"http:\/\/ecole-ste-anne-asserac.fr\/wp-content\/uploads\/2024\/06\/WhatsApp-Image-2024-05-24-at-16.54.19-1.jpeg\"><img loading=\"lazy\" decoding=\"async\" class=\"alignnone size-medium wp-image-6465\" src=\"http:\/\/ecole-ste-anne-asserac.fr\/wp-content\/uploads\/2024\/06\/WhatsApp-Image-2024-05-24-at-16.54.19-1-169x300.jpeg\" alt=\"\" width=\"169\" height=\"300\" srcset=\"https:\/\/ecole-ste-anne-asserac.fr\/wp-content\/uploads\/2024\/06\/WhatsApp-Image-2024-05-24-at-16.54.19-1-169x300.jpeg 169w, https:\/\/ecole-ste-anne-asserac.fr\/wp-content\/uploads\/2024\/06\/WhatsApp-Image-2024-05-24-at-16.54.19-1-576x1024.jpeg 576w, https:\/\/ecole-ste-anne-asserac.fr\/wp-content\/uploads\/2024\/06\/WhatsApp-Image-2024-05-24-at-16.54.19-1-768x1365.jpeg 768w, https:\/\/ecole-ste-anne-asserac.fr\/wp-content\/uploads\/2024\/06\/WhatsApp-Image-2024-05-24-at-16.54.19-1-600x1067.jpeg 600w, https:\/\/ecole-ste-anne-asserac.fr\/wp-content\/uploads\/2024\/06\/WhatsApp-Image-2024-05-24-at-16.54.19-1-864x1536.jpeg 864w, https:\/\/ecole-ste-anne-asserac.fr\/wp-content\/uploads\/2024\/06\/WhatsApp-Image-2024-05-24-at-16.54.19-1.jpeg 900w\" sizes=\"auto, (max-width: 169px) 100vw, 169px\" \/><\/a> <a href=\"http:\/\/ecole-ste-anne-asserac.fr\/wp-content\/uploads\/2024\/06\/WhatsApp-Image-2024-05-24-at-16.54.06.jpeg\"><img loading=\"lazy\" decoding=\"async\" class=\"alignnone size-medium wp-image-6466\" src=\"http:\/\/ecole-ste-anne-asserac.fr\/wp-content\/uploads\/2024\/06\/WhatsApp-Image-2024-05-24-at-16.54.06-169x300.jpeg\" alt=\"\" width=\"169\" height=\"300\" srcset=\"https:\/\/ecole-ste-anne-asserac.fr\/wp-content\/uploads\/2024\/06\/WhatsApp-Image-2024-05-24-at-16.54.06-169x300.jpeg 169w, https:\/\/ecole-ste-anne-asserac.fr\/wp-content\/uploads\/2024\/06\/WhatsApp-Image-2024-05-24-at-16.54.06-576x1024.jpeg 576w, https:\/\/ecole-ste-anne-asserac.fr\/wp-content\/uploads\/2024\/06\/WhatsApp-Image-2024-05-24-at-16.54.06-768x1365.jpeg 768w, https:\/\/ecole-ste-anne-asserac.fr\/wp-content\/uploads\/2024\/06\/WhatsApp-Image-2024-05-24-at-16.54.06-600x1067.jpeg 600w, https:\/\/ecole-ste-anne-asserac.fr\/wp-content\/uploads\/2024\/06\/WhatsApp-Image-2024-05-24-at-16.54.06-864x1536.jpeg 864w, https:\/\/ecole-ste-anne-asserac.fr\/wp-content\/uploads\/2024\/06\/WhatsApp-Image-2024-05-24-at-16.54.06.jpeg 900w\" sizes=\"auto, (max-width: 169px) 100vw, 169px\" \/><\/a> <a href=\"http:\/\/ecole-ste-anne-asserac.fr\/wp-content\/uploads\/2024\/06\/WhatsApp-Image-2024-05-24-at-16.54.18-2.jpeg\"><img loading=\"lazy\" decoding=\"async\" class=\"alignnone size-medium wp-image-6467\" src=\"http:\/\/ecole-ste-anne-asserac.fr\/wp-content\/uploads\/2024\/06\/WhatsApp-Image-2024-05-24-at-16.54.18-2-169x300.jpeg\" alt=\"\" width=\"169\" height=\"300\" srcset=\"https:\/\/ecole-ste-anne-asserac.fr\/wp-content\/uploads\/2024\/06\/WhatsApp-Image-2024-05-24-at-16.54.18-2-169x300.jpeg 169w, https:\/\/ecole-ste-anne-asserac.fr\/wp-content\/uploads\/2024\/06\/WhatsApp-Image-2024-05-24-at-16.54.18-2-576x1024.jpeg 576w, https:\/\/ecole-ste-anne-asserac.fr\/wp-content\/uploads\/2024\/06\/WhatsApp-Image-2024-05-24-at-16.54.18-2-768x1365.jpeg 768w, https:\/\/ecole-ste-anne-asserac.fr\/wp-content\/uploads\/2024\/06\/WhatsApp-Image-2024-05-24-at-16.54.18-2-600x1067.jpeg 600w, https:\/\/ecole-ste-anne-asserac.fr\/wp-content\/uploads\/2024\/06\/WhatsApp-Image-2024-05-24-at-16.54.18-2-864x1536.jpeg 864w, https:\/\/ecole-ste-anne-asserac.fr\/wp-content\/uploads\/2024\/06\/WhatsApp-Image-2024-05-24-at-16.54.18-2.jpeg 900w\" sizes=\"auto, (max-width: 169px) 100vw, 169px\" \/><\/a><\/p>\n<p>&nbsp; &nbsp;&nbsp;Ateliers de coop\u00e9ration, d&rsquo;adresse, de vitesse, de lancers , de cible&#8230;. Chacun a donn\u00e9 le meilleur de lui-m\u00eame !<\/p>\n<p>Les parents accompagnateurs ont aussi jou\u00e9&nbsp; le jeu&nbsp; \ud83d\ude09<\/p>\n<p><a href=\"http:\/\/ecole-ste-anne-asserac.fr\/wp-content\/uploads\/2024\/06\/WhatsApp-Image-2024-05-24-at-16.54.08-1.jpeg\"><img loading=\"lazy\" decoding=\"async\" class=\"alignnone size-medium wp-image-6468\" src=\"http:\/\/ecole-ste-anne-asserac.fr\/wp-content\/uploads\/2024\/06\/WhatsApp-Image-2024-05-24-at-16.54.08-1-300x169.jpeg\" alt=\"\" width=\"300\" height=\"169\" srcset=\"https:\/\/ecole-ste-anne-asserac.fr\/wp-content\/uploads\/2024\/06\/WhatsApp-Image-2024-05-24-at-16.54.08-1-300x169.jpeg 300w, https:\/\/ecole-ste-anne-asserac.fr\/wp-content\/uploads\/2024\/06\/WhatsApp-Image-2024-05-24-at-16.54.08-1-1024x576.jpeg 1024w, https:\/\/ecole-ste-anne-asserac.fr\/wp-content\/uploads\/2024\/06\/WhatsApp-Image-2024-05-24-at-16.54.08-1-768x432.jpeg 768w, https:\/\/ecole-ste-anne-asserac.fr\/wp-content\/uploads\/2024\/06\/WhatsApp-Image-2024-05-24-at-16.54.08-1-600x338.jpeg 600w, https:\/\/ecole-ste-anne-asserac.fr\/wp-content\/uploads\/2024\/06\/WhatsApp-Image-2024-05-24-at-16.54.08-1-1536x864.jpeg 1536w, https:\/\/ecole-ste-anne-asserac.fr\/wp-content\/uploads\/2024\/06\/WhatsApp-Image-2024-05-24-at-16.54.08-1.jpeg 1600w\" sizes=\"auto, (max-width: 300px) 100vw, 300px\" \/><\/a><\/p>\n<p>&nbsp;<\/p>\n<ul>\n<li><em><strong>Les enfants de Cycle 3 se sont rendus , quant \u00e0 eux, \u00e0 La Chapelle des Marais. <\/strong><\/em><\/li>\n<\/ul>\n<p>Tout au long de la journ\u00e9e, ils ont particip\u00e9 \u00e0 des ateliers de sports collectifs tels que le basket, le hockey, l&rsquo;ultimate<\/p>\n<ul>\n<li>&nbsp;<img loading=\"lazy\" decoding=\"async\" class=\"alignnone size-medium wp-image-6436\" src=\"http:\/\/ecole-ste-anne-asserac.fr\/wp-content\/uploads\/2024\/05\/hockey-2-300x225.jpg\" alt=\"\" width=\"300\" height=\"225\" srcset=\"https:\/\/ecole-ste-anne-asserac.fr\/wp-content\/uploads\/2024\/05\/hockey-2-300x225.jpg 300w, https:\/\/ecole-ste-anne-asserac.fr\/wp-content\/uploads\/2024\/05\/hockey-2-1024x768.jpg 1024w, https:\/\/ecole-ste-anne-asserac.fr\/wp-content\/uploads\/2024\/05\/hockey-2-768x576.jpg 768w, https:\/\/ecole-ste-anne-asserac.fr\/wp-content\/uploads\/2024\/05\/hockey-2-600x450.jpg 600w, https:\/\/ecole-ste-anne-asserac.fr\/wp-content\/uploads\/2024\/05\/hockey-2-1536x1152.jpg 1536w, https:\/\/ecole-ste-anne-asserac.fr\/wp-content\/uploads\/2024\/05\/hockey-2-2048x1536.jpg 2048w\" sizes=\"auto, (max-width: 300px) 100vw, 300px\" \/>&nbsp;<\/li>\n<\/ul>\n<p>ou \u00e0 des ateliers plus calmes o\u00f9 la dext\u00e9rit\u00e9, la patience \u00e9taient mises \u00e0 rude \u00e9preuve : faire la plus haute tour en kaplas par exemple ! Le record d&rsquo;une \u00e9quipe de la classe est quand m\u00eame de 2m75 avant sa chute !!<\/p>\n<p><a href=\"http:\/\/ecole-ste-anne-asserac.fr\/wp-content\/uploads\/2024\/05\/kaplas-1-scaled.jpg\"><img loading=\"lazy\" decoding=\"async\" class=\"alignnone size-medium wp-image-6438\" src=\"http:\/\/ecole-ste-anne-asserac.fr\/wp-content\/uploads\/2024\/05\/kaplas-1-127x300.jpg\" alt=\"\" width=\"127\" height=\"300\" srcset=\"https:\/\/ecole-ste-anne-asserac.fr\/wp-content\/uploads\/2024\/05\/kaplas-1-127x300.jpg 127w, https:\/\/ecole-ste-anne-asserac.fr\/wp-content\/uploads\/2024\/05\/kaplas-1-433x1024.jpg 433w, https:\/\/ecole-ste-anne-asserac.fr\/wp-content\/uploads\/2024\/05\/kaplas-1-768x1818.jpg 768w, https:\/\/ecole-ste-anne-asserac.fr\/wp-content\/uploads\/2024\/05\/kaplas-1-600x1420.jpg 600w, https:\/\/ecole-ste-anne-asserac.fr\/wp-content\/uploads\/2024\/05\/kaplas-1-649x1536.jpg 649w, https:\/\/ecole-ste-anne-asserac.fr\/wp-content\/uploads\/2024\/05\/kaplas-1-865x2048.jpg 865w, https:\/\/ecole-ste-anne-asserac.fr\/wp-content\/uploads\/2024\/05\/kaplas-1-scaled.jpg 1082w\" sizes=\"auto, (max-width: 127px) 100vw, 127px\" \/><\/a> <a href=\"http:\/\/ecole-ste-anne-asserac.fr\/wp-content\/uploads\/2024\/05\/kaplas-2-scaled.jpg\"><img loading=\"lazy\" decoding=\"async\" class=\"alignnone size-medium wp-image-6439\" src=\"http:\/\/ecole-ste-anne-asserac.fr\/wp-content\/uploads\/2024\/05\/kaplas-2-225x300.jpg\" alt=\"\" width=\"225\" height=\"300\" srcset=\"https:\/\/ecole-ste-anne-asserac.fr\/wp-content\/uploads\/2024\/05\/kaplas-2-225x300.jpg 225w, https:\/\/ecole-ste-anne-asserac.fr\/wp-content\/uploads\/2024\/05\/kaplas-2-768x1024.jpg 768w, https:\/\/ecole-ste-anne-asserac.fr\/wp-content\/uploads\/2024\/05\/kaplas-2-600x800.jpg 600w, https:\/\/ecole-ste-anne-asserac.fr\/wp-content\/uploads\/2024\/05\/kaplas-2-1152x1536.jpg 1152w, https:\/\/ecole-ste-anne-asserac.fr\/wp-content\/uploads\/2024\/05\/kaplas-2-1536x2048.jpg 1536w, https:\/\/ecole-ste-anne-asserac.fr\/wp-content\/uploads\/2024\/05\/kaplas-2-scaled.jpg 1920w\" sizes=\"auto, (max-width: 225px) 100vw, 225px\" \/><\/a> <a href=\"http:\/\/ecole-ste-anne-asserac.fr\/wp-content\/uploads\/2024\/06\/IMG_2959-1-scaled.jpg\"><img loading=\"lazy\" decoding=\"async\" class=\"alignnone size-medium wp-image-6471\" src=\"http:\/\/ecole-ste-anne-asserac.fr\/wp-content\/uploads\/2024\/06\/IMG_2959-1-225x300.jpg\" alt=\"\" width=\"225\" height=\"300\" srcset=\"https:\/\/ecole-ste-anne-asserac.fr\/wp-content\/uploads\/2024\/06\/IMG_2959-1-225x300.jpg 225w, https:\/\/ecole-ste-anne-asserac.fr\/wp-content\/uploads\/2024\/06\/IMG_2959-1-768x1024.jpg 768w, https:\/\/ecole-ste-anne-asserac.fr\/wp-content\/uploads\/2024\/06\/IMG_2959-1-600x800.jpg 600w, https:\/\/ecole-ste-anne-asserac.fr\/wp-content\/uploads\/2024\/06\/IMG_2959-1-1152x1536.jpg 1152w, https:\/\/ecole-ste-anne-asserac.fr\/wp-content\/uploads\/2024\/06\/IMG_2959-1-1536x2048.jpg 1536w, https:\/\/ecole-ste-anne-asserac.fr\/wp-content\/uploads\/2024\/06\/IMG_2959-1-scaled.jpg 1920w\" sizes=\"auto, (max-width: 225px) 100vw, 225px\" \/><\/a> <a href=\"http:\/\/ecole-ste-anne-asserac.fr\/wp-content\/uploads\/2024\/06\/IMG_2972-1-scaled.jpg\"><img loading=\"lazy\" decoding=\"async\" class=\"alignnone size-medium wp-image-6470\" src=\"http:\/\/ecole-ste-anne-asserac.fr\/wp-content\/uploads\/2024\/06\/IMG_2972-1-225x300.jpg\" alt=\"\" width=\"225\" height=\"300\" srcset=\"https:\/\/ecole-ste-anne-asserac.fr\/wp-content\/uploads\/2024\/06\/IMG_2972-1-225x300.jpg 225w, https:\/\/ecole-ste-anne-asserac.fr\/wp-content\/uploads\/2024\/06\/IMG_2972-1-768x1024.jpg 768w, https:\/\/ecole-ste-anne-asserac.fr\/wp-content\/uploads\/2024\/06\/IMG_2972-1-600x800.jpg 600w, https:\/\/ecole-ste-anne-asserac.fr\/wp-content\/uploads\/2024\/06\/IMG_2972-1-1152x1536.jpg 1152w, https:\/\/ecole-ste-anne-asserac.fr\/wp-content\/uploads\/2024\/06\/IMG_2972-1-1536x2048.jpg 1536w, https:\/\/ecole-ste-anne-asserac.fr\/wp-content\/uploads\/2024\/06\/IMG_2972-1-scaled.jpg 1920w\" sizes=\"auto, (max-width: 225px) 100vw, 225px\" \/><\/a> <a href=\"http:\/\/ecole-ste-anne-asserac.fr\/wp-content\/uploads\/2024\/06\/IMG_2985-1-scaled.jpg\"><img loading=\"lazy\" decoding=\"async\" class=\"alignnone size-medium wp-image-6469\" src=\"http:\/\/ecole-ste-anne-asserac.fr\/wp-content\/uploads\/2024\/06\/IMG_2985-1-225x300.jpg\" alt=\"\" width=\"225\" height=\"300\" srcset=\"https:\/\/ecole-ste-anne-asserac.fr\/wp-content\/uploads\/2024\/06\/IMG_2985-1-225x300.jpg 225w, https:\/\/ecole-ste-anne-asserac.fr\/wp-content\/uploads\/2024\/06\/IMG_2985-1-768x1024.jpg 768w, https:\/\/ecole-ste-anne-asserac.fr\/wp-content\/uploads\/2024\/06\/IMG_2985-1-600x800.jpg 600w, https:\/\/ecole-ste-anne-asserac.fr\/wp-content\/uploads\/2024\/06\/IMG_2985-1-1152x1536.jpg 1152w, https:\/\/ecole-ste-anne-asserac.fr\/wp-content\/uploads\/2024\/06\/IMG_2985-1-1536x2048.jpg 1536w, https:\/\/ecole-ste-anne-asserac.fr\/wp-content\/uploads\/2024\/06\/IMG_2985-1-scaled.jpg 1920w\" sizes=\"auto, (max-width: 225px) 100vw, 225px\" \/><\/a><\/p>\n<p>sous les encouragements des \u00e9quipes spectatrices<\/p>\n<p><img loading=\"lazy\" decoding=\"async\" class=\"alignnone size-medium wp-image-6441\" src=\"http:\/\/ecole-ste-anne-asserac.fr\/wp-content\/uploads\/2024\/05\/IMG_20240524_141720-300x225.jpg\" alt=\"\" width=\"300\" height=\"225\" srcset=\"https:\/\/ecole-ste-anne-asserac.fr\/wp-content\/uploads\/2024\/05\/IMG_20240524_141720-300x225.jpg 300w, https:\/\/ecole-ste-anne-asserac.fr\/wp-content\/uploads\/2024\/05\/IMG_20240524_141720-1024x768.jpg 1024w, https:\/\/ecole-ste-anne-asserac.fr\/wp-content\/uploads\/2024\/05\/IMG_20240524_141720-768x576.jpg 768w, https:\/\/ecole-ste-anne-asserac.fr\/wp-content\/uploads\/2024\/05\/IMG_20240524_141720-600x450.jpg 600w, https:\/\/ecole-ste-anne-asserac.fr\/wp-content\/uploads\/2024\/05\/IMG_20240524_141720-1536x1152.jpg 1536w, https:\/\/ecole-ste-anne-asserac.fr\/wp-content\/uploads\/2024\/05\/IMG_20240524_141720-2048x1536.jpg 2048w\" sizes=\"auto, (max-width: 300px) 100vw, 300px\" \/> <a href=\"http:\/\/ecole-ste-anne-asserac.fr\/wp-content\/uploads\/2024\/05\/spectateurs-.jpg\"><img loading=\"lazy\" decoding=\"async\" class=\"alignnone size-medium wp-image-6444\" src=\"http:\/\/ecole-ste-anne-asserac.fr\/wp-content\/uploads\/2024\/05\/spectateurs--255x300.jpg\" alt=\"\" width=\"255\" height=\"300\" srcset=\"https:\/\/ecole-ste-anne-asserac.fr\/wp-content\/uploads\/2024\/05\/spectateurs--255x300.jpg 255w, https:\/\/ecole-ste-anne-asserac.fr\/wp-content\/uploads\/2024\/05\/spectateurs--871x1024.jpg 871w, https:\/\/ecole-ste-anne-asserac.fr\/wp-content\/uploads\/2024\/05\/spectateurs--768x903.jpg 768w, https:\/\/ecole-ste-anne-asserac.fr\/wp-content\/uploads\/2024\/05\/spectateurs--600x705.jpg 600w, https:\/\/ecole-ste-anne-asserac.fr\/wp-content\/uploads\/2024\/05\/spectateurs--1307x1536.jpg 1307w, https:\/\/ecole-ste-anne-asserac.fr\/wp-content\/uploads\/2024\/05\/spectateurs--1743x2048.jpg 1743w\" sizes=\"auto, (max-width: 255px) 100vw, 255px\" \/><\/a><\/p>\n<p>Pour terminer cette tr\u00e8s belle journ\u00e9e, nous avons tous ensemble dans\u00e9 sur la chor\u00e9graphie officielle des JO, fait des photos souvenirs&#8230;<\/p>\n<p><a href=\"http:\/\/ecole-ste-anne-asserac.fr\/wp-content\/uploads\/2024\/05\/IMG_20240524_144217-scaled.jpg\"><img loading=\"lazy\" decoding=\"async\" class=\"alignnone size-medium wp-image-6445\" src=\"http:\/\/ecole-ste-anne-asserac.fr\/wp-content\/uploads\/2024\/05\/IMG_20240524_144217-300x225.jpg\" alt=\"\" width=\"300\" height=\"225\" srcset=\"https:\/\/ecole-ste-anne-asserac.fr\/wp-content\/uploads\/2024\/05\/IMG_20240524_144217-300x225.jpg 300w, https:\/\/ecole-ste-anne-asserac.fr\/wp-content\/uploads\/2024\/05\/IMG_20240524_144217-1024x768.jpg 1024w, https:\/\/ecole-ste-anne-asserac.fr\/wp-content\/uploads\/2024\/05\/IMG_20240524_144217-768x576.jpg 768w, https:\/\/ecole-ste-anne-asserac.fr\/wp-content\/uploads\/2024\/05\/IMG_20240524_144217-600x450.jpg 600w, https:\/\/ecole-ste-anne-asserac.fr\/wp-content\/uploads\/2024\/05\/IMG_20240524_144217-1536x1152.jpg 1536w, https:\/\/ecole-ste-anne-asserac.fr\/wp-content\/uploads\/2024\/05\/IMG_20240524_144217-2048x1536.jpg 2048w\" sizes=\"auto, (max-width: 300px) 100vw, 300px\" \/><\/a> <a href=\"http:\/\/ecole-ste-anne-asserac.fr\/wp-content\/uploads\/2024\/05\/Equipes-Asserac-scaled.jpg\"><img loading=\"lazy\" decoding=\"async\" class=\"alignnone size-medium wp-image-6442\" src=\"http:\/\/ecole-ste-anne-asserac.fr\/wp-content\/uploads\/2024\/05\/Equipes-Asserac-300x225.jpg\" alt=\"\" width=\"300\" height=\"225\" srcset=\"https:\/\/ecole-ste-anne-asserac.fr\/wp-content\/uploads\/2024\/05\/Equipes-Asserac-300x225.jpg 300w, https:\/\/ecole-ste-anne-asserac.fr\/wp-content\/uploads\/2024\/05\/Equipes-Asserac-1024x768.jpg 1024w, https:\/\/ecole-ste-anne-asserac.fr\/wp-content\/uploads\/2024\/05\/Equipes-Asserac-768x576.jpg 768w, https:\/\/ecole-ste-anne-asserac.fr\/wp-content\/uploads\/2024\/05\/Equipes-Asserac-600x450.jpg 600w, https:\/\/ecole-ste-anne-asserac.fr\/wp-content\/uploads\/2024\/05\/Equipes-Asserac-1536x1152.jpg 1536w, https:\/\/ecole-ste-anne-asserac.fr\/wp-content\/uploads\/2024\/05\/Equipes-Asserac-2048x1536.jpg 2048w\" sizes=\"auto, (max-width: 300px) 100vw, 300px\" \/><\/a> &nbsp; &nbsp;&nbsp;<img loading=\"lazy\" decoding=\"async\" class=\"alignnone size-medium wp-image-6443\" src=\"http:\/\/ecole-ste-anne-asserac.fr\/wp-content\/uploads\/2024\/05\/IMG_20240524_151723-300x225.jpg\" alt=\"\" width=\"300\" height=\"225\" srcset=\"https:\/\/ecole-ste-anne-asserac.fr\/wp-content\/uploads\/2024\/05\/IMG_20240524_151723-300x225.jpg 300w, https:\/\/ecole-ste-anne-asserac.fr\/wp-content\/uploads\/2024\/05\/IMG_20240524_151723-1024x768.jpg 1024w, https:\/\/ecole-ste-anne-asserac.fr\/wp-content\/uploads\/2024\/05\/IMG_20240524_151723-768x576.jpg 768w, https:\/\/ecole-ste-anne-asserac.fr\/wp-content\/uploads\/2024\/05\/IMG_20240524_151723-600x450.jpg 600w, https:\/\/ecole-ste-anne-asserac.fr\/wp-content\/uploads\/2024\/05\/IMG_20240524_151723-1536x1152.jpg 1536w, https:\/\/ecole-ste-anne-asserac.fr\/wp-content\/uploads\/2024\/05\/IMG_20240524_151723-2048x1536.jpg 2048w\" sizes=\"auto, (max-width: 300px) 100vw, 300px\" \/><\/p>\n<p>&nbsp;<\/p>\n<p style=\"text-align: center;\"><strong>UN GRAND MERCI A TOUS LES PARENTS QUI SE SONT MOBILISES DANS CHAQUE CYCLE<\/strong><\/p>\n<p style=\"text-align: center;\"><strong> POUR NOUS ACCOMPAGNER DURANT TOUTE CETTE JOURNEE OLYMPIQUE !<\/strong><\/p>\n<p>&nbsp;<\/p>\n<p>Si vous voulez vous aussi \u00eatre pr\u00eats pour danser lors des c\u00e9r\u00e9monies des Jeux Olympiques de Paris 2024, nous vous partageons cette vid\u00e9o :&nbsp;<\/p>\n<div style=\"width: 1170px;\" class=\"wp-video\"><!--[if lt IE 9]><script>document.createElement('video');<\/script><![endif]-->\n<video class=\"wp-video-shortcode\" id=\"video-6431-1\" width=\"1170\" height=\"658\" preload=\"metadata\" controls=\"controls\"><source type=\"video\/mp4\" src=\"http:\/\/ecole-ste-anne-asserac.fr\/wp-content\/uploads\/2024\/05\/Danse-des-JO-en-miroir.mp4?_=1\" \/><a href=\"http:\/\/ecole-ste-anne-asserac.fr\/wp-content\/uploads\/2024\/05\/Danse-des-JO-en-miroir.mp4\">http:\/\/ecole-ste-anne-asserac.fr\/wp-content\/uploads\/2024\/05\/Danse-des-JO-en-miroir.mp4<\/a><\/video><\/div>\n<p>&nbsp;<\/p>\n","protected":false},"excerpt":{"rendered":"<p>24 Mai 2024 : Journ\u00e9e Olympique des \u00e9coles catholiques du d\u00e9partement ! Apr\u00e8s avoir re\u00e7u et transmis la flamme olympique des \u00e9coles, tous les \u00e9l\u00e8ves de la Petite section au CM2 ont particip\u00e9 ce 24 Mai 2024 \u00e0 une grande journ\u00e9e sportive inter-\u00e9coles, par cycles pour vivre les valeurs de l&rsquo;olympisme : RESPECT &#8211; AMITIE<\/p>\n<p><a href=\"https:\/\/ecole-ste-anne-asserac.fr\/?p=6431\" class=\"more-link themebutton\">Lire la suite<\/a><\/p>\n","protected":false},"author":3,"featured_media":6432,"comment_status":"closed","ping_status":"closed","sticky":false,"template":"","format":"standard","meta":{"ngg_post_thumbnail":0,"footnotes":""},"categories":[7,8,6],"tags":[],"class_list":["post-6431","post","type-post","status-publish","format-standard","has-post-thumbnail","hentry","category-classe-de-ce2-cm1","category-classe-de-cm1-cm2","category-classe-de-cp-ce1"],"_links":{"self":[{"href":"https:\/\/ecole-ste-anne-asserac.fr\/index.php?rest_route=\/wp\/v2\/posts\/6431","targetHints":{"allow":["GET"]}}],"collection":[{"href":"https:\/\/ecole-ste-anne-asserac.fr\/index.php?rest_route=\/wp\/v2\/posts"}],"about":[{"href":"https:\/\/ecole-ste-anne-asserac.fr\/index.php?rest_route=\/wp\/v2\/types\/post"}],"author":[{"embeddable":true,"href":"https:\/\/ecole-ste-anne-asserac.fr\/index.php?rest_route=\/wp\/v2\/users\/3"}],"replies":[{"embeddable":true,"href":"https:\/\/ecole-ste-anne-asserac.fr\/index.php?rest_route=%2Fwp%2Fv2%2Fcomments&post=6431"}],"version-history":[{"count":4,"href":"https:\/\/ecole-ste-anne-asserac.fr\/index.php?rest_route=\/wp\/v2\/posts\/6431\/revisions"}],"predecessor-version":[{"id":6472,"href":"https:\/\/ecole-ste-anne-asserac.fr\/index.php?rest_route=\/wp\/v2\/posts\/6431\/revisions\/6472"}],"wp:featuredmedia":[{"embeddable":true,"href":"https:\/\/ecole-ste-anne-asserac.fr\/index.php?rest_route=\/wp\/v2\/media\/6432"}],"wp:attachment":[{"href":"https:\/\/ecole-ste-anne-asserac.fr\/index.php?rest_route=%2Fwp%2Fv2%2Fmedia&parent=6431"}],"wp:term":[{"taxonomy":"category","embeddable":true,"href":"https:\/\/ecole-ste-anne-asserac.fr\/index.php?rest_route=%2Fwp%2Fv2%2Fcategories&post=6431"},{"taxonomy":"post_tag","embeddable":true,"href":"https:\/\/ecole-ste-anne-asserac.fr\/index.php?rest_route=%2Fwp%2Fv2%2Ftags&post=6431"}],"curies":[{"name":"wp","href":"https:\/\/api.w.org\/{rel}","templated":true}]}}