{"id":648,"date":"2016-05-03T13:38:38","date_gmt":"2016-05-03T12:38:38","guid":{"rendered":"http:\/\/ecole-ste-anne-asserac.fr\/?p=648"},"modified":"2016-05-03T13:40:30","modified_gmt":"2016-05-03T12:40:30","slug":"ouverture-sur-lafrique","status":"publish","type":"post","link":"https:\/\/ecole-ste-anne-asserac.fr\/?p=648","title":{"rendered":"Ouverture sur l&rsquo;Afrique"},"content":{"rendered":"<p>Vendredi matin 29 avril, dans le cadre de l&rsquo;Enseignement moral et civique, les enfants de CE2-CM1 et CM1\/2 ont rencontr\u00e9 Micheline et Roger, deux b\u00e9n\u00e9voles de l&rsquo;Association <a href=\"http:\/\/www.gref.asso.fr\/spip.php?rubrique49\">GREF<\/a>, de retour du B\u00e9nin.<a href=\"http:\/\/ecole-ste-anne-asserac.fr\/wp-content\/uploads\/2016\/04\/SDC11971.jpg\"><img loading=\"lazy\" decoding=\"async\" class=\"aligncenter size-medium wp-image-649\" src=\"http:\/\/ecole-ste-anne-asserac.fr\/wp-content\/uploads\/2016\/04\/SDC11971-300x225.jpg\" alt=\"SDC11971\" width=\"300\" height=\"225\" srcset=\"https:\/\/ecole-ste-anne-asserac.fr\/wp-content\/uploads\/2016\/04\/SDC11971-300x225.jpg 300w, https:\/\/ecole-ste-anne-asserac.fr\/wp-content\/uploads\/2016\/04\/SDC11971-768x576.jpg 768w, https:\/\/ecole-ste-anne-asserac.fr\/wp-content\/uploads\/2016\/04\/SDC11971-1024x768.jpg 1024w, https:\/\/ecole-ste-anne-asserac.fr\/wp-content\/uploads\/2016\/04\/SDC11971-600x450.jpg 600w, https:\/\/ecole-ste-anne-asserac.fr\/wp-content\/uploads\/2016\/04\/SDC11971.jpg 2048w\" sizes=\"auto, (max-width: 300px) 100vw, 300px\" \/><\/a><a href=\"http:\/\/ecole-ste-anne-asserac.fr\/wp-content\/uploads\/2016\/04\/SDC11973.jpg\"><img loading=\"lazy\" decoding=\"async\" class=\"aligncenter size-medium wp-image-650\" src=\"http:\/\/ecole-ste-anne-asserac.fr\/wp-content\/uploads\/2016\/04\/SDC11973-300x225.jpg\" alt=\"SDC11973\" width=\"300\" height=\"225\" srcset=\"https:\/\/ecole-ste-anne-asserac.fr\/wp-content\/uploads\/2016\/04\/SDC11973-300x225.jpg 300w, https:\/\/ecole-ste-anne-asserac.fr\/wp-content\/uploads\/2016\/04\/SDC11973-768x576.jpg 768w, https:\/\/ecole-ste-anne-asserac.fr\/wp-content\/uploads\/2016\/04\/SDC11973-1024x768.jpg 1024w, https:\/\/ecole-ste-anne-asserac.fr\/wp-content\/uploads\/2016\/04\/SDC11973-600x450.jpg 600w, https:\/\/ecole-ste-anne-asserac.fr\/wp-content\/uploads\/2016\/04\/SDC11973.jpg 2048w\" sizes=\"auto, (max-width: 300px) 100vw, 300px\" \/><\/a><a href=\"http:\/\/ecole-ste-anne-asserac.fr\/wp-content\/uploads\/2016\/04\/SDC11972.jpg\"><img loading=\"lazy\" decoding=\"async\" class=\"aligncenter size-medium wp-image-651\" src=\"http:\/\/ecole-ste-anne-asserac.fr\/wp-content\/uploads\/2016\/04\/SDC11972-300x225.jpg\" alt=\"SDC11972\" width=\"300\" height=\"225\" srcset=\"https:\/\/ecole-ste-anne-asserac.fr\/wp-content\/uploads\/2016\/04\/SDC11972-300x225.jpg 300w, https:\/\/ecole-ste-anne-asserac.fr\/wp-content\/uploads\/2016\/04\/SDC11972-768x576.jpg 768w, https:\/\/ecole-ste-anne-asserac.fr\/wp-content\/uploads\/2016\/04\/SDC11972-1024x768.jpg 1024w, https:\/\/ecole-ste-anne-asserac.fr\/wp-content\/uploads\/2016\/04\/SDC11972-600x450.jpg 600w, https:\/\/ecole-ste-anne-asserac.fr\/wp-content\/uploads\/2016\/04\/SDC11972.jpg 2048w\" sizes=\"auto, (max-width: 300px) 100vw, 300px\" \/><\/a>Voici que\u00a0 nous avons retenu :<\/p>\n<p>\u00ab\u00a0Le vendredi 29 avril Micheline et Roger sont venus nous raconter le fonctionnement de l\u2019association GREF au B\u00e9nin, pour aider les gens \u00e0 gagner leur vie.<\/p>\n<p>Au B\u00e9nin, ils cultivent du sel, font du compost et de la jacinthe d\u2019eau. Il y a environ 50 salines. Ils creusent un trou, les femmes du village niv\u00e8lent et apr\u00e8s elles mettent une b\u00e2che pour mettre l\u2019eau de la mer, puis un vent chaud \u00e9vapore l\u2019eau et il reste le sel. Les salicultrices produisent 3000 tonnes , mais le pays a besoin de30 000 tonnes.Elles ramassent 20 grammes de sel par litre d&rsquo;eau de mer.<\/p>\n<p>La jacinthe d\u2019eau se cultive sur l\u2019eau, la racine n\u2019est pas dans la terre. Ils les coupent environ \u00e0 50 cm de long. Il faut les faire s\u00e9cher puis ils font un n\u0153ud. Ils font des paniers, des dessous de verre, des corbeilles\u2026pour les vendre.\u00a0\u00bb <em>( C\u00e9cile et Timoth\u00e9e)<\/em><\/p>\n","protected":false},"excerpt":{"rendered":"<p>Vendredi matin 29 avril, dans le cadre de l&rsquo;Enseignement moral et civique, les enfants de CE2-CM1 et CM1\/2 ont rencontr\u00e9 Micheline et Roger, deux b\u00e9n\u00e9voles de l&rsquo;Association GREF, de retour du B\u00e9nin.Voici que\u00a0 nous avons retenu : \u00ab\u00a0Le vendredi 29 avril Micheline et Roger sont venus nous raconter le fonctionnement de l\u2019association GREF au B\u00e9nin,<\/p>\n<p><a href=\"https:\/\/ecole-ste-anne-asserac.fr\/?p=648\" class=\"more-link themebutton\">Lire la suite<\/a><\/p>\n","protected":false},"author":3,"featured_media":0,"comment_status":"closed","ping_status":"closed","sticky":false,"template":"","format":"standard","meta":{"ngg_post_thumbnail":0,"footnotes":""},"categories":[7,8],"tags":[],"class_list":["post-648","post","type-post","status-publish","format-standard","hentry","category-classe-de-ce2-cm1","category-classe-de-cm1-cm2"],"_links":{"self":[{"href":"https:\/\/ecole-ste-anne-asserac.fr\/index.php?rest_route=\/wp\/v2\/posts\/648","targetHints":{"allow":["GET"]}}],"collection":[{"href":"https:\/\/ecole-ste-anne-asserac.fr\/index.php?rest_route=\/wp\/v2\/posts"}],"about":[{"href":"https:\/\/ecole-ste-anne-asserac.fr\/index.php?rest_route=\/wp\/v2\/types\/post"}],"author":[{"embeddable":true,"href":"https:\/\/ecole-ste-anne-asserac.fr\/index.php?rest_route=\/wp\/v2\/users\/3"}],"replies":[{"embeddable":true,"href":"https:\/\/ecole-ste-anne-asserac.fr\/index.php?rest_route=%2Fwp%2Fv2%2Fcomments&post=648"}],"version-history":[{"count":0,"href":"https:\/\/ecole-ste-anne-asserac.fr\/index.php?rest_route=\/wp\/v2\/posts\/648\/revisions"}],"wp:attachment":[{"href":"https:\/\/ecole-ste-anne-asserac.fr\/index.php?rest_route=%2Fwp%2Fv2%2Fmedia&parent=648"}],"wp:term":[{"taxonomy":"category","embeddable":true,"href":"https:\/\/ecole-ste-anne-asserac.fr\/index.php?rest_route=%2Fwp%2Fv2%2Fcategories&post=648"},{"taxonomy":"post_tag","embeddable":true,"href":"https:\/\/ecole-ste-anne-asserac.fr\/index.php?rest_route=%2Fwp%2Fv2%2Ftags&post=648"}],"curies":[{"name":"wp","href":"https:\/\/api.w.org\/{rel}","templated":true}]}}