{"id":6497,"date":"2024-07-04T21:38:24","date_gmt":"2024-07-04T19:38:24","guid":{"rendered":"https:\/\/ecole-ste-anne-asserac.fr\/?p=6497"},"modified":"2024-07-09T15:34:11","modified_gmt":"2024-07-09T13:34:11","slug":"cote-international","status":"publish","type":"post","link":"https:\/\/ecole-ste-anne-asserac.fr\/?p=6497","title":{"rendered":"C\u00f4t\u00e9 international ?"},"content":{"rendered":"<p>&nbsp;Cette ann\u00e9e encore, l&rsquo;international est tr\u00e8s pr\u00e9sent en ce mois de juin !<\/p>\n<p>Les projets eTwinning \u00ab\u00a0avec les classes se terminent, les derni\u00e8res visios pour se dire \u00ab\u00a0aurevoir\u00a0\u00bb avec les partenaires ont eu lieu, notamment avec les classes de Giorgia et Maria Rosaria&nbsp; de Colleferro. Les liens sont plus forts encore depuis notre rencontre en Italie. Tous ont promis de se revoir l&rsquo;an prochain pour travailler \u00e0 nouveau ensemble.<\/p>\n<p><a href=\"http:\/\/ecole-ste-anne-asserac.fr\/wp-content\/uploads\/2024\/07\/20240530_152356-scaled.jpg\"><img loading=\"lazy\" decoding=\"async\" class=\"alignnone size-medium wp-image-6499\" src=\"http:\/\/ecole-ste-anne-asserac.fr\/wp-content\/uploads\/2024\/07\/20240530_152356-300x225.jpg\" alt=\"\" width=\"300\" height=\"225\" srcset=\"https:\/\/ecole-ste-anne-asserac.fr\/wp-content\/uploads\/2024\/07\/20240530_152356-300x225.jpg 300w, https:\/\/ecole-ste-anne-asserac.fr\/wp-content\/uploads\/2024\/07\/20240530_152356-1024x768.jpg 1024w, https:\/\/ecole-ste-anne-asserac.fr\/wp-content\/uploads\/2024\/07\/20240530_152356-768x576.jpg 768w, https:\/\/ecole-ste-anne-asserac.fr\/wp-content\/uploads\/2024\/07\/20240530_152356-600x450.jpg 600w, https:\/\/ecole-ste-anne-asserac.fr\/wp-content\/uploads\/2024\/07\/20240530_152356-1536x1152.jpg 1536w, https:\/\/ecole-ste-anne-asserac.fr\/wp-content\/uploads\/2024\/07\/20240530_152356-2048x1536.jpg 2048w\" sizes=\"auto, (max-width: 300px) 100vw, 300px\" \/><\/a><\/p>\n<p>Le 6 Juin, avait lieu la c\u00e9r\u00e9monie de cl\u00f4ture des mobilit\u00e9s Erasmus pour les \u00e9tablissements scolaires du 1er degr\u00e9 : Solen et V\u00e9ronique sont all\u00e9es t\u00e9moigner du v\u00e9cu des enfants lors de la mobilit\u00e9 \u00e0 Colleferro en avril dernier. Bien s\u00fbr, auparavant, les enfants avaient donn\u00e9 leur ressenti, expliqu\u00e9 leurs d\u00e9couvertes, \u00e9crit ce qu&rsquo;ils avaient retenu de cette rencontre.<\/p>\n<p><a href=\"http:\/\/ecole-ste-anne-asserac.fr\/wp-content\/uploads\/2024\/07\/IMG_20240606_2038021-scaled.jpg\"><img loading=\"lazy\" decoding=\"async\" class=\"alignnone size-medium wp-image-6502\" src=\"http:\/\/ecole-ste-anne-asserac.fr\/wp-content\/uploads\/2024\/07\/IMG_20240606_2038021-300x225.jpg\" alt=\"\" width=\"300\" height=\"225\" srcset=\"https:\/\/ecole-ste-anne-asserac.fr\/wp-content\/uploads\/2024\/07\/IMG_20240606_2038021-300x225.jpg 300w, https:\/\/ecole-ste-anne-asserac.fr\/wp-content\/uploads\/2024\/07\/IMG_20240606_2038021-1024x768.jpg 1024w, https:\/\/ecole-ste-anne-asserac.fr\/wp-content\/uploads\/2024\/07\/IMG_20240606_2038021-768x576.jpg 768w, https:\/\/ecole-ste-anne-asserac.fr\/wp-content\/uploads\/2024\/07\/IMG_20240606_2038021-600x450.jpg 600w, https:\/\/ecole-ste-anne-asserac.fr\/wp-content\/uploads\/2024\/07\/IMG_20240606_2038021-1536x1152.jpg 1536w, https:\/\/ecole-ste-anne-asserac.fr\/wp-content\/uploads\/2024\/07\/IMG_20240606_2038021-2048x1536.jpg 2048w\" sizes=\"auto, (max-width: 300px) 100vw, 300px\" \/><\/a> <a href=\"http:\/\/ecole-ste-anne-asserac.fr\/wp-content\/uploads\/2024\/07\/IMG_20240606_1831231-scaled.jpg\"><img loading=\"lazy\" decoding=\"async\" class=\"alignnone size-medium wp-image-6503\" src=\"http:\/\/ecole-ste-anne-asserac.fr\/wp-content\/uploads\/2024\/07\/IMG_20240606_1831231-300x225.jpg\" alt=\"\" width=\"300\" height=\"225\" srcset=\"https:\/\/ecole-ste-anne-asserac.fr\/wp-content\/uploads\/2024\/07\/IMG_20240606_1831231-300x225.jpg 300w, https:\/\/ecole-ste-anne-asserac.fr\/wp-content\/uploads\/2024\/07\/IMG_20240606_1831231-1024x768.jpg 1024w, https:\/\/ecole-ste-anne-asserac.fr\/wp-content\/uploads\/2024\/07\/IMG_20240606_1831231-768x576.jpg 768w, https:\/\/ecole-ste-anne-asserac.fr\/wp-content\/uploads\/2024\/07\/IMG_20240606_1831231-600x450.jpg 600w, https:\/\/ecole-ste-anne-asserac.fr\/wp-content\/uploads\/2024\/07\/IMG_20240606_1831231-1536x1152.jpg 1536w, https:\/\/ecole-ste-anne-asserac.fr\/wp-content\/uploads\/2024\/07\/IMG_20240606_1831231-2048x1536.jpg 2048w\" sizes=\"auto, (max-width: 300px) 100vw, 300px\" \/><\/a><\/p>\n<p>Le 1er Juillet , les enfants de CE2-CM1-CM2 avaient invit\u00e9 leurs parents et les accompagnatrices du voyage pour la restitution de leu mobilit\u00e9 ERASMUS en Italie.<\/p>\n<p><img loading=\"lazy\" decoding=\"async\" class=\"alignnone size-medium wp-image-6504\" src=\"http:\/\/ecole-ste-anne-asserac.fr\/wp-content\/uploads\/2024\/07\/italIE-2-212x300.jpg\" alt=\"\" width=\"212\" height=\"300\" srcset=\"https:\/\/ecole-ste-anne-asserac.fr\/wp-content\/uploads\/2024\/07\/italIE-2-212x300.jpg 212w, https:\/\/ecole-ste-anne-asserac.fr\/wp-content\/uploads\/2024\/07\/italIE-2-724x1024.jpg 724w, https:\/\/ecole-ste-anne-asserac.fr\/wp-content\/uploads\/2024\/07\/italIE-2-768x1086.jpg 768w, https:\/\/ecole-ste-anne-asserac.fr\/wp-content\/uploads\/2024\/07\/italIE-2-600x849.jpg 600w, https:\/\/ecole-ste-anne-asserac.fr\/wp-content\/uploads\/2024\/07\/italIE-2-1086x1536.jpg 1086w, https:\/\/ecole-ste-anne-asserac.fr\/wp-content\/uploads\/2024\/07\/italIE-2-1448x2048.jpg 1448w, https:\/\/ecole-ste-anne-asserac.fr\/wp-content\/uploads\/2024\/07\/italIE-2.jpg 1587w\" sizes=\"auto, (max-width: 212px) 100vw, 212px\" \/><\/p>\n<p>Pour cette occasion, ils ont r\u00e9alis\u00e9 des expos\u00e9s sur les diff\u00e9rents th\u00e8mes de la semaine : voyage en avion, s\u00e9jour \u00e0 l&rsquo;h\u00f4tel, d\u00e9couverte de Colleferro, d&rsquo;Anagni, de Fiuggi, visite du Colis\u00e9e, du Vatican&#8230;. et la rencontre avec les amis italiens.<\/p>\n<p><img loading=\"lazy\" decoding=\"async\" class=\"alignnone size-medium wp-image-6506\" src=\"http:\/\/ecole-ste-anne-asserac.fr\/wp-content\/uploads\/2024\/07\/IMG_20240702_0849351-1-300x225.jpg\" alt=\"\" width=\"300\" height=\"225\" srcset=\"https:\/\/ecole-ste-anne-asserac.fr\/wp-content\/uploads\/2024\/07\/IMG_20240702_0849351-1-300x225.jpg 300w, https:\/\/ecole-ste-anne-asserac.fr\/wp-content\/uploads\/2024\/07\/IMG_20240702_0849351-1-1024x768.jpg 1024w, https:\/\/ecole-ste-anne-asserac.fr\/wp-content\/uploads\/2024\/07\/IMG_20240702_0849351-1-768x576.jpg 768w, https:\/\/ecole-ste-anne-asserac.fr\/wp-content\/uploads\/2024\/07\/IMG_20240702_0849351-1-600x450.jpg 600w, https:\/\/ecole-ste-anne-asserac.fr\/wp-content\/uploads\/2024\/07\/IMG_20240702_0849351-1-1536x1152.jpg 1536w, https:\/\/ecole-ste-anne-asserac.fr\/wp-content\/uploads\/2024\/07\/IMG_20240702_0849351-1-2048x1536.jpg 2048w\" sizes=\"auto, (max-width: 300px) 100vw, 300px\" \/> <a href=\"http:\/\/ecole-ste-anne-asserac.fr\/wp-content\/uploads\/2024\/07\/IMG_20240702_0849031-scaled.jpg\"><img loading=\"lazy\" decoding=\"async\" class=\"alignnone size-medium wp-image-6509\" src=\"http:\/\/ecole-ste-anne-asserac.fr\/wp-content\/uploads\/2024\/07\/IMG_20240702_0849031-300x225.jpg\" alt=\"\" width=\"300\" height=\"225\" srcset=\"https:\/\/ecole-ste-anne-asserac.fr\/wp-content\/uploads\/2024\/07\/IMG_20240702_0849031-300x225.jpg 300w, https:\/\/ecole-ste-anne-asserac.fr\/wp-content\/uploads\/2024\/07\/IMG_20240702_0849031-1024x768.jpg 1024w, https:\/\/ecole-ste-anne-asserac.fr\/wp-content\/uploads\/2024\/07\/IMG_20240702_0849031-768x576.jpg 768w, https:\/\/ecole-ste-anne-asserac.fr\/wp-content\/uploads\/2024\/07\/IMG_20240702_0849031-600x450.jpg 600w, https:\/\/ecole-ste-anne-asserac.fr\/wp-content\/uploads\/2024\/07\/IMG_20240702_0849031-1536x1152.jpg 1536w, https:\/\/ecole-ste-anne-asserac.fr\/wp-content\/uploads\/2024\/07\/IMG_20240702_0849031-2048x1536.jpg 2048w\" sizes=\"auto, (max-width: 300px) 100vw, 300px\" \/><\/a> <img loading=\"lazy\" decoding=\"async\" class=\"alignnone size-medium wp-image-6511\" src=\"http:\/\/ecole-ste-anne-asserac.fr\/wp-content\/uploads\/2024\/07\/IMG_20240702_0848501-300x225.jpg\" alt=\"\" width=\"300\" height=\"225\" srcset=\"https:\/\/ecole-ste-anne-asserac.fr\/wp-content\/uploads\/2024\/07\/IMG_20240702_0848501-300x225.jpg 300w, https:\/\/ecole-ste-anne-asserac.fr\/wp-content\/uploads\/2024\/07\/IMG_20240702_0848501-1024x768.jpg 1024w, https:\/\/ecole-ste-anne-asserac.fr\/wp-content\/uploads\/2024\/07\/IMG_20240702_0848501-768x576.jpg 768w, https:\/\/ecole-ste-anne-asserac.fr\/wp-content\/uploads\/2024\/07\/IMG_20240702_0848501-600x450.jpg 600w, https:\/\/ecole-ste-anne-asserac.fr\/wp-content\/uploads\/2024\/07\/IMG_20240702_0848501-1536x1152.jpg 1536w, https:\/\/ecole-ste-anne-asserac.fr\/wp-content\/uploads\/2024\/07\/IMG_20240702_0848501-2048x1536.jpg 2048w\" sizes=\"auto, (max-width: 300px) 100vw, 300px\" \/> <a href=\"http:\/\/ecole-ste-anne-asserac.fr\/wp-content\/uploads\/2024\/07\/expose-estebane-flou-scaled.jpg\"><img loading=\"lazy\" decoding=\"async\" class=\"alignnone size-medium wp-image-6512\" src=\"http:\/\/ecole-ste-anne-asserac.fr\/wp-content\/uploads\/2024\/07\/expose-estebane-flou-300x225.jpg\" alt=\"\" width=\"300\" height=\"225\" srcset=\"https:\/\/ecole-ste-anne-asserac.fr\/wp-content\/uploads\/2024\/07\/expose-estebane-flou-300x225.jpg 300w, https:\/\/ecole-ste-anne-asserac.fr\/wp-content\/uploads\/2024\/07\/expose-estebane-flou-1024x768.jpg 1024w, https:\/\/ecole-ste-anne-asserac.fr\/wp-content\/uploads\/2024\/07\/expose-estebane-flou-768x576.jpg 768w, https:\/\/ecole-ste-anne-asserac.fr\/wp-content\/uploads\/2024\/07\/expose-estebane-flou-600x450.jpg 600w, https:\/\/ecole-ste-anne-asserac.fr\/wp-content\/uploads\/2024\/07\/expose-estebane-flou-1536x1152.jpg 1536w, https:\/\/ecole-ste-anne-asserac.fr\/wp-content\/uploads\/2024\/07\/expose-estebane-flou-2048x1536.jpg 2048w\" sizes=\"auto, (max-width: 300px) 100vw, 300px\" \/><\/a> <a href=\"http:\/\/ecole-ste-anne-asserac.fr\/wp-content\/uploads\/2024\/07\/expose-sans-Margaux-scaled.jpg\"><img loading=\"lazy\" decoding=\"async\" class=\"alignnone size-medium wp-image-6513\" src=\"http:\/\/ecole-ste-anne-asserac.fr\/wp-content\/uploads\/2024\/07\/expose-sans-Margaux-300x225.jpg\" alt=\"\" width=\"300\" height=\"225\" srcset=\"https:\/\/ecole-ste-anne-asserac.fr\/wp-content\/uploads\/2024\/07\/expose-sans-Margaux-300x225.jpg 300w, https:\/\/ecole-ste-anne-asserac.fr\/wp-content\/uploads\/2024\/07\/expose-sans-Margaux-1024x768.jpg 1024w, https:\/\/ecole-ste-anne-asserac.fr\/wp-content\/uploads\/2024\/07\/expose-sans-Margaux-768x576.jpg 768w, https:\/\/ecole-ste-anne-asserac.fr\/wp-content\/uploads\/2024\/07\/expose-sans-Margaux-600x450.jpg 600w, https:\/\/ecole-ste-anne-asserac.fr\/wp-content\/uploads\/2024\/07\/expose-sans-Margaux-1536x1152.jpg 1536w, https:\/\/ecole-ste-anne-asserac.fr\/wp-content\/uploads\/2024\/07\/expose-sans-Margaux-2048x1536.jpg 2048w\" sizes=\"auto, (max-width: 300px) 100vw, 300px\" \/><\/a>&nbsp;<\/p>\n<p>Pour revoir ce que les enfants de CM1-CM2 ont travaill\u00e9 cette ann\u00e9e avec les partenaires eTwinning , vous pouvez vous plonger dans le site collaboratif cr\u00e9\u00e9 pour cette occasion en cliquant <a href=\"https:\/\/sites.google.com\/view\/well-being-school\/home-page\">ici.<\/a><\/p>\n<p>Avec Solen , ils ont aussi cuisin\u00e9 les petits g\u00e2teaux traditionnels d&rsquo;Anagni, selon la recette apprise sur place .<\/p>\n<p>L&rsquo;exposition a eu beaucoup de succ\u00e8s !<\/p>\n<p><a href=\"http:\/\/ecole-ste-anne-asserac.fr\/wp-content\/uploads\/2024\/07\/IMG_20240701_1831091-scaled.jpg\"><img loading=\"lazy\" decoding=\"async\" class=\"alignnone size-medium wp-image-6514\" src=\"http:\/\/ecole-ste-anne-asserac.fr\/wp-content\/uploads\/2024\/07\/IMG_20240701_1831091-300x225.jpg\" alt=\"\" width=\"300\" height=\"225\" srcset=\"https:\/\/ecole-ste-anne-asserac.fr\/wp-content\/uploads\/2024\/07\/IMG_20240701_1831091-300x225.jpg 300w, https:\/\/ecole-ste-anne-asserac.fr\/wp-content\/uploads\/2024\/07\/IMG_20240701_1831091-1024x768.jpg 1024w, https:\/\/ecole-ste-anne-asserac.fr\/wp-content\/uploads\/2024\/07\/IMG_20240701_1831091-768x576.jpg 768w, https:\/\/ecole-ste-anne-asserac.fr\/wp-content\/uploads\/2024\/07\/IMG_20240701_1831091-600x450.jpg 600w, https:\/\/ecole-ste-anne-asserac.fr\/wp-content\/uploads\/2024\/07\/IMG_20240701_1831091-1536x1152.jpg 1536w, https:\/\/ecole-ste-anne-asserac.fr\/wp-content\/uploads\/2024\/07\/IMG_20240701_1831091-2048x1536.jpg 2048w\" sizes=\"auto, (max-width: 300px) 100vw, 300px\" \/><\/a> <img loading=\"lazy\" decoding=\"async\" class=\"alignnone size-medium wp-image-6515\" src=\"http:\/\/ecole-ste-anne-asserac.fr\/wp-content\/uploads\/2024\/07\/IMG_20240701_1831581-300x225.jpg\" alt=\"\" width=\"300\" height=\"225\" srcset=\"https:\/\/ecole-ste-anne-asserac.fr\/wp-content\/uploads\/2024\/07\/IMG_20240701_1831581-300x225.jpg 300w, https:\/\/ecole-ste-anne-asserac.fr\/wp-content\/uploads\/2024\/07\/IMG_20240701_1831581-1024x768.jpg 1024w, https:\/\/ecole-ste-anne-asserac.fr\/wp-content\/uploads\/2024\/07\/IMG_20240701_1831581-768x576.jpg 768w, https:\/\/ecole-ste-anne-asserac.fr\/wp-content\/uploads\/2024\/07\/IMG_20240701_1831581-600x450.jpg 600w, https:\/\/ecole-ste-anne-asserac.fr\/wp-content\/uploads\/2024\/07\/IMG_20240701_1831581-1536x1152.jpg 1536w, https:\/\/ecole-ste-anne-asserac.fr\/wp-content\/uploads\/2024\/07\/IMG_20240701_1831581-2048x1536.jpg 2048w\" sizes=\"auto, (max-width: 300px) 100vw, 300px\" \/><\/p>\n<p>Un grand bravo \u00e0 eux pour avoir os\u00e9 parl\u00e9 devant un public d&rsquo;adultes !<\/p>\n<p>&nbsp;<\/p>\n<p>&nbsp;<\/p>\n<p>&nbsp;<\/p>\n<p>&nbsp;<\/p>\n","protected":false},"excerpt":{"rendered":"<p>&nbsp;Cette ann\u00e9e encore, l&rsquo;international est tr\u00e8s pr\u00e9sent en ce mois de juin ! Les projets eTwinning \u00ab\u00a0avec les classes se terminent, les derni\u00e8res visios pour se dire \u00ab\u00a0aurevoir\u00a0\u00bb avec les partenaires ont eu lieu, notamment avec les classes de Giorgia et Maria Rosaria&nbsp; de Colleferro. Les liens sont plus forts encore depuis notre rencontre en<\/p>\n<p><a href=\"https:\/\/ecole-ste-anne-asserac.fr\/?p=6497\" class=\"more-link themebutton\">Lire la suite<\/a><\/p>\n","protected":false},"author":3,"featured_media":6503,"comment_status":"closed","ping_status":"closed","sticky":false,"template":"","format":"standard","meta":{"ngg_post_thumbnail":0,"footnotes":""},"categories":[7,8],"tags":[],"class_list":["post-6497","post","type-post","status-publish","format-standard","has-post-thumbnail","hentry","category-classe-de-ce2-cm1","category-classe-de-cm1-cm2"],"_links":{"self":[{"href":"https:\/\/ecole-ste-anne-asserac.fr\/index.php?rest_route=\/wp\/v2\/posts\/6497","targetHints":{"allow":["GET"]}}],"collection":[{"href":"https:\/\/ecole-ste-anne-asserac.fr\/index.php?rest_route=\/wp\/v2\/posts"}],"about":[{"href":"https:\/\/ecole-ste-anne-asserac.fr\/index.php?rest_route=\/wp\/v2\/types\/post"}],"author":[{"embeddable":true,"href":"https:\/\/ecole-ste-anne-asserac.fr\/index.php?rest_route=\/wp\/v2\/users\/3"}],"replies":[{"embeddable":true,"href":"https:\/\/ecole-ste-anne-asserac.fr\/index.php?rest_route=%2Fwp%2Fv2%2Fcomments&post=6497"}],"version-history":[{"count":3,"href":"https:\/\/ecole-ste-anne-asserac.fr\/index.php?rest_route=\/wp\/v2\/posts\/6497\/revisions"}],"predecessor-version":[{"id":6516,"href":"https:\/\/ecole-ste-anne-asserac.fr\/index.php?rest_route=\/wp\/v2\/posts\/6497\/revisions\/6516"}],"wp:featuredmedia":[{"embeddable":true,"href":"https:\/\/ecole-ste-anne-asserac.fr\/index.php?rest_route=\/wp\/v2\/media\/6503"}],"wp:attachment":[{"href":"https:\/\/ecole-ste-anne-asserac.fr\/index.php?rest_route=%2Fwp%2Fv2%2Fmedia&parent=6497"}],"wp:term":[{"taxonomy":"category","embeddable":true,"href":"https:\/\/ecole-ste-anne-asserac.fr\/index.php?rest_route=%2Fwp%2Fv2%2Fcategories&post=6497"},{"taxonomy":"post_tag","embeddable":true,"href":"https:\/\/ecole-ste-anne-asserac.fr\/index.php?rest_route=%2Fwp%2Fv2%2Ftags&post=6497"}],"curies":[{"name":"wp","href":"https:\/\/api.w.org\/{rel}","templated":true}]}}