{"id":6561,"date":"2024-09-08T13:31:45","date_gmt":"2024-09-08T11:31:45","guid":{"rendered":"https:\/\/ecole-ste-anne-asserac.fr\/?p=6561"},"modified":"2024-09-08T13:31:45","modified_gmt":"2024-09-08T11:31:45","slug":"fete-de-la-rentree-4","status":"publish","type":"post","link":"https:\/\/ecole-ste-anne-asserac.fr\/?p=6561","title":{"rendered":"F\u00eate de la rentr\u00e9e"},"content":{"rendered":"<p>Ce lundi 2 septembre, c&rsquo;\u00e9tait la premi\u00e8re fois que nous vivons une rentr\u00e9e scolaire sous la pluie !!!<\/p>\n<p>Nous n&rsquo;avons donc pas pu faire notre traditionnelle \u00ab\u00a0F\u00eate de la rentr\u00e9e \u00a0\u00bb d\u00e8s le premier jour d&rsquo;\u00e9cole.<\/p>\n<p>C&rsquo;est mardi matin, 3 septembre, que toutes les classes se sont retrouv\u00e9es sur la cour pour faire les pr\u00e9sentations des nouvelles t\u00eates : adultes et enfants.<\/p>\n<p>&nbsp; &nbsp; &nbsp; &nbsp; &nbsp; &nbsp; &nbsp; &nbsp; &nbsp; &nbsp; &nbsp; &nbsp; &nbsp; &nbsp; &nbsp; &nbsp; &nbsp; &nbsp; &nbsp; &nbsp; &nbsp; &nbsp; &nbsp; &nbsp; &nbsp; &nbsp; &nbsp; &nbsp; &nbsp; &nbsp; &nbsp;<img loading=\"lazy\" decoding=\"async\" class=\"alignnone size-medium wp-image-6563\" src=\"http:\/\/ecole-ste-anne-asserac.fr\/wp-content\/uploads\/2024\/09\/980BAD78-87BD-4C15-AF51-CE6A29D81D93-300x225.jpg\" alt=\"\" width=\"300\" height=\"225\" srcset=\"https:\/\/ecole-ste-anne-asserac.fr\/wp-content\/uploads\/2024\/09\/980BAD78-87BD-4C15-AF51-CE6A29D81D93-300x225.jpg 300w, https:\/\/ecole-ste-anne-asserac.fr\/wp-content\/uploads\/2024\/09\/980BAD78-87BD-4C15-AF51-CE6A29D81D93-1024x768.jpg 1024w, https:\/\/ecole-ste-anne-asserac.fr\/wp-content\/uploads\/2024\/09\/980BAD78-87BD-4C15-AF51-CE6A29D81D93-768x576.jpg 768w, https:\/\/ecole-ste-anne-asserac.fr\/wp-content\/uploads\/2024\/09\/980BAD78-87BD-4C15-AF51-CE6A29D81D93-600x450.jpg 600w, https:\/\/ecole-ste-anne-asserac.fr\/wp-content\/uploads\/2024\/09\/980BAD78-87BD-4C15-AF51-CE6A29D81D93-1536x1152.jpg 1536w, https:\/\/ecole-ste-anne-asserac.fr\/wp-content\/uploads\/2024\/09\/980BAD78-87BD-4C15-AF51-CE6A29D81D93-2048x1536.jpg 2048w\" sizes=\"auto, (max-width: 300px) 100vw, 300px\" \/>&nbsp; &nbsp; &nbsp; &nbsp;<img loading=\"lazy\" decoding=\"async\" class=\"alignnone size-medium wp-image-6564\" src=\"http:\/\/ecole-ste-anne-asserac.fr\/wp-content\/uploads\/2024\/09\/4CCFFFC1-4356-422C-B059-DA05BB196005-300x225.jpg\" alt=\"\" width=\"300\" height=\"225\" srcset=\"https:\/\/ecole-ste-anne-asserac.fr\/wp-content\/uploads\/2024\/09\/4CCFFFC1-4356-422C-B059-DA05BB196005-300x225.jpg 300w, https:\/\/ecole-ste-anne-asserac.fr\/wp-content\/uploads\/2024\/09\/4CCFFFC1-4356-422C-B059-DA05BB196005-1024x768.jpg 1024w, https:\/\/ecole-ste-anne-asserac.fr\/wp-content\/uploads\/2024\/09\/4CCFFFC1-4356-422C-B059-DA05BB196005-768x576.jpg 768w, https:\/\/ecole-ste-anne-asserac.fr\/wp-content\/uploads\/2024\/09\/4CCFFFC1-4356-422C-B059-DA05BB196005-600x450.jpg 600w, https:\/\/ecole-ste-anne-asserac.fr\/wp-content\/uploads\/2024\/09\/4CCFFFC1-4356-422C-B059-DA05BB196005-1536x1152.jpg 1536w, https:\/\/ecole-ste-anne-asserac.fr\/wp-content\/uploads\/2024\/09\/4CCFFFC1-4356-422C-B059-DA05BB196005-2048x1536.jpg 2048w\" sizes=\"auto, (max-width: 300px) 100vw, 300px\" \/><\/p>\n<p>Bienvenue \u00e0 <em>L\u00e9a (ASEM )<\/em> et aux enfants<em> Elyo, Leonardo, L\u00e9on, Margot, L\u00e9na, Rapha\u00ebl, Louis, Charles, Rose, Julia, Ewen, Mylan, Amaury, Enora, Hortense et Eliora.<\/em><\/p>\n<p>Les plus grands \u00e9taient fiers de pr\u00e9senter \u00e0 tout le monde leurs petits fr\u00e8res et soeurs.<\/p>\n<p><a href=\"http:\/\/ecole-ste-anne-asserac.fr\/wp-content\/uploads\/2024\/09\/AA563AD3-147D-4F6B-BBF3-E8BFEC755749-scaled.jpg\"><img loading=\"lazy\" decoding=\"async\" class=\"alignnone size-medium wp-image-6562\" src=\"http:\/\/ecole-ste-anne-asserac.fr\/wp-content\/uploads\/2024\/09\/AA563AD3-147D-4F6B-BBF3-E8BFEC755749-225x300.jpg\" alt=\"\" width=\"225\" height=\"300\" srcset=\"https:\/\/ecole-ste-anne-asserac.fr\/wp-content\/uploads\/2024\/09\/AA563AD3-147D-4F6B-BBF3-E8BFEC755749-225x300.jpg 225w, https:\/\/ecole-ste-anne-asserac.fr\/wp-content\/uploads\/2024\/09\/AA563AD3-147D-4F6B-BBF3-E8BFEC755749-768x1024.jpg 768w, https:\/\/ecole-ste-anne-asserac.fr\/wp-content\/uploads\/2024\/09\/AA563AD3-147D-4F6B-BBF3-E8BFEC755749-600x800.jpg 600w, https:\/\/ecole-ste-anne-asserac.fr\/wp-content\/uploads\/2024\/09\/AA563AD3-147D-4F6B-BBF3-E8BFEC755749-1152x1536.jpg 1152w, https:\/\/ecole-ste-anne-asserac.fr\/wp-content\/uploads\/2024\/09\/AA563AD3-147D-4F6B-BBF3-E8BFEC755749-1536x2048.jpg 1536w, https:\/\/ecole-ste-anne-asserac.fr\/wp-content\/uploads\/2024\/09\/AA563AD3-147D-4F6B-BBF3-E8BFEC755749-scaled.jpg 1920w\" sizes=\"auto, (max-width: 225px) 100vw, 225px\" \/><\/a>&nbsp;<\/p>\n<p>C&rsquo;est l&rsquo;occasion aussi d&rsquo;expliquer aux enfants le Projet d&rsquo;\u00e9cole, le th\u00e8me que nous allons travailler tous ensemble au cours de l&rsquo;ann\u00e9e ; en 2024-2025 nous terminerons notre projet\u00a0\u00bb Je m&rsquo;exprime donc je suis\u00a0\u00bb. Ce matin-l\u00e0, nous avons commenc\u00e9 par nous exprimer avec notre corps, avec le jeu du \u00a0\u00bb coach sportif\u00a0\u00bb, en lien avec les Jeux Paralympiques de Paris !<\/p>\n<p><a href=\"http:\/\/ecole-ste-anne-asserac.fr\/wp-content\/uploads\/2024\/09\/IMG_4088-scaled.jpeg\"><img loading=\"lazy\" decoding=\"async\" class=\"alignnone size-medium wp-image-6566\" src=\"http:\/\/ecole-ste-anne-asserac.fr\/wp-content\/uploads\/2024\/09\/IMG_4088-300x225.jpeg\" alt=\"\" width=\"300\" height=\"225\" srcset=\"https:\/\/ecole-ste-anne-asserac.fr\/wp-content\/uploads\/2024\/09\/IMG_4088-300x225.jpeg 300w, https:\/\/ecole-ste-anne-asserac.fr\/wp-content\/uploads\/2024\/09\/IMG_4088-1024x768.jpeg 1024w, https:\/\/ecole-ste-anne-asserac.fr\/wp-content\/uploads\/2024\/09\/IMG_4088-768x576.jpeg 768w, https:\/\/ecole-ste-anne-asserac.fr\/wp-content\/uploads\/2024\/09\/IMG_4088-600x450.jpeg 600w, https:\/\/ecole-ste-anne-asserac.fr\/wp-content\/uploads\/2024\/09\/IMG_4088-1536x1152.jpeg 1536w, https:\/\/ecole-ste-anne-asserac.fr\/wp-content\/uploads\/2024\/09\/IMG_4088-2048x1536.jpeg 2048w\" sizes=\"auto, (max-width: 300px) 100vw, 300px\" \/><\/a> <a href=\"http:\/\/ecole-ste-anne-asserac.fr\/wp-content\/uploads\/2024\/09\/IMG_4085.jpeg\"><img loading=\"lazy\" decoding=\"async\" class=\"alignnone size-medium wp-image-6567\" src=\"http:\/\/ecole-ste-anne-asserac.fr\/wp-content\/uploads\/2024\/09\/IMG_4085-279x300.jpeg\" alt=\"\" width=\"279\" height=\"300\" srcset=\"https:\/\/ecole-ste-anne-asserac.fr\/wp-content\/uploads\/2024\/09\/IMG_4085-279x300.jpeg 279w, https:\/\/ecole-ste-anne-asserac.fr\/wp-content\/uploads\/2024\/09\/IMG_4085-952x1024.jpeg 952w, https:\/\/ecole-ste-anne-asserac.fr\/wp-content\/uploads\/2024\/09\/IMG_4085-768x826.jpeg 768w, https:\/\/ecole-ste-anne-asserac.fr\/wp-content\/uploads\/2024\/09\/IMG_4085-600x645.jpeg 600w, https:\/\/ecole-ste-anne-asserac.fr\/wp-content\/uploads\/2024\/09\/IMG_4085-1428x1536.jpeg 1428w, https:\/\/ecole-ste-anne-asserac.fr\/wp-content\/uploads\/2024\/09\/IMG_4085-1904x2048.jpeg 1904w\" sizes=\"auto, (max-width: 279px) 100vw, 279px\" \/><\/a> <a href=\"http:\/\/ecole-ste-anne-asserac.fr\/wp-content\/uploads\/2024\/09\/IMG_4081-scaled.jpeg\"><img loading=\"lazy\" decoding=\"async\" class=\"alignnone size-medium wp-image-6568\" src=\"http:\/\/ecole-ste-anne-asserac.fr\/wp-content\/uploads\/2024\/09\/IMG_4081-300x225.jpeg\" alt=\"\" width=\"300\" height=\"225\" srcset=\"https:\/\/ecole-ste-anne-asserac.fr\/wp-content\/uploads\/2024\/09\/IMG_4081-300x225.jpeg 300w, https:\/\/ecole-ste-anne-asserac.fr\/wp-content\/uploads\/2024\/09\/IMG_4081-1024x768.jpeg 1024w, https:\/\/ecole-ste-anne-asserac.fr\/wp-content\/uploads\/2024\/09\/IMG_4081-768x576.jpeg 768w, https:\/\/ecole-ste-anne-asserac.fr\/wp-content\/uploads\/2024\/09\/IMG_4081-600x450.jpeg 600w, https:\/\/ecole-ste-anne-asserac.fr\/wp-content\/uploads\/2024\/09\/IMG_4081-1536x1152.jpeg 1536w, https:\/\/ecole-ste-anne-asserac.fr\/wp-content\/uploads\/2024\/09\/IMG_4081-2048x1536.jpeg 2048w\" sizes=\"auto, (max-width: 300px) 100vw, 300px\" \/><\/a>&nbsp;<\/p>\n<p>Les enfants ont ensuite re\u00e7u un crayon personnalis\u00e9, pour leur souhaiter une bonne ann\u00e9e scolaire, avant de terminer par le premier go\u00fbter collectif de 2024-2025 !<\/p>\n<p><img loading=\"lazy\" decoding=\"async\" class=\"alignnone size-medium wp-image-6570\" src=\"http:\/\/ecole-ste-anne-asserac.fr\/wp-content\/uploads\/2024\/09\/IMG_6850-225x300.jpeg\" alt=\"\" width=\"225\" height=\"300\" srcset=\"https:\/\/ecole-ste-anne-asserac.fr\/wp-content\/uploads\/2024\/09\/IMG_6850-225x300.jpeg 225w, https:\/\/ecole-ste-anne-asserac.fr\/wp-content\/uploads\/2024\/09\/IMG_6850-768x1024.jpeg 768w, https:\/\/ecole-ste-anne-asserac.fr\/wp-content\/uploads\/2024\/09\/IMG_6850-600x800.jpeg 600w, https:\/\/ecole-ste-anne-asserac.fr\/wp-content\/uploads\/2024\/09\/IMG_6850-1152x1536.jpeg 1152w, https:\/\/ecole-ste-anne-asserac.fr\/wp-content\/uploads\/2024\/09\/IMG_6850-1536x2048.jpeg 1536w, https:\/\/ecole-ste-anne-asserac.fr\/wp-content\/uploads\/2024\/09\/IMG_6850-scaled.jpeg 1920w\" sizes=\"auto, (max-width: 225px) 100vw, 225px\" \/>&nbsp; Tous on \u00e9crit leurs pr\u00e9noms sur un grand panneau, pour d\u00e9corer le fond du pr\u00e9au.<\/p>\n","protected":false},"excerpt":{"rendered":"<p>Ce lundi 2 septembre, c&rsquo;\u00e9tait la premi\u00e8re fois que nous vivons une rentr\u00e9e scolaire sous la pluie !!! Nous n&rsquo;avons donc pas pu faire notre traditionnelle \u00ab\u00a0F\u00eate de la rentr\u00e9e \u00a0\u00bb d\u00e8s le premier jour d&rsquo;\u00e9cole. C&rsquo;est mardi matin, 3 septembre, que toutes les classes se sont retrouv\u00e9es sur la cour pour faire les pr\u00e9sentations<\/p>\n<p><a href=\"https:\/\/ecole-ste-anne-asserac.fr\/?p=6561\" class=\"more-link themebutton\">Lire la suite<\/a><\/p>\n","protected":false},"author":3,"featured_media":6570,"comment_status":"closed","ping_status":"closed","sticky":false,"template":"","format":"standard","meta":{"ngg_post_thumbnail":0,"footnotes":""},"categories":[11],"tags":[],"class_list":["post-6561","post","type-post","status-publish","format-standard","has-post-thumbnail","hentry","category-actualite"],"_links":{"self":[{"href":"https:\/\/ecole-ste-anne-asserac.fr\/index.php?rest_route=\/wp\/v2\/posts\/6561","targetHints":{"allow":["GET"]}}],"collection":[{"href":"https:\/\/ecole-ste-anne-asserac.fr\/index.php?rest_route=\/wp\/v2\/posts"}],"about":[{"href":"https:\/\/ecole-ste-anne-asserac.fr\/index.php?rest_route=\/wp\/v2\/types\/post"}],"author":[{"embeddable":true,"href":"https:\/\/ecole-ste-anne-asserac.fr\/index.php?rest_route=\/wp\/v2\/users\/3"}],"replies":[{"embeddable":true,"href":"https:\/\/ecole-ste-anne-asserac.fr\/index.php?rest_route=%2Fwp%2Fv2%2Fcomments&post=6561"}],"version-history":[{"count":2,"href":"https:\/\/ecole-ste-anne-asserac.fr\/index.php?rest_route=\/wp\/v2\/posts\/6561\/revisions"}],"predecessor-version":[{"id":6571,"href":"https:\/\/ecole-ste-anne-asserac.fr\/index.php?rest_route=\/wp\/v2\/posts\/6561\/revisions\/6571"}],"wp:featuredmedia":[{"embeddable":true,"href":"https:\/\/ecole-ste-anne-asserac.fr\/index.php?rest_route=\/wp\/v2\/media\/6570"}],"wp:attachment":[{"href":"https:\/\/ecole-ste-anne-asserac.fr\/index.php?rest_route=%2Fwp%2Fv2%2Fmedia&parent=6561"}],"wp:term":[{"taxonomy":"category","embeddable":true,"href":"https:\/\/ecole-ste-anne-asserac.fr\/index.php?rest_route=%2Fwp%2Fv2%2Fcategories&post=6561"},{"taxonomy":"post_tag","embeddable":true,"href":"https:\/\/ecole-ste-anne-asserac.fr\/index.php?rest_route=%2Fwp%2Fv2%2Ftags&post=6561"}],"curies":[{"name":"wp","href":"https:\/\/api.w.org\/{rel}","templated":true}]}}