{"id":6596,"date":"2024-11-03T17:48:33","date_gmt":"2024-11-03T16:48:33","guid":{"rendered":"https:\/\/ecole-ste-anne-asserac.fr\/?p=6596"},"modified":"2024-11-03T17:50:23","modified_gmt":"2024-11-03T16:50:23","slug":"erasmus-days-2024","status":"publish","type":"post","link":"https:\/\/ecole-ste-anne-asserac.fr\/?p=6596","title":{"rendered":"Erasmus Days 2024"},"content":{"rendered":"<p><a href=\"http:\/\/ecole-ste-anne-asserac.fr\/wp-content\/uploads\/2024\/11\/FR_logo_erasmusdays_couleur.png\"><img loading=\"lazy\" decoding=\"async\" class=\"size-medium wp-image-6597 aligncenter\" src=\"http:\/\/ecole-ste-anne-asserac.fr\/wp-content\/uploads\/2024\/11\/FR_logo_erasmusdays_couleur-300x116.png\" alt=\"\" width=\"300\" height=\"116\" srcset=\"https:\/\/ecole-ste-anne-asserac.fr\/wp-content\/uploads\/2024\/11\/FR_logo_erasmusdays_couleur-300x116.png 300w, https:\/\/ecole-ste-anne-asserac.fr\/wp-content\/uploads\/2024\/11\/FR_logo_erasmusdays_couleur-600x232.png 600w, https:\/\/ecole-ste-anne-asserac.fr\/wp-content\/uploads\/2024\/11\/FR_logo_erasmusdays_couleur.png 751w\" sizes=\"auto, (max-width: 300px) 100vw, 300px\" \/><\/a><\/p>\n<p>Du 14 au 19 octobre 2024, comme chaque ann\u00e9e , nous avons f\u00eat\u00e9 les Erasmus Days \u00e0 l&rsquo;\u00e9cole.&nbsp;<\/p>\n<p>Chaque classe a choisi un pays , en lien avec les origines de certains enfants , ou en fonction de projets internationaux en cours :<\/p>\n<ul>\n<li>les PPS\/PS\/MS ont travaill\u00e9 sur l&rsquo;Espagne, pays de la classe de leurs correspondants eTwinning<\/li>\n<li>les GS\/CP ont d\u00e9couvert l&rsquo;Italie gr\u00e2ce \u00e0 L\u00e9onardo et sa famille<img loading=\"lazy\" decoding=\"async\" class=\"size-medium wp-image-6599 aligncenter\" src=\"http:\/\/ecole-ste-anne-asserac.fr\/wp-content\/uploads\/2024\/11\/ITALIA-300x274.jpg\" alt=\"\" width=\"300\" height=\"274\" srcset=\"https:\/\/ecole-ste-anne-asserac.fr\/wp-content\/uploads\/2024\/11\/ITALIA-300x274.jpg 300w, https:\/\/ecole-ste-anne-asserac.fr\/wp-content\/uploads\/2024\/11\/ITALIA.jpg 531w\" sizes=\"auto, (max-width: 300px) 100vw, 300px\" \/><\/li>\n<li>les CP\/CE1 sont partis en Angleterre, langue parl\u00e9e par un enfant de la classe , et avec laquelle ils vont correspondre avec leurs partenaires eTwinning<img loading=\"lazy\" decoding=\"async\" class=\"size-medium wp-image-6615 aligncenter\" src=\"http:\/\/ecole-ste-anne-asserac.fr\/wp-content\/uploads\/2024\/11\/99DF3A82-8BDB-490B-B630-2041C0A4DE8C_1_105_c-300x225.jpeg\" alt=\"\" width=\"300\" height=\"225\" srcset=\"https:\/\/ecole-ste-anne-asserac.fr\/wp-content\/uploads\/2024\/11\/99DF3A82-8BDB-490B-B630-2041C0A4DE8C_1_105_c-300x225.jpeg 300w, https:\/\/ecole-ste-anne-asserac.fr\/wp-content\/uploads\/2024\/11\/99DF3A82-8BDB-490B-B630-2041C0A4DE8C_1_105_c-768x576.jpeg 768w, https:\/\/ecole-ste-anne-asserac.fr\/wp-content\/uploads\/2024\/11\/99DF3A82-8BDB-490B-B630-2041C0A4DE8C_1_105_c-600x450.jpeg 600w, https:\/\/ecole-ste-anne-asserac.fr\/wp-content\/uploads\/2024\/11\/99DF3A82-8BDB-490B-B630-2041C0A4DE8C_1_105_c.jpeg 1024w\" sizes=\"auto, (max-width: 300px) 100vw, 300px\" \/><\/li>\n<li>les CE2\/CM1 ont travaill\u00e9 la langue arabe, parl\u00e9e par une enfant de la classe<img loading=\"lazy\" decoding=\"async\" class=\"size-medium wp-image-6600 aligncenter\" src=\"http:\/\/ecole-ste-anne-asserac.fr\/wp-content\/uploads\/2024\/11\/1729367432053-300x225.jpg\" alt=\"\" width=\"300\" height=\"225\" srcset=\"https:\/\/ecole-ste-anne-asserac.fr\/wp-content\/uploads\/2024\/11\/1729367432053-300x225.jpg 300w, https:\/\/ecole-ste-anne-asserac.fr\/wp-content\/uploads\/2024\/11\/1729367432053-1024x769.jpg 1024w, https:\/\/ecole-ste-anne-asserac.fr\/wp-content\/uploads\/2024\/11\/1729367432053-768x577.jpg 768w, https:\/\/ecole-ste-anne-asserac.fr\/wp-content\/uploads\/2024\/11\/1729367432053-600x451.jpg 600w, https:\/\/ecole-ste-anne-asserac.fr\/wp-content\/uploads\/2024\/11\/1729367432053-1536x1154.jpg 1536w, https:\/\/ecole-ste-anne-asserac.fr\/wp-content\/uploads\/2024\/11\/1729367432053-2048x1538.jpg 2048w\" sizes=\"auto, (max-width: 300px) 100vw, 300px\" \/><\/li>\n<li>les CM1\/CM2 ont rencontr\u00e9 Marielle, professeur d&rsquo;allemand au coll\u00e8ge St Joseph d&rsquo;Herbignac, avec qui ils vont avoir des s\u00e9ances d&rsquo;initiation apr\u00e8s les vacances de la Toussaint<img loading=\"lazy\" decoding=\"async\" class=\"alignnone size-medium wp-image-6601 aligncenter\" src=\"http:\/\/ecole-ste-anne-asserac.fr\/wp-content\/uploads\/2024\/11\/IMG_20241018_155948-300x225.jpg\" alt=\"\" width=\"300\" height=\"225\" srcset=\"https:\/\/ecole-ste-anne-asserac.fr\/wp-content\/uploads\/2024\/11\/IMG_20241018_155948-300x225.jpg 300w, https:\/\/ecole-ste-anne-asserac.fr\/wp-content\/uploads\/2024\/11\/IMG_20241018_155948-1024x768.jpg 1024w, https:\/\/ecole-ste-anne-asserac.fr\/wp-content\/uploads\/2024\/11\/IMG_20241018_155948-768x576.jpg 768w, https:\/\/ecole-ste-anne-asserac.fr\/wp-content\/uploads\/2024\/11\/IMG_20241018_155948-600x450.jpg 600w, https:\/\/ecole-ste-anne-asserac.fr\/wp-content\/uploads\/2024\/11\/IMG_20241018_155948-1536x1152.jpg 1536w, https:\/\/ecole-ste-anne-asserac.fr\/wp-content\/uploads\/2024\/11\/IMG_20241018_155948-2048x1536.jpg 2048w\" sizes=\"auto, (max-width: 300px) 100vw, 300px\" \/><\/li>\n<\/ul>\n<p>Cette ann\u00e9e, nous avions d\u00e9cid\u00e9 de travailler quelques mots dans chacune de ces langues&#8230; ce qui nous a donn\u00e9 un beau \u00ab\u00a0mur de politesse\u00a0\u00bb en fin de semaine !<\/p>\n<p>Sous forme de jeu, les enfants ont d\u00fb retrouver les \u00e9quivalents en espagnol\/anglais\/italien\/arabe\/allemand.<\/p>\n<p><img loading=\"lazy\" decoding=\"async\" class=\"size-medium wp-image-6617 aligncenter\" src=\"http:\/\/ecole-ste-anne-asserac.fr\/wp-content\/uploads\/2024\/11\/20241018_104550-300x169.jpg\" alt=\"\" width=\"300\" height=\"169\" srcset=\"https:\/\/ecole-ste-anne-asserac.fr\/wp-content\/uploads\/2024\/11\/20241018_104550-300x169.jpg 300w, https:\/\/ecole-ste-anne-asserac.fr\/wp-content\/uploads\/2024\/11\/20241018_104550-1024x577.jpg 1024w, https:\/\/ecole-ste-anne-asserac.fr\/wp-content\/uploads\/2024\/11\/20241018_104550-768x432.jpg 768w, https:\/\/ecole-ste-anne-asserac.fr\/wp-content\/uploads\/2024\/11\/20241018_104550-600x338.jpg 600w, https:\/\/ecole-ste-anne-asserac.fr\/wp-content\/uploads\/2024\/11\/20241018_104550-1536x865.jpg 1536w, https:\/\/ecole-ste-anne-asserac.fr\/wp-content\/uploads\/2024\/11\/20241018_104550-2048x1153.jpg 2048w\" sizes=\"auto, (max-width: 300px) 100vw, 300px\" \/><\/p>\n<p>&nbsp;<\/p>\n<p><a href=\"http:\/\/ecole-ste-anne-asserac.fr\/wp-content\/uploads\/2024\/11\/217B8FAF-612E-4C1E-BD4E-EE55B136DC8F_1_105_c.jpeg\"><img loading=\"lazy\" decoding=\"async\" class=\"alignnone size-medium wp-image-6618\" src=\"http:\/\/ecole-ste-anne-asserac.fr\/wp-content\/uploads\/2024\/11\/217B8FAF-612E-4C1E-BD4E-EE55B136DC8F_1_105_c-300x225.jpeg\" alt=\"\" width=\"300\" height=\"225\" srcset=\"https:\/\/ecole-ste-anne-asserac.fr\/wp-content\/uploads\/2024\/11\/217B8FAF-612E-4C1E-BD4E-EE55B136DC8F_1_105_c-300x225.jpeg 300w, https:\/\/ecole-ste-anne-asserac.fr\/wp-content\/uploads\/2024\/11\/217B8FAF-612E-4C1E-BD4E-EE55B136DC8F_1_105_c-768x576.jpeg 768w, https:\/\/ecole-ste-anne-asserac.fr\/wp-content\/uploads\/2024\/11\/217B8FAF-612E-4C1E-BD4E-EE55B136DC8F_1_105_c-600x450.jpeg 600w, https:\/\/ecole-ste-anne-asserac.fr\/wp-content\/uploads\/2024\/11\/217B8FAF-612E-4C1E-BD4E-EE55B136DC8F_1_105_c.jpeg 1024w\" sizes=\"auto, (max-width: 300px) 100vw, 300px\" \/><\/a> <a href=\"http:\/\/ecole-ste-anne-asserac.fr\/wp-content\/uploads\/2024\/11\/20241018_110328_compress41-scaled.jpg\"><img loading=\"lazy\" decoding=\"async\" class=\"alignnone size-medium wp-image-6619\" src=\"http:\/\/ecole-ste-anne-asserac.fr\/wp-content\/uploads\/2024\/11\/20241018_110328_compress41-169x300.jpg\" alt=\"\" width=\"169\" height=\"300\" srcset=\"https:\/\/ecole-ste-anne-asserac.fr\/wp-content\/uploads\/2024\/11\/20241018_110328_compress41-169x300.jpg 169w, https:\/\/ecole-ste-anne-asserac.fr\/wp-content\/uploads\/2024\/11\/20241018_110328_compress41-577x1024.jpg 577w, https:\/\/ecole-ste-anne-asserac.fr\/wp-content\/uploads\/2024\/11\/20241018_110328_compress41-768x1364.jpg 768w, https:\/\/ecole-ste-anne-asserac.fr\/wp-content\/uploads\/2024\/11\/20241018_110328_compress41-600x1065.jpg 600w, https:\/\/ecole-ste-anne-asserac.fr\/wp-content\/uploads\/2024\/11\/20241018_110328_compress41-865x1536.jpg 865w, https:\/\/ecole-ste-anne-asserac.fr\/wp-content\/uploads\/2024\/11\/20241018_110328_compress41-1153x2048.jpg 1153w, https:\/\/ecole-ste-anne-asserac.fr\/wp-content\/uploads\/2024\/11\/20241018_110328_compress41-scaled.jpg 1442w\" sizes=\"auto, (max-width: 169px) 100vw, 169px\" \/><\/a> <a href=\"http:\/\/ecole-ste-anne-asserac.fr\/wp-content\/uploads\/2024\/11\/WhatsApp-Image-2024-10-18-at-12.58.09-1.jpeg\"><img loading=\"lazy\" decoding=\"async\" class=\"alignnone size-medium wp-image-6620\" src=\"http:\/\/ecole-ste-anne-asserac.fr\/wp-content\/uploads\/2024\/11\/WhatsApp-Image-2024-10-18-at-12.58.09-1-300x225.jpeg\" alt=\"\" width=\"300\" height=\"225\" srcset=\"https:\/\/ecole-ste-anne-asserac.fr\/wp-content\/uploads\/2024\/11\/WhatsApp-Image-2024-10-18-at-12.58.09-1-300x225.jpeg 300w, https:\/\/ecole-ste-anne-asserac.fr\/wp-content\/uploads\/2024\/11\/WhatsApp-Image-2024-10-18-at-12.58.09-1-1024x768.jpeg 1024w, https:\/\/ecole-ste-anne-asserac.fr\/wp-content\/uploads\/2024\/11\/WhatsApp-Image-2024-10-18-at-12.58.09-1-768x576.jpeg 768w, https:\/\/ecole-ste-anne-asserac.fr\/wp-content\/uploads\/2024\/11\/WhatsApp-Image-2024-10-18-at-12.58.09-1-600x450.jpeg 600w, https:\/\/ecole-ste-anne-asserac.fr\/wp-content\/uploads\/2024\/11\/WhatsApp-Image-2024-10-18-at-12.58.09-1-1536x1152.jpeg 1536w, https:\/\/ecole-ste-anne-asserac.fr\/wp-content\/uploads\/2024\/11\/WhatsApp-Image-2024-10-18-at-12.58.09-1.jpeg 2048w\" sizes=\"auto, (max-width: 300px) 100vw, 300px\" \/><\/a> <a href=\"http:\/\/ecole-ste-anne-asserac.fr\/wp-content\/uploads\/2024\/11\/4BBA3924-F8A1-48B1-A4F0-284FB32BCCF9_1_105_c.jpeg\"><img loading=\"lazy\" decoding=\"async\" class=\"alignnone size-medium wp-image-6621\" src=\"http:\/\/ecole-ste-anne-asserac.fr\/wp-content\/uploads\/2024\/11\/4BBA3924-F8A1-48B1-A4F0-284FB32BCCF9_1_105_c-300x224.jpeg\" alt=\"\" width=\"300\" height=\"224\" srcset=\"https:\/\/ecole-ste-anne-asserac.fr\/wp-content\/uploads\/2024\/11\/4BBA3924-F8A1-48B1-A4F0-284FB32BCCF9_1_105_c-300x224.jpeg 300w, https:\/\/ecole-ste-anne-asserac.fr\/wp-content\/uploads\/2024\/11\/4BBA3924-F8A1-48B1-A4F0-284FB32BCCF9_1_105_c-1024x765.jpeg 1024w, https:\/\/ecole-ste-anne-asserac.fr\/wp-content\/uploads\/2024\/11\/4BBA3924-F8A1-48B1-A4F0-284FB32BCCF9_1_105_c-768x573.jpeg 768w, https:\/\/ecole-ste-anne-asserac.fr\/wp-content\/uploads\/2024\/11\/4BBA3924-F8A1-48B1-A4F0-284FB32BCCF9_1_105_c-600x448.jpeg 600w, https:\/\/ecole-ste-anne-asserac.fr\/wp-content\/uploads\/2024\/11\/4BBA3924-F8A1-48B1-A4F0-284FB32BCCF9_1_105_c.jpeg 1026w\" sizes=\"auto, (max-width: 300px) 100vw, 300px\" \/><\/a><\/p>\n<p><img loading=\"lazy\" decoding=\"async\" class=\"size-medium wp-image-6602 aligncenter\" src=\"http:\/\/ecole-ste-anne-asserac.fr\/wp-content\/uploads\/2024\/11\/WhatsApp-Image-2024-10-18-at-12.58.09-2-225x300.jpeg\" alt=\"\" width=\"225\" height=\"300\" srcset=\"https:\/\/ecole-ste-anne-asserac.fr\/wp-content\/uploads\/2024\/11\/WhatsApp-Image-2024-10-18-at-12.58.09-2-225x300.jpeg 225w, https:\/\/ecole-ste-anne-asserac.fr\/wp-content\/uploads\/2024\/11\/WhatsApp-Image-2024-10-18-at-12.58.09-2-768x1024.jpeg 768w, https:\/\/ecole-ste-anne-asserac.fr\/wp-content\/uploads\/2024\/11\/WhatsApp-Image-2024-10-18-at-12.58.09-2-600x800.jpeg 600w, https:\/\/ecole-ste-anne-asserac.fr\/wp-content\/uploads\/2024\/11\/WhatsApp-Image-2024-10-18-at-12.58.09-2-1152x1536.jpeg 1152w, https:\/\/ecole-ste-anne-asserac.fr\/wp-content\/uploads\/2024\/11\/WhatsApp-Image-2024-10-18-at-12.58.09-2.jpeg 1536w\" sizes=\"auto, (max-width: 225px) 100vw, 225px\" \/><\/p>\n<p>En plus de la d\u00e9couverte du pays, de ses traditions et monuments, les enfants ont cuisin\u00e9 une recette typique . C&rsquo;est bien s\u00fbr l&rsquo;occasion de faire un grand \u00ab\u00a0go\u00fbter international\u00a0\u00bb le vendredi avec tous les enfants de l&rsquo;\u00e9cole :<\/p>\n<p style=\"text-align: left;\"><img loading=\"lazy\" decoding=\"async\" class=\"alignnone size-medium wp-image-6611\" src=\"http:\/\/ecole-ste-anne-asserac.fr\/wp-content\/uploads\/2024\/11\/1729367562185-300x225.jpg\" alt=\"\" width=\"300\" height=\"225\" srcset=\"https:\/\/ecole-ste-anne-asserac.fr\/wp-content\/uploads\/2024\/11\/1729367562185-300x225.jpg 300w, https:\/\/ecole-ste-anne-asserac.fr\/wp-content\/uploads\/2024\/11\/1729367562185-1024x768.jpg 1024w, https:\/\/ecole-ste-anne-asserac.fr\/wp-content\/uploads\/2024\/11\/1729367562185-768x576.jpg 768w, https:\/\/ecole-ste-anne-asserac.fr\/wp-content\/uploads\/2024\/11\/1729367562185-600x450.jpg 600w, https:\/\/ecole-ste-anne-asserac.fr\/wp-content\/uploads\/2024\/11\/1729367562185-1536x1152.jpg 1536w, https:\/\/ecole-ste-anne-asserac.fr\/wp-content\/uploads\/2024\/11\/1729367562185.jpg 2016w\" sizes=\"auto, (max-width: 300px) 100vw, 300px\" \/>&nbsp; &nbsp;<img loading=\"lazy\" decoding=\"async\" class=\"size-medium wp-image-6604 alignleft\" src=\"http:\/\/ecole-ste-anne-asserac.fr\/wp-content\/uploads\/2024\/11\/IMG_20241018_153628-225x300.jpg\" alt=\"\" width=\"225\" height=\"300\" srcset=\"https:\/\/ecole-ste-anne-asserac.fr\/wp-content\/uploads\/2024\/11\/IMG_20241018_153628-225x300.jpg 225w, https:\/\/ecole-ste-anne-asserac.fr\/wp-content\/uploads\/2024\/11\/IMG_20241018_153628-768x1024.jpg 768w, https:\/\/ecole-ste-anne-asserac.fr\/wp-content\/uploads\/2024\/11\/IMG_20241018_153628-600x800.jpg 600w, https:\/\/ecole-ste-anne-asserac.fr\/wp-content\/uploads\/2024\/11\/IMG_20241018_153628-1152x1536.jpg 1152w, https:\/\/ecole-ste-anne-asserac.fr\/wp-content\/uploads\/2024\/11\/IMG_20241018_153628-1536x2048.jpg 1536w, https:\/\/ecole-ste-anne-asserac.fr\/wp-content\/uploads\/2024\/11\/IMG_20241018_153628-scaled.jpg 1920w\" sizes=\"auto, (max-width: 225px) 100vw, 225px\" \/> &nbsp;<img loading=\"lazy\" decoding=\"async\" class=\"alignnone size-medium wp-image-6622\" src=\"http:\/\/ecole-ste-anne-asserac.fr\/wp-content\/uploads\/2024\/11\/gouter-2-300x158.jpeg\" alt=\"\" width=\"300\" height=\"158\" srcset=\"https:\/\/ecole-ste-anne-asserac.fr\/wp-content\/uploads\/2024\/11\/gouter-2-300x158.jpeg 300w, https:\/\/ecole-ste-anne-asserac.fr\/wp-content\/uploads\/2024\/11\/gouter-2-768x404.jpeg 768w, https:\/\/ecole-ste-anne-asserac.fr\/wp-content\/uploads\/2024\/11\/gouter-2-600x316.jpeg 600w, https:\/\/ecole-ste-anne-asserac.fr\/wp-content\/uploads\/2024\/11\/gouter-2.jpeg 1024w\" sizes=\"auto, (max-width: 300px) 100vw, 300px\" \/>&nbsp; &nbsp;&nbsp; <a href=\"http:\/\/ecole-ste-anne-asserac.fr\/wp-content\/uploads\/2024\/11\/copie-gouter.jpg\"><img loading=\"lazy\" decoding=\"async\" class=\"alignnone size-medium wp-image-6623\" src=\"http:\/\/ecole-ste-anne-asserac.fr\/wp-content\/uploads\/2024\/11\/copie-gouter-300x283.jpg\" alt=\"\" width=\"300\" height=\"283\" srcset=\"https:\/\/ecole-ste-anne-asserac.fr\/wp-content\/uploads\/2024\/11\/copie-gouter-300x283.jpg 300w, https:\/\/ecole-ste-anne-asserac.fr\/wp-content\/uploads\/2024\/11\/copie-gouter-1024x966.jpg 1024w, https:\/\/ecole-ste-anne-asserac.fr\/wp-content\/uploads\/2024\/11\/copie-gouter-768x724.jpg 768w, https:\/\/ecole-ste-anne-asserac.fr\/wp-content\/uploads\/2024\/11\/copie-gouter-600x566.jpg 600w, https:\/\/ecole-ste-anne-asserac.fr\/wp-content\/uploads\/2024\/11\/copie-gouter-1536x1449.jpg 1536w, https:\/\/ecole-ste-anne-asserac.fr\/wp-content\/uploads\/2024\/11\/copie-gouter.jpg 1603w\" sizes=\"auto, (max-width: 300px) 100vw, 300px\" \/><\/a>&nbsp;<\/p>\n<p style=\"text-align: center;\">Un beau moment de partage !<\/p>\n<p>Ce vendredi 19 octobre, nous avons \u00e9galement retrouv\u00e9 avec plaisir nos anciens camarades partis en 6\u00e8me ; en effet, la classe de CM1\/CM2 de l&rsquo;an pass\u00e9 a \u00e9t\u00e9 r\u00e9compens\u00e9e par un jury national, pour son travail sur le bien-\u00eatre \u00e0 l&rsquo;\u00e9cole, r\u00e9alis\u00e9 avec ses partenaires grecs, italiens et turcs. Le projet eTwinning \u00a0\u00bb Well-being at school\u00a0\u00bb a d&rsquo;abord re\u00e7u un Label de Qualit\u00e9 dans chacun des pays, puis au niveau europ\u00e9en. Ce Label et les petits cadeaux qui vont avec , ont \u00e9t\u00e9 remis aux enfants par Elina Oger, responsable du service international de la DDEC.<\/p>\n<p><a href=\"http:\/\/ecole-ste-anne-asserac.fr\/wp-content\/uploads\/2024\/11\/Elina-scaled.jpg\"><img loading=\"lazy\" decoding=\"async\" class=\"alignnone size-medium wp-image-6612\" src=\"http:\/\/ecole-ste-anne-asserac.fr\/wp-content\/uploads\/2024\/11\/Elina-300x227.jpg\" alt=\"\" width=\"300\" height=\"227\" srcset=\"https:\/\/ecole-ste-anne-asserac.fr\/wp-content\/uploads\/2024\/11\/Elina-300x227.jpg 300w, https:\/\/ecole-ste-anne-asserac.fr\/wp-content\/uploads\/2024\/11\/Elina-1024x773.jpg 1024w, https:\/\/ecole-ste-anne-asserac.fr\/wp-content\/uploads\/2024\/11\/Elina-768x580.jpg 768w, https:\/\/ecole-ste-anne-asserac.fr\/wp-content\/uploads\/2024\/11\/Elina-600x453.jpg 600w, https:\/\/ecole-ste-anne-asserac.fr\/wp-content\/uploads\/2024\/11\/Elina-1536x1160.jpg 1536w, https:\/\/ecole-ste-anne-asserac.fr\/wp-content\/uploads\/2024\/11\/Elina-2048x1546.jpg 2048w\" sizes=\"auto, (max-width: 300px) 100vw, 300px\" \/><\/a> <a href=\"http:\/\/ecole-ste-anne-asserac.fr\/wp-content\/uploads\/2024\/11\/1729367535191-scaled.jpg\"><img loading=\"lazy\" decoding=\"async\" class=\"alignnone size-medium wp-image-6613\" src=\"http:\/\/ecole-ste-anne-asserac.fr\/wp-content\/uploads\/2024\/11\/1729367535191-225x300.jpg\" alt=\"\" width=\"225\" height=\"300\" srcset=\"https:\/\/ecole-ste-anne-asserac.fr\/wp-content\/uploads\/2024\/11\/1729367535191-225x300.jpg 225w, https:\/\/ecole-ste-anne-asserac.fr\/wp-content\/uploads\/2024\/11\/1729367535191-768x1024.jpg 768w, https:\/\/ecole-ste-anne-asserac.fr\/wp-content\/uploads\/2024\/11\/1729367535191-600x800.jpg 600w, https:\/\/ecole-ste-anne-asserac.fr\/wp-content\/uploads\/2024\/11\/1729367535191-1152x1536.jpg 1152w, https:\/\/ecole-ste-anne-asserac.fr\/wp-content\/uploads\/2024\/11\/1729367535191-1536x2048.jpg 1536w, https:\/\/ecole-ste-anne-asserac.fr\/wp-content\/uploads\/2024\/11\/1729367535191-scaled.jpg 1920w\" sizes=\"auto, (max-width: 225px) 100vw, 225px\" \/><\/a> <a href=\"http:\/\/ecole-ste-anne-asserac.fr\/wp-content\/uploads\/2024\/11\/avec-margaux-floutee-1.jpeg\"><img loading=\"lazy\" decoding=\"async\" class=\"alignnone size-medium wp-image-6609\" src=\"http:\/\/ecole-ste-anne-asserac.fr\/wp-content\/uploads\/2024\/11\/avec-margaux-floutee-1-300x225.jpeg\" alt=\"\" width=\"300\" height=\"225\" srcset=\"https:\/\/ecole-ste-anne-asserac.fr\/wp-content\/uploads\/2024\/11\/avec-margaux-floutee-1-300x225.jpeg 300w, https:\/\/ecole-ste-anne-asserac.fr\/wp-content\/uploads\/2024\/11\/avec-margaux-floutee-1-1024x768.jpeg 1024w, https:\/\/ecole-ste-anne-asserac.fr\/wp-content\/uploads\/2024\/11\/avec-margaux-floutee-1-768x576.jpeg 768w, https:\/\/ecole-ste-anne-asserac.fr\/wp-content\/uploads\/2024\/11\/avec-margaux-floutee-1-600x450.jpeg 600w, https:\/\/ecole-ste-anne-asserac.fr\/wp-content\/uploads\/2024\/11\/avec-margaux-floutee-1-1536x1152.jpeg 1536w, https:\/\/ecole-ste-anne-asserac.fr\/wp-content\/uploads\/2024\/11\/avec-margaux-floutee-1.jpeg 2048w\" sizes=\"auto, (max-width: 300px) 100vw, 300px\" \/><\/a><\/p>\n<p style=\"text-align: center;\">Bravo aux \u00e9l\u00e8ves d&rsquo;Ass\u00e9rac et \u00e0 tous les partenaires eTwinning engag\u00e9s sur ce projet !<\/p>\n<p>&nbsp;<\/p>\n","protected":false},"excerpt":{"rendered":"<p>Du 14 au 19 octobre 2024, comme chaque ann\u00e9e , nous avons f\u00eat\u00e9 les Erasmus Days \u00e0 l&rsquo;\u00e9cole.&nbsp; Chaque classe a choisi un pays , en lien avec les origines de certains enfants , ou en fonction de projets internationaux en cours : les PPS\/PS\/MS ont travaill\u00e9 sur l&rsquo;Espagne, pays de la classe de leurs<\/p>\n<p><a href=\"https:\/\/ecole-ste-anne-asserac.fr\/?p=6596\" class=\"more-link themebutton\">Lire la suite<\/a><\/p>\n","protected":false},"author":3,"featured_media":6597,"comment_status":"closed","ping_status":"closed","sticky":false,"template":"","format":"standard","meta":{"ngg_post_thumbnail":0,"footnotes":""},"categories":[11,7,8,6],"tags":[],"class_list":["post-6596","post","type-post","status-publish","format-standard","has-post-thumbnail","hentry","category-actualite","category-classe-de-ce2-cm1","category-classe-de-cm1-cm2","category-classe-de-cp-ce1"],"_links":{"self":[{"href":"https:\/\/ecole-ste-anne-asserac.fr\/index.php?rest_route=\/wp\/v2\/posts\/6596","targetHints":{"allow":["GET"]}}],"collection":[{"href":"https:\/\/ecole-ste-anne-asserac.fr\/index.php?rest_route=\/wp\/v2\/posts"}],"about":[{"href":"https:\/\/ecole-ste-anne-asserac.fr\/index.php?rest_route=\/wp\/v2\/types\/post"}],"author":[{"embeddable":true,"href":"https:\/\/ecole-ste-anne-asserac.fr\/index.php?rest_route=\/wp\/v2\/users\/3"}],"replies":[{"embeddable":true,"href":"https:\/\/ecole-ste-anne-asserac.fr\/index.php?rest_route=%2Fwp%2Fv2%2Fcomments&post=6596"}],"version-history":[{"count":8,"href":"https:\/\/ecole-ste-anne-asserac.fr\/index.php?rest_route=\/wp\/v2\/posts\/6596\/revisions"}],"predecessor-version":[{"id":6624,"href":"https:\/\/ecole-ste-anne-asserac.fr\/index.php?rest_route=\/wp\/v2\/posts\/6596\/revisions\/6624"}],"wp:featuredmedia":[{"embeddable":true,"href":"https:\/\/ecole-ste-anne-asserac.fr\/index.php?rest_route=\/wp\/v2\/media\/6597"}],"wp:attachment":[{"href":"https:\/\/ecole-ste-anne-asserac.fr\/index.php?rest_route=%2Fwp%2Fv2%2Fmedia&parent=6596"}],"wp:term":[{"taxonomy":"category","embeddable":true,"href":"https:\/\/ecole-ste-anne-asserac.fr\/index.php?rest_route=%2Fwp%2Fv2%2Fcategories&post=6596"},{"taxonomy":"post_tag","embeddable":true,"href":"https:\/\/ecole-ste-anne-asserac.fr\/index.php?rest_route=%2Fwp%2Fv2%2Ftags&post=6596"}],"curies":[{"name":"wp","href":"https:\/\/api.w.org\/{rel}","templated":true}]}}