{"id":699,"date":"2016-05-28T17:09:41","date_gmt":"2016-05-28T16:09:41","guid":{"rendered":"http:\/\/ecole-ste-anne-asserac.fr\/?p=699"},"modified":"2016-05-29T09:45:46","modified_gmt":"2016-05-29T08:45:46","slug":"inauguration-des-batiments","status":"publish","type":"post","link":"https:\/\/ecole-ste-anne-asserac.fr\/?p=699","title":{"rendered":"Inauguration des b\u00e2timents"},"content":{"rendered":"<p>Samedi 21 Mai, a eu lieu l&rsquo;inauguration des nouveaux b\u00e2timents de l&rsquo;\u00e9cole Sainte Anne : le pr\u00e9au, le bloc sanitaire et la cour &#8230;.<\/p>\n<p>Avec Monsieur Rimbert, repr\u00e9sentant de la tutelle dioc\u00e9saine, Madame Josso, pr\u00e9sidente OGEC, a rappel\u00e9 l&rsquo;historique de ce projet et l&rsquo;obligation de remettre aux normes les anciennes installations.<\/p>\n<p><a href=\"http:\/\/ecole-ste-anne-asserac.fr\/wp-content\/uploads\/2016\/05\/SDC12163.jpg\"><img loading=\"lazy\" decoding=\"async\" class=\"aligncenter size-medium wp-image-700\" src=\"http:\/\/ecole-ste-anne-asserac.fr\/wp-content\/uploads\/2016\/05\/SDC12163-300x225.jpg\" alt=\"SDC12163\" width=\"300\" height=\"225\" srcset=\"https:\/\/ecole-ste-anne-asserac.fr\/wp-content\/uploads\/2016\/05\/SDC12163-300x225.jpg 300w, https:\/\/ecole-ste-anne-asserac.fr\/wp-content\/uploads\/2016\/05\/SDC12163-768x576.jpg 768w, https:\/\/ecole-ste-anne-asserac.fr\/wp-content\/uploads\/2016\/05\/SDC12163-1024x768.jpg 1024w, https:\/\/ecole-ste-anne-asserac.fr\/wp-content\/uploads\/2016\/05\/SDC12163-600x450.jpg 600w, https:\/\/ecole-ste-anne-asserac.fr\/wp-content\/uploads\/2016\/05\/SDC12163.jpg 2048w\" sizes=\"auto, (max-width: 300px) 100vw, 300px\" \/><\/a><\/p>\n<p>Apr\u00e8s les discours, les enfants d\u00e9l\u00e9gu\u00e9s des classes ont symboliquement coup\u00e9 le ruban et ouvert les b\u00e2timents !<a href=\"http:\/\/ecole-ste-anne-asserac.fr\/wp-content\/uploads\/2016\/05\/SDC12165.jpg\"><img loading=\"lazy\" decoding=\"async\" class=\"aligncenter size-medium wp-image-701\" src=\"http:\/\/ecole-ste-anne-asserac.fr\/wp-content\/uploads\/2016\/05\/SDC12165-300x225.jpg\" alt=\"SDC12165\" width=\"300\" height=\"225\" srcset=\"https:\/\/ecole-ste-anne-asserac.fr\/wp-content\/uploads\/2016\/05\/SDC12165-300x225.jpg 300w, https:\/\/ecole-ste-anne-asserac.fr\/wp-content\/uploads\/2016\/05\/SDC12165-768x576.jpg 768w, https:\/\/ecole-ste-anne-asserac.fr\/wp-content\/uploads\/2016\/05\/SDC12165-1024x768.jpg 1024w, https:\/\/ecole-ste-anne-asserac.fr\/wp-content\/uploads\/2016\/05\/SDC12165-600x450.jpg 600w, https:\/\/ecole-ste-anne-asserac.fr\/wp-content\/uploads\/2016\/05\/SDC12165.jpg 2048w\" sizes=\"auto, (max-width: 300px) 100vw, 300px\" \/><\/a><\/p>\n<p>L&rsquo;\u00e9quipe enseignante remercie les 2 bureaux de parents pour leur investissement dans cette belle r\u00e9alisation !<\/p>\n<p>&nbsp;<\/p>\n","protected":false},"excerpt":{"rendered":"<p>Samedi 21 Mai, a eu lieu l&rsquo;inauguration des nouveaux b\u00e2timents de l&rsquo;\u00e9cole Sainte Anne : le pr\u00e9au, le bloc sanitaire et la cour &#8230;. Avec Monsieur Rimbert, repr\u00e9sentant de la tutelle dioc\u00e9saine, Madame Josso, pr\u00e9sidente OGEC, a rappel\u00e9 l&rsquo;historique de ce projet et l&rsquo;obligation de remettre aux normes les anciennes installations. Apr\u00e8s les discours, les<\/p>\n<p><a href=\"https:\/\/ecole-ste-anne-asserac.fr\/?p=699\" class=\"more-link themebutton\">Lire la suite<\/a><\/p>\n","protected":false},"author":3,"featured_media":0,"comment_status":"closed","ping_status":"closed","sticky":false,"template":"","format":"standard","meta":{"ngg_post_thumbnail":0,"footnotes":""},"categories":[11],"tags":[],"class_list":["post-699","post","type-post","status-publish","format-standard","hentry","category-actualite"],"_links":{"self":[{"href":"https:\/\/ecole-ste-anne-asserac.fr\/index.php?rest_route=\/wp\/v2\/posts\/699","targetHints":{"allow":["GET"]}}],"collection":[{"href":"https:\/\/ecole-ste-anne-asserac.fr\/index.php?rest_route=\/wp\/v2\/posts"}],"about":[{"href":"https:\/\/ecole-ste-anne-asserac.fr\/index.php?rest_route=\/wp\/v2\/types\/post"}],"author":[{"embeddable":true,"href":"https:\/\/ecole-ste-anne-asserac.fr\/index.php?rest_route=\/wp\/v2\/users\/3"}],"replies":[{"embeddable":true,"href":"https:\/\/ecole-ste-anne-asserac.fr\/index.php?rest_route=%2Fwp%2Fv2%2Fcomments&post=699"}],"version-history":[{"count":0,"href":"https:\/\/ecole-ste-anne-asserac.fr\/index.php?rest_route=\/wp\/v2\/posts\/699\/revisions"}],"wp:attachment":[{"href":"https:\/\/ecole-ste-anne-asserac.fr\/index.php?rest_route=%2Fwp%2Fv2%2Fmedia&parent=699"}],"wp:term":[{"taxonomy":"category","embeddable":true,"href":"https:\/\/ecole-ste-anne-asserac.fr\/index.php?rest_route=%2Fwp%2Fv2%2Fcategories&post=699"},{"taxonomy":"post_tag","embeddable":true,"href":"https:\/\/ecole-ste-anne-asserac.fr\/index.php?rest_route=%2Fwp%2Fv2%2Ftags&post=699"}],"curies":[{"name":"wp","href":"https:\/\/api.w.org\/{rel}","templated":true}]}}