{"id":7134,"date":"2025-05-10T17:55:35","date_gmt":"2025-05-10T15:55:35","guid":{"rendered":"https:\/\/ecole-ste-anne-asserac.fr\/?p=7134"},"modified":"2025-05-10T17:55:51","modified_gmt":"2025-05-10T15:55:51","slug":"accueil-de-nos-correspondants-italiens","status":"publish","type":"post","link":"https:\/\/ecole-ste-anne-asserac.fr\/?p=7134","title":{"rendered":"Accueil de nos correspondants italiens"},"content":{"rendered":"<p style=\"text-align: center;\">Il y a un an, nous \u00e9tions en Italie !<\/p>\n<p style=\"text-align: center;\">A notre tour, du 3 au 7 mars , nous avons accueilli des \u00e9l\u00e8ves de l&rsquo;\u00e9cole GDP de Colleferro (pr\u00e8s de Rome), avec leurs enseignantes, pour leur mobilit\u00e9 ERASMUS&nbsp;<\/p>\n<p><a href=\"http:\/\/ecole-ste-anne-asserac.fr\/wp-content\/uploads\/2025\/05\/1741023157847-1-scaled.jpg\"><img loading=\"lazy\" decoding=\"async\" class=\"size-medium wp-image-7144 aligncenter\" src=\"http:\/\/ecole-ste-anne-asserac.fr\/wp-content\/uploads\/2025\/05\/1741023157847-1-300x225.jpg\" alt=\"\" width=\"300\" height=\"225\" srcset=\"https:\/\/ecole-ste-anne-asserac.fr\/wp-content\/uploads\/2025\/05\/1741023157847-1-300x225.jpg 300w, https:\/\/ecole-ste-anne-asserac.fr\/wp-content\/uploads\/2025\/05\/1741023157847-1-1024x768.jpg 1024w, https:\/\/ecole-ste-anne-asserac.fr\/wp-content\/uploads\/2025\/05\/1741023157847-1-768x576.jpg 768w, https:\/\/ecole-ste-anne-asserac.fr\/wp-content\/uploads\/2025\/05\/1741023157847-1-600x450.jpg 600w, https:\/\/ecole-ste-anne-asserac.fr\/wp-content\/uploads\/2025\/05\/1741023157847-1-1536x1152.jpg 1536w, https:\/\/ecole-ste-anne-asserac.fr\/wp-content\/uploads\/2025\/05\/1741023157847-1-2048x1536.jpg 2048w\" sizes=\"auto, (max-width: 300px) 100vw, 300px\" \/><\/a><\/p>\n<p>Lors de la c\u00e9r\u00e9monie de bienvenue, nous avons aussi c\u00e9l\u00e9br\u00e9 les 20 ans de eTwinning, l&rsquo;occasion de partager un g\u00e2teau d&rsquo;anniversaire tous ensemble , puisque c&rsquo;est g\u00e2ce \u00e0 cette plateforme que nos 2 \u00e9coles se sont rencontr\u00e9es !<\/p>\n<p>&nbsp;<a href=\"http:\/\/ecole-ste-anne-asserac.fr\/wp-content\/uploads\/2025\/05\/20250303_095255-1-scaled.jpg\"><img loading=\"lazy\" decoding=\"async\" class=\"alignnone size-medium wp-image-7136\" src=\"http:\/\/ecole-ste-anne-asserac.fr\/wp-content\/uploads\/2025\/05\/20250303_095255-1-300x225.jpg\" alt=\"\" width=\"300\" height=\"225\" srcset=\"https:\/\/ecole-ste-anne-asserac.fr\/wp-content\/uploads\/2025\/05\/20250303_095255-1-300x225.jpg 300w, https:\/\/ecole-ste-anne-asserac.fr\/wp-content\/uploads\/2025\/05\/20250303_095255-1-1024x768.jpg 1024w, https:\/\/ecole-ste-anne-asserac.fr\/wp-content\/uploads\/2025\/05\/20250303_095255-1-768x576.jpg 768w, https:\/\/ecole-ste-anne-asserac.fr\/wp-content\/uploads\/2025\/05\/20250303_095255-1-600x450.jpg 600w, https:\/\/ecole-ste-anne-asserac.fr\/wp-content\/uploads\/2025\/05\/20250303_095255-1-1536x1152.jpg 1536w, https:\/\/ecole-ste-anne-asserac.fr\/wp-content\/uploads\/2025\/05\/20250303_095255-1-2048x1536.jpg 2048w\" sizes=\"auto, (max-width: 300px) 100vw, 300px\" \/><\/a> <a href=\"http:\/\/ecole-ste-anne-asserac.fr\/wp-content\/uploads\/2025\/05\/20250303_095235-scaled.jpg\"><img loading=\"lazy\" decoding=\"async\" class=\"alignnone size-medium wp-image-7137\" src=\"http:\/\/ecole-ste-anne-asserac.fr\/wp-content\/uploads\/2025\/05\/20250303_095235-300x225.jpg\" alt=\"\" width=\"300\" height=\"225\" srcset=\"https:\/\/ecole-ste-anne-asserac.fr\/wp-content\/uploads\/2025\/05\/20250303_095235-300x225.jpg 300w, https:\/\/ecole-ste-anne-asserac.fr\/wp-content\/uploads\/2025\/05\/20250303_095235-1024x768.jpg 1024w, https:\/\/ecole-ste-anne-asserac.fr\/wp-content\/uploads\/2025\/05\/20250303_095235-768x576.jpg 768w, https:\/\/ecole-ste-anne-asserac.fr\/wp-content\/uploads\/2025\/05\/20250303_095235-600x450.jpg 600w, https:\/\/ecole-ste-anne-asserac.fr\/wp-content\/uploads\/2025\/05\/20250303_095235-1536x1152.jpg 1536w, https:\/\/ecole-ste-anne-asserac.fr\/wp-content\/uploads\/2025\/05\/20250303_095235-2048x1536.jpg 2048w\" sizes=\"auto, (max-width: 300px) 100vw, 300px\" \/><\/a><\/p>\n<p><a href=\"http:\/\/ecole-ste-anne-asserac.fr\/wp-content\/uploads\/2025\/05\/20250303_094010-scaled.jpg\"><img loading=\"lazy\" decoding=\"async\" class=\"alignnone size-medium wp-image-7138\" src=\"http:\/\/ecole-ste-anne-asserac.fr\/wp-content\/uploads\/2025\/05\/20250303_094010-300x225.jpg\" alt=\"\" width=\"300\" height=\"225\" srcset=\"https:\/\/ecole-ste-anne-asserac.fr\/wp-content\/uploads\/2025\/05\/20250303_094010-300x225.jpg 300w, https:\/\/ecole-ste-anne-asserac.fr\/wp-content\/uploads\/2025\/05\/20250303_094010-1024x768.jpg 1024w, https:\/\/ecole-ste-anne-asserac.fr\/wp-content\/uploads\/2025\/05\/20250303_094010-768x576.jpg 768w, https:\/\/ecole-ste-anne-asserac.fr\/wp-content\/uploads\/2025\/05\/20250303_094010-600x450.jpg 600w, https:\/\/ecole-ste-anne-asserac.fr\/wp-content\/uploads\/2025\/05\/20250303_094010-1536x1152.jpg 1536w, https:\/\/ecole-ste-anne-asserac.fr\/wp-content\/uploads\/2025\/05\/20250303_094010-2048x1536.jpg 2048w\" sizes=\"auto, (max-width: 300px) 100vw, 300px\" \/><\/a> <a href=\"http:\/\/ecole-ste-anne-asserac.fr\/wp-content\/uploads\/2025\/05\/20250303_092653-scaled.jpg\"><img loading=\"lazy\" decoding=\"async\" class=\"alignnone size-medium wp-image-7139\" src=\"http:\/\/ecole-ste-anne-asserac.fr\/wp-content\/uploads\/2025\/05\/20250303_092653-300x225.jpg\" alt=\"\" width=\"300\" height=\"225\" srcset=\"https:\/\/ecole-ste-anne-asserac.fr\/wp-content\/uploads\/2025\/05\/20250303_092653-300x225.jpg 300w, https:\/\/ecole-ste-anne-asserac.fr\/wp-content\/uploads\/2025\/05\/20250303_092653-1024x768.jpg 1024w, https:\/\/ecole-ste-anne-asserac.fr\/wp-content\/uploads\/2025\/05\/20250303_092653-768x576.jpg 768w, https:\/\/ecole-ste-anne-asserac.fr\/wp-content\/uploads\/2025\/05\/20250303_092653-600x450.jpg 600w, https:\/\/ecole-ste-anne-asserac.fr\/wp-content\/uploads\/2025\/05\/20250303_092653-1536x1152.jpg 1536w, https:\/\/ecole-ste-anne-asserac.fr\/wp-content\/uploads\/2025\/05\/20250303_092653-2048x1536.jpg 2048w\" sizes=\"auto, (max-width: 300px) 100vw, 300px\" \/><\/a><\/p>\n<p>Apr\u00e8s les discours, les chants et danses , les copains italiens sont all\u00e9s en cours avec les plus grands : pr\u00e9sentations, anglais, musique&#8230; Les 2 classes ont \u00e9chang\u00e9 des petits cadeaux , heureux de se retrouver.<\/p>\n<p><a href=\"http:\/\/ecole-ste-anne-asserac.fr\/wp-content\/uploads\/2025\/05\/IMG_20250303_113412-scaled.jpg\"><img loading=\"lazy\" decoding=\"async\" class=\"alignnone size-medium wp-image-7140\" src=\"http:\/\/ecole-ste-anne-asserac.fr\/wp-content\/uploads\/2025\/05\/IMG_20250303_113412-300x225.jpg\" alt=\"\" width=\"300\" height=\"225\" srcset=\"https:\/\/ecole-ste-anne-asserac.fr\/wp-content\/uploads\/2025\/05\/IMG_20250303_113412-300x225.jpg 300w, https:\/\/ecole-ste-anne-asserac.fr\/wp-content\/uploads\/2025\/05\/IMG_20250303_113412-1024x768.jpg 1024w, https:\/\/ecole-ste-anne-asserac.fr\/wp-content\/uploads\/2025\/05\/IMG_20250303_113412-768x576.jpg 768w, https:\/\/ecole-ste-anne-asserac.fr\/wp-content\/uploads\/2025\/05\/IMG_20250303_113412-600x450.jpg 600w, https:\/\/ecole-ste-anne-asserac.fr\/wp-content\/uploads\/2025\/05\/IMG_20250303_113412-1536x1152.jpg 1536w, https:\/\/ecole-ste-anne-asserac.fr\/wp-content\/uploads\/2025\/05\/IMG_20250303_113412-2048x1536.jpg 2048w\" sizes=\"auto, (max-width: 300px) 100vw, 300px\" \/><\/a> <a href=\"http:\/\/ecole-ste-anne-asserac.fr\/wp-content\/uploads\/2025\/05\/IMG_20250303_161835-scaled.jpg\"><img loading=\"lazy\" decoding=\"async\" class=\"alignnone size-medium wp-image-7141\" src=\"http:\/\/ecole-ste-anne-asserac.fr\/wp-content\/uploads\/2025\/05\/IMG_20250303_161835-300x225.jpg\" alt=\"\" width=\"300\" height=\"225\" srcset=\"https:\/\/ecole-ste-anne-asserac.fr\/wp-content\/uploads\/2025\/05\/IMG_20250303_161835-300x225.jpg 300w, https:\/\/ecole-ste-anne-asserac.fr\/wp-content\/uploads\/2025\/05\/IMG_20250303_161835-1024x768.jpg 1024w, https:\/\/ecole-ste-anne-asserac.fr\/wp-content\/uploads\/2025\/05\/IMG_20250303_161835-768x576.jpg 768w, https:\/\/ecole-ste-anne-asserac.fr\/wp-content\/uploads\/2025\/05\/IMG_20250303_161835-600x450.jpg 600w, https:\/\/ecole-ste-anne-asserac.fr\/wp-content\/uploads\/2025\/05\/IMG_20250303_161835-1536x1152.jpg 1536w, https:\/\/ecole-ste-anne-asserac.fr\/wp-content\/uploads\/2025\/05\/IMG_20250303_161835-2048x1536.jpg 2048w\" sizes=\"auto, (max-width: 300px) 100vw, 300px\" \/><\/a><\/p>\n<p><a href=\"http:\/\/ecole-ste-anne-asserac.fr\/wp-content\/uploads\/2025\/05\/IMG_20250303_155559-scaled.jpg\"><img loading=\"lazy\" decoding=\"async\" class=\"alignnone size-medium wp-image-7142\" src=\"http:\/\/ecole-ste-anne-asserac.fr\/wp-content\/uploads\/2025\/05\/IMG_20250303_155559-300x225.jpg\" alt=\"\" width=\"300\" height=\"225\" srcset=\"https:\/\/ecole-ste-anne-asserac.fr\/wp-content\/uploads\/2025\/05\/IMG_20250303_155559-300x225.jpg 300w, https:\/\/ecole-ste-anne-asserac.fr\/wp-content\/uploads\/2025\/05\/IMG_20250303_155559-1024x768.jpg 1024w, https:\/\/ecole-ste-anne-asserac.fr\/wp-content\/uploads\/2025\/05\/IMG_20250303_155559-768x576.jpg 768w, https:\/\/ecole-ste-anne-asserac.fr\/wp-content\/uploads\/2025\/05\/IMG_20250303_155559-600x450.jpg 600w, https:\/\/ecole-ste-anne-asserac.fr\/wp-content\/uploads\/2025\/05\/IMG_20250303_155559-1536x1152.jpg 1536w, https:\/\/ecole-ste-anne-asserac.fr\/wp-content\/uploads\/2025\/05\/IMG_20250303_155559-2048x1536.jpg 2048w\" sizes=\"auto, (max-width: 300px) 100vw, 300px\" \/><\/a> <img loading=\"lazy\" decoding=\"async\" class=\"alignnone size-medium wp-image-7143\" src=\"http:\/\/ecole-ste-anne-asserac.fr\/wp-content\/uploads\/2025\/05\/IMG_20250303_155439-300x225.jpg\" alt=\"\" width=\"300\" height=\"225\" srcset=\"https:\/\/ecole-ste-anne-asserac.fr\/wp-content\/uploads\/2025\/05\/IMG_20250303_155439-300x225.jpg 300w, https:\/\/ecole-ste-anne-asserac.fr\/wp-content\/uploads\/2025\/05\/IMG_20250303_155439-1024x768.jpg 1024w, https:\/\/ecole-ste-anne-asserac.fr\/wp-content\/uploads\/2025\/05\/IMG_20250303_155439-768x576.jpg 768w, https:\/\/ecole-ste-anne-asserac.fr\/wp-content\/uploads\/2025\/05\/IMG_20250303_155439-600x450.jpg 600w, https:\/\/ecole-ste-anne-asserac.fr\/wp-content\/uploads\/2025\/05\/IMG_20250303_155439-1536x1152.jpg 1536w, https:\/\/ecole-ste-anne-asserac.fr\/wp-content\/uploads\/2025\/05\/IMG_20250303_155439-2048x1536.jpg 2048w\" sizes=\"auto, (max-width: 300px) 100vw, 300px\" \/><\/p>\n<p>Toute la semaine a \u00e9t\u00e9 ax\u00e9e sur la d\u00e9couverte de notre environnement.<\/p>\n<p>Mardi, nous sommes all\u00e9s visiter avec eux les marais salants de Gu\u00e9rande et fait un jeu de piste dans la ville m\u00e9di\u00e9vale&#8230;<\/p>\n<p><a href=\"http:\/\/ecole-ste-anne-asserac.fr\/wp-content\/uploads\/2025\/05\/IMG_20250304_154359-scaled.jpg\"><img loading=\"lazy\" decoding=\"async\" class=\"alignnone size-medium wp-image-7145\" src=\"http:\/\/ecole-ste-anne-asserac.fr\/wp-content\/uploads\/2025\/05\/IMG_20250304_154359-300x225.jpg\" alt=\"\" width=\"300\" height=\"225\" srcset=\"https:\/\/ecole-ste-anne-asserac.fr\/wp-content\/uploads\/2025\/05\/IMG_20250304_154359-300x225.jpg 300w, https:\/\/ecole-ste-anne-asserac.fr\/wp-content\/uploads\/2025\/05\/IMG_20250304_154359-1024x768.jpg 1024w, https:\/\/ecole-ste-anne-asserac.fr\/wp-content\/uploads\/2025\/05\/IMG_20250304_154359-768x576.jpg 768w, https:\/\/ecole-ste-anne-asserac.fr\/wp-content\/uploads\/2025\/05\/IMG_20250304_154359-600x450.jpg 600w, https:\/\/ecole-ste-anne-asserac.fr\/wp-content\/uploads\/2025\/05\/IMG_20250304_154359-1536x1152.jpg 1536w, https:\/\/ecole-ste-anne-asserac.fr\/wp-content\/uploads\/2025\/05\/IMG_20250304_154359-2048x1536.jpg 2048w\" sizes=\"auto, (max-width: 300px) 100vw, 300px\" \/><\/a> <a href=\"http:\/\/ecole-ste-anne-asserac.fr\/wp-content\/uploads\/2025\/05\/20250304_102633-scaled.jpg\"><img loading=\"lazy\" decoding=\"async\" class=\"alignnone size-medium wp-image-7146\" src=\"http:\/\/ecole-ste-anne-asserac.fr\/wp-content\/uploads\/2025\/05\/20250304_102633-300x225.jpg\" alt=\"\" width=\"300\" height=\"225\" srcset=\"https:\/\/ecole-ste-anne-asserac.fr\/wp-content\/uploads\/2025\/05\/20250304_102633-300x225.jpg 300w, https:\/\/ecole-ste-anne-asserac.fr\/wp-content\/uploads\/2025\/05\/20250304_102633-1024x768.jpg 1024w, https:\/\/ecole-ste-anne-asserac.fr\/wp-content\/uploads\/2025\/05\/20250304_102633-768x576.jpg 768w, https:\/\/ecole-ste-anne-asserac.fr\/wp-content\/uploads\/2025\/05\/20250304_102633-600x450.jpg 600w, https:\/\/ecole-ste-anne-asserac.fr\/wp-content\/uploads\/2025\/05\/20250304_102633-1536x1152.jpg 1536w, https:\/\/ecole-ste-anne-asserac.fr\/wp-content\/uploads\/2025\/05\/20250304_102633-2048x1536.jpg 2048w\" sizes=\"auto, (max-width: 300px) 100vw, 300px\" \/><\/a> <a href=\"http:\/\/ecole-ste-anne-asserac.fr\/wp-content\/uploads\/2025\/05\/20250304_102415-scaled.jpg\"><img loading=\"lazy\" decoding=\"async\" class=\"alignnone size-medium wp-image-7147\" src=\"http:\/\/ecole-ste-anne-asserac.fr\/wp-content\/uploads\/2025\/05\/20250304_102415-300x225.jpg\" alt=\"\" width=\"300\" height=\"225\" srcset=\"https:\/\/ecole-ste-anne-asserac.fr\/wp-content\/uploads\/2025\/05\/20250304_102415-300x225.jpg 300w, https:\/\/ecole-ste-anne-asserac.fr\/wp-content\/uploads\/2025\/05\/20250304_102415-1024x768.jpg 1024w, https:\/\/ecole-ste-anne-asserac.fr\/wp-content\/uploads\/2025\/05\/20250304_102415-768x576.jpg 768w, https:\/\/ecole-ste-anne-asserac.fr\/wp-content\/uploads\/2025\/05\/20250304_102415-600x450.jpg 600w, https:\/\/ecole-ste-anne-asserac.fr\/wp-content\/uploads\/2025\/05\/20250304_102415-1536x1152.jpg 1536w, https:\/\/ecole-ste-anne-asserac.fr\/wp-content\/uploads\/2025\/05\/20250304_102415-2048x1536.jpg 2048w\" sizes=\"auto, (max-width: 300px) 100vw, 300px\" \/><\/a><\/p>\n<p>Mercredi, avec eux, promenade dans la baie de Pont-Mah\u00e9 et p\u00eache \u00e0 pied. Gr\u00e2ce \u00e0 notre guide, les \u00ab\u00a0petites b\u00eates\u00a0\u00bb n&rsquo;ont plus de secrets pour nous . Grande premi\u00e8re pour nos amis italiens &#8230; Certains copains de 6\u00e8me nous ont rejoint cet apr\u00e8s-midi-l\u00e0 pour voir les correspondants. Un beau moment de retrouvailles.<\/p>\n<p><a href=\"http:\/\/ecole-ste-anne-asserac.fr\/wp-content\/uploads\/2025\/05\/B8C55A7A-A475-4753-A4D6-E6D48B132260_1_105_c.jpeg\"><img loading=\"lazy\" decoding=\"async\" class=\"alignnone size-medium wp-image-7148\" src=\"http:\/\/ecole-ste-anne-asserac.fr\/wp-content\/uploads\/2025\/05\/B8C55A7A-A475-4753-A4D6-E6D48B132260_1_105_c-300x225.jpeg\" alt=\"\" width=\"300\" height=\"225\" srcset=\"https:\/\/ecole-ste-anne-asserac.fr\/wp-content\/uploads\/2025\/05\/B8C55A7A-A475-4753-A4D6-E6D48B132260_1_105_c-300x225.jpeg 300w, https:\/\/ecole-ste-anne-asserac.fr\/wp-content\/uploads\/2025\/05\/B8C55A7A-A475-4753-A4D6-E6D48B132260_1_105_c-768x576.jpeg 768w, https:\/\/ecole-ste-anne-asserac.fr\/wp-content\/uploads\/2025\/05\/B8C55A7A-A475-4753-A4D6-E6D48B132260_1_105_c-600x450.jpeg 600w, https:\/\/ecole-ste-anne-asserac.fr\/wp-content\/uploads\/2025\/05\/B8C55A7A-A475-4753-A4D6-E6D48B132260_1_105_c.jpeg 1024w\" sizes=\"auto, (max-width: 300px) 100vw, 300px\" \/><\/a> <a href=\"http:\/\/ecole-ste-anne-asserac.fr\/wp-content\/uploads\/2025\/05\/IMG_20250305_150009-scaled.jpg\"><img loading=\"lazy\" decoding=\"async\" class=\"alignnone size-medium wp-image-7149\" src=\"http:\/\/ecole-ste-anne-asserac.fr\/wp-content\/uploads\/2025\/05\/IMG_20250305_150009-300x225.jpg\" alt=\"\" width=\"300\" height=\"225\" srcset=\"https:\/\/ecole-ste-anne-asserac.fr\/wp-content\/uploads\/2025\/05\/IMG_20250305_150009-300x225.jpg 300w, https:\/\/ecole-ste-anne-asserac.fr\/wp-content\/uploads\/2025\/05\/IMG_20250305_150009-1024x768.jpg 1024w, https:\/\/ecole-ste-anne-asserac.fr\/wp-content\/uploads\/2025\/05\/IMG_20250305_150009-768x576.jpg 768w, https:\/\/ecole-ste-anne-asserac.fr\/wp-content\/uploads\/2025\/05\/IMG_20250305_150009-600x450.jpg 600w, https:\/\/ecole-ste-anne-asserac.fr\/wp-content\/uploads\/2025\/05\/IMG_20250305_150009-1536x1152.jpg 1536w, https:\/\/ecole-ste-anne-asserac.fr\/wp-content\/uploads\/2025\/05\/IMG_20250305_150009-2048x1536.jpg 2048w\" sizes=\"auto, (max-width: 300px) 100vw, 300px\" \/><\/a> <a href=\"http:\/\/ecole-ste-anne-asserac.fr\/wp-content\/uploads\/2025\/05\/010911BA-6325-4FF2-92F0-C8CF50C4A874_1_105_c.jpeg\"><img loading=\"lazy\" decoding=\"async\" class=\"alignnone size-medium wp-image-7150\" src=\"http:\/\/ecole-ste-anne-asserac.fr\/wp-content\/uploads\/2025\/05\/010911BA-6325-4FF2-92F0-C8CF50C4A874_1_105_c-300x225.jpeg\" alt=\"\" width=\"300\" height=\"225\" srcset=\"https:\/\/ecole-ste-anne-asserac.fr\/wp-content\/uploads\/2025\/05\/010911BA-6325-4FF2-92F0-C8CF50C4A874_1_105_c-300x225.jpeg 300w, https:\/\/ecole-ste-anne-asserac.fr\/wp-content\/uploads\/2025\/05\/010911BA-6325-4FF2-92F0-C8CF50C4A874_1_105_c-768x576.jpeg 768w, https:\/\/ecole-ste-anne-asserac.fr\/wp-content\/uploads\/2025\/05\/010911BA-6325-4FF2-92F0-C8CF50C4A874_1_105_c-600x450.jpeg 600w, https:\/\/ecole-ste-anne-asserac.fr\/wp-content\/uploads\/2025\/05\/010911BA-6325-4FF2-92F0-C8CF50C4A874_1_105_c.jpeg 1024w\" sizes=\"auto, (max-width: 300px) 100vw, 300px\" \/><\/a> <a href=\"http:\/\/ecole-ste-anne-asserac.fr\/wp-content\/uploads\/2025\/05\/BF48F612-E21D-4310-9B30-8077A1D5851F_1_105_c.jpeg\"><img loading=\"lazy\" decoding=\"async\" class=\"alignnone size-medium wp-image-7151\" src=\"http:\/\/ecole-ste-anne-asserac.fr\/wp-content\/uploads\/2025\/05\/BF48F612-E21D-4310-9B30-8077A1D5851F_1_105_c-300x225.jpeg\" alt=\"\" width=\"300\" height=\"225\" srcset=\"https:\/\/ecole-ste-anne-asserac.fr\/wp-content\/uploads\/2025\/05\/BF48F612-E21D-4310-9B30-8077A1D5851F_1_105_c-300x225.jpeg 300w, https:\/\/ecole-ste-anne-asserac.fr\/wp-content\/uploads\/2025\/05\/BF48F612-E21D-4310-9B30-8077A1D5851F_1_105_c-768x576.jpeg 768w, https:\/\/ecole-ste-anne-asserac.fr\/wp-content\/uploads\/2025\/05\/BF48F612-E21D-4310-9B30-8077A1D5851F_1_105_c-600x450.jpeg 600w, https:\/\/ecole-ste-anne-asserac.fr\/wp-content\/uploads\/2025\/05\/BF48F612-E21D-4310-9B30-8077A1D5851F_1_105_c.jpeg 1024w\" sizes=\"auto, (max-width: 300px) 100vw, 300px\" \/><\/a> <a href=\"http:\/\/ecole-ste-anne-asserac.fr\/wp-content\/uploads\/2025\/05\/IMG_20250305_140959-scaled.jpg\"><img loading=\"lazy\" decoding=\"async\" class=\"alignnone size-medium wp-image-7152\" src=\"http:\/\/ecole-ste-anne-asserac.fr\/wp-content\/uploads\/2025\/05\/IMG_20250305_140959-300x225.jpg\" alt=\"\" width=\"300\" height=\"225\" srcset=\"https:\/\/ecole-ste-anne-asserac.fr\/wp-content\/uploads\/2025\/05\/IMG_20250305_140959-300x225.jpg 300w, https:\/\/ecole-ste-anne-asserac.fr\/wp-content\/uploads\/2025\/05\/IMG_20250305_140959-1024x768.jpg 1024w, https:\/\/ecole-ste-anne-asserac.fr\/wp-content\/uploads\/2025\/05\/IMG_20250305_140959-768x576.jpg 768w, https:\/\/ecole-ste-anne-asserac.fr\/wp-content\/uploads\/2025\/05\/IMG_20250305_140959-600x450.jpg 600w, https:\/\/ecole-ste-anne-asserac.fr\/wp-content\/uploads\/2025\/05\/IMG_20250305_140959-1536x1152.jpg 1536w, https:\/\/ecole-ste-anne-asserac.fr\/wp-content\/uploads\/2025\/05\/IMG_20250305_140959-2048x1536.jpg 2048w\" sizes=\"auto, (max-width: 300px) 100vw, 300px\" \/><\/a> <a href=\"http:\/\/ecole-ste-anne-asserac.fr\/wp-content\/uploads\/2025\/05\/IMG_20250305_150410-scaled.jpg\"><img loading=\"lazy\" decoding=\"async\" class=\"alignnone size-medium wp-image-7153\" src=\"http:\/\/ecole-ste-anne-asserac.fr\/wp-content\/uploads\/2025\/05\/IMG_20250305_150410-225x300.jpg\" alt=\"\" width=\"225\" height=\"300\" srcset=\"https:\/\/ecole-ste-anne-asserac.fr\/wp-content\/uploads\/2025\/05\/IMG_20250305_150410-225x300.jpg 225w, https:\/\/ecole-ste-anne-asserac.fr\/wp-content\/uploads\/2025\/05\/IMG_20250305_150410-768x1024.jpg 768w, https:\/\/ecole-ste-anne-asserac.fr\/wp-content\/uploads\/2025\/05\/IMG_20250305_150410-600x800.jpg 600w, https:\/\/ecole-ste-anne-asserac.fr\/wp-content\/uploads\/2025\/05\/IMG_20250305_150410-1152x1536.jpg 1152w, https:\/\/ecole-ste-anne-asserac.fr\/wp-content\/uploads\/2025\/05\/IMG_20250305_150410-1536x2048.jpg 1536w, https:\/\/ecole-ste-anne-asserac.fr\/wp-content\/uploads\/2025\/05\/IMG_20250305_150410-scaled.jpg 1920w\" sizes=\"auto, (max-width: 225px) 100vw, 225px\" \/><\/a><\/p>\n<p><img loading=\"lazy\" decoding=\"async\" class=\"alignnone size-medium wp-image-7154\" src=\"http:\/\/ecole-ste-anne-asserac.fr\/wp-content\/uploads\/2025\/05\/5CDC9941-C0E6-4B67-A1FA-F08DC7A8D7E0_1_105_c-225x300.jpeg\" alt=\"\" width=\"225\" height=\"300\" srcset=\"https:\/\/ecole-ste-anne-asserac.fr\/wp-content\/uploads\/2025\/05\/5CDC9941-C0E6-4B67-A1FA-F08DC7A8D7E0_1_105_c-225x300.jpeg 225w, https:\/\/ecole-ste-anne-asserac.fr\/wp-content\/uploads\/2025\/05\/5CDC9941-C0E6-4B67-A1FA-F08DC7A8D7E0_1_105_c-600x800.jpeg 600w, https:\/\/ecole-ste-anne-asserac.fr\/wp-content\/uploads\/2025\/05\/5CDC9941-C0E6-4B67-A1FA-F08DC7A8D7E0_1_105_c.jpeg 768w\" sizes=\"auto, (max-width: 225px) 100vw, 225px\" \/> &nbsp;<a href=\"http:\/\/ecole-ste-anne-asserac.fr\/wp-content\/uploads\/2025\/05\/IMG_20250305_161126-scaled.jpg\"><img loading=\"lazy\" decoding=\"async\" class=\"alignnone size-medium wp-image-7156\" src=\"http:\/\/ecole-ste-anne-asserac.fr\/wp-content\/uploads\/2025\/05\/IMG_20250305_161126-225x300.jpg\" alt=\"\" width=\"225\" height=\"300\" srcset=\"https:\/\/ecole-ste-anne-asserac.fr\/wp-content\/uploads\/2025\/05\/IMG_20250305_161126-225x300.jpg 225w, https:\/\/ecole-ste-anne-asserac.fr\/wp-content\/uploads\/2025\/05\/IMG_20250305_161126-768x1024.jpg 768w, https:\/\/ecole-ste-anne-asserac.fr\/wp-content\/uploads\/2025\/05\/IMG_20250305_161126-600x800.jpg 600w, https:\/\/ecole-ste-anne-asserac.fr\/wp-content\/uploads\/2025\/05\/IMG_20250305_161126-1152x1536.jpg 1152w, https:\/\/ecole-ste-anne-asserac.fr\/wp-content\/uploads\/2025\/05\/IMG_20250305_161126-1536x2048.jpg 1536w, https:\/\/ecole-ste-anne-asserac.fr\/wp-content\/uploads\/2025\/05\/IMG_20250305_161126-scaled.jpg 1920w\" sizes=\"auto, (max-width: 225px) 100vw, 225px\" \/><\/a><\/p>\n<p>Jeudi 6, les \u00e9l\u00e8ves italiens sont all\u00e9s visiter l&rsquo;Oc\u00e9arium du Croisic , pour parfaire leurs connaissances sur le monde marin. Ils nous ont retrouv\u00e9 \u00e0 l&rsquo;\u00e9cole pour l&rsquo;apr\u00e8s-midi. L\u00e0 , nous avons r\u00e9alis\u00e9 des poissons en origami, que nous avons coll\u00e9s sur notre fresque collective en faveur des oc\u00e9ans.<\/p>\n<p><img loading=\"lazy\" decoding=\"async\" class=\"size-medium wp-image-7157 aligncenter\" src=\"http:\/\/ecole-ste-anne-asserac.fr\/wp-content\/uploads\/2025\/05\/IMG_20250324_152354-300x225.jpg\" alt=\"\" width=\"300\" height=\"225\" srcset=\"https:\/\/ecole-ste-anne-asserac.fr\/wp-content\/uploads\/2025\/05\/IMG_20250324_152354-300x225.jpg 300w, https:\/\/ecole-ste-anne-asserac.fr\/wp-content\/uploads\/2025\/05\/IMG_20250324_152354-1024x768.jpg 1024w, https:\/\/ecole-ste-anne-asserac.fr\/wp-content\/uploads\/2025\/05\/IMG_20250324_152354-768x576.jpg 768w, https:\/\/ecole-ste-anne-asserac.fr\/wp-content\/uploads\/2025\/05\/IMG_20250324_152354-600x450.jpg 600w, https:\/\/ecole-ste-anne-asserac.fr\/wp-content\/uploads\/2025\/05\/IMG_20250324_152354-1536x1152.jpg 1536w, https:\/\/ecole-ste-anne-asserac.fr\/wp-content\/uploads\/2025\/05\/IMG_20250324_152354-2048x1536.jpg 2048w\" sizes=\"auto, (max-width: 300px) 100vw, 300px\" \/><\/p>\n<p>En fin de journ\u00e9e, avec tous les \u00e9l\u00e8ves de l&rsquo;\u00e9cole, nous leur avons organis\u00e9 une c\u00e9r\u00e9monie des \u00ab\u00a0au-revoirs\u00a0\u00bb , o\u00f9 chacun a \u00e9t\u00e9 d\u00e9cor\u00e9 de l&rsquo;insigne de l&rsquo;amiti\u00e9 franco-italienne. Tous sont repartis certes avec des petis cadeaux, mais avec beaucoup d&rsquo;images en t\u00eate et de souvenirs dans le coeur.<\/p>\n<p><img loading=\"lazy\" decoding=\"async\" class=\"alignnone size-medium wp-image-7158\" src=\"http:\/\/ecole-ste-anne-asserac.fr\/wp-content\/uploads\/2025\/05\/D6DE3002-B4F7-4CE3-8C71-2CE64EE335BF_1_105_c-300x225.jpeg\" alt=\"\" width=\"300\" height=\"225\" srcset=\"https:\/\/ecole-ste-anne-asserac.fr\/wp-content\/uploads\/2025\/05\/D6DE3002-B4F7-4CE3-8C71-2CE64EE335BF_1_105_c-300x225.jpeg 300w, https:\/\/ecole-ste-anne-asserac.fr\/wp-content\/uploads\/2025\/05\/D6DE3002-B4F7-4CE3-8C71-2CE64EE335BF_1_105_c-768x576.jpeg 768w, https:\/\/ecole-ste-anne-asserac.fr\/wp-content\/uploads\/2025\/05\/D6DE3002-B4F7-4CE3-8C71-2CE64EE335BF_1_105_c-600x450.jpeg 600w, https:\/\/ecole-ste-anne-asserac.fr\/wp-content\/uploads\/2025\/05\/D6DE3002-B4F7-4CE3-8C71-2CE64EE335BF_1_105_c.jpeg 1024w\" sizes=\"auto, (max-width: 300px) 100vw, 300px\" \/> &nbsp;<a href=\"http:\/\/ecole-ste-anne-asserac.fr\/wp-content\/uploads\/2025\/05\/B0AAFB5E-035C-4401-A22D-C0A25459AECD_1_105_c.jpeg\"><img loading=\"lazy\" decoding=\"async\" class=\"alignnone size-medium wp-image-7161\" src=\"http:\/\/ecole-ste-anne-asserac.fr\/wp-content\/uploads\/2025\/05\/B0AAFB5E-035C-4401-A22D-C0A25459AECD_1_105_c-300x225.jpeg\" alt=\"\" width=\"300\" height=\"225\" srcset=\"https:\/\/ecole-ste-anne-asserac.fr\/wp-content\/uploads\/2025\/05\/B0AAFB5E-035C-4401-A22D-C0A25459AECD_1_105_c-300x225.jpeg 300w, https:\/\/ecole-ste-anne-asserac.fr\/wp-content\/uploads\/2025\/05\/B0AAFB5E-035C-4401-A22D-C0A25459AECD_1_105_c-768x576.jpeg 768w, https:\/\/ecole-ste-anne-asserac.fr\/wp-content\/uploads\/2025\/05\/B0AAFB5E-035C-4401-A22D-C0A25459AECD_1_105_c-600x450.jpeg 600w, https:\/\/ecole-ste-anne-asserac.fr\/wp-content\/uploads\/2025\/05\/B0AAFB5E-035C-4401-A22D-C0A25459AECD_1_105_c.jpeg 1024w\" sizes=\"auto, (max-width: 300px) 100vw, 300px\" \/><\/a> <a href=\"http:\/\/ecole-ste-anne-asserac.fr\/wp-content\/uploads\/2025\/05\/7F7DCFCD-B27D-4445-ADF1-6B1F9390232E_1_105_c.jpeg\"><img loading=\"lazy\" decoding=\"async\" class=\"alignnone size-medium wp-image-7162\" src=\"http:\/\/ecole-ste-anne-asserac.fr\/wp-content\/uploads\/2025\/05\/7F7DCFCD-B27D-4445-ADF1-6B1F9390232E_1_105_c-300x225.jpeg\" alt=\"\" width=\"300\" height=\"225\" srcset=\"https:\/\/ecole-ste-anne-asserac.fr\/wp-content\/uploads\/2025\/05\/7F7DCFCD-B27D-4445-ADF1-6B1F9390232E_1_105_c-300x225.jpeg 300w, https:\/\/ecole-ste-anne-asserac.fr\/wp-content\/uploads\/2025\/05\/7F7DCFCD-B27D-4445-ADF1-6B1F9390232E_1_105_c-768x576.jpeg 768w, https:\/\/ecole-ste-anne-asserac.fr\/wp-content\/uploads\/2025\/05\/7F7DCFCD-B27D-4445-ADF1-6B1F9390232E_1_105_c-600x450.jpeg 600w, https:\/\/ecole-ste-anne-asserac.fr\/wp-content\/uploads\/2025\/05\/7F7DCFCD-B27D-4445-ADF1-6B1F9390232E_1_105_c.jpeg 1024w\" sizes=\"auto, (max-width: 300px) 100vw, 300px\" \/><\/a> <a href=\"http:\/\/ecole-ste-anne-asserac.fr\/wp-content\/uploads\/2025\/05\/4A52D907-DCB2-432D-BAE7-FC696FCCBAB8_1_105_c.jpeg\"><img loading=\"lazy\" decoding=\"async\" class=\"alignnone size-medium wp-image-7163\" src=\"http:\/\/ecole-ste-anne-asserac.fr\/wp-content\/uploads\/2025\/05\/4A52D907-DCB2-432D-BAE7-FC696FCCBAB8_1_105_c-300x225.jpeg\" alt=\"\" width=\"300\" height=\"225\" srcset=\"https:\/\/ecole-ste-anne-asserac.fr\/wp-content\/uploads\/2025\/05\/4A52D907-DCB2-432D-BAE7-FC696FCCBAB8_1_105_c-300x225.jpeg 300w, https:\/\/ecole-ste-anne-asserac.fr\/wp-content\/uploads\/2025\/05\/4A52D907-DCB2-432D-BAE7-FC696FCCBAB8_1_105_c-768x576.jpeg 768w, https:\/\/ecole-ste-anne-asserac.fr\/wp-content\/uploads\/2025\/05\/4A52D907-DCB2-432D-BAE7-FC696FCCBAB8_1_105_c-600x450.jpeg 600w, https:\/\/ecole-ste-anne-asserac.fr\/wp-content\/uploads\/2025\/05\/4A52D907-DCB2-432D-BAE7-FC696FCCBAB8_1_105_c.jpeg 1024w\" sizes=\"auto, (max-width: 300px) 100vw, 300px\" \/><\/a> <a href=\"http:\/\/ecole-ste-anne-asserac.fr\/wp-content\/uploads\/2025\/05\/FD57C4A6-4AE6-4ECE-8739-18D45D938141_1_105_c.jpeg\"><img loading=\"lazy\" decoding=\"async\" class=\"alignnone size-medium wp-image-7164\" src=\"http:\/\/ecole-ste-anne-asserac.fr\/wp-content\/uploads\/2025\/05\/FD57C4A6-4AE6-4ECE-8739-18D45D938141_1_105_c-300x225.jpeg\" alt=\"\" width=\"300\" height=\"225\" srcset=\"https:\/\/ecole-ste-anne-asserac.fr\/wp-content\/uploads\/2025\/05\/FD57C4A6-4AE6-4ECE-8739-18D45D938141_1_105_c-300x225.jpeg 300w, https:\/\/ecole-ste-anne-asserac.fr\/wp-content\/uploads\/2025\/05\/FD57C4A6-4AE6-4ECE-8739-18D45D938141_1_105_c-768x576.jpeg 768w, https:\/\/ecole-ste-anne-asserac.fr\/wp-content\/uploads\/2025\/05\/FD57C4A6-4AE6-4ECE-8739-18D45D938141_1_105_c-600x450.jpeg 600w, https:\/\/ecole-ste-anne-asserac.fr\/wp-content\/uploads\/2025\/05\/FD57C4A6-4AE6-4ECE-8739-18D45D938141_1_105_c.jpeg 1024w\" sizes=\"auto, (max-width: 300px) 100vw, 300px\" \/><\/a> <a href=\"http:\/\/ecole-ste-anne-asserac.fr\/wp-content\/uploads\/2025\/05\/2CFA2881-86E5-41A9-8141-AF099148669C_1_105_c-1.jpeg\"><img loading=\"lazy\" decoding=\"async\" class=\"alignnone size-medium wp-image-7165\" src=\"http:\/\/ecole-ste-anne-asserac.fr\/wp-content\/uploads\/2025\/05\/2CFA2881-86E5-41A9-8141-AF099148669C_1_105_c-1-300x225.jpeg\" alt=\"\" width=\"300\" height=\"225\" srcset=\"https:\/\/ecole-ste-anne-asserac.fr\/wp-content\/uploads\/2025\/05\/2CFA2881-86E5-41A9-8141-AF099148669C_1_105_c-1-300x225.jpeg 300w, https:\/\/ecole-ste-anne-asserac.fr\/wp-content\/uploads\/2025\/05\/2CFA2881-86E5-41A9-8141-AF099148669C_1_105_c-1-768x576.jpeg 768w, https:\/\/ecole-ste-anne-asserac.fr\/wp-content\/uploads\/2025\/05\/2CFA2881-86E5-41A9-8141-AF099148669C_1_105_c-1-600x450.jpeg 600w, https:\/\/ecole-ste-anne-asserac.fr\/wp-content\/uploads\/2025\/05\/2CFA2881-86E5-41A9-8141-AF099148669C_1_105_c-1.jpeg 1024w\" sizes=\"auto, (max-width: 300px) 100vw, 300px\" \/><\/a> <img loading=\"lazy\" decoding=\"async\" class=\"alignnone size-medium wp-image-7166\" src=\"http:\/\/ecole-ste-anne-asserac.fr\/wp-content\/uploads\/2025\/05\/079C5087-6907-49B2-BEBA-65878EBC45DA_1_105_c-300x225.jpeg\" alt=\"\" width=\"300\" height=\"225\" srcset=\"https:\/\/ecole-ste-anne-asserac.fr\/wp-content\/uploads\/2025\/05\/079C5087-6907-49B2-BEBA-65878EBC45DA_1_105_c-300x225.jpeg 300w, https:\/\/ecole-ste-anne-asserac.fr\/wp-content\/uploads\/2025\/05\/079C5087-6907-49B2-BEBA-65878EBC45DA_1_105_c-768x576.jpeg 768w, https:\/\/ecole-ste-anne-asserac.fr\/wp-content\/uploads\/2025\/05\/079C5087-6907-49B2-BEBA-65878EBC45DA_1_105_c-600x450.jpeg 600w, https:\/\/ecole-ste-anne-asserac.fr\/wp-content\/uploads\/2025\/05\/079C5087-6907-49B2-BEBA-65878EBC45DA_1_105_c.jpeg 1024w\" sizes=\"auto, (max-width: 300px) 100vw, 300px\" \/> <img loading=\"lazy\" decoding=\"async\" class=\"alignnone size-medium wp-image-7160\" src=\"http:\/\/ecole-ste-anne-asserac.fr\/wp-content\/uploads\/2025\/05\/6A03EE04-7A5E-47F3-88A7-AD85BF11C853_1_105_c-300x225.jpeg\" alt=\"\" width=\"300\" height=\"225\" srcset=\"https:\/\/ecole-ste-anne-asserac.fr\/wp-content\/uploads\/2025\/05\/6A03EE04-7A5E-47F3-88A7-AD85BF11C853_1_105_c-300x225.jpeg 300w, https:\/\/ecole-ste-anne-asserac.fr\/wp-content\/uploads\/2025\/05\/6A03EE04-7A5E-47F3-88A7-AD85BF11C853_1_105_c-768x576.jpeg 768w, https:\/\/ecole-ste-anne-asserac.fr\/wp-content\/uploads\/2025\/05\/6A03EE04-7A5E-47F3-88A7-AD85BF11C853_1_105_c-600x450.jpeg 600w, https:\/\/ecole-ste-anne-asserac.fr\/wp-content\/uploads\/2025\/05\/6A03EE04-7A5E-47F3-88A7-AD85BF11C853_1_105_c.jpeg 1024w\" sizes=\"auto, (max-width: 300px) 100vw, 300px\" \/><\/p>\n<p style=\"text-align: center;\">Au-revoir les amis ! A tr\u00e8s vite en visio !!<\/p>\n<p>&nbsp;<\/p>\n<p>&nbsp;<\/p>\n<p>&nbsp;<\/p>\n","protected":false},"excerpt":{"rendered":"<p>Il y a un an, nous \u00e9tions en Italie ! A notre tour, du 3 au 7 mars , nous avons accueilli des \u00e9l\u00e8ves de l&rsquo;\u00e9cole GDP de Colleferro (pr\u00e8s de Rome), avec leurs enseignantes, pour leur mobilit\u00e9 ERASMUS&nbsp; Lors de la c\u00e9r\u00e9monie de bienvenue, nous avons aussi c\u00e9l\u00e9br\u00e9 les 20 ans de eTwinning, l&rsquo;occasion<\/p>\n<p><a href=\"https:\/\/ecole-ste-anne-asserac.fr\/?p=7134\" class=\"more-link themebutton\">Lire la suite<\/a><\/p>\n","protected":false},"author":3,"featured_media":7164,"comment_status":"closed","ping_status":"closed","sticky":false,"template":"","format":"standard","meta":{"ngg_post_thumbnail":0,"footnotes":""},"categories":[7,8],"tags":[],"class_list":["post-7134","post","type-post","status-publish","format-standard","has-post-thumbnail","hentry","category-classe-de-ce2-cm1","category-classe-de-cm1-cm2"],"_links":{"self":[{"href":"https:\/\/ecole-ste-anne-asserac.fr\/index.php?rest_route=\/wp\/v2\/posts\/7134","targetHints":{"allow":["GET"]}}],"collection":[{"href":"https:\/\/ecole-ste-anne-asserac.fr\/index.php?rest_route=\/wp\/v2\/posts"}],"about":[{"href":"https:\/\/ecole-ste-anne-asserac.fr\/index.php?rest_route=\/wp\/v2\/types\/post"}],"author":[{"embeddable":true,"href":"https:\/\/ecole-ste-anne-asserac.fr\/index.php?rest_route=\/wp\/v2\/users\/3"}],"replies":[{"embeddable":true,"href":"https:\/\/ecole-ste-anne-asserac.fr\/index.php?rest_route=%2Fwp%2Fv2%2Fcomments&post=7134"}],"version-history":[{"count":3,"href":"https:\/\/ecole-ste-anne-asserac.fr\/index.php?rest_route=\/wp\/v2\/posts\/7134\/revisions"}],"predecessor-version":[{"id":7168,"href":"https:\/\/ecole-ste-anne-asserac.fr\/index.php?rest_route=\/wp\/v2\/posts\/7134\/revisions\/7168"}],"wp:featuredmedia":[{"embeddable":true,"href":"https:\/\/ecole-ste-anne-asserac.fr\/index.php?rest_route=\/wp\/v2\/media\/7164"}],"wp:attachment":[{"href":"https:\/\/ecole-ste-anne-asserac.fr\/index.php?rest_route=%2Fwp%2Fv2%2Fmedia&parent=7134"}],"wp:term":[{"taxonomy":"category","embeddable":true,"href":"https:\/\/ecole-ste-anne-asserac.fr\/index.php?rest_route=%2Fwp%2Fv2%2Fcategories&post=7134"},{"taxonomy":"post_tag","embeddable":true,"href":"https:\/\/ecole-ste-anne-asserac.fr\/index.php?rest_route=%2Fwp%2Fv2%2Ftags&post=7134"}],"curies":[{"name":"wp","href":"https:\/\/api.w.org\/{rel}","templated":true}]}}