{"id":7203,"date":"2025-05-23T17:24:57","date_gmt":"2025-05-23T15:24:57","guid":{"rendered":"https:\/\/ecole-ste-anne-asserac.fr\/?p=7203"},"modified":"2025-05-23T17:26:45","modified_gmt":"2025-05-23T15:26:45","slug":"rencontre-avec-un-champion-des-jo-2024","status":"publish","type":"post","link":"https:\/\/ecole-ste-anne-asserac.fr\/?p=7203","title":{"rendered":"Rencontre avec un champion des JO 2024"},"content":{"rendered":"<p>&nbsp; &nbsp; &nbsp;&nbsp;<a href=\"http:\/\/ecole-ste-anne-asserac.fr\/wp-content\/uploads\/2025\/05\/mateo-Boheas.jpg\"><img loading=\"lazy\" decoding=\"async\" class=\"size-medium wp-image-7212 aligncenter\" src=\"http:\/\/ecole-ste-anne-asserac.fr\/wp-content\/uploads\/2025\/05\/mateo-Boheas-300x225.jpg\" alt=\"\" width=\"300\" height=\"225\" srcset=\"https:\/\/ecole-ste-anne-asserac.fr\/wp-content\/uploads\/2025\/05\/mateo-Boheas-300x225.jpg 300w, https:\/\/ecole-ste-anne-asserac.fr\/wp-content\/uploads\/2025\/05\/mateo-Boheas-1024x768.jpg 1024w, https:\/\/ecole-ste-anne-asserac.fr\/wp-content\/uploads\/2025\/05\/mateo-Boheas-768x576.jpg 768w, https:\/\/ecole-ste-anne-asserac.fr\/wp-content\/uploads\/2025\/05\/mateo-Boheas-600x450.jpg 600w, https:\/\/ecole-ste-anne-asserac.fr\/wp-content\/uploads\/2025\/05\/mateo-Boheas-1536x1152.jpg 1536w, https:\/\/ecole-ste-anne-asserac.fr\/wp-content\/uploads\/2025\/05\/mateo-Boheas.jpg 2048w\" sizes=\"auto, (max-width: 300px) 100vw, 300px\" \/><\/a><\/p>\n<p>Lundi 3 mars, nous avons accueilli \u00e0 l&rsquo;\u00e9cole Mat\u00e9o Boh\u00e9as, pongiste m\u00e9daill\u00e9 de bronze aux Jeux Paralympiques de Paris 2024 ! Il nous a racont\u00e9 son parcours<\/p>\n<p>de sportif de haut niveau puis les enfants lui ont pos\u00e9 des questions sur les Jeux de 2024. Il leur a montr\u00e9 sa m\u00e9daille de bronze ainsi que celle d&rsquo;argent, gagn\u00e9e aux pr\u00e9c\u00e9dents Jeux de Tokyo :<\/p>\n<p><a href=\"http:\/\/ecole-ste-anne-asserac.fr\/wp-content\/uploads\/2025\/05\/IMG_20250303_140541-scaled.jpg\"><img loading=\"lazy\" decoding=\"async\" class=\"alignnone size-medium wp-image-7208\" src=\"http:\/\/ecole-ste-anne-asserac.fr\/wp-content\/uploads\/2025\/05\/IMG_20250303_140541-225x300.jpg\" alt=\"\" width=\"225\" height=\"300\" srcset=\"https:\/\/ecole-ste-anne-asserac.fr\/wp-content\/uploads\/2025\/05\/IMG_20250303_140541-225x300.jpg 225w, https:\/\/ecole-ste-anne-asserac.fr\/wp-content\/uploads\/2025\/05\/IMG_20250303_140541-768x1024.jpg 768w, https:\/\/ecole-ste-anne-asserac.fr\/wp-content\/uploads\/2025\/05\/IMG_20250303_140541-600x800.jpg 600w, https:\/\/ecole-ste-anne-asserac.fr\/wp-content\/uploads\/2025\/05\/IMG_20250303_140541-1152x1536.jpg 1152w, https:\/\/ecole-ste-anne-asserac.fr\/wp-content\/uploads\/2025\/05\/IMG_20250303_140541-1536x2048.jpg 1536w, https:\/\/ecole-ste-anne-asserac.fr\/wp-content\/uploads\/2025\/05\/IMG_20250303_140541-scaled.jpg 1920w\" sizes=\"auto, (max-width: 225px) 100vw, 225px\" \/><\/a> <img loading=\"lazy\" decoding=\"async\" class=\"alignnone size-medium wp-image-7206\" src=\"http:\/\/ecole-ste-anne-asserac.fr\/wp-content\/uploads\/2025\/05\/487511986_1143768447545898_6614862831207613505_n-225x300.jpg\" alt=\"\" width=\"225\" height=\"300\" srcset=\"https:\/\/ecole-ste-anne-asserac.fr\/wp-content\/uploads\/2025\/05\/487511986_1143768447545898_6614862831207613505_n-225x300.jpg 225w, https:\/\/ecole-ste-anne-asserac.fr\/wp-content\/uploads\/2025\/05\/487511986_1143768447545898_6614862831207613505_n-768x1024.jpg 768w, https:\/\/ecole-ste-anne-asserac.fr\/wp-content\/uploads\/2025\/05\/487511986_1143768447545898_6614862831207613505_n-600x800.jpg 600w, https:\/\/ecole-ste-anne-asserac.fr\/wp-content\/uploads\/2025\/05\/487511986_1143768447545898_6614862831207613505_n-1152x1536.jpg 1152w, https:\/\/ecole-ste-anne-asserac.fr\/wp-content\/uploads\/2025\/05\/487511986_1143768447545898_6614862831207613505_n.jpg 1200w\" sizes=\"auto, (max-width: 225px) 100vw, 225px\" \/>&nbsp;<a href=\"http:\/\/ecole-ste-anne-asserac.fr\/wp-content\/uploads\/2025\/05\/1741023276587-1-scaled.jpg\"><img loading=\"lazy\" decoding=\"async\" class=\"alignnone size-medium wp-image-7216\" src=\"http:\/\/ecole-ste-anne-asserac.fr\/wp-content\/uploads\/2025\/05\/1741023276587-1-300x225.jpg\" alt=\"\" width=\"300\" height=\"225\" srcset=\"https:\/\/ecole-ste-anne-asserac.fr\/wp-content\/uploads\/2025\/05\/1741023276587-1-300x225.jpg 300w, https:\/\/ecole-ste-anne-asserac.fr\/wp-content\/uploads\/2025\/05\/1741023276587-1-1024x768.jpg 1024w, https:\/\/ecole-ste-anne-asserac.fr\/wp-content\/uploads\/2025\/05\/1741023276587-1-768x576.jpg 768w, https:\/\/ecole-ste-anne-asserac.fr\/wp-content\/uploads\/2025\/05\/1741023276587-1-600x450.jpg 600w, https:\/\/ecole-ste-anne-asserac.fr\/wp-content\/uploads\/2025\/05\/1741023276587-1-1536x1152.jpg 1536w, https:\/\/ecole-ste-anne-asserac.fr\/wp-content\/uploads\/2025\/05\/1741023276587-1-2048x1536.jpg 2048w\" sizes=\"auto, (max-width: 300px) 100vw, 300px\" \/><\/a> <a href=\"http:\/\/ecole-ste-anne-asserac.fr\/wp-content\/uploads\/2025\/05\/1741023276559-scaled.jpg\"><img loading=\"lazy\" decoding=\"async\" class=\"alignnone size-medium wp-image-7215\" src=\"http:\/\/ecole-ste-anne-asserac.fr\/wp-content\/uploads\/2025\/05\/1741023276559-225x300.jpg\" alt=\"\" width=\"225\" height=\"300\" srcset=\"https:\/\/ecole-ste-anne-asserac.fr\/wp-content\/uploads\/2025\/05\/1741023276559-225x300.jpg 225w, https:\/\/ecole-ste-anne-asserac.fr\/wp-content\/uploads\/2025\/05\/1741023276559-768x1024.jpg 768w, https:\/\/ecole-ste-anne-asserac.fr\/wp-content\/uploads\/2025\/05\/1741023276559-600x800.jpg 600w, https:\/\/ecole-ste-anne-asserac.fr\/wp-content\/uploads\/2025\/05\/1741023276559-1152x1536.jpg 1152w, https:\/\/ecole-ste-anne-asserac.fr\/wp-content\/uploads\/2025\/05\/1741023276559-1536x2048.jpg 1536w, https:\/\/ecole-ste-anne-asserac.fr\/wp-content\/uploads\/2025\/05\/1741023276559-scaled.jpg 1920w\" sizes=\"auto, (max-width: 225px) 100vw, 225px\" \/><\/a><\/p>\n<p>Tous \u00e9taient impressionn\u00e9s de voir et de prendre dans leurs mains de vraies m\u00e9dailles !!<\/p>\n<p><a href=\"http:\/\/ecole-ste-anne-asserac.fr\/wp-content\/uploads\/2025\/05\/IMG_20250303_150111-scaled.jpg\"><img loading=\"lazy\" decoding=\"async\" class=\"alignnone size-medium wp-image-7211\" src=\"http:\/\/ecole-ste-anne-asserac.fr\/wp-content\/uploads\/2025\/05\/IMG_20250303_150111-300x225.jpg\" alt=\"\" width=\"300\" height=\"225\" srcset=\"https:\/\/ecole-ste-anne-asserac.fr\/wp-content\/uploads\/2025\/05\/IMG_20250303_150111-300x225.jpg 300w, https:\/\/ecole-ste-anne-asserac.fr\/wp-content\/uploads\/2025\/05\/IMG_20250303_150111-1024x768.jpg 1024w, https:\/\/ecole-ste-anne-asserac.fr\/wp-content\/uploads\/2025\/05\/IMG_20250303_150111-768x576.jpg 768w, https:\/\/ecole-ste-anne-asserac.fr\/wp-content\/uploads\/2025\/05\/IMG_20250303_150111-600x450.jpg 600w, https:\/\/ecole-ste-anne-asserac.fr\/wp-content\/uploads\/2025\/05\/IMG_20250303_150111-1536x1152.jpg 1536w, https:\/\/ecole-ste-anne-asserac.fr\/wp-content\/uploads\/2025\/05\/IMG_20250303_150111-2048x1536.jpg 2048w\" sizes=\"auto, (max-width: 300px) 100vw, 300px\" \/><\/a> <img loading=\"lazy\" decoding=\"async\" class=\"alignnone size-medium wp-image-7210\" src=\"http:\/\/ecole-ste-anne-asserac.fr\/wp-content\/uploads\/2025\/05\/IMG_20250303_145841-300x225.jpg\" alt=\"\" width=\"300\" height=\"225\" srcset=\"https:\/\/ecole-ste-anne-asserac.fr\/wp-content\/uploads\/2025\/05\/IMG_20250303_145841-300x225.jpg 300w, https:\/\/ecole-ste-anne-asserac.fr\/wp-content\/uploads\/2025\/05\/IMG_20250303_145841-1024x768.jpg 1024w, https:\/\/ecole-ste-anne-asserac.fr\/wp-content\/uploads\/2025\/05\/IMG_20250303_145841-768x576.jpg 768w, https:\/\/ecole-ste-anne-asserac.fr\/wp-content\/uploads\/2025\/05\/IMG_20250303_145841-600x450.jpg 600w, https:\/\/ecole-ste-anne-asserac.fr\/wp-content\/uploads\/2025\/05\/IMG_20250303_145841-1536x1152.jpg 1536w, https:\/\/ecole-ste-anne-asserac.fr\/wp-content\/uploads\/2025\/05\/IMG_20250303_145841-2048x1536.jpg 2048w\" sizes=\"auto, (max-width: 300px) 100vw, 300px\" \/>&nbsp;<img loading=\"lazy\" decoding=\"async\" class=\"alignnone size-medium wp-image-7209\" src=\"http:\/\/ecole-ste-anne-asserac.fr\/wp-content\/uploads\/2025\/05\/IMG_20250303_144649-300x225.jpg\" alt=\"\" width=\"300\" height=\"225\" srcset=\"https:\/\/ecole-ste-anne-asserac.fr\/wp-content\/uploads\/2025\/05\/IMG_20250303_144649-300x225.jpg 300w, https:\/\/ecole-ste-anne-asserac.fr\/wp-content\/uploads\/2025\/05\/IMG_20250303_144649-1024x768.jpg 1024w, https:\/\/ecole-ste-anne-asserac.fr\/wp-content\/uploads\/2025\/05\/IMG_20250303_144649-768x576.jpg 768w, https:\/\/ecole-ste-anne-asserac.fr\/wp-content\/uploads\/2025\/05\/IMG_20250303_144649-600x450.jpg 600w, https:\/\/ecole-ste-anne-asserac.fr\/wp-content\/uploads\/2025\/05\/IMG_20250303_144649-1536x1152.jpg 1536w, https:\/\/ecole-ste-anne-asserac.fr\/wp-content\/uploads\/2025\/05\/IMG_20250303_144649-2048x1536.jpg 2048w\" sizes=\"auto, (max-width: 300px) 100vw, 300px\" \/><\/p>\n<p>Il a ensuite fait quelques \u00e9changes avec les enfants, et des adultes du club d&rsquo;Herbignac que nous avions invit\u00e9s. La rencontre est devenue internationale quand il a jou\u00e9 contre Maria Rosaria, la ma\u00eetresse de nos correspondant italiens qui \u00e9taient justement avec nous cette semaine-l\u00e0 !<\/p>\n<p>L&rsquo;apr\u00e8s-midi s&rsquo;est termin\u00e9 par une s\u00e9ance de photos et d&rsquo;autographes :<\/p>\n<p><img loading=\"lazy\" decoding=\"async\" class=\"alignnone size-medium wp-image-7213\" src=\"http:\/\/ecole-ste-anne-asserac.fr\/wp-content\/uploads\/2025\/05\/autographes-1-225x300.jpg\" alt=\"\" width=\"225\" height=\"300\"> &nbsp;<img loading=\"lazy\" decoding=\"async\" class=\"alignnone size-medium wp-image-7217\" src=\"http:\/\/ecole-ste-anne-asserac.fr\/wp-content\/uploads\/2025\/05\/au-revoir-Matheo-2-300x205.jpg\" alt=\"\" width=\"300\" height=\"205\" srcset=\"https:\/\/ecole-ste-anne-asserac.fr\/wp-content\/uploads\/2025\/05\/au-revoir-Matheo-2-300x205.jpg 300w, https:\/\/ecole-ste-anne-asserac.fr\/wp-content\/uploads\/2025\/05\/au-revoir-Matheo-2-1024x700.jpg 1024w, https:\/\/ecole-ste-anne-asserac.fr\/wp-content\/uploads\/2025\/05\/au-revoir-Matheo-2-768x525.jpg 768w, https:\/\/ecole-ste-anne-asserac.fr\/wp-content\/uploads\/2025\/05\/au-revoir-Matheo-2-600x410.jpg 600w, https:\/\/ecole-ste-anne-asserac.fr\/wp-content\/uploads\/2025\/05\/au-revoir-Matheo-2-1536x1050.jpg 1536w, https:\/\/ecole-ste-anne-asserac.fr\/wp-content\/uploads\/2025\/05\/au-revoir-Matheo-2-2048x1400.jpg 2048w\" sizes=\"auto, (max-width: 300px) 100vw, 300px\" \/> <a href=\"http:\/\/ecole-ste-anne-asserac.fr\/wp-content\/uploads\/2025\/05\/aU-REVOIR-MATH2O-1-scaled.jpg\"><img loading=\"lazy\" decoding=\"async\" class=\"alignnone size-medium wp-image-7218\" src=\"http:\/\/ecole-ste-anne-asserac.fr\/wp-content\/uploads\/2025\/05\/aU-REVOIR-MATH2O-1-300x297.jpg\" alt=\"\" width=\"300\" height=\"297\" srcset=\"https:\/\/ecole-ste-anne-asserac.fr\/wp-content\/uploads\/2025\/05\/aU-REVOIR-MATH2O-1-300x297.jpg 300w, https:\/\/ecole-ste-anne-asserac.fr\/wp-content\/uploads\/2025\/05\/aU-REVOIR-MATH2O-1-1024x1015.jpg 1024w, https:\/\/ecole-ste-anne-asserac.fr\/wp-content\/uploads\/2025\/05\/aU-REVOIR-MATH2O-1-150x150.jpg 150w, https:\/\/ecole-ste-anne-asserac.fr\/wp-content\/uploads\/2025\/05\/aU-REVOIR-MATH2O-1-768x761.jpg 768w, https:\/\/ecole-ste-anne-asserac.fr\/wp-content\/uploads\/2025\/05\/aU-REVOIR-MATH2O-1-600x595.jpg 600w, https:\/\/ecole-ste-anne-asserac.fr\/wp-content\/uploads\/2025\/05\/aU-REVOIR-MATH2O-1-1536x1523.jpg 1536w, https:\/\/ecole-ste-anne-asserac.fr\/wp-content\/uploads\/2025\/05\/aU-REVOIR-MATH2O-1-2048x2030.jpg 2048w\" sizes=\"auto, (max-width: 300px) 100vw, 300px\" \/><\/a><\/p>\n<p style=\"text-align: center;\">Au revoir et Merci Mat\u00e9o, bonne chance pour les prochains tournois !&nbsp;<\/p>\n<p style=\"text-align: center;\">&nbsp;<\/p>\n<p style=\"text-align: center;\">&nbsp;<\/p>\n<p>&nbsp;<\/p>\n","protected":false},"excerpt":{"rendered":"<p>&nbsp; &nbsp; &nbsp;&nbsp; Lundi 3 mars, nous avons accueilli \u00e0 l&rsquo;\u00e9cole Mat\u00e9o Boh\u00e9as, pongiste m\u00e9daill\u00e9 de bronze aux Jeux Paralympiques de Paris 2024 ! Il nous a racont\u00e9 son parcours de sportif de haut niveau puis les enfants lui ont pos\u00e9 des questions sur les Jeux de 2024. Il leur a montr\u00e9 sa m\u00e9daille de<\/p>\n<p><a href=\"https:\/\/ecole-ste-anne-asserac.fr\/?p=7203\" class=\"more-link themebutton\">Lire la suite<\/a><\/p>\n","protected":false},"author":3,"featured_media":7207,"comment_status":"closed","ping_status":"closed","sticky":false,"template":"","format":"standard","meta":{"ngg_post_thumbnail":0,"footnotes":""},"categories":[7,8,6],"tags":[],"class_list":["post-7203","post","type-post","status-publish","format-standard","has-post-thumbnail","hentry","category-classe-de-ce2-cm1","category-classe-de-cm1-cm2","category-classe-de-cp-ce1"],"_links":{"self":[{"href":"https:\/\/ecole-ste-anne-asserac.fr\/index.php?rest_route=\/wp\/v2\/posts\/7203","targetHints":{"allow":["GET"]}}],"collection":[{"href":"https:\/\/ecole-ste-anne-asserac.fr\/index.php?rest_route=\/wp\/v2\/posts"}],"about":[{"href":"https:\/\/ecole-ste-anne-asserac.fr\/index.php?rest_route=\/wp\/v2\/types\/post"}],"author":[{"embeddable":true,"href":"https:\/\/ecole-ste-anne-asserac.fr\/index.php?rest_route=\/wp\/v2\/users\/3"}],"replies":[{"embeddable":true,"href":"https:\/\/ecole-ste-anne-asserac.fr\/index.php?rest_route=%2Fwp%2Fv2%2Fcomments&post=7203"}],"version-history":[{"count":4,"href":"https:\/\/ecole-ste-anne-asserac.fr\/index.php?rest_route=\/wp\/v2\/posts\/7203\/revisions"}],"predecessor-version":[{"id":7220,"href":"https:\/\/ecole-ste-anne-asserac.fr\/index.php?rest_route=\/wp\/v2\/posts\/7203\/revisions\/7220"}],"wp:featuredmedia":[{"embeddable":true,"href":"https:\/\/ecole-ste-anne-asserac.fr\/index.php?rest_route=\/wp\/v2\/media\/7207"}],"wp:attachment":[{"href":"https:\/\/ecole-ste-anne-asserac.fr\/index.php?rest_route=%2Fwp%2Fv2%2Fmedia&parent=7203"}],"wp:term":[{"taxonomy":"category","embeddable":true,"href":"https:\/\/ecole-ste-anne-asserac.fr\/index.php?rest_route=%2Fwp%2Fv2%2Fcategories&post=7203"},{"taxonomy":"post_tag","embeddable":true,"href":"https:\/\/ecole-ste-anne-asserac.fr\/index.php?rest_route=%2Fwp%2Fv2%2Ftags&post=7203"}],"curies":[{"name":"wp","href":"https:\/\/api.w.org\/{rel}","templated":true}]}}