{"id":7227,"date":"2025-07-02T16:00:45","date_gmt":"2025-07-02T14:00:45","guid":{"rendered":"https:\/\/ecole-ste-anne-asserac.fr\/?p=7227"},"modified":"2025-07-02T16:30:33","modified_gmt":"2025-07-02T14:30:33","slug":"derniere-visio-avec-nos-correspondants","status":"publish","type":"post","link":"https:\/\/ecole-ste-anne-asserac.fr\/?p=7227","title":{"rendered":"Derni\u00e8re visio avec nos correspondants"},"content":{"rendered":"<p>Vendredi 6 Juin, nous avons vu nos amis italiens en visio pour la derni\u00e8re fois !&nbsp;<\/p>\n<p>En effet, leurs longues vacances d&rsquo;\u00e9t\u00e9 commencent&#8230; et comme ce sont des CM2, nous ne les reverrons plus &#8230;.<\/p>\n<p><a href=\"http:\/\/ecole-ste-anne-asserac.fr\/wp-content\/uploads\/2025\/07\/IMG_20250606_113101.jpg\"><img loading=\"lazy\" decoding=\"async\" class=\"size-medium wp-image-7231 aligncenter\" src=\"http:\/\/ecole-ste-anne-asserac.fr\/wp-content\/uploads\/2025\/07\/IMG_20250606_113101-300x300.jpg\" alt=\"\" width=\"300\" height=\"300\" srcset=\"https:\/\/ecole-ste-anne-asserac.fr\/wp-content\/uploads\/2025\/07\/IMG_20250606_113101-300x300.jpg 300w, https:\/\/ecole-ste-anne-asserac.fr\/wp-content\/uploads\/2025\/07\/IMG_20250606_113101-1024x1024.jpg 1024w, https:\/\/ecole-ste-anne-asserac.fr\/wp-content\/uploads\/2025\/07\/IMG_20250606_113101-150x150.jpg 150w, https:\/\/ecole-ste-anne-asserac.fr\/wp-content\/uploads\/2025\/07\/IMG_20250606_113101-768x768.jpg 768w, https:\/\/ecole-ste-anne-asserac.fr\/wp-content\/uploads\/2025\/07\/IMG_20250606_113101-600x600.jpg 600w, https:\/\/ecole-ste-anne-asserac.fr\/wp-content\/uploads\/2025\/07\/IMG_20250606_113101-1536x1536.jpg 1536w, https:\/\/ecole-ste-anne-asserac.fr\/wp-content\/uploads\/2025\/07\/IMG_20250606_113101-2048x2048.jpg 2048w\" sizes=\"auto, (max-width: 300px) 100vw, 300px\" \/><\/a><\/p>\n<p>Nous avons tout d&rsquo;abord chant\u00e9 ensemble , puis nous leur avons lu le dernier chapitre de notre histoire que nous avons invent\u00e9e avec eux d . En cliquant sur la couverture de notre livre \u00a0\u00bb Les aventures de Zack et Ambre\u00a0\u00bb , vous pourrez lire notre livre :<\/p>\n<p><a href=\"https:\/\/read.bookcreator.com\/Nu3uk9RJufXOOWMQWR21ZUeAfN33\/ReglNZ9wRsmVy6EZAQEK2w\"><img loading=\"lazy\" decoding=\"async\" class=\"alignnone size-medium wp-image-7229\" src=\"http:\/\/ecole-ste-anne-asserac.fr\/wp-content\/uploads\/2025\/07\/img_7410-173x300.jpeg\" alt=\"\" width=\"173\" height=\"300\" srcset=\"https:\/\/ecole-ste-anne-asserac.fr\/wp-content\/uploads\/2025\/07\/img_7410-173x300.jpeg 173w, https:\/\/ecole-ste-anne-asserac.fr\/wp-content\/uploads\/2025\/07\/img_7410-591x1024.jpeg 591w, https:\/\/ecole-ste-anne-asserac.fr\/wp-content\/uploads\/2025\/07\/img_7410-600x1039.jpeg 600w, https:\/\/ecole-ste-anne-asserac.fr\/wp-content\/uploads\/2025\/07\/img_7410.jpeg 619w\" sizes=\"auto, (max-width: 173px) 100vw, 173px\" \/><\/a> &nbsp;<\/p>\n<p>Nous avons ensuite lu une carte postale que nous avions fabriqu\u00e9e avec ous les bons souvenirs pass\u00e9s avec eux cette ann\u00e9e :<\/p>\n<p><a href=\"http:\/\/ecole-ste-anne-asserac.fr\/wp-content\/uploads\/2025\/07\/IMG_20250606_113101.jpg\"><img loading=\"lazy\" decoding=\"async\" class=\"alignnone size-medium wp-image-7231\" src=\"http:\/\/ecole-ste-anne-asserac.fr\/wp-content\/uploads\/2025\/07\/IMG_20250606_113101-300x300.jpg\" alt=\"\" width=\"300\" height=\"300\" srcset=\"https:\/\/ecole-ste-anne-asserac.fr\/wp-content\/uploads\/2025\/07\/IMG_20250606_113101-300x300.jpg 300w, https:\/\/ecole-ste-anne-asserac.fr\/wp-content\/uploads\/2025\/07\/IMG_20250606_113101-1024x1024.jpg 1024w, https:\/\/ecole-ste-anne-asserac.fr\/wp-content\/uploads\/2025\/07\/IMG_20250606_113101-150x150.jpg 150w, https:\/\/ecole-ste-anne-asserac.fr\/wp-content\/uploads\/2025\/07\/IMG_20250606_113101-768x768.jpg 768w, https:\/\/ecole-ste-anne-asserac.fr\/wp-content\/uploads\/2025\/07\/IMG_20250606_113101-600x600.jpg 600w, https:\/\/ecole-ste-anne-asserac.fr\/wp-content\/uploads\/2025\/07\/IMG_20250606_113101-1536x1536.jpg 1536w, https:\/\/ecole-ste-anne-asserac.fr\/wp-content\/uploads\/2025\/07\/IMG_20250606_113101-2048x2048.jpg 2048w\" sizes=\"auto, (max-width: 300px) 100vw, 300px\" \/><\/a> <a href=\"http:\/\/ecole-ste-anne-asserac.fr\/wp-content\/uploads\/2025\/07\/IMG_20250606_111013.jpg\"><img loading=\"lazy\" decoding=\"async\" class=\"alignnone size-medium wp-image-7232\" src=\"http:\/\/ecole-ste-anne-asserac.fr\/wp-content\/uploads\/2025\/07\/IMG_20250606_111013-300x300.jpg\" alt=\"\" width=\"300\" height=\"300\" srcset=\"https:\/\/ecole-ste-anne-asserac.fr\/wp-content\/uploads\/2025\/07\/IMG_20250606_111013-300x300.jpg 300w, https:\/\/ecole-ste-anne-asserac.fr\/wp-content\/uploads\/2025\/07\/IMG_20250606_111013-1024x1024.jpg 1024w, https:\/\/ecole-ste-anne-asserac.fr\/wp-content\/uploads\/2025\/07\/IMG_20250606_111013-150x150.jpg 150w, https:\/\/ecole-ste-anne-asserac.fr\/wp-content\/uploads\/2025\/07\/IMG_20250606_111013-768x768.jpg 768w, https:\/\/ecole-ste-anne-asserac.fr\/wp-content\/uploads\/2025\/07\/IMG_20250606_111013-600x600.jpg 600w, https:\/\/ecole-ste-anne-asserac.fr\/wp-content\/uploads\/2025\/07\/IMG_20250606_111013-1536x1536.jpg 1536w, https:\/\/ecole-ste-anne-asserac.fr\/wp-content\/uploads\/2025\/07\/IMG_20250606_111013-2048x2048.jpg 2048w\" sizes=\"auto, (max-width: 300px) 100vw, 300px\" \/><\/a> <a href=\"http:\/\/ecole-ste-anne-asserac.fr\/wp-content\/uploads\/2025\/07\/IMG_20250606_110946.jpg\"><img loading=\"lazy\" decoding=\"async\" class=\"alignnone size-medium wp-image-7233\" src=\"http:\/\/ecole-ste-anne-asserac.fr\/wp-content\/uploads\/2025\/07\/IMG_20250606_110946-300x300.jpg\" alt=\"\" width=\"300\" height=\"300\" srcset=\"https:\/\/ecole-ste-anne-asserac.fr\/wp-content\/uploads\/2025\/07\/IMG_20250606_110946-300x300.jpg 300w, https:\/\/ecole-ste-anne-asserac.fr\/wp-content\/uploads\/2025\/07\/IMG_20250606_110946-1024x1024.jpg 1024w, https:\/\/ecole-ste-anne-asserac.fr\/wp-content\/uploads\/2025\/07\/IMG_20250606_110946-150x150.jpg 150w, https:\/\/ecole-ste-anne-asserac.fr\/wp-content\/uploads\/2025\/07\/IMG_20250606_110946-768x768.jpg 768w, https:\/\/ecole-ste-anne-asserac.fr\/wp-content\/uploads\/2025\/07\/IMG_20250606_110946-600x600.jpg 600w, https:\/\/ecole-ste-anne-asserac.fr\/wp-content\/uploads\/2025\/07\/IMG_20250606_110946-1536x1536.jpg 1536w, https:\/\/ecole-ste-anne-asserac.fr\/wp-content\/uploads\/2025\/07\/IMG_20250606_110946-2048x2048.jpg 2048w\" sizes=\"auto, (max-width: 300px) 100vw, 300px\" \/><\/a><\/p>\n","protected":false},"excerpt":{"rendered":"<p>Vendredi 6 Juin, nous avons vu nos amis italiens en visio pour la derni\u00e8re fois !&nbsp; En effet, leurs longues vacances d&rsquo;\u00e9t\u00e9 commencent&#8230; et comme ce sont des CM2, nous ne les reverrons plus &#8230;. Nous avons tout d&rsquo;abord chant\u00e9 ensemble , puis nous leur avons lu le dernier chapitre de notre histoire que nous<\/p>\n<p><a href=\"https:\/\/ecole-ste-anne-asserac.fr\/?p=7227\" class=\"more-link themebutton\">Lire la suite<\/a><\/p>\n","protected":false},"author":3,"featured_media":7231,"comment_status":"closed","ping_status":"closed","sticky":false,"template":"","format":"standard","meta":{"ngg_post_thumbnail":0,"footnotes":""},"categories":[8],"tags":[],"class_list":["post-7227","post","type-post","status-publish","format-standard","has-post-thumbnail","hentry","category-classe-de-cm1-cm2"],"_links":{"self":[{"href":"https:\/\/ecole-ste-anne-asserac.fr\/index.php?rest_route=\/wp\/v2\/posts\/7227","targetHints":{"allow":["GET"]}}],"collection":[{"href":"https:\/\/ecole-ste-anne-asserac.fr\/index.php?rest_route=\/wp\/v2\/posts"}],"about":[{"href":"https:\/\/ecole-ste-anne-asserac.fr\/index.php?rest_route=\/wp\/v2\/types\/post"}],"author":[{"embeddable":true,"href":"https:\/\/ecole-ste-anne-asserac.fr\/index.php?rest_route=\/wp\/v2\/users\/3"}],"replies":[{"embeddable":true,"href":"https:\/\/ecole-ste-anne-asserac.fr\/index.php?rest_route=%2Fwp%2Fv2%2Fcomments&post=7227"}],"version-history":[{"count":5,"href":"https:\/\/ecole-ste-anne-asserac.fr\/index.php?rest_route=\/wp\/v2\/posts\/7227\/revisions"}],"predecessor-version":[{"id":7236,"href":"https:\/\/ecole-ste-anne-asserac.fr\/index.php?rest_route=\/wp\/v2\/posts\/7227\/revisions\/7236"}],"wp:featuredmedia":[{"embeddable":true,"href":"https:\/\/ecole-ste-anne-asserac.fr\/index.php?rest_route=\/wp\/v2\/media\/7231"}],"wp:attachment":[{"href":"https:\/\/ecole-ste-anne-asserac.fr\/index.php?rest_route=%2Fwp%2Fv2%2Fmedia&parent=7227"}],"wp:term":[{"taxonomy":"category","embeddable":true,"href":"https:\/\/ecole-ste-anne-asserac.fr\/index.php?rest_route=%2Fwp%2Fv2%2Fcategories&post=7227"},{"taxonomy":"post_tag","embeddable":true,"href":"https:\/\/ecole-ste-anne-asserac.fr\/index.php?rest_route=%2Fwp%2Fv2%2Ftags&post=7227"}],"curies":[{"name":"wp","href":"https:\/\/api.w.org\/{rel}","templated":true}]}}