{"id":723,"date":"2016-06-10T13:02:31","date_gmt":"2016-06-10T12:02:31","guid":{"rendered":"http:\/\/ecole-ste-anne-asserac.fr\/?p=723"},"modified":"2016-06-11T16:50:57","modified_gmt":"2016-06-11T15:50:57","slug":"tournoi-sportif","status":"publish","type":"post","link":"https:\/\/ecole-ste-anne-asserac.fr\/?p=723","title":{"rendered":"Tournoi sportif"},"content":{"rendered":"<p><a href=\"http:\/\/ecole-ste-anne-asserac.fr\/wp-content\/uploads\/2016\/06\/ensemble-2.jpg\"><img loading=\"lazy\" decoding=\"async\" class=\"aligncenter size-medium wp-image-724\" src=\"http:\/\/ecole-ste-anne-asserac.fr\/wp-content\/uploads\/2016\/06\/ensemble-2-300x89.jpg\" alt=\"ensemble 2\" width=\"300\" height=\"89\" srcset=\"https:\/\/ecole-ste-anne-asserac.fr\/wp-content\/uploads\/2016\/06\/ensemble-2-300x89.jpg 300w, https:\/\/ecole-ste-anne-asserac.fr\/wp-content\/uploads\/2016\/06\/ensemble-2-768x227.jpg 768w, https:\/\/ecole-ste-anne-asserac.fr\/wp-content\/uploads\/2016\/06\/ensemble-2-1024x303.jpg 1024w, https:\/\/ecole-ste-anne-asserac.fr\/wp-content\/uploads\/2016\/06\/ensemble-2-600x177.jpg 600w, https:\/\/ecole-ste-anne-asserac.fr\/wp-content\/uploads\/2016\/06\/ensemble-2.jpg 2048w\" sizes=\"auto, (max-width: 300px) 100vw, 300px\" \/><\/a>En direct de Trignac :<\/p>\n<p>\u00ab\u00a0C\u2019est un beau soleil estival qui a accueilli, d\u00e8s 10h ce matin, les \u00e9l\u00e8ves de cycle 3 des \u00e9coles Ste Anne d\u2019Asserac, Ste Marie de La Chapelle des Marais, Ste Anne de St Lyphard et Ste Marie d\u2019Herbignac \u00e0 leur arriv\u00e9e au stade Lesvi\u00e8res de Trignac. En effet, pour la 2\u00e8me ann\u00e9e cons\u00e9cutive, sous l\u2019\u00e9gide de l\u2019UGSEL, un plateau de rencontres de rugby a \u00e9t\u00e9 propos\u00e9 \u00e0 plus de 320 \u00e9l\u00e8ves de CE2, CM1 et CM2 ce Jeudi 09 Juin 2016 de 10h \u00e0 14h30.<\/p>\n<p>Les enfants ont ainsi pu exprimer leurs diff\u00e9rentes qualit\u00e9s au cours de rencontres engag\u00e9es et disput\u00e9es dans un tr\u00e8s bon esprit sportif.<\/p>\n<p>Cette journ\u00e9e a pu \u00eatre organis\u00e9e gr\u00e2ce aux b\u00e9n\u00e9voles du RC Trignac (M16, M18, Senior, Loisir, F\u00e9minine et Dirigeant) pr\u00e9sents pour l\u2019arbitrage ou pour l\u2019accueil des enfants ! Le RC Trignac f\u00e9licite et remercie tous les participants \u00e0 cette tr\u00e8s belle journ\u00e9e de promotion du rugby. \u00a0\u00bb <em>( R\u00e9daction : Alexandre LEOST- Trignac )<\/em><\/p>\n<p>Quelques photos des diff\u00e9rents matchs montrant l&rsquo;envie et l&rsquo;engagement des enfants au cours de cette journ\u00e9e :<\/p>\n<p><a href=\"http:\/\/ecole-ste-anne-asserac.fr\/wp-content\/uploads\/2016\/06\/SDC12192.jpg\"><img loading=\"lazy\" decoding=\"async\" class=\"aligncenter size-medium wp-image-726\" src=\"http:\/\/ecole-ste-anne-asserac.fr\/wp-content\/uploads\/2016\/06\/SDC12192-300x225.jpg\" alt=\"SDC12192\" width=\"300\" height=\"225\" srcset=\"https:\/\/ecole-ste-anne-asserac.fr\/wp-content\/uploads\/2016\/06\/SDC12192-300x225.jpg 300w, https:\/\/ecole-ste-anne-asserac.fr\/wp-content\/uploads\/2016\/06\/SDC12192-768x576.jpg 768w, https:\/\/ecole-ste-anne-asserac.fr\/wp-content\/uploads\/2016\/06\/SDC12192-1024x768.jpg 1024w, https:\/\/ecole-ste-anne-asserac.fr\/wp-content\/uploads\/2016\/06\/SDC12192-600x450.jpg 600w, https:\/\/ecole-ste-anne-asserac.fr\/wp-content\/uploads\/2016\/06\/SDC12192.jpg 2048w\" sizes=\"auto, (max-width: 300px) 100vw, 300px\" \/><\/a><a href=\"http:\/\/ecole-ste-anne-asserac.fr\/wp-content\/uploads\/2016\/06\/SDC12209.jpg\"><img loading=\"lazy\" decoding=\"async\" class=\"aligncenter size-medium wp-image-727\" src=\"http:\/\/ecole-ste-anne-asserac.fr\/wp-content\/uploads\/2016\/06\/SDC12209-300x225.jpg\" alt=\"SDC12209\" width=\"300\" height=\"225\" srcset=\"https:\/\/ecole-ste-anne-asserac.fr\/wp-content\/uploads\/2016\/06\/SDC12209-300x225.jpg 300w, https:\/\/ecole-ste-anne-asserac.fr\/wp-content\/uploads\/2016\/06\/SDC12209-768x576.jpg 768w, https:\/\/ecole-ste-anne-asserac.fr\/wp-content\/uploads\/2016\/06\/SDC12209-1024x768.jpg 1024w, https:\/\/ecole-ste-anne-asserac.fr\/wp-content\/uploads\/2016\/06\/SDC12209-600x450.jpg 600w, https:\/\/ecole-ste-anne-asserac.fr\/wp-content\/uploads\/2016\/06\/SDC12209.jpg 2048w\" sizes=\"auto, (max-width: 300px) 100vw, 300px\" \/><\/a><a href=\"http:\/\/ecole-ste-anne-asserac.fr\/wp-content\/uploads\/2016\/06\/SDC12205.jpg\"><img loading=\"lazy\" decoding=\"async\" class=\"aligncenter size-medium wp-image-728\" src=\"http:\/\/ecole-ste-anne-asserac.fr\/wp-content\/uploads\/2016\/06\/SDC12205-300x225.jpg\" alt=\"SDC12205\" width=\"300\" height=\"225\" srcset=\"https:\/\/ecole-ste-anne-asserac.fr\/wp-content\/uploads\/2016\/06\/SDC12205-300x225.jpg 300w, https:\/\/ecole-ste-anne-asserac.fr\/wp-content\/uploads\/2016\/06\/SDC12205-768x576.jpg 768w, https:\/\/ecole-ste-anne-asserac.fr\/wp-content\/uploads\/2016\/06\/SDC12205-1024x768.jpg 1024w, https:\/\/ecole-ste-anne-asserac.fr\/wp-content\/uploads\/2016\/06\/SDC12205-600x450.jpg 600w, https:\/\/ecole-ste-anne-asserac.fr\/wp-content\/uploads\/2016\/06\/SDC12205.jpg 2048w\" sizes=\"auto, (max-width: 300px) 100vw, 300px\" \/><\/a><a href=\"http:\/\/ecole-ste-anne-asserac.fr\/wp-content\/uploads\/2016\/06\/SDC12203.jpg\"><img loading=\"lazy\" decoding=\"async\" class=\"aligncenter size-medium wp-image-729\" src=\"http:\/\/ecole-ste-anne-asserac.fr\/wp-content\/uploads\/2016\/06\/SDC12203-300x225.jpg\" alt=\"SDC12203\" width=\"300\" height=\"225\" srcset=\"https:\/\/ecole-ste-anne-asserac.fr\/wp-content\/uploads\/2016\/06\/SDC12203-300x225.jpg 300w, https:\/\/ecole-ste-anne-asserac.fr\/wp-content\/uploads\/2016\/06\/SDC12203-768x576.jpg 768w, https:\/\/ecole-ste-anne-asserac.fr\/wp-content\/uploads\/2016\/06\/SDC12203-1024x768.jpg 1024w, https:\/\/ecole-ste-anne-asserac.fr\/wp-content\/uploads\/2016\/06\/SDC12203-600x450.jpg 600w, https:\/\/ecole-ste-anne-asserac.fr\/wp-content\/uploads\/2016\/06\/SDC12203.jpg 2048w\" sizes=\"auto, (max-width: 300px) 100vw, 300px\" \/><\/a><a href=\"http:\/\/ecole-ste-anne-asserac.fr\/wp-content\/uploads\/2016\/06\/SDC12194.jpg\"><img loading=\"lazy\" decoding=\"async\" class=\"aligncenter size-medium wp-image-730\" src=\"http:\/\/ecole-ste-anne-asserac.fr\/wp-content\/uploads\/2016\/06\/SDC12194-300x225.jpg\" alt=\"SDC12194\" width=\"300\" height=\"225\" srcset=\"https:\/\/ecole-ste-anne-asserac.fr\/wp-content\/uploads\/2016\/06\/SDC12194-300x225.jpg 300w, https:\/\/ecole-ste-anne-asserac.fr\/wp-content\/uploads\/2016\/06\/SDC12194-768x576.jpg 768w, https:\/\/ecole-ste-anne-asserac.fr\/wp-content\/uploads\/2016\/06\/SDC12194-1024x768.jpg 1024w, https:\/\/ecole-ste-anne-asserac.fr\/wp-content\/uploads\/2016\/06\/SDC12194-600x450.jpg 600w, https:\/\/ecole-ste-anne-asserac.fr\/wp-content\/uploads\/2016\/06\/SDC12194.jpg 2048w\" sizes=\"auto, (max-width: 300px) 100vw, 300px\" \/><\/a><a href=\"http:\/\/ecole-ste-anne-asserac.fr\/wp-content\/uploads\/2016\/06\/SDC12207.jpg\"><img loading=\"lazy\" decoding=\"async\" class=\"aligncenter size-medium wp-image-731\" src=\"http:\/\/ecole-ste-anne-asserac.fr\/wp-content\/uploads\/2016\/06\/SDC12207-300x225.jpg\" alt=\"SDC12207\" width=\"300\" height=\"225\" srcset=\"https:\/\/ecole-ste-anne-asserac.fr\/wp-content\/uploads\/2016\/06\/SDC12207-300x225.jpg 300w, https:\/\/ecole-ste-anne-asserac.fr\/wp-content\/uploads\/2016\/06\/SDC12207-768x576.jpg 768w, https:\/\/ecole-ste-anne-asserac.fr\/wp-content\/uploads\/2016\/06\/SDC12207-1024x768.jpg 1024w, https:\/\/ecole-ste-anne-asserac.fr\/wp-content\/uploads\/2016\/06\/SDC12207-600x450.jpg 600w, https:\/\/ecole-ste-anne-asserac.fr\/wp-content\/uploads\/2016\/06\/SDC12207.jpg 2048w\" sizes=\"auto, (max-width: 300px) 100vw, 300px\" \/><\/a>Et quelle ambiance dans les gradins ! M\u00eame durant le pique-nique !<\/p>\n<p><a href=\"http:\/\/ecole-ste-anne-asserac.fr\/wp-content\/uploads\/2016\/06\/SDC12196.jpg\"><img loading=\"lazy\" decoding=\"async\" class=\"aligncenter size-medium wp-image-732\" src=\"http:\/\/ecole-ste-anne-asserac.fr\/wp-content\/uploads\/2016\/06\/SDC12196-300x225.jpg\" alt=\"SDC12196\" width=\"300\" height=\"225\" srcset=\"https:\/\/ecole-ste-anne-asserac.fr\/wp-content\/uploads\/2016\/06\/SDC12196-300x225.jpg 300w, https:\/\/ecole-ste-anne-asserac.fr\/wp-content\/uploads\/2016\/06\/SDC12196-768x576.jpg 768w, https:\/\/ecole-ste-anne-asserac.fr\/wp-content\/uploads\/2016\/06\/SDC12196-1024x768.jpg 1024w, https:\/\/ecole-ste-anne-asserac.fr\/wp-content\/uploads\/2016\/06\/SDC12196-600x450.jpg 600w, https:\/\/ecole-ste-anne-asserac.fr\/wp-content\/uploads\/2016\/06\/SDC12196.jpg 2048w\" sizes=\"auto, (max-width: 300px) 100vw, 300px\" \/><\/a><a href=\"http:\/\/ecole-ste-anne-asserac.fr\/wp-content\/uploads\/2016\/06\/SDC12198.jpg\"><img loading=\"lazy\" decoding=\"async\" class=\"aligncenter size-medium wp-image-734\" src=\"http:\/\/ecole-ste-anne-asserac.fr\/wp-content\/uploads\/2016\/06\/SDC12198-300x225.jpg\" alt=\"SDC12198\" width=\"300\" height=\"225\" srcset=\"https:\/\/ecole-ste-anne-asserac.fr\/wp-content\/uploads\/2016\/06\/SDC12198-300x225.jpg 300w, https:\/\/ecole-ste-anne-asserac.fr\/wp-content\/uploads\/2016\/06\/SDC12198-768x576.jpg 768w, https:\/\/ecole-ste-anne-asserac.fr\/wp-content\/uploads\/2016\/06\/SDC12198-1024x768.jpg 1024w, https:\/\/ecole-ste-anne-asserac.fr\/wp-content\/uploads\/2016\/06\/SDC12198-600x450.jpg 600w, https:\/\/ecole-ste-anne-asserac.fr\/wp-content\/uploads\/2016\/06\/SDC12198.jpg 2048w\" sizes=\"auto, (max-width: 300px) 100vw, 300px\" \/><\/a><\/p>\n<p style=\"text-align: center;\"><a href=\"http:\/\/ecole-ste-anne-asserac.fr\/wp-content\/uploads\/2016\/06\/SDC12197-e1465660137487.jpg\"><img loading=\"lazy\" decoding=\"async\" class=\"aligncenter size-medium wp-image-735\" src=\"http:\/\/ecole-ste-anne-asserac.fr\/wp-content\/uploads\/2016\/06\/SDC12197-e1465660137487-225x300.jpg\" alt=\"SDC12197\" width=\"225\" height=\"300\" srcset=\"https:\/\/ecole-ste-anne-asserac.fr\/wp-content\/uploads\/2016\/06\/SDC12197-e1465660137487-225x300.jpg 225w, https:\/\/ecole-ste-anne-asserac.fr\/wp-content\/uploads\/2016\/06\/SDC12197-e1465660137487-768x1024.jpg 768w, https:\/\/ecole-ste-anne-asserac.fr\/wp-content\/uploads\/2016\/06\/SDC12197-e1465660137487-600x800.jpg 600w, https:\/\/ecole-ste-anne-asserac.fr\/wp-content\/uploads\/2016\/06\/SDC12197-e1465660137487.jpg 1536w\" sizes=\"auto, (max-width: 225px) 100vw, 225px\" \/><\/a>A la fin du tournoi , les d\u00e9l\u00e9gu\u00e9s de classe sont all\u00e9s chercher les coupes pour chacune des 3 classes. Heureux et fiers!<a href=\"http:\/\/ecole-ste-anne-asserac.fr\/wp-content\/uploads\/2016\/06\/P6091975.jpg\"><img loading=\"lazy\" decoding=\"async\" class=\"aligncenter size-medium wp-image-725\" src=\"http:\/\/ecole-ste-anne-asserac.fr\/wp-content\/uploads\/2016\/06\/P6091975-300x225.jpg\" alt=\"P6091975\" width=\"300\" height=\"225\" srcset=\"https:\/\/ecole-ste-anne-asserac.fr\/wp-content\/uploads\/2016\/06\/P6091975-300x225.jpg 300w, https:\/\/ecole-ste-anne-asserac.fr\/wp-content\/uploads\/2016\/06\/P6091975-768x576.jpg 768w, https:\/\/ecole-ste-anne-asserac.fr\/wp-content\/uploads\/2016\/06\/P6091975-1024x768.jpg 1024w, https:\/\/ecole-ste-anne-asserac.fr\/wp-content\/uploads\/2016\/06\/P6091975-600x450.jpg 600w, https:\/\/ecole-ste-anne-asserac.fr\/wp-content\/uploads\/2016\/06\/P6091975.jpg 2048w\" sizes=\"auto, (max-width: 300px) 100vw, 300px\" \/><\/a>Un grand BRAVO \u00e0 tous pour leur participation et leur esprit d&rsquo;\u00e9quipe.<\/p>\n<p>&nbsp;<\/p>\n","protected":false},"excerpt":{"rendered":"<p>En direct de Trignac : \u00ab\u00a0C\u2019est un beau soleil estival qui a accueilli, d\u00e8s 10h ce matin, les \u00e9l\u00e8ves de cycle 3 des \u00e9coles Ste Anne d\u2019Asserac, Ste Marie de La Chapelle des Marais, Ste Anne de St Lyphard et Ste Marie d\u2019Herbignac \u00e0 leur arriv\u00e9e au stade Lesvi\u00e8res de Trignac. En effet, pour la<\/p>\n<p><a href=\"https:\/\/ecole-ste-anne-asserac.fr\/?p=723\" class=\"more-link themebutton\">Lire la suite<\/a><\/p>\n","protected":false},"author":3,"featured_media":0,"comment_status":"closed","ping_status":"closed","sticky":false,"template":"","format":"standard","meta":{"ngg_post_thumbnail":0,"footnotes":""},"categories":[8],"tags":[],"class_list":["post-723","post","type-post","status-publish","format-standard","hentry","category-classe-de-cm1-cm2"],"_links":{"self":[{"href":"https:\/\/ecole-ste-anne-asserac.fr\/index.php?rest_route=\/wp\/v2\/posts\/723","targetHints":{"allow":["GET"]}}],"collection":[{"href":"https:\/\/ecole-ste-anne-asserac.fr\/index.php?rest_route=\/wp\/v2\/posts"}],"about":[{"href":"https:\/\/ecole-ste-anne-asserac.fr\/index.php?rest_route=\/wp\/v2\/types\/post"}],"author":[{"embeddable":true,"href":"https:\/\/ecole-ste-anne-asserac.fr\/index.php?rest_route=\/wp\/v2\/users\/3"}],"replies":[{"embeddable":true,"href":"https:\/\/ecole-ste-anne-asserac.fr\/index.php?rest_route=%2Fwp%2Fv2%2Fcomments&post=723"}],"version-history":[{"count":0,"href":"https:\/\/ecole-ste-anne-asserac.fr\/index.php?rest_route=\/wp\/v2\/posts\/723\/revisions"}],"wp:attachment":[{"href":"https:\/\/ecole-ste-anne-asserac.fr\/index.php?rest_route=%2Fwp%2Fv2%2Fmedia&parent=723"}],"wp:term":[{"taxonomy":"category","embeddable":true,"href":"https:\/\/ecole-ste-anne-asserac.fr\/index.php?rest_route=%2Fwp%2Fv2%2Fcategories&post=723"},{"taxonomy":"post_tag","embeddable":true,"href":"https:\/\/ecole-ste-anne-asserac.fr\/index.php?rest_route=%2Fwp%2Fv2%2Ftags&post=723"}],"curies":[{"name":"wp","href":"https:\/\/api.w.org\/{rel}","templated":true}]}}