{"id":7306,"date":"2025-10-25T16:05:04","date_gmt":"2025-10-25T14:05:04","guid":{"rendered":"https:\/\/ecole-ste-anne-asserac.fr\/?p=7306"},"modified":"2025-10-25T16:05:04","modified_gmt":"2025-10-25T14:05:04","slug":"accueil-dune-delegation-du-benin","status":"publish","type":"post","link":"https:\/\/ecole-ste-anne-asserac.fr\/?p=7306","title":{"rendered":"Accueil d&rsquo;une d\u00e9l\u00e9gation du B\u00e9nin"},"content":{"rendered":"<p><img loading=\"lazy\" decoding=\"async\" class=\"size-medium wp-image-7317 aligncenter\" src=\"http:\/\/ecole-ste-anne-asserac.fr\/wp-content\/uploads\/2025\/10\/benin-2666192_1280-1-300x206.png\" alt=\"\" width=\"300\" height=\"206\" srcset=\"https:\/\/ecole-ste-anne-asserac.fr\/wp-content\/uploads\/2025\/10\/benin-2666192_1280-1-300x206.png 300w, https:\/\/ecole-ste-anne-asserac.fr\/wp-content\/uploads\/2025\/10\/benin-2666192_1280-1-1024x702.png 1024w, https:\/\/ecole-ste-anne-asserac.fr\/wp-content\/uploads\/2025\/10\/benin-2666192_1280-1-768x526.png 768w, https:\/\/ecole-ste-anne-asserac.fr\/wp-content\/uploads\/2025\/10\/benin-2666192_1280-1-600x411.png 600w, https:\/\/ecole-ste-anne-asserac.fr\/wp-content\/uploads\/2025\/10\/benin-2666192_1280-1.png 1280w\" sizes=\"auto, (max-width: 300px) 100vw, 300px\" \/><\/p>\n<p>Mardi 30 septembre , nous avons eu la joie d&rsquo;accueillir 3 enseignants et responsables du dioc\u00e8se de Parakou au B\u00e9nin ! Il s&rsquo;agit du lancement de la correspondance entre la classe de GS\/CP de Sylvie et une classe de CP de l&rsquo;\u00e9cole St Joseph Mukasa \u00e0 B\u00e9t\u00e9rou.&nbsp;<\/p>\n<p>Nous les avons accueillis par une haie d&rsquo;honneur , avec un chant b\u00e9ninois <a href=\"https:\/\/www.youtube.com\/watch?v=xCLUuv3uzac\">\u00ab\u00a0Djibo Djibo Lo\u00a0\u00bb<\/a> que nous avions tous appris ! Comme c&rsquo;est un chant traditionnel, ils le connaissaient : ils ont chant\u00e9 et dans\u00e9 avec nous.<\/p>\n<p><img loading=\"lazy\" decoding=\"async\" class=\"alignnone size-medium wp-image-7316\" src=\"http:\/\/ecole-ste-anne-asserac.fr\/wp-content\/uploads\/2025\/10\/IMG_2053-1-300x213.jpg\" alt=\"\" width=\"300\" height=\"213\" srcset=\"https:\/\/ecole-ste-anne-asserac.fr\/wp-content\/uploads\/2025\/10\/IMG_2053-1-300x213.jpg 300w, https:\/\/ecole-ste-anne-asserac.fr\/wp-content\/uploads\/2025\/10\/IMG_2053-1-1024x728.jpg 1024w, https:\/\/ecole-ste-anne-asserac.fr\/wp-content\/uploads\/2025\/10\/IMG_2053-1-768x546.jpg 768w, https:\/\/ecole-ste-anne-asserac.fr\/wp-content\/uploads\/2025\/10\/IMG_2053-1-600x426.jpg 600w, https:\/\/ecole-ste-anne-asserac.fr\/wp-content\/uploads\/2025\/10\/IMG_2053-1-1536x1091.jpg 1536w, https:\/\/ecole-ste-anne-asserac.fr\/wp-content\/uploads\/2025\/10\/IMG_2053-1-2048x1455.jpg 2048w\" sizes=\"auto, (max-width: 300px) 100vw, 300px\" \/> <a href=\"http:\/\/ecole-ste-anne-asserac.fr\/wp-content\/uploads\/2025\/10\/1759255262498-1-scaled.jpg\"><img loading=\"lazy\" decoding=\"async\" class=\"alignnone size-medium wp-image-7311\" src=\"http:\/\/ecole-ste-anne-asserac.fr\/wp-content\/uploads\/2025\/10\/1759255262498-1-300x225.jpg\" alt=\"\" width=\"300\" height=\"225\" srcset=\"https:\/\/ecole-ste-anne-asserac.fr\/wp-content\/uploads\/2025\/10\/1759255262498-1-300x225.jpg 300w, https:\/\/ecole-ste-anne-asserac.fr\/wp-content\/uploads\/2025\/10\/1759255262498-1-1024x768.jpg 1024w, https:\/\/ecole-ste-anne-asserac.fr\/wp-content\/uploads\/2025\/10\/1759255262498-1-768x576.jpg 768w, https:\/\/ecole-ste-anne-asserac.fr\/wp-content\/uploads\/2025\/10\/1759255262498-1-600x450.jpg 600w, https:\/\/ecole-ste-anne-asserac.fr\/wp-content\/uploads\/2025\/10\/1759255262498-1-1536x1152.jpg 1536w, https:\/\/ecole-ste-anne-asserac.fr\/wp-content\/uploads\/2025\/10\/1759255262498-1-2048x1536.jpg 2048w\" sizes=\"auto, (max-width: 300px) 100vw, 300px\" \/><\/a> <a href=\"http:\/\/ecole-ste-anne-asserac.fr\/wp-content\/uploads\/2025\/10\/1759255262522-2-scaled.jpg\"><img loading=\"lazy\" decoding=\"async\" class=\"alignnone size-medium wp-image-7312\" src=\"http:\/\/ecole-ste-anne-asserac.fr\/wp-content\/uploads\/2025\/10\/1759255262522-2-300x225.jpg\" alt=\"\" width=\"300\" height=\"225\" srcset=\"https:\/\/ecole-ste-anne-asserac.fr\/wp-content\/uploads\/2025\/10\/1759255262522-2-300x225.jpg 300w, https:\/\/ecole-ste-anne-asserac.fr\/wp-content\/uploads\/2025\/10\/1759255262522-2-1024x768.jpg 1024w, https:\/\/ecole-ste-anne-asserac.fr\/wp-content\/uploads\/2025\/10\/1759255262522-2-768x576.jpg 768w, https:\/\/ecole-ste-anne-asserac.fr\/wp-content\/uploads\/2025\/10\/1759255262522-2-600x450.jpg 600w, https:\/\/ecole-ste-anne-asserac.fr\/wp-content\/uploads\/2025\/10\/1759255262522-2-1536x1152.jpg 1536w, https:\/\/ecole-ste-anne-asserac.fr\/wp-content\/uploads\/2025\/10\/1759255262522-2-2048x1536.jpg 2048w\" sizes=\"auto, (max-width: 300px) 100vw, 300px\" \/><\/a><\/p>\n<p>Nous nous sommes ensuite rassembl\u00e9s sous le pr\u00e9au pour les discours, les \u00e9changes de cadeaux. Ils ont offert pour l&rsquo;\u00e9cole une sculpture en \u00e9b\u00e8ne qui repr\u00e9sente un r\u00e9cit, celui de la \u00ab\u00a0jarre trou\u00e9e\u00a0\u00bb : <em>la jarre contient de l&rsquo;eau vitale en ce pays tr\u00e8s chaud, mais elle est trou\u00e9e ! Si plusieurs personnes se mettent \u00e0 boucher les trous avec leurs mains, ils r\u00e9ussiront \u00e0 garder l&rsquo;eau. C&rsquo;est tous ensemble qu&rsquo;on peut faire de grandes choses\u00a0\u00bb<a href=\"http:\/\/ecole-ste-anne-asserac.fr\/wp-content\/uploads\/2025\/10\/20250930_154047-2-scaled.jpg\"><img loading=\"lazy\" decoding=\"async\" class=\"alignnone size-medium wp-image-7315\" src=\"http:\/\/ecole-ste-anne-asserac.fr\/wp-content\/uploads\/2025\/10\/20250930_154047-2-300x225.jpg\" alt=\"\" width=\"300\" height=\"225\" srcset=\"https:\/\/ecole-ste-anne-asserac.fr\/wp-content\/uploads\/2025\/10\/20250930_154047-2-300x225.jpg 300w, https:\/\/ecole-ste-anne-asserac.fr\/wp-content\/uploads\/2025\/10\/20250930_154047-2-1024x768.jpg 1024w, https:\/\/ecole-ste-anne-asserac.fr\/wp-content\/uploads\/2025\/10\/20250930_154047-2-768x576.jpg 768w, https:\/\/ecole-ste-anne-asserac.fr\/wp-content\/uploads\/2025\/10\/20250930_154047-2-600x450.jpg 600w, https:\/\/ecole-ste-anne-asserac.fr\/wp-content\/uploads\/2025\/10\/20250930_154047-2-1536x1152.jpg 1536w, https:\/\/ecole-ste-anne-asserac.fr\/wp-content\/uploads\/2025\/10\/20250930_154047-2-2048x1536.jpg 2048w\" sizes=\"auto, (max-width: 300px) 100vw, 300px\" \/><\/a> <a href=\"http:\/\/ecole-ste-anne-asserac.fr\/wp-content\/uploads\/2025\/10\/1759255526285-scaled.jpg\"><img loading=\"lazy\" decoding=\"async\" class=\"alignnone size-medium wp-image-7307\" src=\"http:\/\/ecole-ste-anne-asserac.fr\/wp-content\/uploads\/2025\/10\/1759255526285-300x225.jpg\" alt=\"\" width=\"300\" height=\"225\" srcset=\"https:\/\/ecole-ste-anne-asserac.fr\/wp-content\/uploads\/2025\/10\/1759255526285-300x225.jpg 300w, https:\/\/ecole-ste-anne-asserac.fr\/wp-content\/uploads\/2025\/10\/1759255526285-1024x768.jpg 1024w, https:\/\/ecole-ste-anne-asserac.fr\/wp-content\/uploads\/2025\/10\/1759255526285-768x576.jpg 768w, https:\/\/ecole-ste-anne-asserac.fr\/wp-content\/uploads\/2025\/10\/1759255526285-600x450.jpg 600w, https:\/\/ecole-ste-anne-asserac.fr\/wp-content\/uploads\/2025\/10\/1759255526285-1536x1152.jpg 1536w, https:\/\/ecole-ste-anne-asserac.fr\/wp-content\/uploads\/2025\/10\/1759255526285-2048x1536.jpg 2048w\" sizes=\"auto, (max-width: 300px) 100vw, 300px\" \/><\/a> <a href=\"http:\/\/ecole-ste-anne-asserac.fr\/wp-content\/uploads\/2025\/10\/1759255526304-2-scaled.jpg\"><img loading=\"lazy\" decoding=\"async\" class=\"alignnone size-medium wp-image-7308\" src=\"http:\/\/ecole-ste-anne-asserac.fr\/wp-content\/uploads\/2025\/10\/1759255526304-2-225x300.jpg\" alt=\"\" width=\"225\" height=\"300\" srcset=\"https:\/\/ecole-ste-anne-asserac.fr\/wp-content\/uploads\/2025\/10\/1759255526304-2-225x300.jpg 225w, https:\/\/ecole-ste-anne-asserac.fr\/wp-content\/uploads\/2025\/10\/1759255526304-2-768x1024.jpg 768w, https:\/\/ecole-ste-anne-asserac.fr\/wp-content\/uploads\/2025\/10\/1759255526304-2-600x800.jpg 600w, https:\/\/ecole-ste-anne-asserac.fr\/wp-content\/uploads\/2025\/10\/1759255526304-2-1152x1536.jpg 1152w, https:\/\/ecole-ste-anne-asserac.fr\/wp-content\/uploads\/2025\/10\/1759255526304-2-1536x2048.jpg 1536w, https:\/\/ecole-ste-anne-asserac.fr\/wp-content\/uploads\/2025\/10\/1759255526304-2-scaled.jpg 1920w\" sizes=\"auto, (max-width: 225px) 100vw, 225px\" \/><\/a>&nbsp;<\/em><\/p>\n<p>Ils ont ajout\u00e9 leurs empreintes sur des pi\u00e8ces de notre grand puzzle. Les premiers ajouts de l&rsquo;ann\u00e9e !<\/p>\n<p>Puis nous avons dans\u00e9 et chant\u00e9 \u00e0 nouveau&#8230;avant d&rsquo;aller dans la classe de Sylvie, pour \u00e9changer et rencontrer les \u00e9l\u00e8ves .<\/p>\n<p>Ceux-ci leur avaient pr\u00e9par\u00e9 un go\u00fbter de saison : des tartes aux pommes r\u00e9alis\u00e9es avec les pommes qu&rsquo;ils avaient cueillies la semaine pass\u00e9e au Vergers du Littoral.<\/p>\n<p><a href=\"http:\/\/ecole-ste-anne-asserac.fr\/wp-content\/uploads\/2025\/10\/1759255463904-scaled.jpg\"><img loading=\"lazy\" decoding=\"async\" class=\"alignnone size-medium wp-image-7309\" src=\"http:\/\/ecole-ste-anne-asserac.fr\/wp-content\/uploads\/2025\/10\/1759255463904-225x300.jpg\" alt=\"\" width=\"225\" height=\"300\" srcset=\"https:\/\/ecole-ste-anne-asserac.fr\/wp-content\/uploads\/2025\/10\/1759255463904-225x300.jpg 225w, https:\/\/ecole-ste-anne-asserac.fr\/wp-content\/uploads\/2025\/10\/1759255463904-768x1024.jpg 768w, https:\/\/ecole-ste-anne-asserac.fr\/wp-content\/uploads\/2025\/10\/1759255463904-600x800.jpg 600w, https:\/\/ecole-ste-anne-asserac.fr\/wp-content\/uploads\/2025\/10\/1759255463904-1152x1536.jpg 1152w, https:\/\/ecole-ste-anne-asserac.fr\/wp-content\/uploads\/2025\/10\/1759255463904-1536x2048.jpg 1536w, https:\/\/ecole-ste-anne-asserac.fr\/wp-content\/uploads\/2025\/10\/1759255463904-scaled.jpg 1920w\" sizes=\"auto, (max-width: 225px) 100vw, 225px\" \/><\/a> <img loading=\"lazy\" decoding=\"async\" class=\"alignnone  wp-image-7310\" src=\"http:\/\/ecole-ste-anne-asserac.fr\/wp-content\/uploads\/2025\/10\/1759255449718-300x225.jpg\" alt=\"\" width=\"300\" height=\"225\" srcset=\"https:\/\/ecole-ste-anne-asserac.fr\/wp-content\/uploads\/2025\/10\/1759255449718-300x225.jpg 300w, https:\/\/ecole-ste-anne-asserac.fr\/wp-content\/uploads\/2025\/10\/1759255449718-1024x768.jpg 1024w, https:\/\/ecole-ste-anne-asserac.fr\/wp-content\/uploads\/2025\/10\/1759255449718-768x576.jpg 768w, https:\/\/ecole-ste-anne-asserac.fr\/wp-content\/uploads\/2025\/10\/1759255449718-600x450.jpg 600w, https:\/\/ecole-ste-anne-asserac.fr\/wp-content\/uploads\/2025\/10\/1759255449718-1536x1152.jpg 1536w, https:\/\/ecole-ste-anne-asserac.fr\/wp-content\/uploads\/2025\/10\/1759255449718-2048x1536.jpg 2048w\" sizes=\"auto, (max-width: 300px) 100vw, 300px\" \/> <a href=\"http:\/\/ecole-ste-anne-asserac.fr\/wp-content\/uploads\/2025\/10\/IMG_20250930_161214.jpg\"><img loading=\"lazy\" decoding=\"async\" class=\"alignnone size-medium wp-image-7314\" src=\"http:\/\/ecole-ste-anne-asserac.fr\/wp-content\/uploads\/2025\/10\/IMG_20250930_161214-300x300.jpg\" alt=\"\" width=\"300\" height=\"300\" srcset=\"https:\/\/ecole-ste-anne-asserac.fr\/wp-content\/uploads\/2025\/10\/IMG_20250930_161214-300x300.jpg 300w, https:\/\/ecole-ste-anne-asserac.fr\/wp-content\/uploads\/2025\/10\/IMG_20250930_161214-1024x1024.jpg 1024w, https:\/\/ecole-ste-anne-asserac.fr\/wp-content\/uploads\/2025\/10\/IMG_20250930_161214-150x150.jpg 150w, https:\/\/ecole-ste-anne-asserac.fr\/wp-content\/uploads\/2025\/10\/IMG_20250930_161214-768x768.jpg 768w, https:\/\/ecole-ste-anne-asserac.fr\/wp-content\/uploads\/2025\/10\/IMG_20250930_161214-600x600.jpg 600w, https:\/\/ecole-ste-anne-asserac.fr\/wp-content\/uploads\/2025\/10\/IMG_20250930_161214-1536x1536.jpg 1536w, https:\/\/ecole-ste-anne-asserac.fr\/wp-content\/uploads\/2025\/10\/IMG_20250930_161214-2048x2048.jpg 2048w\" sizes=\"auto, (max-width: 300px) 100vw, 300px\" \/><\/a> <a href=\"http:\/\/ecole-ste-anne-asserac.fr\/wp-content\/uploads\/2025\/10\/IMG_20250930_161424-1.jpg\"><img loading=\"lazy\" decoding=\"async\" class=\"size-medium wp-image-7313 aligncenter\" src=\"http:\/\/ecole-ste-anne-asserac.fr\/wp-content\/uploads\/2025\/10\/IMG_20250930_161424-1-300x300.jpg\" alt=\"\" width=\"300\" height=\"300\" srcset=\"https:\/\/ecole-ste-anne-asserac.fr\/wp-content\/uploads\/2025\/10\/IMG_20250930_161424-1-300x300.jpg 300w, https:\/\/ecole-ste-anne-asserac.fr\/wp-content\/uploads\/2025\/10\/IMG_20250930_161424-1-1024x1024.jpg 1024w, https:\/\/ecole-ste-anne-asserac.fr\/wp-content\/uploads\/2025\/10\/IMG_20250930_161424-1-150x150.jpg 150w, https:\/\/ecole-ste-anne-asserac.fr\/wp-content\/uploads\/2025\/10\/IMG_20250930_161424-1-768x768.jpg 768w, https:\/\/ecole-ste-anne-asserac.fr\/wp-content\/uploads\/2025\/10\/IMG_20250930_161424-1-600x600.jpg 600w, https:\/\/ecole-ste-anne-asserac.fr\/wp-content\/uploads\/2025\/10\/IMG_20250930_161424-1-1536x1536.jpg 1536w, https:\/\/ecole-ste-anne-asserac.fr\/wp-content\/uploads\/2025\/10\/IMG_20250930_161424-1-2048x2048.jpg 2048w\" sizes=\"auto, (max-width: 300px) 100vw, 300px\" \/><\/a><\/p>\n<p>Sylvie leur a remis le premier courrier des enfants pour leurs nouveaux amis de B\u00e9t\u00e9rou, avec des dessins et des friandises .<\/p>\n<p style=\"text-align: center;\">Un beau moment de partage, d&rsquo;ouverture internationale vers de nouveaux horizons !<\/p>\n<p>&nbsp;<\/p>\n<p>&nbsp;<\/p>\n<p>&nbsp;<\/p>\n<p>&nbsp;<\/p>\n<p>&nbsp;<\/p>\n<p>&nbsp;<\/p>\n","protected":false},"excerpt":{"rendered":"<p>Mardi 30 septembre , nous avons eu la joie d&rsquo;accueillir 3 enseignants et responsables du dioc\u00e8se de Parakou au B\u00e9nin ! Il s&rsquo;agit du lancement de la correspondance entre la classe de GS\/CP de Sylvie et une classe de CP de l&rsquo;\u00e9cole St Joseph Mukasa \u00e0 B\u00e9t\u00e9rou.&nbsp; Nous les avons accueillis par une haie d&rsquo;honneur<\/p>\n<p><a href=\"https:\/\/ecole-ste-anne-asserac.fr\/?p=7306\" class=\"more-link themebutton\">Lire la suite<\/a><\/p>\n","protected":false},"author":3,"featured_media":7315,"comment_status":"closed","ping_status":"closed","sticky":false,"template":"","format":"standard","meta":{"ngg_post_thumbnail":0,"footnotes":""},"categories":[1],"tags":[],"class_list":["post-7306","post","type-post","status-publish","format-standard","has-post-thumbnail","hentry","category-non-classe"],"_links":{"self":[{"href":"https:\/\/ecole-ste-anne-asserac.fr\/index.php?rest_route=\/wp\/v2\/posts\/7306","targetHints":{"allow":["GET"]}}],"collection":[{"href":"https:\/\/ecole-ste-anne-asserac.fr\/index.php?rest_route=\/wp\/v2\/posts"}],"about":[{"href":"https:\/\/ecole-ste-anne-asserac.fr\/index.php?rest_route=\/wp\/v2\/types\/post"}],"author":[{"embeddable":true,"href":"https:\/\/ecole-ste-anne-asserac.fr\/index.php?rest_route=\/wp\/v2\/users\/3"}],"replies":[{"embeddable":true,"href":"https:\/\/ecole-ste-anne-asserac.fr\/index.php?rest_route=%2Fwp%2Fv2%2Fcomments&post=7306"}],"version-history":[{"count":1,"href":"https:\/\/ecole-ste-anne-asserac.fr\/index.php?rest_route=\/wp\/v2\/posts\/7306\/revisions"}],"predecessor-version":[{"id":7318,"href":"https:\/\/ecole-ste-anne-asserac.fr\/index.php?rest_route=\/wp\/v2\/posts\/7306\/revisions\/7318"}],"wp:featuredmedia":[{"embeddable":true,"href":"https:\/\/ecole-ste-anne-asserac.fr\/index.php?rest_route=\/wp\/v2\/media\/7315"}],"wp:attachment":[{"href":"https:\/\/ecole-ste-anne-asserac.fr\/index.php?rest_route=%2Fwp%2Fv2%2Fmedia&parent=7306"}],"wp:term":[{"taxonomy":"category","embeddable":true,"href":"https:\/\/ecole-ste-anne-asserac.fr\/index.php?rest_route=%2Fwp%2Fv2%2Fcategories&post=7306"},{"taxonomy":"post_tag","embeddable":true,"href":"https:\/\/ecole-ste-anne-asserac.fr\/index.php?rest_route=%2Fwp%2Fv2%2Ftags&post=7306"}],"curies":[{"name":"wp","href":"https:\/\/api.w.org\/{rel}","templated":true}]}}