{"id":7320,"date":"2025-10-25T23:14:08","date_gmt":"2025-10-25T21:14:08","guid":{"rendered":"https:\/\/ecole-ste-anne-asserac.fr\/?p=7320"},"modified":"2025-10-25T23:22:18","modified_gmt":"2025-10-25T21:22:18","slug":"accueil-des-correspondants-italiens","status":"publish","type":"post","link":"https:\/\/ecole-ste-anne-asserac.fr\/?p=7320","title":{"rendered":"Accueil des correspondants italiens"},"content":{"rendered":"<p><strong>Pendant la semaine du 6 au 10 octobre 2025<\/strong>, nous avons accueillis les copains italiens de Colleferro, que nous avions connus lors de notre voyage en Italie : ils \u00e9taient dans la classe de Giorgia , la ma\u00eetresse qui correspondait avec Solen quand on \u00e9tait en CE2. Ils sont maintenant en CM2 comme certains d\u2019entre nous !<\/p>\n<p><strong>Premier jour&nbsp;de l\u2019\u00e9change&nbsp;: mardi 7 octobre.<\/strong><\/p>\n<p>Nous sommes tous all\u00e9s \u00e0 P\u00e9nestin, pour leur faire d\u00e9couvrir la mer et les activit\u00e9s qu\u2019on aime faire dans notre r\u00e9gion. Nous nous sommes tous retrouv\u00e9s \u00e0 Poudrantais, pour faire des activit\u00e9s autour de la voile, des jeux de plage, du land Art, des aquarelles, une promenade sur le sentier.<\/p>\n<p><a href=\"http:\/\/ecole-ste-anne-asserac.fr\/wp-content\/uploads\/2025\/10\/IMG_20251007_124820-1.jpg\"><img loading=\"lazy\" decoding=\"async\" class=\"alignnone size-medium wp-image-7322\" src=\"http:\/\/ecole-ste-anne-asserac.fr\/wp-content\/uploads\/2025\/10\/IMG_20251007_124820-1-300x300.jpg\" alt=\"\" width=\"300\" height=\"300\" srcset=\"https:\/\/ecole-ste-anne-asserac.fr\/wp-content\/uploads\/2025\/10\/IMG_20251007_124820-1-300x300.jpg 300w, https:\/\/ecole-ste-anne-asserac.fr\/wp-content\/uploads\/2025\/10\/IMG_20251007_124820-1-1024x1024.jpg 1024w, https:\/\/ecole-ste-anne-asserac.fr\/wp-content\/uploads\/2025\/10\/IMG_20251007_124820-1-150x150.jpg 150w, https:\/\/ecole-ste-anne-asserac.fr\/wp-content\/uploads\/2025\/10\/IMG_20251007_124820-1-768x768.jpg 768w, https:\/\/ecole-ste-anne-asserac.fr\/wp-content\/uploads\/2025\/10\/IMG_20251007_124820-1-600x600.jpg 600w, https:\/\/ecole-ste-anne-asserac.fr\/wp-content\/uploads\/2025\/10\/IMG_20251007_124820-1-1536x1536.jpg 1536w, https:\/\/ecole-ste-anne-asserac.fr\/wp-content\/uploads\/2025\/10\/IMG_20251007_124820-1-2048x2048.jpg 2048w\" sizes=\"auto, (max-width: 300px) 100vw, 300px\" \/><\/a> <a href=\"http:\/\/ecole-ste-anne-asserac.fr\/wp-content\/uploads\/2025\/10\/IMG_4821-scaled.jpg\"><img loading=\"lazy\" decoding=\"async\" class=\"alignnone size-medium wp-image-7323\" src=\"http:\/\/ecole-ste-anne-asserac.fr\/wp-content\/uploads\/2025\/10\/IMG_4821-225x300.jpg\" alt=\"\" width=\"225\" height=\"300\" srcset=\"https:\/\/ecole-ste-anne-asserac.fr\/wp-content\/uploads\/2025\/10\/IMG_4821-225x300.jpg 225w, https:\/\/ecole-ste-anne-asserac.fr\/wp-content\/uploads\/2025\/10\/IMG_4821-768x1024.jpg 768w, https:\/\/ecole-ste-anne-asserac.fr\/wp-content\/uploads\/2025\/10\/IMG_4821-600x800.jpg 600w, https:\/\/ecole-ste-anne-asserac.fr\/wp-content\/uploads\/2025\/10\/IMG_4821-1152x1536.jpg 1152w, https:\/\/ecole-ste-anne-asserac.fr\/wp-content\/uploads\/2025\/10\/IMG_4821-1536x2048.jpg 1536w, https:\/\/ecole-ste-anne-asserac.fr\/wp-content\/uploads\/2025\/10\/IMG_4821-scaled.jpg 1920w\" sizes=\"auto, (max-width: 225px) 100vw, 225px\" \/><\/a> <a href=\"http:\/\/ecole-ste-anne-asserac.fr\/wp-content\/uploads\/2025\/10\/IMG_20251007_124555-1.jpg\"><img loading=\"lazy\" decoding=\"async\" class=\"alignnone size-medium wp-image-7324\" src=\"http:\/\/ecole-ste-anne-asserac.fr\/wp-content\/uploads\/2025\/10\/IMG_20251007_124555-1-300x300.jpg\" alt=\"\" width=\"300\" height=\"300\" srcset=\"https:\/\/ecole-ste-anne-asserac.fr\/wp-content\/uploads\/2025\/10\/IMG_20251007_124555-1-300x300.jpg 300w, https:\/\/ecole-ste-anne-asserac.fr\/wp-content\/uploads\/2025\/10\/IMG_20251007_124555-1-1024x1024.jpg 1024w, https:\/\/ecole-ste-anne-asserac.fr\/wp-content\/uploads\/2025\/10\/IMG_20251007_124555-1-150x150.jpg 150w, https:\/\/ecole-ste-anne-asserac.fr\/wp-content\/uploads\/2025\/10\/IMG_20251007_124555-1-768x768.jpg 768w, https:\/\/ecole-ste-anne-asserac.fr\/wp-content\/uploads\/2025\/10\/IMG_20251007_124555-1-600x600.jpg 600w, https:\/\/ecole-ste-anne-asserac.fr\/wp-content\/uploads\/2025\/10\/IMG_20251007_124555-1-1536x1536.jpg 1536w, https:\/\/ecole-ste-anne-asserac.fr\/wp-content\/uploads\/2025\/10\/IMG_20251007_124555-1-2048x2048.jpg 2048w\" sizes=\"auto, (max-width: 300px) 100vw, 300px\" \/><\/a><a href=\"http:\/\/ecole-ste-anne-asserac.fr\/wp-content\/uploads\/2025\/10\/IMG_20251007_112121-1.jpg\"><img loading=\"lazy\" decoding=\"async\" class=\"alignnone size-medium wp-image-7325\" src=\"http:\/\/ecole-ste-anne-asserac.fr\/wp-content\/uploads\/2025\/10\/IMG_20251007_112121-1-300x300.jpg\" alt=\"\" width=\"300\" height=\"300\" srcset=\"https:\/\/ecole-ste-anne-asserac.fr\/wp-content\/uploads\/2025\/10\/IMG_20251007_112121-1-300x300.jpg 300w, https:\/\/ecole-ste-anne-asserac.fr\/wp-content\/uploads\/2025\/10\/IMG_20251007_112121-1-1024x1024.jpg 1024w, https:\/\/ecole-ste-anne-asserac.fr\/wp-content\/uploads\/2025\/10\/IMG_20251007_112121-1-150x150.jpg 150w, https:\/\/ecole-ste-anne-asserac.fr\/wp-content\/uploads\/2025\/10\/IMG_20251007_112121-1-768x768.jpg 768w, https:\/\/ecole-ste-anne-asserac.fr\/wp-content\/uploads\/2025\/10\/IMG_20251007_112121-1-600x600.jpg 600w, https:\/\/ecole-ste-anne-asserac.fr\/wp-content\/uploads\/2025\/10\/IMG_20251007_112121-1-1536x1536.jpg 1536w, https:\/\/ecole-ste-anne-asserac.fr\/wp-content\/uploads\/2025\/10\/IMG_20251007_112121-1-2048x2048.jpg 2048w\" sizes=\"auto, (max-width: 300px) 100vw, 300px\" \/><\/a> <a href=\"http:\/\/ecole-ste-anne-asserac.fr\/wp-content\/uploads\/2025\/10\/1759929191629-1-scaled.jpg\"><img loading=\"lazy\" decoding=\"async\" class=\"alignnone size-medium wp-image-7326\" src=\"http:\/\/ecole-ste-anne-asserac.fr\/wp-content\/uploads\/2025\/10\/1759929191629-1-225x300.jpg\" alt=\"\" width=\"225\" height=\"300\" srcset=\"https:\/\/ecole-ste-anne-asserac.fr\/wp-content\/uploads\/2025\/10\/1759929191629-1-225x300.jpg 225w, https:\/\/ecole-ste-anne-asserac.fr\/wp-content\/uploads\/2025\/10\/1759929191629-1-768x1024.jpg 768w, https:\/\/ecole-ste-anne-asserac.fr\/wp-content\/uploads\/2025\/10\/1759929191629-1-600x800.jpg 600w, https:\/\/ecole-ste-anne-asserac.fr\/wp-content\/uploads\/2025\/10\/1759929191629-1-1152x1536.jpg 1152w, https:\/\/ecole-ste-anne-asserac.fr\/wp-content\/uploads\/2025\/10\/1759929191629-1-1536x2048.jpg 1536w, https:\/\/ecole-ste-anne-asserac.fr\/wp-content\/uploads\/2025\/10\/1759929191629-1-scaled.jpg 1920w\" sizes=\"auto, (max-width: 225px) 100vw, 225px\" \/><\/a><\/p>\n<p><strong>Deuxi\u00e8me jour de l\u2019\u00e9change&nbsp;: Mercredi 8 Octobre<\/strong><\/p>\n<p>Activit\u00e9 de P\u00eache \u00e0 pieds dans la baie , marche du Palandrin \u00e0 Pen B\u00e9\u2026 Nous avons r\u00e9colt\u00e9 beaucoup de \u00ab petites b\u00eates \u00bb que nous avons appris \u00e0 mieux conna\u00eetre gr\u00e2ce \u00e0 notre animatrice.<\/p>\n<p><a href=\"http:\/\/ecole-ste-anne-asserac.fr\/wp-content\/uploads\/2025\/10\/1759929302732-scaled.jpg\"><img loading=\"lazy\" decoding=\"async\" class=\"alignnone size-medium wp-image-7328\" src=\"http:\/\/ecole-ste-anne-asserac.fr\/wp-content\/uploads\/2025\/10\/1759929302732-300x225.jpg\" alt=\"\" width=\"300\" height=\"225\" srcset=\"https:\/\/ecole-ste-anne-asserac.fr\/wp-content\/uploads\/2025\/10\/1759929302732-300x225.jpg 300w, https:\/\/ecole-ste-anne-asserac.fr\/wp-content\/uploads\/2025\/10\/1759929302732-1024x768.jpg 1024w, https:\/\/ecole-ste-anne-asserac.fr\/wp-content\/uploads\/2025\/10\/1759929302732-768x576.jpg 768w, https:\/\/ecole-ste-anne-asserac.fr\/wp-content\/uploads\/2025\/10\/1759929302732-600x450.jpg 600w, https:\/\/ecole-ste-anne-asserac.fr\/wp-content\/uploads\/2025\/10\/1759929302732-1536x1152.jpg 1536w, https:\/\/ecole-ste-anne-asserac.fr\/wp-content\/uploads\/2025\/10\/1759929302732-2048x1536.jpg 2048w\" sizes=\"auto, (max-width: 300px) 100vw, 300px\" \/><\/a> <a href=\"http:\/\/ecole-ste-anne-asserac.fr\/wp-content\/uploads\/2025\/10\/IMG_20251008_104730.jpg\"><img loading=\"lazy\" decoding=\"async\" class=\"alignnone size-medium wp-image-7329\" src=\"http:\/\/ecole-ste-anne-asserac.fr\/wp-content\/uploads\/2025\/10\/IMG_20251008_104730-300x300.jpg\" alt=\"\" width=\"300\" height=\"300\" srcset=\"https:\/\/ecole-ste-anne-asserac.fr\/wp-content\/uploads\/2025\/10\/IMG_20251008_104730-300x300.jpg 300w, https:\/\/ecole-ste-anne-asserac.fr\/wp-content\/uploads\/2025\/10\/IMG_20251008_104730-1024x1024.jpg 1024w, https:\/\/ecole-ste-anne-asserac.fr\/wp-content\/uploads\/2025\/10\/IMG_20251008_104730-150x150.jpg 150w, https:\/\/ecole-ste-anne-asserac.fr\/wp-content\/uploads\/2025\/10\/IMG_20251008_104730-768x768.jpg 768w, https:\/\/ecole-ste-anne-asserac.fr\/wp-content\/uploads\/2025\/10\/IMG_20251008_104730-600x600.jpg 600w, https:\/\/ecole-ste-anne-asserac.fr\/wp-content\/uploads\/2025\/10\/IMG_20251008_104730-1536x1536.jpg 1536w, https:\/\/ecole-ste-anne-asserac.fr\/wp-content\/uploads\/2025\/10\/IMG_20251008_104730-2048x2048.jpg 2048w\" sizes=\"auto, (max-width: 300px) 100vw, 300px\" \/><\/a> <a href=\"http:\/\/ecole-ste-anne-asserac.fr\/wp-content\/uploads\/2025\/10\/IMG_20251008_104112.jpg\"><img loading=\"lazy\" decoding=\"async\" class=\"alignnone size-medium wp-image-7330\" src=\"http:\/\/ecole-ste-anne-asserac.fr\/wp-content\/uploads\/2025\/10\/IMG_20251008_104112-300x300.jpg\" alt=\"\" width=\"300\" height=\"300\" srcset=\"https:\/\/ecole-ste-anne-asserac.fr\/wp-content\/uploads\/2025\/10\/IMG_20251008_104112-300x300.jpg 300w, https:\/\/ecole-ste-anne-asserac.fr\/wp-content\/uploads\/2025\/10\/IMG_20251008_104112-1024x1024.jpg 1024w, https:\/\/ecole-ste-anne-asserac.fr\/wp-content\/uploads\/2025\/10\/IMG_20251008_104112-150x150.jpg 150w, https:\/\/ecole-ste-anne-asserac.fr\/wp-content\/uploads\/2025\/10\/IMG_20251008_104112-768x768.jpg 768w, https:\/\/ecole-ste-anne-asserac.fr\/wp-content\/uploads\/2025\/10\/IMG_20251008_104112-600x600.jpg 600w, https:\/\/ecole-ste-anne-asserac.fr\/wp-content\/uploads\/2025\/10\/IMG_20251008_104112-1536x1536.jpg 1536w, https:\/\/ecole-ste-anne-asserac.fr\/wp-content\/uploads\/2025\/10\/IMG_20251008_104112-2048x2048.jpg 2048w\" sizes=\"auto, (max-width: 300px) 100vw, 300px\" \/><\/a> <a href=\"http:\/\/ecole-ste-anne-asserac.fr\/wp-content\/uploads\/2025\/10\/IMG_20251008_103742.jpg\"><img loading=\"lazy\" decoding=\"async\" class=\"alignnone size-medium wp-image-7331\" src=\"http:\/\/ecole-ste-anne-asserac.fr\/wp-content\/uploads\/2025\/10\/IMG_20251008_103742-300x300.jpg\" alt=\"\" width=\"300\" height=\"300\" srcset=\"https:\/\/ecole-ste-anne-asserac.fr\/wp-content\/uploads\/2025\/10\/IMG_20251008_103742-300x300.jpg 300w, https:\/\/ecole-ste-anne-asserac.fr\/wp-content\/uploads\/2025\/10\/IMG_20251008_103742-1024x1024.jpg 1024w, https:\/\/ecole-ste-anne-asserac.fr\/wp-content\/uploads\/2025\/10\/IMG_20251008_103742-150x150.jpg 150w, https:\/\/ecole-ste-anne-asserac.fr\/wp-content\/uploads\/2025\/10\/IMG_20251008_103742-768x768.jpg 768w, https:\/\/ecole-ste-anne-asserac.fr\/wp-content\/uploads\/2025\/10\/IMG_20251008_103742-600x600.jpg 600w, https:\/\/ecole-ste-anne-asserac.fr\/wp-content\/uploads\/2025\/10\/IMG_20251008_103742-1536x1536.jpg 1536w, https:\/\/ecole-ste-anne-asserac.fr\/wp-content\/uploads\/2025\/10\/IMG_20251008_103742-2048x2048.jpg 2048w\" sizes=\"auto, (max-width: 300px) 100vw, 300px\" \/><\/a> <a href=\"http:\/\/ecole-ste-anne-asserac.fr\/wp-content\/uploads\/2025\/10\/IMG_20251008_103517.jpg\"><img loading=\"lazy\" decoding=\"async\" class=\"alignnone size-medium wp-image-7332\" src=\"http:\/\/ecole-ste-anne-asserac.fr\/wp-content\/uploads\/2025\/10\/IMG_20251008_103517-300x300.jpg\" alt=\"\" width=\"300\" height=\"300\" srcset=\"https:\/\/ecole-ste-anne-asserac.fr\/wp-content\/uploads\/2025\/10\/IMG_20251008_103517-300x300.jpg 300w, https:\/\/ecole-ste-anne-asserac.fr\/wp-content\/uploads\/2025\/10\/IMG_20251008_103517-1024x1024.jpg 1024w, https:\/\/ecole-ste-anne-asserac.fr\/wp-content\/uploads\/2025\/10\/IMG_20251008_103517-150x150.jpg 150w, https:\/\/ecole-ste-anne-asserac.fr\/wp-content\/uploads\/2025\/10\/IMG_20251008_103517-768x768.jpg 768w, https:\/\/ecole-ste-anne-asserac.fr\/wp-content\/uploads\/2025\/10\/IMG_20251008_103517-600x600.jpg 600w, https:\/\/ecole-ste-anne-asserac.fr\/wp-content\/uploads\/2025\/10\/IMG_20251008_103517-1536x1536.jpg 1536w, https:\/\/ecole-ste-anne-asserac.fr\/wp-content\/uploads\/2025\/10\/IMG_20251008_103517-2048x2048.jpg 2048w\" sizes=\"auto, (max-width: 300px) 100vw, 300px\" \/><\/a> <a href=\"http:\/\/ecole-ste-anne-asserac.fr\/wp-content\/uploads\/2025\/10\/IMG_20251008_093943.jpg\"><img loading=\"lazy\" decoding=\"async\" class=\"alignnone size-medium wp-image-7333\" src=\"http:\/\/ecole-ste-anne-asserac.fr\/wp-content\/uploads\/2025\/10\/IMG_20251008_093943-300x300.jpg\" alt=\"\" width=\"300\" height=\"300\" srcset=\"https:\/\/ecole-ste-anne-asserac.fr\/wp-content\/uploads\/2025\/10\/IMG_20251008_093943-300x300.jpg 300w, https:\/\/ecole-ste-anne-asserac.fr\/wp-content\/uploads\/2025\/10\/IMG_20251008_093943-1024x1024.jpg 1024w, https:\/\/ecole-ste-anne-asserac.fr\/wp-content\/uploads\/2025\/10\/IMG_20251008_093943-150x150.jpg 150w, https:\/\/ecole-ste-anne-asserac.fr\/wp-content\/uploads\/2025\/10\/IMG_20251008_093943-768x768.jpg 768w, https:\/\/ecole-ste-anne-asserac.fr\/wp-content\/uploads\/2025\/10\/IMG_20251008_093943-600x600.jpg 600w, https:\/\/ecole-ste-anne-asserac.fr\/wp-content\/uploads\/2025\/10\/IMG_20251008_093943-1536x1536.jpg 1536w, https:\/\/ecole-ste-anne-asserac.fr\/wp-content\/uploads\/2025\/10\/IMG_20251008_093943-2048x2048.jpg 2048w\" sizes=\"auto, (max-width: 300px) 100vw, 300px\" \/><\/a> <a href=\"http:\/\/ecole-ste-anne-asserac.fr\/wp-content\/uploads\/2025\/10\/IMG_20251008_093307.jpg\"><img loading=\"lazy\" decoding=\"async\" class=\"alignnone size-medium wp-image-7334\" src=\"http:\/\/ecole-ste-anne-asserac.fr\/wp-content\/uploads\/2025\/10\/IMG_20251008_093307-300x300.jpg\" alt=\"\" width=\"300\" height=\"300\" srcset=\"https:\/\/ecole-ste-anne-asserac.fr\/wp-content\/uploads\/2025\/10\/IMG_20251008_093307-300x300.jpg 300w, https:\/\/ecole-ste-anne-asserac.fr\/wp-content\/uploads\/2025\/10\/IMG_20251008_093307-1024x1024.jpg 1024w, https:\/\/ecole-ste-anne-asserac.fr\/wp-content\/uploads\/2025\/10\/IMG_20251008_093307-150x150.jpg 150w, https:\/\/ecole-ste-anne-asserac.fr\/wp-content\/uploads\/2025\/10\/IMG_20251008_093307-768x768.jpg 768w, https:\/\/ecole-ste-anne-asserac.fr\/wp-content\/uploads\/2025\/10\/IMG_20251008_093307-600x600.jpg 600w, https:\/\/ecole-ste-anne-asserac.fr\/wp-content\/uploads\/2025\/10\/IMG_20251008_093307-1536x1536.jpg 1536w, https:\/\/ecole-ste-anne-asserac.fr\/wp-content\/uploads\/2025\/10\/IMG_20251008_093307-2048x2048.jpg 2048w\" sizes=\"auto, (max-width: 300px) 100vw, 300px\" \/><\/a><\/p>\n<p><strong>Troisi\u00e8me jour de l\u2019\u00e9change&nbsp;: Jeudi 9 Octobre<\/strong><\/p>\n<p>Apr\u00e8s l\u2019accueil de toute l\u2019\u00e9cole en haie d\u2019honneur, durant toute la matin\u00e9e, ils ont eu cours avec nous&nbsp;: anglais, Fan\u00e7ais\/italien , histoire et art.<\/p>\n<p><a href=\"http:\/\/ecole-ste-anne-asserac.fr\/wp-content\/uploads\/2025\/10\/1760442299222-scaled.jpg\"><img loading=\"lazy\" decoding=\"async\" class=\"alignnone size-medium wp-image-7321\" src=\"http:\/\/ecole-ste-anne-asserac.fr\/wp-content\/uploads\/2025\/10\/1760442299222-300x225.jpg\" alt=\"\" width=\"300\" height=\"225\" srcset=\"https:\/\/ecole-ste-anne-asserac.fr\/wp-content\/uploads\/2025\/10\/1760442299222-300x225.jpg 300w, https:\/\/ecole-ste-anne-asserac.fr\/wp-content\/uploads\/2025\/10\/1760442299222-1024x768.jpg 1024w, https:\/\/ecole-ste-anne-asserac.fr\/wp-content\/uploads\/2025\/10\/1760442299222-768x576.jpg 768w, https:\/\/ecole-ste-anne-asserac.fr\/wp-content\/uploads\/2025\/10\/1760442299222-600x450.jpg 600w, https:\/\/ecole-ste-anne-asserac.fr\/wp-content\/uploads\/2025\/10\/1760442299222-1536x1152.jpg 1536w, https:\/\/ecole-ste-anne-asserac.fr\/wp-content\/uploads\/2025\/10\/1760442299222-2048x1536.jpg 2048w\" sizes=\"auto, (max-width: 300px) 100vw, 300px\" \/><\/a> <a href=\"http:\/\/ecole-ste-anne-asserac.fr\/wp-content\/uploads\/2025\/10\/IMG_20251009_095810.jpg\"><img loading=\"lazy\" decoding=\"async\" class=\"alignnone size-medium wp-image-7337\" src=\"http:\/\/ecole-ste-anne-asserac.fr\/wp-content\/uploads\/2025\/10\/IMG_20251009_095810-300x300.jpg\" alt=\"\" width=\"300\" height=\"300\" srcset=\"https:\/\/ecole-ste-anne-asserac.fr\/wp-content\/uploads\/2025\/10\/IMG_20251009_095810-300x300.jpg 300w, https:\/\/ecole-ste-anne-asserac.fr\/wp-content\/uploads\/2025\/10\/IMG_20251009_095810-1024x1024.jpg 1024w, https:\/\/ecole-ste-anne-asserac.fr\/wp-content\/uploads\/2025\/10\/IMG_20251009_095810-150x150.jpg 150w, https:\/\/ecole-ste-anne-asserac.fr\/wp-content\/uploads\/2025\/10\/IMG_20251009_095810-768x768.jpg 768w, https:\/\/ecole-ste-anne-asserac.fr\/wp-content\/uploads\/2025\/10\/IMG_20251009_095810-600x600.jpg 600w, https:\/\/ecole-ste-anne-asserac.fr\/wp-content\/uploads\/2025\/10\/IMG_20251009_095810-1536x1536.jpg 1536w, https:\/\/ecole-ste-anne-asserac.fr\/wp-content\/uploads\/2025\/10\/IMG_20251009_095810-2048x2048.jpg 2048w\" sizes=\"auto, (max-width: 300px) 100vw, 300px\" \/><\/a> <a href=\"http:\/\/ecole-ste-anne-asserac.fr\/wp-content\/uploads\/2025\/10\/1760442363361-scaled.jpg\"><img loading=\"lazy\" decoding=\"async\" class=\"alignnone size-medium wp-image-7336\" src=\"http:\/\/ecole-ste-anne-asserac.fr\/wp-content\/uploads\/2025\/10\/1760442363361-300x225.jpg\" alt=\"\" width=\"300\" height=\"225\" srcset=\"https:\/\/ecole-ste-anne-asserac.fr\/wp-content\/uploads\/2025\/10\/1760442363361-300x225.jpg 300w, https:\/\/ecole-ste-anne-asserac.fr\/wp-content\/uploads\/2025\/10\/1760442363361-1024x768.jpg 1024w, https:\/\/ecole-ste-anne-asserac.fr\/wp-content\/uploads\/2025\/10\/1760442363361-768x576.jpg 768w, https:\/\/ecole-ste-anne-asserac.fr\/wp-content\/uploads\/2025\/10\/1760442363361-600x450.jpg 600w, https:\/\/ecole-ste-anne-asserac.fr\/wp-content\/uploads\/2025\/10\/1760442363361-1536x1152.jpg 1536w, https:\/\/ecole-ste-anne-asserac.fr\/wp-content\/uploads\/2025\/10\/1760442363361-2048x1536.jpg 2048w\" sizes=\"auto, (max-width: 300px) 100vw, 300px\" \/><\/a><\/p>\n<p><a href=\"http:\/\/ecole-ste-anne-asserac.fr\/wp-content\/uploads\/2025\/10\/IMG_20251009_095821.jpg\"><img loading=\"lazy\" decoding=\"async\" class=\"alignnone size-medium wp-image-7338\" src=\"http:\/\/ecole-ste-anne-asserac.fr\/wp-content\/uploads\/2025\/10\/IMG_20251009_095821-300x300.jpg\" alt=\"\" width=\"300\" height=\"300\" srcset=\"https:\/\/ecole-ste-anne-asserac.fr\/wp-content\/uploads\/2025\/10\/IMG_20251009_095821-300x300.jpg 300w, https:\/\/ecole-ste-anne-asserac.fr\/wp-content\/uploads\/2025\/10\/IMG_20251009_095821-1024x1024.jpg 1024w, https:\/\/ecole-ste-anne-asserac.fr\/wp-content\/uploads\/2025\/10\/IMG_20251009_095821-150x150.jpg 150w, https:\/\/ecole-ste-anne-asserac.fr\/wp-content\/uploads\/2025\/10\/IMG_20251009_095821-768x768.jpg 768w, https:\/\/ecole-ste-anne-asserac.fr\/wp-content\/uploads\/2025\/10\/IMG_20251009_095821-600x600.jpg 600w, https:\/\/ecole-ste-anne-asserac.fr\/wp-content\/uploads\/2025\/10\/IMG_20251009_095821-1536x1536.jpg 1536w, https:\/\/ecole-ste-anne-asserac.fr\/wp-content\/uploads\/2025\/10\/IMG_20251009_095821-2048x2048.jpg 2048w\" sizes=\"auto, (max-width: 300px) 100vw, 300px\" \/><\/a> <a href=\"http:\/\/ecole-ste-anne-asserac.fr\/wp-content\/uploads\/2025\/10\/IMG_20251009_162638.jpg\"><img loading=\"lazy\" decoding=\"async\" class=\"alignnone size-medium wp-image-7339\" src=\"http:\/\/ecole-ste-anne-asserac.fr\/wp-content\/uploads\/2025\/10\/IMG_20251009_162638-300x300.jpg\" alt=\"\" width=\"300\" height=\"300\" srcset=\"https:\/\/ecole-ste-anne-asserac.fr\/wp-content\/uploads\/2025\/10\/IMG_20251009_162638-300x300.jpg 300w, https:\/\/ecole-ste-anne-asserac.fr\/wp-content\/uploads\/2025\/10\/IMG_20251009_162638-1024x1024.jpg 1024w, https:\/\/ecole-ste-anne-asserac.fr\/wp-content\/uploads\/2025\/10\/IMG_20251009_162638-150x150.jpg 150w, https:\/\/ecole-ste-anne-asserac.fr\/wp-content\/uploads\/2025\/10\/IMG_20251009_162638-768x768.jpg 768w, https:\/\/ecole-ste-anne-asserac.fr\/wp-content\/uploads\/2025\/10\/IMG_20251009_162638-600x600.jpg 600w, https:\/\/ecole-ste-anne-asserac.fr\/wp-content\/uploads\/2025\/10\/IMG_20251009_162638-1536x1536.jpg 1536w, https:\/\/ecole-ste-anne-asserac.fr\/wp-content\/uploads\/2025\/10\/IMG_20251009_162638-2048x2048.jpg 2048w\" sizes=\"auto, (max-width: 300px) 100vw, 300px\" \/><\/a> <a href=\"http:\/\/ecole-ste-anne-asserac.fr\/wp-content\/uploads\/2025\/10\/1760442343336-scaled.jpg\"><img loading=\"lazy\" decoding=\"async\" class=\"alignnone size-medium wp-image-7340\" src=\"http:\/\/ecole-ste-anne-asserac.fr\/wp-content\/uploads\/2025\/10\/1760442343336-300x225.jpg\" alt=\"\" width=\"300\" height=\"225\" srcset=\"https:\/\/ecole-ste-anne-asserac.fr\/wp-content\/uploads\/2025\/10\/1760442343336-300x225.jpg 300w, https:\/\/ecole-ste-anne-asserac.fr\/wp-content\/uploads\/2025\/10\/1760442343336-1024x768.jpg 1024w, https:\/\/ecole-ste-anne-asserac.fr\/wp-content\/uploads\/2025\/10\/1760442343336-768x576.jpg 768w, https:\/\/ecole-ste-anne-asserac.fr\/wp-content\/uploads\/2025\/10\/1760442343336-600x450.jpg 600w, https:\/\/ecole-ste-anne-asserac.fr\/wp-content\/uploads\/2025\/10\/1760442343336-1536x1152.jpg 1536w, https:\/\/ecole-ste-anne-asserac.fr\/wp-content\/uploads\/2025\/10\/1760442343336-2048x1536.jpg 2048w\" sizes=\"auto, (max-width: 300px) 100vw, 300px\" \/><\/a>&nbsp;<\/p>\n<p>Apr\u00e8s les cours et le pique-nique , nous avons fait un jeu de piste par \u00e9quipes au ch\u00e2teau de Ranrou\u00ebt : plong\u00e9e dans le Moyen Age !<\/p>\n<p><a href=\"http:\/\/ecole-ste-anne-asserac.fr\/wp-content\/uploads\/2025\/10\/20251009_140242-scaled.jpg\"><img loading=\"lazy\" decoding=\"async\" class=\"alignnone size-medium wp-image-7341\" src=\"http:\/\/ecole-ste-anne-asserac.fr\/wp-content\/uploads\/2025\/10\/20251009_140242-300x225.jpg\" alt=\"\" width=\"300\" height=\"225\" srcset=\"https:\/\/ecole-ste-anne-asserac.fr\/wp-content\/uploads\/2025\/10\/20251009_140242-300x225.jpg 300w, https:\/\/ecole-ste-anne-asserac.fr\/wp-content\/uploads\/2025\/10\/20251009_140242-1024x768.jpg 1024w, https:\/\/ecole-ste-anne-asserac.fr\/wp-content\/uploads\/2025\/10\/20251009_140242-768x576.jpg 768w, https:\/\/ecole-ste-anne-asserac.fr\/wp-content\/uploads\/2025\/10\/20251009_140242-600x450.jpg 600w, https:\/\/ecole-ste-anne-asserac.fr\/wp-content\/uploads\/2025\/10\/20251009_140242-1536x1152.jpg 1536w, https:\/\/ecole-ste-anne-asserac.fr\/wp-content\/uploads\/2025\/10\/20251009_140242-2048x1536.jpg 2048w\" sizes=\"auto, (max-width: 300px) 100vw, 300px\" \/><\/a> <a href=\"http:\/\/ecole-ste-anne-asserac.fr\/wp-content\/uploads\/2025\/10\/20251009_143901-scaled.jpg\"><img loading=\"lazy\" decoding=\"async\" class=\"alignnone size-medium wp-image-7342\" src=\"http:\/\/ecole-ste-anne-asserac.fr\/wp-content\/uploads\/2025\/10\/20251009_143901-225x300.jpg\" alt=\"\" width=\"225\" height=\"300\" srcset=\"https:\/\/ecole-ste-anne-asserac.fr\/wp-content\/uploads\/2025\/10\/20251009_143901-225x300.jpg 225w, https:\/\/ecole-ste-anne-asserac.fr\/wp-content\/uploads\/2025\/10\/20251009_143901-768x1024.jpg 768w, https:\/\/ecole-ste-anne-asserac.fr\/wp-content\/uploads\/2025\/10\/20251009_143901-600x800.jpg 600w, https:\/\/ecole-ste-anne-asserac.fr\/wp-content\/uploads\/2025\/10\/20251009_143901-1152x1536.jpg 1152w, https:\/\/ecole-ste-anne-asserac.fr\/wp-content\/uploads\/2025\/10\/20251009_143901-1536x2048.jpg 1536w, https:\/\/ecole-ste-anne-asserac.fr\/wp-content\/uploads\/2025\/10\/20251009_143901-scaled.jpg 1920w\" sizes=\"auto, (max-width: 225px) 100vw, 225px\" \/><\/a> <a href=\"http:\/\/ecole-ste-anne-asserac.fr\/wp-content\/uploads\/2025\/10\/20251009_143519-scaled.jpg\"><img loading=\"lazy\" decoding=\"async\" class=\"alignnone size-medium wp-image-7343\" src=\"http:\/\/ecole-ste-anne-asserac.fr\/wp-content\/uploads\/2025\/10\/20251009_143519-300x225.jpg\" alt=\"\" width=\"300\" height=\"225\" srcset=\"https:\/\/ecole-ste-anne-asserac.fr\/wp-content\/uploads\/2025\/10\/20251009_143519-300x225.jpg 300w, https:\/\/ecole-ste-anne-asserac.fr\/wp-content\/uploads\/2025\/10\/20251009_143519-1024x768.jpg 1024w, https:\/\/ecole-ste-anne-asserac.fr\/wp-content\/uploads\/2025\/10\/20251009_143519-768x576.jpg 768w, https:\/\/ecole-ste-anne-asserac.fr\/wp-content\/uploads\/2025\/10\/20251009_143519-600x450.jpg 600w, https:\/\/ecole-ste-anne-asserac.fr\/wp-content\/uploads\/2025\/10\/20251009_143519-1536x1152.jpg 1536w, https:\/\/ecole-ste-anne-asserac.fr\/wp-content\/uploads\/2025\/10\/20251009_143519-2048x1536.jpg 2048w\" sizes=\"auto, (max-width: 300px) 100vw, 300px\" \/><\/a> <a href=\"http:\/\/ecole-ste-anne-asserac.fr\/wp-content\/uploads\/2025\/10\/20251009_144732-scaled.jpg\"><img loading=\"lazy\" decoding=\"async\" class=\"alignnone size-medium wp-image-7344\" src=\"http:\/\/ecole-ste-anne-asserac.fr\/wp-content\/uploads\/2025\/10\/20251009_144732-300x225.jpg\" alt=\"\" width=\"300\" height=\"225\" srcset=\"https:\/\/ecole-ste-anne-asserac.fr\/wp-content\/uploads\/2025\/10\/20251009_144732-300x225.jpg 300w, https:\/\/ecole-ste-anne-asserac.fr\/wp-content\/uploads\/2025\/10\/20251009_144732-1024x768.jpg 1024w, https:\/\/ecole-ste-anne-asserac.fr\/wp-content\/uploads\/2025\/10\/20251009_144732-768x576.jpg 768w, https:\/\/ecole-ste-anne-asserac.fr\/wp-content\/uploads\/2025\/10\/20251009_144732-600x450.jpg 600w, https:\/\/ecole-ste-anne-asserac.fr\/wp-content\/uploads\/2025\/10\/20251009_144732-1536x1152.jpg 1536w, https:\/\/ecole-ste-anne-asserac.fr\/wp-content\/uploads\/2025\/10\/20251009_144732-2048x1536.jpg 2048w\" sizes=\"auto, (max-width: 300px) 100vw, 300px\" \/><\/a> <img loading=\"lazy\" decoding=\"async\" class=\"alignnone size-medium wp-image-7345\" src=\"http:\/\/ecole-ste-anne-asserac.fr\/wp-content\/uploads\/2025\/10\/20251009_144854-225x300.jpg\" alt=\"\" width=\"225\" height=\"300\" srcset=\"https:\/\/ecole-ste-anne-asserac.fr\/wp-content\/uploads\/2025\/10\/20251009_144854-225x300.jpg 225w, https:\/\/ecole-ste-anne-asserac.fr\/wp-content\/uploads\/2025\/10\/20251009_144854-768x1024.jpg 768w, https:\/\/ecole-ste-anne-asserac.fr\/wp-content\/uploads\/2025\/10\/20251009_144854-600x800.jpg 600w, https:\/\/ecole-ste-anne-asserac.fr\/wp-content\/uploads\/2025\/10\/20251009_144854-1152x1536.jpg 1152w, https:\/\/ecole-ste-anne-asserac.fr\/wp-content\/uploads\/2025\/10\/20251009_144854-1536x2048.jpg 1536w, https:\/\/ecole-ste-anne-asserac.fr\/wp-content\/uploads\/2025\/10\/20251009_144854-scaled.jpg 1920w\" sizes=\"auto, (max-width: 225px) 100vw, 225px\" \/>&nbsp;<a href=\"http:\/\/ecole-ste-anne-asserac.fr\/wp-content\/uploads\/2025\/10\/20251009_125959-scaled.jpg\"><img loading=\"lazy\" decoding=\"async\" class=\"alignnone size-medium wp-image-7346\" src=\"http:\/\/ecole-ste-anne-asserac.fr\/wp-content\/uploads\/2025\/10\/20251009_125959-300x225.jpg\" alt=\"\" width=\"300\" height=\"225\" srcset=\"https:\/\/ecole-ste-anne-asserac.fr\/wp-content\/uploads\/2025\/10\/20251009_125959-300x225.jpg 300w, https:\/\/ecole-ste-anne-asserac.fr\/wp-content\/uploads\/2025\/10\/20251009_125959-1024x768.jpg 1024w, https:\/\/ecole-ste-anne-asserac.fr\/wp-content\/uploads\/2025\/10\/20251009_125959-768x576.jpg 768w, https:\/\/ecole-ste-anne-asserac.fr\/wp-content\/uploads\/2025\/10\/20251009_125959-600x450.jpg 600w, https:\/\/ecole-ste-anne-asserac.fr\/wp-content\/uploads\/2025\/10\/20251009_125959-1536x1152.jpg 1536w, https:\/\/ecole-ste-anne-asserac.fr\/wp-content\/uploads\/2025\/10\/20251009_125959-2048x1536.jpg 2048w\" sizes=\"auto, (max-width: 300px) 100vw, 300px\" \/><\/a><\/p>\n<p>Nous nous sommes dit \u00a0\u00bb au-revoir \u00a0\u00bb \u00e0 l&rsquo;\u00e9cole avec tous les \u00e9l\u00e8ves et ma\u00eetresses, la \u00ab\u00a0semaine italienne\u00a0\u00bb \u00e9tait d\u00e9j\u00e0 termin\u00e9e ! Encore plein de souvenirs&#8230;<\/p>\n<p><a href=\"http:\/\/ecole-ste-anne-asserac.fr\/wp-content\/uploads\/2025\/10\/1760442410012-scaled.jpg\"><img loading=\"lazy\" decoding=\"async\" class=\"alignnone size-medium wp-image-7347\" src=\"http:\/\/ecole-ste-anne-asserac.fr\/wp-content\/uploads\/2025\/10\/1760442410012-300x225.jpg\" alt=\"\" width=\"300\" height=\"225\" srcset=\"https:\/\/ecole-ste-anne-asserac.fr\/wp-content\/uploads\/2025\/10\/1760442410012-300x225.jpg 300w, https:\/\/ecole-ste-anne-asserac.fr\/wp-content\/uploads\/2025\/10\/1760442410012-1024x768.jpg 1024w, https:\/\/ecole-ste-anne-asserac.fr\/wp-content\/uploads\/2025\/10\/1760442410012-768x576.jpg 768w, https:\/\/ecole-ste-anne-asserac.fr\/wp-content\/uploads\/2025\/10\/1760442410012-600x450.jpg 600w, https:\/\/ecole-ste-anne-asserac.fr\/wp-content\/uploads\/2025\/10\/1760442410012-1536x1152.jpg 1536w, https:\/\/ecole-ste-anne-asserac.fr\/wp-content\/uploads\/2025\/10\/1760442410012-2048x1536.jpg 2048w\" sizes=\"auto, (max-width: 300px) 100vw, 300px\" \/><\/a> <a href=\"http:\/\/ecole-ste-anne-asserac.fr\/wp-content\/uploads\/2025\/10\/1760442444507-scaled.jpg\"><img loading=\"lazy\" decoding=\"async\" class=\"alignnone size-medium wp-image-7348\" src=\"http:\/\/ecole-ste-anne-asserac.fr\/wp-content\/uploads\/2025\/10\/1760442444507-300x225.jpg\" alt=\"\" width=\"300\" height=\"225\" srcset=\"https:\/\/ecole-ste-anne-asserac.fr\/wp-content\/uploads\/2025\/10\/1760442444507-300x225.jpg 300w, https:\/\/ecole-ste-anne-asserac.fr\/wp-content\/uploads\/2025\/10\/1760442444507-1024x768.jpg 1024w, https:\/\/ecole-ste-anne-asserac.fr\/wp-content\/uploads\/2025\/10\/1760442444507-768x576.jpg 768w, https:\/\/ecole-ste-anne-asserac.fr\/wp-content\/uploads\/2025\/10\/1760442444507-600x450.jpg 600w, https:\/\/ecole-ste-anne-asserac.fr\/wp-content\/uploads\/2025\/10\/1760442444507-1536x1152.jpg 1536w, https:\/\/ecole-ste-anne-asserac.fr\/wp-content\/uploads\/2025\/10\/1760442444507-2048x1536.jpg 2048w\" sizes=\"auto, (max-width: 300px) 100vw, 300px\" \/><\/a> <a href=\"http:\/\/ecole-ste-anne-asserac.fr\/wp-content\/uploads\/2025\/10\/20251009_130102-scaled.jpg\"><img loading=\"lazy\" decoding=\"async\" class=\"alignnone size-medium wp-image-7349\" src=\"http:\/\/ecole-ste-anne-asserac.fr\/wp-content\/uploads\/2025\/10\/20251009_130102-300x225.jpg\" alt=\"\" width=\"300\" height=\"225\" srcset=\"https:\/\/ecole-ste-anne-asserac.fr\/wp-content\/uploads\/2025\/10\/20251009_130102-300x225.jpg 300w, https:\/\/ecole-ste-anne-asserac.fr\/wp-content\/uploads\/2025\/10\/20251009_130102-1024x768.jpg 1024w, https:\/\/ecole-ste-anne-asserac.fr\/wp-content\/uploads\/2025\/10\/20251009_130102-768x576.jpg 768w, https:\/\/ecole-ste-anne-asserac.fr\/wp-content\/uploads\/2025\/10\/20251009_130102-600x450.jpg 600w, https:\/\/ecole-ste-anne-asserac.fr\/wp-content\/uploads\/2025\/10\/20251009_130102-1536x1152.jpg 1536w, https:\/\/ecole-ste-anne-asserac.fr\/wp-content\/uploads\/2025\/10\/20251009_130102-2048x1536.jpg 2048w\" sizes=\"auto, (max-width: 300px) 100vw, 300px\" \/><\/a><\/p>\n<p>Merci \u00e0 Maria Rosaria, Maria, Marta, L\u00e9onora, Emmanuela, Paola &#8230; nos partenaires italiennes de l&rsquo;ICS Marguerita Hack \u00e0 Colleferro pour la r\u00e9ussite de cet \u00e9change !<\/p>\n<p>&nbsp;<\/p>\n<p>&nbsp;<\/p>\n<p>&nbsp;<\/p>\n","protected":false},"excerpt":{"rendered":"<p>Pendant la semaine du 6 au 10 octobre 2025, nous avons accueillis les copains italiens de Colleferro, que nous avions connus lors de notre voyage en Italie : ils \u00e9taient dans la classe de Giorgia , la ma\u00eetresse qui correspondait avec Solen quand on \u00e9tait en CE2. Ils sont maintenant en CM2 comme certains d\u2019entre<\/p>\n<p><a href=\"https:\/\/ecole-ste-anne-asserac.fr\/?p=7320\" class=\"more-link themebutton\">Lire la suite<\/a><\/p>\n","protected":false},"author":3,"featured_media":7355,"comment_status":"closed","ping_status":"closed","sticky":false,"template":"","format":"standard","meta":{"ngg_post_thumbnail":0,"footnotes":""},"categories":[7,8],"tags":[],"class_list":["post-7320","post","type-post","status-publish","format-standard","has-post-thumbnail","hentry","category-classe-de-ce2-cm1","category-classe-de-cm1-cm2"],"_links":{"self":[{"href":"https:\/\/ecole-ste-anne-asserac.fr\/index.php?rest_route=\/wp\/v2\/posts\/7320","targetHints":{"allow":["GET"]}}],"collection":[{"href":"https:\/\/ecole-ste-anne-asserac.fr\/index.php?rest_route=\/wp\/v2\/posts"}],"about":[{"href":"https:\/\/ecole-ste-anne-asserac.fr\/index.php?rest_route=\/wp\/v2\/types\/post"}],"author":[{"embeddable":true,"href":"https:\/\/ecole-ste-anne-asserac.fr\/index.php?rest_route=\/wp\/v2\/users\/3"}],"replies":[{"embeddable":true,"href":"https:\/\/ecole-ste-anne-asserac.fr\/index.php?rest_route=%2Fwp%2Fv2%2Fcomments&post=7320"}],"version-history":[{"count":3,"href":"https:\/\/ecole-ste-anne-asserac.fr\/index.php?rest_route=\/wp\/v2\/posts\/7320\/revisions"}],"predecessor-version":[{"id":7352,"href":"https:\/\/ecole-ste-anne-asserac.fr\/index.php?rest_route=\/wp\/v2\/posts\/7320\/revisions\/7352"}],"wp:featuredmedia":[{"embeddable":true,"href":"https:\/\/ecole-ste-anne-asserac.fr\/index.php?rest_route=\/wp\/v2\/media\/7355"}],"wp:attachment":[{"href":"https:\/\/ecole-ste-anne-asserac.fr\/index.php?rest_route=%2Fwp%2Fv2%2Fmedia&parent=7320"}],"wp:term":[{"taxonomy":"category","embeddable":true,"href":"https:\/\/ecole-ste-anne-asserac.fr\/index.php?rest_route=%2Fwp%2Fv2%2Fcategories&post=7320"},{"taxonomy":"post_tag","embeddable":true,"href":"https:\/\/ecole-ste-anne-asserac.fr\/index.php?rest_route=%2Fwp%2Fv2%2Ftags&post=7320"}],"curies":[{"name":"wp","href":"https:\/\/api.w.org\/{rel}","templated":true}]}}