{"id":749,"date":"2016-05-05T15:43:42","date_gmt":"2016-05-05T14:43:42","guid":{"rendered":"http:\/\/ecole-ste-anne-asserac.fr\/?p=749"},"modified":"2016-07-21T13:11:08","modified_gmt":"2016-07-21T12:11:08","slug":"voile-a-penestin","status":"publish","type":"post","link":"https:\/\/ecole-ste-anne-asserac.fr\/?p=749","title":{"rendered":"Voile \u00e0 P\u00e9nestin"},"content":{"rendered":"<p>Mi avril les CM1 se sont rendus \u00e0 P\u00e9nestin , pour un \u00ab\u00a0mini stage\u00a0\u00bb de voile au CNP &#8230;<\/p>\n<p style=\"text-align: center;\"><strong>Les progr\u00e8s des enfants en photos:<\/strong><\/p>\n<p>On commence par apprendre \u00e0 gr\u00e9er &#8230;..<a href=\"http:\/\/ecole-ste-anne-asserac.fr\/wp-content\/uploads\/2016\/06\/100_0144.jpg\"><img loading=\"lazy\" decoding=\"async\" class=\"aligncenter size-medium wp-image-751\" src=\"http:\/\/ecole-ste-anne-asserac.fr\/wp-content\/uploads\/2016\/06\/100_0144-300x225.jpg\" alt=\"100_0144\" width=\"300\" height=\"225\" \/><\/a><a href=\"http:\/\/ecole-ste-anne-asserac.fr\/wp-content\/uploads\/2016\/06\/100_0145.jpg\"><img loading=\"lazy\" decoding=\"async\" class=\"aligncenter size-medium wp-image-752\" src=\"http:\/\/ecole-ste-anne-asserac.fr\/wp-content\/uploads\/2016\/06\/100_0145-300x225.jpg\" alt=\"100_0145\" width=\"300\" height=\"225\" \/><\/a><a href=\"http:\/\/ecole-ste-anne-asserac.fr\/wp-content\/uploads\/2016\/06\/100_0146.jpg\"><img loading=\"lazy\" decoding=\"async\" class=\"aligncenter size-medium wp-image-753\" src=\"http:\/\/ecole-ste-anne-asserac.fr\/wp-content\/uploads\/2016\/06\/100_0146-300x225.jpg\" alt=\"100_0146\" width=\"300\" height=\"225\" \/><\/a><\/p>\n<p><a href=\"http:\/\/ecole-ste-anne-asserac.fr\/wp-content\/uploads\/2016\/06\/100_0143.jpg\"><img loading=\"lazy\" decoding=\"async\" class=\"aligncenter size-medium wp-image-750\" src=\"http:\/\/ecole-ste-anne-asserac.fr\/wp-content\/uploads\/2016\/06\/100_0143-300x225.jpg\" alt=\"100_0143\" width=\"300\" height=\"225\" \/><\/a>Puis &#8230; on part ! \u00a0\u00a0 <a href=\"http:\/\/ecole-ste-anne-asserac.fr\/wp-content\/uploads\/2016\/06\/100_0147.jpg\"><img loading=\"lazy\" decoding=\"async\" class=\"aligncenter size-medium wp-image-754\" src=\"http:\/\/ecole-ste-anne-asserac.fr\/wp-content\/uploads\/2016\/06\/100_0147-300x225.jpg\" alt=\"100_0147\" width=\"300\" height=\"225\" \/><\/a> <a href=\"http:\/\/ecole-ste-anne-asserac.fr\/wp-content\/uploads\/2016\/06\/100_0154.jpg\"><img loading=\"lazy\" decoding=\"async\" class=\"aligncenter size-medium wp-image-755\" src=\"http:\/\/ecole-ste-anne-asserac.fr\/wp-content\/uploads\/2016\/06\/100_0154-300x225.jpg\" alt=\"100_0154\" width=\"300\" height=\"225\" \/><\/a> <a href=\"http:\/\/ecole-ste-anne-asserac.fr\/wp-content\/uploads\/2016\/06\/100_0155.jpg\"><img loading=\"lazy\" decoding=\"async\" class=\"aligncenter size-medium wp-image-756\" src=\"http:\/\/ecole-ste-anne-asserac.fr\/wp-content\/uploads\/2016\/06\/100_0155-300x225.jpg\" alt=\"100_0155\" width=\"300\" height=\"225\" \/><\/a> <a href=\"http:\/\/ecole-ste-anne-asserac.fr\/wp-content\/uploads\/2016\/06\/100_0156.jpg\"><img loading=\"lazy\" decoding=\"async\" class=\"aligncenter size-medium wp-image-757\" src=\"http:\/\/ecole-ste-anne-asserac.fr\/wp-content\/uploads\/2016\/06\/100_0156-300x225.jpg\" alt=\"100_0156\" width=\"300\" height=\"225\" \/><\/a> <a href=\"http:\/\/ecole-ste-anne-asserac.fr\/wp-content\/uploads\/2016\/06\/100_0157.jpg\"><img loading=\"lazy\" decoding=\"async\" class=\"aligncenter size-medium wp-image-758\" src=\"http:\/\/ecole-ste-anne-asserac.fr\/wp-content\/uploads\/2016\/06\/100_0157-300x225.jpg\" alt=\"100_0157\" width=\"300\" height=\"225\" \/><\/a> <a href=\"http:\/\/ecole-ste-anne-asserac.fr\/wp-content\/uploads\/2016\/06\/100_0158.jpg\"><img loading=\"lazy\" decoding=\"async\" class=\"aligncenter size-medium wp-image-759\" src=\"http:\/\/ecole-ste-anne-asserac.fr\/wp-content\/uploads\/2016\/06\/100_0158-300x225.jpg\" alt=\"100_0158\" width=\"300\" height=\"225\" \/><\/a> <a href=\"http:\/\/ecole-ste-anne-asserac.fr\/wp-content\/uploads\/2016\/06\/100_0159.jpg\"><img loading=\"lazy\" decoding=\"async\" class=\"aligncenter size-medium wp-image-760\" src=\"http:\/\/ecole-ste-anne-asserac.fr\/wp-content\/uploads\/2016\/06\/100_0159-300x225.jpg\" alt=\"100_0159\" width=\"300\" height=\"225\" \/><\/a> <a href=\"http:\/\/ecole-ste-anne-asserac.fr\/wp-content\/uploads\/2016\/06\/100_0160.jpg\"><img loading=\"lazy\" decoding=\"async\" class=\"aligncenter size-medium wp-image-761\" src=\"http:\/\/ecole-ste-anne-asserac.fr\/wp-content\/uploads\/2016\/06\/100_0160-300x225.jpg\" alt=\"100_0160\" width=\"300\" height=\"225\" \/><\/a>Les progr\u00e8s des enfants au bout de 4 s\u00e9ances, en vid\u00e9o cette fois &#8230;<\/p>\n<p><iframe loading=\"lazy\" title=\"Avril 2016   5\" width=\"1170\" height=\"658\" src=\"https:\/\/www.youtube.com\/embed\/QyYB7uxPFbk?feature=oembed\" frameborder=\"0\" allow=\"accelerometer; autoplay; clipboard-write; encrypted-media; gyroscope; picture-in-picture\" allowfullscreen><\/iframe><\/p>\n<p><iframe loading=\"lazy\" src=\"\/\/www.youtube.com\/embed\/U5zcJ2FfKq0\" width=\"560\" height=\"314\" allowfullscreen=\"allowfullscreen\"><\/iframe><\/p>\n<p><iframe loading=\"lazy\" src=\"\/\/www.youtube.com\/embed\/Iebv3FvzJQA\" width=\"560\" height=\"314\" allowfullscreen=\"allowfullscreen\"><\/iframe><\/p>\n<p><iframe loading=\"lazy\" src=\"\/\/www.youtube.com\/embed\/QXmMpqcFSXE\" width=\"560\" height=\"314\" allowfullscreen=\"allowfullscreen\"><\/iframe><\/p>\n<p><iframe loading=\"lazy\" src=\"\/\/www.youtube.com\/embed\/MhHLAVNORf8\" width=\"560\" height=\"314\" allowfullscreen=\"allowfullscreen\"><\/iframe><\/p>\n<p>&nbsp;<\/p>\n<p>Vivement le CM2 qu&rsquo;on y retourne !!!<\/p>\n","protected":false},"excerpt":{"rendered":"<p>Mi avril les CM1 se sont rendus \u00e0 P\u00e9nestin , pour un \u00ab\u00a0mini stage\u00a0\u00bb de voile au CNP &#8230; Les progr\u00e8s des enfants en photos: On commence par apprendre \u00e0 gr\u00e9er &#8230;.. Puis &#8230; on part ! \u00a0\u00a0 Les progr\u00e8s des enfants au bout de 4 s\u00e9ances, en vid\u00e9o cette fois &#8230; &nbsp; Vivement le<\/p>\n<p><a href=\"https:\/\/ecole-ste-anne-asserac.fr\/?p=749\" class=\"more-link themebutton\">Lire la suite<\/a><\/p>\n","protected":false},"author":3,"featured_media":0,"comment_status":"closed","ping_status":"closed","sticky":false,"template":"","format":"standard","meta":{"ngg_post_thumbnail":0,"footnotes":""},"categories":[7],"tags":[],"class_list":["post-749","post","type-post","status-publish","format-standard","hentry","category-classe-de-ce2-cm1"],"_links":{"self":[{"href":"https:\/\/ecole-ste-anne-asserac.fr\/index.php?rest_route=\/wp\/v2\/posts\/749","targetHints":{"allow":["GET"]}}],"collection":[{"href":"https:\/\/ecole-ste-anne-asserac.fr\/index.php?rest_route=\/wp\/v2\/posts"}],"about":[{"href":"https:\/\/ecole-ste-anne-asserac.fr\/index.php?rest_route=\/wp\/v2\/types\/post"}],"author":[{"embeddable":true,"href":"https:\/\/ecole-ste-anne-asserac.fr\/index.php?rest_route=\/wp\/v2\/users\/3"}],"replies":[{"embeddable":true,"href":"https:\/\/ecole-ste-anne-asserac.fr\/index.php?rest_route=%2Fwp%2Fv2%2Fcomments&post=749"}],"version-history":[{"count":0,"href":"https:\/\/ecole-ste-anne-asserac.fr\/index.php?rest_route=\/wp\/v2\/posts\/749\/revisions"}],"wp:attachment":[{"href":"https:\/\/ecole-ste-anne-asserac.fr\/index.php?rest_route=%2Fwp%2Fv2%2Fmedia&parent=749"}],"wp:term":[{"taxonomy":"category","embeddable":true,"href":"https:\/\/ecole-ste-anne-asserac.fr\/index.php?rest_route=%2Fwp%2Fv2%2Fcategories&post=749"},{"taxonomy":"post_tag","embeddable":true,"href":"https:\/\/ecole-ste-anne-asserac.fr\/index.php?rest_route=%2Fwp%2Fv2%2Ftags&post=749"}],"curies":[{"name":"wp","href":"https:\/\/api.w.org\/{rel}","templated":true}]}}