{"id":769,"date":"2016-06-14T12:06:39","date_gmt":"2016-06-14T11:06:39","guid":{"rendered":"http:\/\/ecole-ste-anne-asserac.fr\/?p=769"},"modified":"2016-07-21T12:34:17","modified_gmt":"2016-07-21T11:34:17","slug":"on-a-gagne-des-places","status":"publish","type":"post","link":"https:\/\/ecole-ste-anne-asserac.fr\/?p=769","title":{"rendered":"On a gagn\u00e9 des places !!"},"content":{"rendered":"<p>Aujourd&rsquo;hui Lundi 13 Juin , nous avons eu la chance d&rsquo;aller voir des matchs de basket pour le tournoi de qualification pour les Jeux Olympiques de Rio. C\u00e9line et V\u00e9ronique avaient inscrit l&rsquo;\u00e9cole pour participer \u00e0 un tirage au sort &#8230;&#8230; et on a encore gagn\u00e9 ! Les CE2-CM1-CM2 sont ainsi partis \u00e0 Rez\u00e9, salle de la Tocardi\u00e8re, voir du basket de niveau international!<\/p>\n<p>Parmi les 12 \u00e9quipes f\u00e9minines en jeu, 5 seulement seront s\u00e9lectionn\u00e9es pour les J.O ! Nous avons vu 2 matchs :<\/p>\n<ul>\n<li>Chine \/ V\u00e9n\u00e9zuela : 77 &#8211; 59<\/li>\n<\/ul>\n<p>Comme on \u00e9tait avec nos T-Shirts rouges, on a support\u00e9 la Chine<\/p>\n<p><a href=\"http:\/\/ecole-ste-anne-asserac.fr\/wp-content\/uploads\/2016\/07\/SDC12212.jpg\"><img loading=\"lazy\" decoding=\"async\" class=\"aligncenter size-medium wp-image-777\" src=\"http:\/\/ecole-ste-anne-asserac.fr\/wp-content\/uploads\/2016\/07\/SDC12212-300x225.jpg\" alt=\"SDC12212\" width=\"300\" height=\"225\" srcset=\"https:\/\/ecole-ste-anne-asserac.fr\/wp-content\/uploads\/2016\/07\/SDC12212-300x225.jpg 300w, https:\/\/ecole-ste-anne-asserac.fr\/wp-content\/uploads\/2016\/07\/SDC12212-768x576.jpg 768w, https:\/\/ecole-ste-anne-asserac.fr\/wp-content\/uploads\/2016\/07\/SDC12212-1024x768.jpg 1024w, https:\/\/ecole-ste-anne-asserac.fr\/wp-content\/uploads\/2016\/07\/SDC12212-600x450.jpg 600w, https:\/\/ecole-ste-anne-asserac.fr\/wp-content\/uploads\/2016\/07\/SDC12212.jpg 2048w\" sizes=\"auto, (max-width: 300px) 100vw, 300px\" \/><\/a>&#8211; Argentine \/ Cameroun : 75 -64<\/p>\n<p>Sur ce match, on supportait plut\u00f4t l&rsquo;Argentine car il y avait \u00ab\u00a0M\u00e9lissa\u00a0\u00bb qui y jouait !!<\/p>\n<p><a href=\"http:\/\/ecole-ste-anne-asserac.fr\/wp-content\/uploads\/2016\/07\/SDC12242.jpg\"><img loading=\"lazy\" decoding=\"async\" class=\"aligncenter size-medium wp-image-778\" src=\"http:\/\/ecole-ste-anne-asserac.fr\/wp-content\/uploads\/2016\/07\/SDC12242-300x225.jpg\" alt=\"SDC12242\" width=\"300\" height=\"225\" srcset=\"https:\/\/ecole-ste-anne-asserac.fr\/wp-content\/uploads\/2016\/07\/SDC12242-300x225.jpg 300w, https:\/\/ecole-ste-anne-asserac.fr\/wp-content\/uploads\/2016\/07\/SDC12242-768x576.jpg 768w, https:\/\/ecole-ste-anne-asserac.fr\/wp-content\/uploads\/2016\/07\/SDC12242-1024x768.jpg 1024w, https:\/\/ecole-ste-anne-asserac.fr\/wp-content\/uploads\/2016\/07\/SDC12242-600x450.jpg 600w, https:\/\/ecole-ste-anne-asserac.fr\/wp-content\/uploads\/2016\/07\/SDC12242.jpg 2048w\" sizes=\"auto, (max-width: 300px) 100vw, 300px\" \/><\/a>Ambiance dans les tribunes :<\/p>\n<p><a href=\"http:\/\/ecole-ste-anne-asserac.fr\/wp-content\/uploads\/2016\/07\/SDC12218.jpg\"><img loading=\"lazy\" decoding=\"async\" class=\"aligncenter size-medium wp-image-779\" src=\"http:\/\/ecole-ste-anne-asserac.fr\/wp-content\/uploads\/2016\/07\/SDC12218-300x225.jpg\" alt=\"SDC12218\" width=\"300\" height=\"225\" srcset=\"https:\/\/ecole-ste-anne-asserac.fr\/wp-content\/uploads\/2016\/07\/SDC12218-300x225.jpg 300w, https:\/\/ecole-ste-anne-asserac.fr\/wp-content\/uploads\/2016\/07\/SDC12218-768x576.jpg 768w, https:\/\/ecole-ste-anne-asserac.fr\/wp-content\/uploads\/2016\/07\/SDC12218-1024x768.jpg 1024w, https:\/\/ecole-ste-anne-asserac.fr\/wp-content\/uploads\/2016\/07\/SDC12218-600x450.jpg 600w, https:\/\/ecole-ste-anne-asserac.fr\/wp-content\/uploads\/2016\/07\/SDC12218.jpg 2048w\" sizes=\"auto, (max-width: 300px) 100vw, 300px\" \/><\/a><\/p>\n<p>Et en vid\u00e9o : <a href=\"https:\/\/youtu.be\/wiKLcQSzhCo\">https:\/\/youtu.be\/wiKLcQSzhCo<\/a><\/p>\n<p>Encore une belle journ\u00e9e !<\/p>\n","protected":false},"excerpt":{"rendered":"<p>Aujourd&rsquo;hui Lundi 13 Juin , nous avons eu la chance d&rsquo;aller voir des matchs de basket pour le tournoi de qualification pour les Jeux Olympiques de Rio. C\u00e9line et V\u00e9ronique avaient inscrit l&rsquo;\u00e9cole pour participer \u00e0 un tirage au sort &#8230;&#8230; et on a encore gagn\u00e9 ! Les CE2-CM1-CM2 sont ainsi partis \u00e0 Rez\u00e9, salle<\/p>\n<p><a href=\"https:\/\/ecole-ste-anne-asserac.fr\/?p=769\" class=\"more-link themebutton\">Lire la suite<\/a><\/p>\n","protected":false},"author":3,"featured_media":0,"comment_status":"closed","ping_status":"closed","sticky":false,"template":"","format":"standard","meta":{"ngg_post_thumbnail":0,"footnotes":""},"categories":[7,8,6],"tags":[],"class_list":["post-769","post","type-post","status-publish","format-standard","hentry","category-classe-de-ce2-cm1","category-classe-de-cm1-cm2","category-classe-de-cp-ce1"],"_links":{"self":[{"href":"https:\/\/ecole-ste-anne-asserac.fr\/index.php?rest_route=\/wp\/v2\/posts\/769","targetHints":{"allow":["GET"]}}],"collection":[{"href":"https:\/\/ecole-ste-anne-asserac.fr\/index.php?rest_route=\/wp\/v2\/posts"}],"about":[{"href":"https:\/\/ecole-ste-anne-asserac.fr\/index.php?rest_route=\/wp\/v2\/types\/post"}],"author":[{"embeddable":true,"href":"https:\/\/ecole-ste-anne-asserac.fr\/index.php?rest_route=\/wp\/v2\/users\/3"}],"replies":[{"embeddable":true,"href":"https:\/\/ecole-ste-anne-asserac.fr\/index.php?rest_route=%2Fwp%2Fv2%2Fcomments&post=769"}],"version-history":[{"count":0,"href":"https:\/\/ecole-ste-anne-asserac.fr\/index.php?rest_route=\/wp\/v2\/posts\/769\/revisions"}],"wp:attachment":[{"href":"https:\/\/ecole-ste-anne-asserac.fr\/index.php?rest_route=%2Fwp%2Fv2%2Fmedia&parent=769"}],"wp:term":[{"taxonomy":"category","embeddable":true,"href":"https:\/\/ecole-ste-anne-asserac.fr\/index.php?rest_route=%2Fwp%2Fv2%2Fcategories&post=769"},{"taxonomy":"post_tag","embeddable":true,"href":"https:\/\/ecole-ste-anne-asserac.fr\/index.php?rest_route=%2Fwp%2Fv2%2Ftags&post=769"}],"curies":[{"name":"wp","href":"https:\/\/api.w.org\/{rel}","templated":true}]}}