{"id":781,"date":"2016-06-16T12:35:09","date_gmt":"2016-06-16T11:35:09","guid":{"rendered":"http:\/\/ecole-ste-anne-asserac.fr\/?p=781"},"modified":"2016-07-21T12:54:40","modified_gmt":"2016-07-21T11:54:40","slug":"concert-de-fin-dannee","status":"publish","type":"post","link":"https:\/\/ecole-ste-anne-asserac.fr\/?p=781","title":{"rendered":"Concert de fin d&rsquo;ann\u00e9e&#8230;"},"content":{"rendered":"<p>Mardi 14 Juin, tous les \u00e9l\u00e8ves de l&rsquo;\u00e9cole se sont r\u00e9unis dans la grande salle autour de Sarah, notre professeur de musique du conservatoire de La Baule-Gu\u00e9rande depuis plusieurs semaines.<\/p>\n<p>Avec elle nous avons voyag\u00e9 en musique ; c&rsquo;\u00e9tait le grand jour puisque nous avons tous montr\u00e9 aux autres classes ce qu&rsquo;on avait appris.<\/p>\n<!--[if lt IE 9]><script>document.createElement('audio');<\/script><![endif]-->\n<audio class=\"wp-audio-shortcode\" id=\"audio-781-1\" preload=\"none\" style=\"width: 100%;\" controls=\"controls\"><source type=\"audio\/mpeg\" src=\"http:\/\/ecole-ste-anne-asserac.fr\/wp-content\/uploads\/2016\/07\/steanneconcertjuin.mp3?_=1\" \/><a href=\"http:\/\/ecole-ste-anne-asserac.fr\/wp-content\/uploads\/2016\/07\/steanneconcertjuin.mp3\">http:\/\/ecole-ste-anne-asserac.fr\/wp-content\/uploads\/2016\/07\/steanneconcertjuin.mp3<\/a><\/audio>\n<p><a href=\"http:\/\/ecole-ste-anne-asserac.fr\/wp-content\/uploads\/2016\/07\/SDC12252.jpg\"><img loading=\"lazy\" decoding=\"async\" class=\"aligncenter size-medium wp-image-783\" src=\"http:\/\/ecole-ste-anne-asserac.fr\/wp-content\/uploads\/2016\/07\/SDC12252-300x225.jpg\" alt=\"SDC12252\" width=\"300\" height=\"225\" srcset=\"https:\/\/ecole-ste-anne-asserac.fr\/wp-content\/uploads\/2016\/07\/SDC12252-300x225.jpg 300w, https:\/\/ecole-ste-anne-asserac.fr\/wp-content\/uploads\/2016\/07\/SDC12252-768x576.jpg 768w, https:\/\/ecole-ste-anne-asserac.fr\/wp-content\/uploads\/2016\/07\/SDC12252-1024x768.jpg 1024w, https:\/\/ecole-ste-anne-asserac.fr\/wp-content\/uploads\/2016\/07\/SDC12252-600x450.jpg 600w, https:\/\/ecole-ste-anne-asserac.fr\/wp-content\/uploads\/2016\/07\/SDC12252.jpg 2048w\" sizes=\"auto, (max-width: 300px) 100vw, 300px\" \/><\/a> <a href=\"http:\/\/ecole-ste-anne-asserac.fr\/wp-content\/uploads\/2016\/07\/SDC12253.jpg\"><img loading=\"lazy\" decoding=\"async\" class=\"aligncenter size-medium wp-image-784\" src=\"http:\/\/ecole-ste-anne-asserac.fr\/wp-content\/uploads\/2016\/07\/SDC12253-300x225.jpg\" alt=\"SDC12253\" width=\"300\" height=\"225\" srcset=\"https:\/\/ecole-ste-anne-asserac.fr\/wp-content\/uploads\/2016\/07\/SDC12253-300x225.jpg 300w, https:\/\/ecole-ste-anne-asserac.fr\/wp-content\/uploads\/2016\/07\/SDC12253-768x576.jpg 768w, https:\/\/ecole-ste-anne-asserac.fr\/wp-content\/uploads\/2016\/07\/SDC12253-1024x768.jpg 1024w, https:\/\/ecole-ste-anne-asserac.fr\/wp-content\/uploads\/2016\/07\/SDC12253-600x450.jpg 600w, https:\/\/ecole-ste-anne-asserac.fr\/wp-content\/uploads\/2016\/07\/SDC12253.jpg 2048w\" sizes=\"auto, (max-width: 300px) 100vw, 300px\" \/><\/a><a href=\"http:\/\/ecole-ste-anne-asserac.fr\/wp-content\/uploads\/2016\/07\/SDC12249.jpg\"><img loading=\"lazy\" decoding=\"async\" class=\"aligncenter size-medium wp-image-785\" src=\"http:\/\/ecole-ste-anne-asserac.fr\/wp-content\/uploads\/2016\/07\/SDC12249-300x225.jpg\" alt=\"SDC12249\" width=\"300\" height=\"225\" srcset=\"https:\/\/ecole-ste-anne-asserac.fr\/wp-content\/uploads\/2016\/07\/SDC12249-300x225.jpg 300w, https:\/\/ecole-ste-anne-asserac.fr\/wp-content\/uploads\/2016\/07\/SDC12249-768x576.jpg 768w, https:\/\/ecole-ste-anne-asserac.fr\/wp-content\/uploads\/2016\/07\/SDC12249-1024x768.jpg 1024w, https:\/\/ecole-ste-anne-asserac.fr\/wp-content\/uploads\/2016\/07\/SDC12249-600x450.jpg 600w, https:\/\/ecole-ste-anne-asserac.fr\/wp-content\/uploads\/2016\/07\/SDC12249.jpg 2048w\" sizes=\"auto, (max-width: 300px) 100vw, 300px\" \/><\/a> <a href=\"http:\/\/ecole-ste-anne-asserac.fr\/wp-content\/uploads\/2016\/07\/SDC12250.jpg\"><img loading=\"lazy\" decoding=\"async\" class=\"aligncenter size-medium wp-image-786\" src=\"http:\/\/ecole-ste-anne-asserac.fr\/wp-content\/uploads\/2016\/07\/SDC12250-300x225.jpg\" alt=\"SDC12250\" width=\"300\" height=\"225\" srcset=\"https:\/\/ecole-ste-anne-asserac.fr\/wp-content\/uploads\/2016\/07\/SDC12250-300x225.jpg 300w, https:\/\/ecole-ste-anne-asserac.fr\/wp-content\/uploads\/2016\/07\/SDC12250-768x576.jpg 768w, https:\/\/ecole-ste-anne-asserac.fr\/wp-content\/uploads\/2016\/07\/SDC12250-1024x768.jpg 1024w, https:\/\/ecole-ste-anne-asserac.fr\/wp-content\/uploads\/2016\/07\/SDC12250-600x450.jpg 600w, https:\/\/ecole-ste-anne-asserac.fr\/wp-content\/uploads\/2016\/07\/SDC12250.jpg 2048w\" sizes=\"auto, (max-width: 300px) 100vw, 300px\" \/><\/a><\/p>\n<p>Les CM2 ont dit :<\/p>\n<p>\u00ab\u00a0On a beaucoup aim\u00e9 le concert\u00a0: on \u00e9coutait les autres et les autres ont fait pareil . Tous ont \u00e9t\u00e9 attentifs, m\u00eame les petits\u00a0! C&rsquo;\u00e9tait bien que tout le monde participe. Ce qu&rsquo;on a aim\u00e9 aussi, c&rsquo;est de pouvoir apporter ses instruments et les montrer aux autres<\/p>\n<p>Ce qu&rsquo;on a retenu du contenu des s\u00e9ances\u00a0:<\/p>\n<p>&#8211; il faut sourire quand on chante<\/p>\n<p>&#8211; imaginer que le son sorte de l&rsquo;arri\u00e8re de la t\u00eate<\/p>\n<p>&#8211; bien se tenir droit, faire attention \u00e0 sa posture, \u00e0 ses pieds<\/p>\n<p>&#8211; ne pas bloquer sa respiration avec les bras crois\u00e9s<\/p>\n<p>&#8211; on chante mieux quand on est group\u00e9\u00a0: on s&rsquo;entend\u00a0!\u00a0\u00bb<\/p>\n","protected":false},"excerpt":{"rendered":"<p>Mardi 14 Juin, tous les \u00e9l\u00e8ves de l&rsquo;\u00e9cole se sont r\u00e9unis dans la grande salle autour de Sarah, notre professeur de musique du conservatoire de La Baule-Gu\u00e9rande depuis plusieurs semaines. Avec elle nous avons voyag\u00e9 en musique ; c&rsquo;\u00e9tait le grand jour puisque nous avons tous montr\u00e9 aux autres classes ce qu&rsquo;on avait appris. Les<\/p>\n<p><a href=\"https:\/\/ecole-ste-anne-asserac.fr\/?p=781\" class=\"more-link themebutton\">Lire la suite<\/a><\/p>\n","protected":false},"author":3,"featured_media":0,"comment_status":"closed","ping_status":"closed","sticky":false,"template":"","format":"standard","meta":{"ngg_post_thumbnail":0,"footnotes":""},"categories":[8],"tags":[],"class_list":["post-781","post","type-post","status-publish","format-standard","hentry","category-classe-de-cm1-cm2"],"_links":{"self":[{"href":"https:\/\/ecole-ste-anne-asserac.fr\/index.php?rest_route=\/wp\/v2\/posts\/781","targetHints":{"allow":["GET"]}}],"collection":[{"href":"https:\/\/ecole-ste-anne-asserac.fr\/index.php?rest_route=\/wp\/v2\/posts"}],"about":[{"href":"https:\/\/ecole-ste-anne-asserac.fr\/index.php?rest_route=\/wp\/v2\/types\/post"}],"author":[{"embeddable":true,"href":"https:\/\/ecole-ste-anne-asserac.fr\/index.php?rest_route=\/wp\/v2\/users\/3"}],"replies":[{"embeddable":true,"href":"https:\/\/ecole-ste-anne-asserac.fr\/index.php?rest_route=%2Fwp%2Fv2%2Fcomments&post=781"}],"version-history":[{"count":0,"href":"https:\/\/ecole-ste-anne-asserac.fr\/index.php?rest_route=\/wp\/v2\/posts\/781\/revisions"}],"wp:attachment":[{"href":"https:\/\/ecole-ste-anne-asserac.fr\/index.php?rest_route=%2Fwp%2Fv2%2Fmedia&parent=781"}],"wp:term":[{"taxonomy":"category","embeddable":true,"href":"https:\/\/ecole-ste-anne-asserac.fr\/index.php?rest_route=%2Fwp%2Fv2%2Fcategories&post=781"},{"taxonomy":"post_tag","embeddable":true,"href":"https:\/\/ecole-ste-anne-asserac.fr\/index.php?rest_route=%2Fwp%2Fv2%2Ftags&post=781"}],"curies":[{"name":"wp","href":"https:\/\/api.w.org\/{rel}","templated":true}]}}