{"id":788,"date":"2016-06-18T12:54:58","date_gmt":"2016-06-18T11:54:58","guid":{"rendered":"http:\/\/ecole-ste-anne-asserac.fr\/?p=788"},"modified":"2016-07-21T13:02:46","modified_gmt":"2016-07-21T12:02:46","slug":"festicate","status":"publish","type":"post","link":"https:\/\/ecole-ste-anne-asserac.fr\/?p=788","title":{"rendered":"Festicat\u00e9 !"},"content":{"rendered":"<p>C&rsquo;est \u00e0 Ranrou\u00ebt, \u00e0 Herbignac , que les \u00e9quipes de cat\u00e9 se sont r\u00e9unies le 18 Juin pour c\u00e9l\u00e9brer la fin de l&rsquo;ann\u00e9e de cat\u00e9ch\u00e8se . Apr\u00e8s un jeu de piste par \u00e9quipe, on a r\u00e9fl\u00e9chi avec Maurice , le cur\u00e9 de la Paroisse, chant\u00e9.<\/p>\n<p><a href=\"http:\/\/ecole-ste-anne-asserac.fr\/wp-content\/uploads\/2016\/07\/SDC12254.jpg\"><img loading=\"lazy\" decoding=\"async\" class=\"aligncenter size-medium wp-image-789\" src=\"http:\/\/ecole-ste-anne-asserac.fr\/wp-content\/uploads\/2016\/07\/SDC12254-300x225.jpg\" alt=\"SDC12254\" width=\"300\" height=\"225\" srcset=\"https:\/\/ecole-ste-anne-asserac.fr\/wp-content\/uploads\/2016\/07\/SDC12254-300x225.jpg 300w, https:\/\/ecole-ste-anne-asserac.fr\/wp-content\/uploads\/2016\/07\/SDC12254-768x576.jpg 768w, https:\/\/ecole-ste-anne-asserac.fr\/wp-content\/uploads\/2016\/07\/SDC12254-1024x768.jpg 1024w, https:\/\/ecole-ste-anne-asserac.fr\/wp-content\/uploads\/2016\/07\/SDC12254-600x450.jpg 600w, https:\/\/ecole-ste-anne-asserac.fr\/wp-content\/uploads\/2016\/07\/SDC12254.jpg 2048w\" sizes=\"auto, (max-width: 300px) 100vw, 300px\" \/><\/a> <a href=\"http:\/\/ecole-ste-anne-asserac.fr\/wp-content\/uploads\/2016\/07\/SDC12255.jpg\"><img loading=\"lazy\" decoding=\"async\" class=\"aligncenter size-medium wp-image-790\" src=\"http:\/\/ecole-ste-anne-asserac.fr\/wp-content\/uploads\/2016\/07\/SDC12255-300x225.jpg\" alt=\"SDC12255\" width=\"300\" height=\"225\" srcset=\"https:\/\/ecole-ste-anne-asserac.fr\/wp-content\/uploads\/2016\/07\/SDC12255-300x225.jpg 300w, https:\/\/ecole-ste-anne-asserac.fr\/wp-content\/uploads\/2016\/07\/SDC12255-768x576.jpg 768w, https:\/\/ecole-ste-anne-asserac.fr\/wp-content\/uploads\/2016\/07\/SDC12255-1024x768.jpg 1024w, https:\/\/ecole-ste-anne-asserac.fr\/wp-content\/uploads\/2016\/07\/SDC12255-600x450.jpg 600w, https:\/\/ecole-ste-anne-asserac.fr\/wp-content\/uploads\/2016\/07\/SDC12255.jpg 2048w\" sizes=\"auto, (max-width: 300px) 100vw, 300px\" \/><\/a>Les enfants de l&rsquo;Eveil \u00e0 la Foi nous ont m\u00eame appris une chor\u00e9graphie&#8230; que nous avons tous repris !<a href=\"http:\/\/ecole-ste-anne-asserac.fr\/wp-content\/uploads\/2016\/07\/SDC12256.jpg\"><img loading=\"lazy\" decoding=\"async\" class=\"aligncenter size-medium wp-image-791\" src=\"http:\/\/ecole-ste-anne-asserac.fr\/wp-content\/uploads\/2016\/07\/SDC12256-300x225.jpg\" alt=\"SDC12256\" width=\"300\" height=\"225\" srcset=\"https:\/\/ecole-ste-anne-asserac.fr\/wp-content\/uploads\/2016\/07\/SDC12256-300x225.jpg 300w, https:\/\/ecole-ste-anne-asserac.fr\/wp-content\/uploads\/2016\/07\/SDC12256-768x576.jpg 768w, https:\/\/ecole-ste-anne-asserac.fr\/wp-content\/uploads\/2016\/07\/SDC12256-1024x768.jpg 1024w, https:\/\/ecole-ste-anne-asserac.fr\/wp-content\/uploads\/2016\/07\/SDC12256-600x450.jpg 600w, https:\/\/ecole-ste-anne-asserac.fr\/wp-content\/uploads\/2016\/07\/SDC12256.jpg 2048w\" sizes=\"auto, (max-width: 300px) 100vw, 300px\" \/><\/a>On aime bien se retrouver tous ensemble.<\/p>\n","protected":false},"excerpt":{"rendered":"<p>C&rsquo;est \u00e0 Ranrou\u00ebt, \u00e0 Herbignac , que les \u00e9quipes de cat\u00e9 se sont r\u00e9unies le 18 Juin pour c\u00e9l\u00e9brer la fin de l&rsquo;ann\u00e9e de cat\u00e9ch\u00e8se . Apr\u00e8s un jeu de piste par \u00e9quipe, on a r\u00e9fl\u00e9chi avec Maurice , le cur\u00e9 de la Paroisse, chant\u00e9. Les enfants de l&rsquo;Eveil \u00e0 la Foi nous ont m\u00eame<\/p>\n<p><a href=\"https:\/\/ecole-ste-anne-asserac.fr\/?p=788\" class=\"more-link themebutton\">Lire la suite<\/a><\/p>\n","protected":false},"author":3,"featured_media":0,"comment_status":"closed","ping_status":"closed","sticky":false,"template":"","format":"standard","meta":{"ngg_post_thumbnail":0,"footnotes":""},"categories":[8],"tags":[],"class_list":["post-788","post","type-post","status-publish","format-standard","hentry","category-classe-de-cm1-cm2"],"_links":{"self":[{"href":"https:\/\/ecole-ste-anne-asserac.fr\/index.php?rest_route=\/wp\/v2\/posts\/788","targetHints":{"allow":["GET"]}}],"collection":[{"href":"https:\/\/ecole-ste-anne-asserac.fr\/index.php?rest_route=\/wp\/v2\/posts"}],"about":[{"href":"https:\/\/ecole-ste-anne-asserac.fr\/index.php?rest_route=\/wp\/v2\/types\/post"}],"author":[{"embeddable":true,"href":"https:\/\/ecole-ste-anne-asserac.fr\/index.php?rest_route=\/wp\/v2\/users\/3"}],"replies":[{"embeddable":true,"href":"https:\/\/ecole-ste-anne-asserac.fr\/index.php?rest_route=%2Fwp%2Fv2%2Fcomments&post=788"}],"version-history":[{"count":0,"href":"https:\/\/ecole-ste-anne-asserac.fr\/index.php?rest_route=\/wp\/v2\/posts\/788\/revisions"}],"wp:attachment":[{"href":"https:\/\/ecole-ste-anne-asserac.fr\/index.php?rest_route=%2Fwp%2Fv2%2Fmedia&parent=788"}],"wp:term":[{"taxonomy":"category","embeddable":true,"href":"https:\/\/ecole-ste-anne-asserac.fr\/index.php?rest_route=%2Fwp%2Fv2%2Fcategories&post=788"},{"taxonomy":"post_tag","embeddable":true,"href":"https:\/\/ecole-ste-anne-asserac.fr\/index.php?rest_route=%2Fwp%2Fv2%2Ftags&post=788"}],"curies":[{"name":"wp","href":"https:\/\/api.w.org\/{rel}","templated":true}]}}