{"id":794,"date":"2016-06-23T13:26:36","date_gmt":"2016-06-23T12:26:36","guid":{"rendered":"http:\/\/ecole-ste-anne-asserac.fr\/?p=794"},"modified":"2016-07-21T13:27:07","modified_gmt":"2016-07-21T12:27:07","slug":"bientot-la-fete-de-lecole-2","status":"publish","type":"post","link":"https:\/\/ecole-ste-anne-asserac.fr\/?p=794","title":{"rendered":"Bient\u00f4t la f\u00eate de l&rsquo;\u00e9cole &#8230;."},"content":{"rendered":"<p>Samedi 18 Juin , ce sera la f\u00eate de l&rsquo;\u00e9cole , la KERMESSE au stade d&rsquo;Ass\u00e9rac ! Depuis plusieurs jours, on s&rsquo;entra\u00eene pour notre danse. Le th\u00e8me de cette ann\u00e9e \u00e9tant le voyage , V\u00e9ronique a choisi de nous faire danser sur 3 musiques de pays anglophones : l&rsquo;Inde, l&rsquo;Irlande et les USA&#8230;<a href=\"http:\/\/ecole-ste-anne-asserac.fr\/wp-content\/uploads\/2016\/07\/SDC12265.jpg\"><img loading=\"lazy\" decoding=\"async\" class=\"aligncenter size-medium wp-image-795\" src=\"http:\/\/ecole-ste-anne-asserac.fr\/wp-content\/uploads\/2016\/07\/SDC12265-300x225.jpg\" alt=\"SDC12265\" width=\"300\" height=\"225\" srcset=\"https:\/\/ecole-ste-anne-asserac.fr\/wp-content\/uploads\/2016\/07\/SDC12265-300x225.jpg 300w, https:\/\/ecole-ste-anne-asserac.fr\/wp-content\/uploads\/2016\/07\/SDC12265-768x576.jpg 768w, https:\/\/ecole-ste-anne-asserac.fr\/wp-content\/uploads\/2016\/07\/SDC12265-1024x768.jpg 1024w, https:\/\/ecole-ste-anne-asserac.fr\/wp-content\/uploads\/2016\/07\/SDC12265-600x450.jpg 600w, https:\/\/ecole-ste-anne-asserac.fr\/wp-content\/uploads\/2016\/07\/SDC12265.jpg 2048w\" sizes=\"auto, (max-width: 300px) 100vw, 300px\" \/><\/a> <a href=\"http:\/\/ecole-ste-anne-asserac.fr\/wp-content\/uploads\/2016\/07\/SDC12266.jpg\"><img loading=\"lazy\" decoding=\"async\" class=\"aligncenter size-medium wp-image-796\" src=\"http:\/\/ecole-ste-anne-asserac.fr\/wp-content\/uploads\/2016\/07\/SDC12266-300x225.jpg\" alt=\"SDC12266\" width=\"300\" height=\"225\" srcset=\"https:\/\/ecole-ste-anne-asserac.fr\/wp-content\/uploads\/2016\/07\/SDC12266-300x225.jpg 300w, https:\/\/ecole-ste-anne-asserac.fr\/wp-content\/uploads\/2016\/07\/SDC12266-768x576.jpg 768w, https:\/\/ecole-ste-anne-asserac.fr\/wp-content\/uploads\/2016\/07\/SDC12266-1024x768.jpg 1024w, https:\/\/ecole-ste-anne-asserac.fr\/wp-content\/uploads\/2016\/07\/SDC12266-600x450.jpg 600w, https:\/\/ecole-ste-anne-asserac.fr\/wp-content\/uploads\/2016\/07\/SDC12266.jpg 2048w\" sizes=\"auto, (max-width: 300px) 100vw, 300px\" \/><\/a>On fera aussi avec la classe de C\u00e9line le flashmob qu&rsquo;on avait appris pour aller en Angleterre!<\/p>\n<p>Nous sommes tous impatients d&rsquo;y \u00eatre !<\/p>\n","protected":false},"excerpt":{"rendered":"<p>Samedi 18 Juin , ce sera la f\u00eate de l&rsquo;\u00e9cole , la KERMESSE au stade d&rsquo;Ass\u00e9rac ! Depuis plusieurs jours, on s&rsquo;entra\u00eene pour notre danse. Le th\u00e8me de cette ann\u00e9e \u00e9tant le voyage , V\u00e9ronique a choisi de nous faire danser sur 3 musiques de pays anglophones : l&rsquo;Inde, l&rsquo;Irlande et les USA&#8230; On fera<\/p>\n<p><a href=\"https:\/\/ecole-ste-anne-asserac.fr\/?p=794\" class=\"more-link themebutton\">Lire la suite<\/a><\/p>\n","protected":false},"author":3,"featured_media":0,"comment_status":"closed","ping_status":"closed","sticky":false,"template":"","format":"standard","meta":{"ngg_post_thumbnail":0,"footnotes":""},"categories":[8],"tags":[],"class_list":["post-794","post","type-post","status-publish","format-standard","hentry","category-classe-de-cm1-cm2"],"_links":{"self":[{"href":"https:\/\/ecole-ste-anne-asserac.fr\/index.php?rest_route=\/wp\/v2\/posts\/794","targetHints":{"allow":["GET"]}}],"collection":[{"href":"https:\/\/ecole-ste-anne-asserac.fr\/index.php?rest_route=\/wp\/v2\/posts"}],"about":[{"href":"https:\/\/ecole-ste-anne-asserac.fr\/index.php?rest_route=\/wp\/v2\/types\/post"}],"author":[{"embeddable":true,"href":"https:\/\/ecole-ste-anne-asserac.fr\/index.php?rest_route=\/wp\/v2\/users\/3"}],"replies":[{"embeddable":true,"href":"https:\/\/ecole-ste-anne-asserac.fr\/index.php?rest_route=%2Fwp%2Fv2%2Fcomments&post=794"}],"version-history":[{"count":0,"href":"https:\/\/ecole-ste-anne-asserac.fr\/index.php?rest_route=\/wp\/v2\/posts\/794\/revisions"}],"wp:attachment":[{"href":"https:\/\/ecole-ste-anne-asserac.fr\/index.php?rest_route=%2Fwp%2Fv2%2Fmedia&parent=794"}],"wp:term":[{"taxonomy":"category","embeddable":true,"href":"https:\/\/ecole-ste-anne-asserac.fr\/index.php?rest_route=%2Fwp%2Fv2%2Fcategories&post=794"},{"taxonomy":"post_tag","embeddable":true,"href":"https:\/\/ecole-ste-anne-asserac.fr\/index.php?rest_route=%2Fwp%2Fv2%2Ftags&post=794"}],"curies":[{"name":"wp","href":"https:\/\/api.w.org\/{rel}","templated":true}]}}