{"id":819,"date":"2016-07-23T13:32:25","date_gmt":"2016-07-23T12:32:25","guid":{"rendered":"http:\/\/ecole-ste-anne-asserac.fr\/?p=819"},"modified":"2016-07-23T13:32:25","modified_gmt":"2016-07-23T12:32:25","slug":"tristesse-et-incomprehension","status":"publish","type":"post","link":"https:\/\/ecole-ste-anne-asserac.fr\/?p=819","title":{"rendered":"Tristesse et incompr\u00e9hension"},"content":{"rendered":"<p>L&rsquo;ann\u00e9e scolaire 2016-2017 se termine sur une note triste puisque nous avons appris la fermeture d&rsquo;une classe pour la rentr\u00e9e prochaine&#8230;..et donc le d\u00e9part d&rsquo;une enseignante , Delphine.<\/p>\n<p>Merci \u00e0 Delphine pour son investissement aupr\u00e8s des enfants et dans l&rsquo;\u00e9cole tout au long des ann\u00e9es pass\u00e9es \u00e0 ASSERAC.<a href=\"http:\/\/ecole-ste-anne-asserac.fr\/wp-content\/uploads\/2016\/07\/SDC12288.jpg\"><img loading=\"lazy\" decoding=\"async\" class=\"aligncenter size-medium wp-image-821\" src=\"http:\/\/ecole-ste-anne-asserac.fr\/wp-content\/uploads\/2016\/07\/SDC12288-300x225.jpg\" alt=\"SDC12288\" width=\"300\" height=\"225\" srcset=\"https:\/\/ecole-ste-anne-asserac.fr\/wp-content\/uploads\/2016\/07\/SDC12288-300x225.jpg 300w, https:\/\/ecole-ste-anne-asserac.fr\/wp-content\/uploads\/2016\/07\/SDC12288-768x576.jpg 768w, https:\/\/ecole-ste-anne-asserac.fr\/wp-content\/uploads\/2016\/07\/SDC12288-1024x768.jpg 1024w, https:\/\/ecole-ste-anne-asserac.fr\/wp-content\/uploads\/2016\/07\/SDC12288-600x450.jpg 600w, https:\/\/ecole-ste-anne-asserac.fr\/wp-content\/uploads\/2016\/07\/SDC12288.jpg 2048w\" sizes=\"auto, (max-width: 300px) 100vw, 300px\" \/><\/a> <a href=\"http:\/\/ecole-ste-anne-asserac.fr\/wp-content\/uploads\/2016\/07\/SDC12289.jpg\"><img loading=\"lazy\" decoding=\"async\" class=\"aligncenter size-medium wp-image-822\" src=\"http:\/\/ecole-ste-anne-asserac.fr\/wp-content\/uploads\/2016\/07\/SDC12289-300x225.jpg\" alt=\"SDC12289\" width=\"300\" height=\"225\" srcset=\"https:\/\/ecole-ste-anne-asserac.fr\/wp-content\/uploads\/2016\/07\/SDC12289-300x225.jpg 300w, https:\/\/ecole-ste-anne-asserac.fr\/wp-content\/uploads\/2016\/07\/SDC12289-768x576.jpg 768w, https:\/\/ecole-ste-anne-asserac.fr\/wp-content\/uploads\/2016\/07\/SDC12289-1024x768.jpg 1024w, https:\/\/ecole-ste-anne-asserac.fr\/wp-content\/uploads\/2016\/07\/SDC12289-600x450.jpg 600w, https:\/\/ecole-ste-anne-asserac.fr\/wp-content\/uploads\/2016\/07\/SDC12289.jpg 2048w\" sizes=\"auto, (max-width: 300px) 100vw, 300px\" \/><\/a> <a href=\"http:\/\/ecole-ste-anne-asserac.fr\/wp-content\/uploads\/2016\/07\/SDC12290.jpg\"><img loading=\"lazy\" decoding=\"async\" class=\"aligncenter size-medium wp-image-823\" src=\"http:\/\/ecole-ste-anne-asserac.fr\/wp-content\/uploads\/2016\/07\/SDC12290-300x225.jpg\" alt=\"SDC12290\" width=\"300\" height=\"225\" srcset=\"https:\/\/ecole-ste-anne-asserac.fr\/wp-content\/uploads\/2016\/07\/SDC12290-300x225.jpg 300w, https:\/\/ecole-ste-anne-asserac.fr\/wp-content\/uploads\/2016\/07\/SDC12290-768x576.jpg 768w, https:\/\/ecole-ste-anne-asserac.fr\/wp-content\/uploads\/2016\/07\/SDC12290-1024x768.jpg 1024w, https:\/\/ecole-ste-anne-asserac.fr\/wp-content\/uploads\/2016\/07\/SDC12290-600x450.jpg 600w, https:\/\/ecole-ste-anne-asserac.fr\/wp-content\/uploads\/2016\/07\/SDC12290.jpg 2048w\" sizes=\"auto, (max-width: 300px) 100vw, 300px\" \/><\/a>Cadeaux, petits mots, diaporama\u00a0 des enfants, parents, enseignantes&#8230;\u00a0\u00bbpour ne pas oublier\u00a0\u00bb<\/p>\n<p>Tristesse de l&rsquo;ensemble de la communaut\u00e9 \u00e9ducative mais aussi incompr\u00e9hension puisque le nombre d&rsquo;\u00e9l\u00e8ves sera identique \u00e0 celui de cette ann\u00e9e !<\/p>\n<p><a href=\"http:\/\/ecole-ste-anne-asserac.fr\/wp-content\/uploads\/2016\/07\/OF-fermeture-classe.jpg\"><img loading=\"lazy\" decoding=\"async\" class=\"aligncenter  wp-image-820\" src=\"http:\/\/ecole-ste-anne-asserac.fr\/wp-content\/uploads\/2016\/07\/OF-fermeture-classe-210x300.jpg\" alt=\"OF-fermeture-classe\" width=\"207\" height=\"356\" \/><\/a><\/p>\n","protected":false},"excerpt":{"rendered":"<p>L&rsquo;ann\u00e9e scolaire 2016-2017 se termine sur une note triste puisque nous avons appris la fermeture d&rsquo;une classe pour la rentr\u00e9e prochaine&#8230;..et donc le d\u00e9part d&rsquo;une enseignante , Delphine. Merci \u00e0 Delphine pour son investissement aupr\u00e8s des enfants et dans l&rsquo;\u00e9cole tout au long des ann\u00e9es pass\u00e9es \u00e0 ASSERAC. Cadeaux, petits mots, diaporama\u00a0 des enfants, parents,<\/p>\n<p><a href=\"https:\/\/ecole-ste-anne-asserac.fr\/?p=819\" class=\"more-link themebutton\">Lire la suite<\/a><\/p>\n","protected":false},"author":3,"featured_media":0,"comment_status":"closed","ping_status":"closed","sticky":false,"template":"","format":"standard","meta":{"ngg_post_thumbnail":0,"footnotes":""},"categories":[11],"tags":[],"class_list":["post-819","post","type-post","status-publish","format-standard","hentry","category-actualite"],"_links":{"self":[{"href":"https:\/\/ecole-ste-anne-asserac.fr\/index.php?rest_route=\/wp\/v2\/posts\/819","targetHints":{"allow":["GET"]}}],"collection":[{"href":"https:\/\/ecole-ste-anne-asserac.fr\/index.php?rest_route=\/wp\/v2\/posts"}],"about":[{"href":"https:\/\/ecole-ste-anne-asserac.fr\/index.php?rest_route=\/wp\/v2\/types\/post"}],"author":[{"embeddable":true,"href":"https:\/\/ecole-ste-anne-asserac.fr\/index.php?rest_route=\/wp\/v2\/users\/3"}],"replies":[{"embeddable":true,"href":"https:\/\/ecole-ste-anne-asserac.fr\/index.php?rest_route=%2Fwp%2Fv2%2Fcomments&post=819"}],"version-history":[{"count":0,"href":"https:\/\/ecole-ste-anne-asserac.fr\/index.php?rest_route=\/wp\/v2\/posts\/819\/revisions"}],"wp:attachment":[{"href":"https:\/\/ecole-ste-anne-asserac.fr\/index.php?rest_route=%2Fwp%2Fv2%2Fmedia&parent=819"}],"wp:term":[{"taxonomy":"category","embeddable":true,"href":"https:\/\/ecole-ste-anne-asserac.fr\/index.php?rest_route=%2Fwp%2Fv2%2Fcategories&post=819"},{"taxonomy":"post_tag","embeddable":true,"href":"https:\/\/ecole-ste-anne-asserac.fr\/index.php?rest_route=%2Fwp%2Fv2%2Ftags&post=819"}],"curies":[{"name":"wp","href":"https:\/\/api.w.org\/{rel}","templated":true}]}}