{"id":832,"date":"2016-08-28T13:59:59","date_gmt":"2016-08-28T12:59:59","guid":{"rendered":"http:\/\/ecole-ste-anne-asserac.fr\/?p=832"},"modified":"2016-08-28T13:59:59","modified_gmt":"2016-08-28T12:59:59","slug":"defi-maths-des-vacances-les-reponses","status":"publish","type":"post","link":"https:\/\/ecole-ste-anne-asserac.fr\/?p=832","title":{"rendered":"D\u00e9fi maths des vacances : les r\u00e9ponses"},"content":{"rendered":"<p>Bonjour \u00e0 tous !<\/p>\n<p>J&rsquo;esp\u00e8re que vous vous \u00eates bien repos\u00e9s, que vous \u00eates pr\u00eats pour le grand jour de la rentr\u00e9e au coll\u00e8ge&#8230; Comme je vous l&rsquo;avais promis, voici les r\u00e9ponses au d\u00e9fi maths des vacances :<\/p>\n<p>1 )<\/p>\n<table>\n<tbody>\n<tr>\n<td>20<\/td>\n<td>10<\/td>\n<td>40<\/td>\n<td>30<\/td>\n<\/tr>\n<tr>\n<td>30<\/td>\n<td>10<\/td>\n<td>30<\/td>\n<td>30<\/td>\n<\/tr>\n<tr>\n<td>40<\/td>\n<td>30<\/td>\n<td>10<\/td>\n<td>20<\/td>\n<\/tr>\n<tr>\n<td>10<\/td>\n<td>50<\/td>\n<td>20<\/td>\n<td>20<\/td>\n<\/tr>\n<\/tbody>\n<\/table>\n<p>2)<a href=\"http:\/\/ecole-ste-anne-asserac.fr\/wp-content\/uploads\/2016\/08\/IMG_4257.jpg\"><img loading=\"lazy\" decoding=\"async\" class=\"aligncenter size-medium wp-image-836\" src=\"http:\/\/ecole-ste-anne-asserac.fr\/wp-content\/uploads\/2016\/08\/IMG_4257-300x225.jpg\" alt=\"IMG_4257\" width=\"300\" height=\"225\" srcset=\"https:\/\/ecole-ste-anne-asserac.fr\/wp-content\/uploads\/2016\/08\/IMG_4257-300x225.jpg 300w, https:\/\/ecole-ste-anne-asserac.fr\/wp-content\/uploads\/2016\/08\/IMG_4257-768x576.jpg 768w, https:\/\/ecole-ste-anne-asserac.fr\/wp-content\/uploads\/2016\/08\/IMG_4257-1024x768.jpg 1024w, https:\/\/ecole-ste-anne-asserac.fr\/wp-content\/uploads\/2016\/08\/IMG_4257-600x450.jpg 600w, https:\/\/ecole-ste-anne-asserac.fr\/wp-content\/uploads\/2016\/08\/IMG_4257.jpg 2048w\" sizes=\"auto, (max-width: 300px) 100vw, 300px\" \/><\/a><\/p>\n<p>3)<a href=\"http:\/\/ecole-ste-anne-asserac.fr\/wp-content\/uploads\/2016\/08\/IMG_4258.jpg\"><img loading=\"lazy\" decoding=\"async\" class=\"aligncenter size-medium wp-image-837\" src=\"http:\/\/ecole-ste-anne-asserac.fr\/wp-content\/uploads\/2016\/08\/IMG_4258-300x225.jpg\" alt=\"IMG_4258\" width=\"300\" height=\"225\" srcset=\"https:\/\/ecole-ste-anne-asserac.fr\/wp-content\/uploads\/2016\/08\/IMG_4258-300x225.jpg 300w, https:\/\/ecole-ste-anne-asserac.fr\/wp-content\/uploads\/2016\/08\/IMG_4258-768x576.jpg 768w, https:\/\/ecole-ste-anne-asserac.fr\/wp-content\/uploads\/2016\/08\/IMG_4258-1024x768.jpg 1024w, https:\/\/ecole-ste-anne-asserac.fr\/wp-content\/uploads\/2016\/08\/IMG_4258-600x450.jpg 600w, https:\/\/ecole-ste-anne-asserac.fr\/wp-content\/uploads\/2016\/08\/IMG_4258.jpg 2048w\" sizes=\"auto, (max-width: 300px) 100vw, 300px\" \/><\/a><\/p>\n<p>4) Il reste 8 jetons . Un seul jeton est enlev\u00e9 = 314<\/p>\n<p>5) 32 faces sont peintes : 8 vues du dessus , 8 vues du dessous et 16 sur les c\u00f4t\u00e9s<\/p>\n<p>6) 100 : 5 = 20\u00a0\u00a0 donc 1 si\u00e8cle est \u00e9gal \u00e0 20 lustres<\/p>\n<p>7) La boutique du pharmacien porte le n\u00b0 72.<\/p>\n<p>La boutique du boucher porte le 74 ( le plus grand nombre). La boutique verte porte le n\u00b072 ( divisible par 4) . Ce n&rsquo;est pas celle du boulanger qui est bleue et qui porte donc le n\u00b070.<\/p>\n<p>8) le rayon mesure 125 m\u00e8tres<\/p>\n<p>1000 : 4 = 250<\/p>\n<p>et 250 : 2 = 125<\/p>\n<p>9) sac jaune : 1\u00a0\u00a0\u00a0\u00a0\u00a0\u00a0 sac bleu : 1\u00a0\u00a0\u00a0\u00a0\u00a0\u00a0\u00a0 sacs rouges : 2\u00a0\u00a0\u00a0\u00a0\u00a0\u00a0\u00a0\u00a0\u00a0 sacs verts : 3<\/p>\n<p>30 &#8211; ( 2&#215;4 ) = 22<\/p>\n<p>22 &#8211; 8 = 14<\/p>\n<p>14 = ( 5&#215;1) + (3&#215;3)<\/p>\n<p>10) Il existe plusieurs solutions &#8230; En voici une :<a href=\"http:\/\/ecole-ste-anne-asserac.fr\/wp-content\/uploads\/2016\/08\/IMG_4259.jpg\"><img loading=\"lazy\" decoding=\"async\" class=\"aligncenter size-medium wp-image-838\" src=\"http:\/\/ecole-ste-anne-asserac.fr\/wp-content\/uploads\/2016\/08\/IMG_4259-300x225.jpg\" alt=\"IMG_4259\" width=\"300\" height=\"225\" srcset=\"https:\/\/ecole-ste-anne-asserac.fr\/wp-content\/uploads\/2016\/08\/IMG_4259-300x225.jpg 300w, https:\/\/ecole-ste-anne-asserac.fr\/wp-content\/uploads\/2016\/08\/IMG_4259-768x576.jpg 768w, https:\/\/ecole-ste-anne-asserac.fr\/wp-content\/uploads\/2016\/08\/IMG_4259-1024x768.jpg 1024w, https:\/\/ecole-ste-anne-asserac.fr\/wp-content\/uploads\/2016\/08\/IMG_4259-600x450.jpg 600w, https:\/\/ecole-ste-anne-asserac.fr\/wp-content\/uploads\/2016\/08\/IMG_4259.jpg 2048w\" sizes=\"auto, (max-width: 300px) 100vw, 300px\" \/><\/a><\/p>\n<p>Vous aviez trouv\u00e9 ?? Bravo !! Si ce n&rsquo;est pas le cas , les solutions devraient vous guider pour mieux comprendre les \u00e9nigmes &#8230;<\/p>\n<p>Pour celles et ceux qui avaient command\u00e9 un album photos, souvenir des aventures en Angleterre : les livres albums sont arriv\u00e9s. Vous pouvez venir les chercher quand vous voulez. Rappel du prix pour ceux qui n&rsquo;auraient pas r\u00e9gl\u00e9 en juin : 25 \u20ac<\/p>\n<p>A tr\u00e8s bient\u00f4t !<\/p>\n<p>V\u00e9ronique<\/p>\n","protected":false},"excerpt":{"rendered":"<p>Bonjour \u00e0 tous ! J&rsquo;esp\u00e8re que vous vous \u00eates bien repos\u00e9s, que vous \u00eates pr\u00eats pour le grand jour de la rentr\u00e9e au coll\u00e8ge&#8230; Comme je vous l&rsquo;avais promis, voici les r\u00e9ponses au d\u00e9fi maths des vacances : 1 ) 20 10 40 30 30 10 30 30 40 30 10 20 10 50 20<\/p>\n<p><a href=\"https:\/\/ecole-ste-anne-asserac.fr\/?p=832\" class=\"more-link themebutton\">Lire la suite<\/a><\/p>\n","protected":false},"author":3,"featured_media":0,"comment_status":"closed","ping_status":"closed","sticky":false,"template":"","format":"standard","meta":{"ngg_post_thumbnail":0,"footnotes":""},"categories":[8],"tags":[],"class_list":["post-832","post","type-post","status-publish","format-standard","hentry","category-classe-de-cm1-cm2"],"_links":{"self":[{"href":"https:\/\/ecole-ste-anne-asserac.fr\/index.php?rest_route=\/wp\/v2\/posts\/832","targetHints":{"allow":["GET"]}}],"collection":[{"href":"https:\/\/ecole-ste-anne-asserac.fr\/index.php?rest_route=\/wp\/v2\/posts"}],"about":[{"href":"https:\/\/ecole-ste-anne-asserac.fr\/index.php?rest_route=\/wp\/v2\/types\/post"}],"author":[{"embeddable":true,"href":"https:\/\/ecole-ste-anne-asserac.fr\/index.php?rest_route=\/wp\/v2\/users\/3"}],"replies":[{"embeddable":true,"href":"https:\/\/ecole-ste-anne-asserac.fr\/index.php?rest_route=%2Fwp%2Fv2%2Fcomments&post=832"}],"version-history":[{"count":0,"href":"https:\/\/ecole-ste-anne-asserac.fr\/index.php?rest_route=\/wp\/v2\/posts\/832\/revisions"}],"wp:attachment":[{"href":"https:\/\/ecole-ste-anne-asserac.fr\/index.php?rest_route=%2Fwp%2Fv2%2Fmedia&parent=832"}],"wp:term":[{"taxonomy":"category","embeddable":true,"href":"https:\/\/ecole-ste-anne-asserac.fr\/index.php?rest_route=%2Fwp%2Fv2%2Fcategories&post=832"},{"taxonomy":"post_tag","embeddable":true,"href":"https:\/\/ecole-ste-anne-asserac.fr\/index.php?rest_route=%2Fwp%2Fv2%2Ftags&post=832"}],"curies":[{"name":"wp","href":"https:\/\/api.w.org\/{rel}","templated":true}]}}