{"id":885,"date":"2016-09-14T12:37:14","date_gmt":"2016-09-14T11:37:14","guid":{"rendered":"http:\/\/ecole-ste-anne-asserac.fr\/?p=885"},"modified":"2016-09-24T11:24:27","modified_gmt":"2016-09-24T10:24:27","slug":"toutes-voiles-dehors","status":"publish","type":"post","link":"https:\/\/ecole-ste-anne-asserac.fr\/?p=885","title":{"rendered":"Toutes voiles dehors !"},"content":{"rendered":"<p>Cette semaine,\u00a0 c&rsquo;est la reprise des s\u00e9ances de voile au <a href=\"http:\/\/www.cnpenestin.com\/\">CNP, le Club Nautique de P\u00e9nestin <\/a>pour les enfants de CM ! Les\u00a0 CM2 ont repris mercredi matin avec un temps id\u00e9al &#8230;.<\/p>\n<p style=\"text-align: center;\"><a href=\"http:\/\/ecole-ste-anne-asserac.fr\/wp-content\/uploads\/2016\/09\/SDC12321.jpg\"><img loading=\"lazy\" decoding=\"async\" class=\"aligncenter size-medium wp-image-886\" src=\"http:\/\/ecole-ste-anne-asserac.fr\/wp-content\/uploads\/2016\/09\/SDC12321-300x225.jpg\" alt=\"sdc12321\" width=\"300\" height=\"225\" srcset=\"https:\/\/ecole-ste-anne-asserac.fr\/wp-content\/uploads\/2016\/09\/SDC12321-300x225.jpg 300w, https:\/\/ecole-ste-anne-asserac.fr\/wp-content\/uploads\/2016\/09\/SDC12321-768x576.jpg 768w, https:\/\/ecole-ste-anne-asserac.fr\/wp-content\/uploads\/2016\/09\/SDC12321-1024x768.jpg 1024w, https:\/\/ecole-ste-anne-asserac.fr\/wp-content\/uploads\/2016\/09\/SDC12321-600x450.jpg 600w, https:\/\/ecole-ste-anne-asserac.fr\/wp-content\/uploads\/2016\/09\/SDC12321.jpg 2048w\" sizes=\"auto, (max-width: 300px) 100vw, 300px\" \/><\/a>Aussit\u00f4t sortis des vestiaires , on \u00e9coute les consignes de Ingrid et S\u00e9bastien pour sortir les bateaux &#8230;.<\/p>\n<p style=\"text-align: center;\"><a href=\"http:\/\/ecole-ste-anne-asserac.fr\/wp-content\/uploads\/2016\/09\/SDC12322.jpg\"><img loading=\"lazy\" decoding=\"async\" class=\"aligncenter size-medium wp-image-887\" src=\"http:\/\/ecole-ste-anne-asserac.fr\/wp-content\/uploads\/2016\/09\/SDC12322-300x225.jpg\" alt=\"sdc12322\" width=\"300\" height=\"225\" srcset=\"https:\/\/ecole-ste-anne-asserac.fr\/wp-content\/uploads\/2016\/09\/SDC12322-300x225.jpg 300w, https:\/\/ecole-ste-anne-asserac.fr\/wp-content\/uploads\/2016\/09\/SDC12322-768x576.jpg 768w, https:\/\/ecole-ste-anne-asserac.fr\/wp-content\/uploads\/2016\/09\/SDC12322-1024x768.jpg 1024w, https:\/\/ecole-ste-anne-asserac.fr\/wp-content\/uploads\/2016\/09\/SDC12322-600x450.jpg 600w, https:\/\/ecole-ste-anne-asserac.fr\/wp-content\/uploads\/2016\/09\/SDC12322.jpg 2048w\" sizes=\"auto, (max-width: 300px) 100vw, 300px\" \/><\/a> <a href=\"http:\/\/ecole-ste-anne-asserac.fr\/wp-content\/uploads\/2016\/09\/SDC12323.jpg\"><img loading=\"lazy\" decoding=\"async\" class=\"aligncenter size-medium wp-image-888\" src=\"http:\/\/ecole-ste-anne-asserac.fr\/wp-content\/uploads\/2016\/09\/SDC12323-225x300.jpg\" alt=\"sdc12323\" width=\"225\" height=\"300\" srcset=\"https:\/\/ecole-ste-anne-asserac.fr\/wp-content\/uploads\/2016\/09\/SDC12323-225x300.jpg 225w, https:\/\/ecole-ste-anne-asserac.fr\/wp-content\/uploads\/2016\/09\/SDC12323-768x1024.jpg 768w, https:\/\/ecole-ste-anne-asserac.fr\/wp-content\/uploads\/2016\/09\/SDC12323-600x800.jpg 600w, https:\/\/ecole-ste-anne-asserac.fr\/wp-content\/uploads\/2016\/09\/SDC12323.jpg 1152w\" sizes=\"auto, (max-width: 225px) 100vw, 225px\" \/><\/a> <a href=\"http:\/\/ecole-ste-anne-asserac.fr\/wp-content\/uploads\/2016\/09\/SDC12324.jpg\"><img loading=\"lazy\" decoding=\"async\" class=\"aligncenter size-medium wp-image-889\" src=\"http:\/\/ecole-ste-anne-asserac.fr\/wp-content\/uploads\/2016\/09\/SDC12324-300x225.jpg\" alt=\"sdc12324\" width=\"300\" height=\"225\" srcset=\"https:\/\/ecole-ste-anne-asserac.fr\/wp-content\/uploads\/2016\/09\/SDC12324-300x225.jpg 300w, https:\/\/ecole-ste-anne-asserac.fr\/wp-content\/uploads\/2016\/09\/SDC12324-768x576.jpg 768w, https:\/\/ecole-ste-anne-asserac.fr\/wp-content\/uploads\/2016\/09\/SDC12324-1024x768.jpg 1024w, https:\/\/ecole-ste-anne-asserac.fr\/wp-content\/uploads\/2016\/09\/SDC12324-600x450.jpg 600w, https:\/\/ecole-ste-anne-asserac.fr\/wp-content\/uploads\/2016\/09\/SDC12324.jpg 2048w\" sizes=\"auto, (max-width: 300px) 100vw, 300px\" \/><\/a>On tire&#8230;on pousse &#8230;.pour l&rsquo;instant on va chercher la mer !<\/p>\n<p style=\"text-align: center;\"><a href=\"http:\/\/ecole-ste-anne-asserac.fr\/wp-content\/uploads\/2016\/09\/SDC12325.jpg\"><img loading=\"lazy\" decoding=\"async\" class=\"aligncenter size-medium wp-image-890\" src=\"http:\/\/ecole-ste-anne-asserac.fr\/wp-content\/uploads\/2016\/09\/SDC12325-300x225.jpg\" alt=\"sdc12325\" width=\"300\" height=\"225\" srcset=\"https:\/\/ecole-ste-anne-asserac.fr\/wp-content\/uploads\/2016\/09\/SDC12325-300x225.jpg 300w, https:\/\/ecole-ste-anne-asserac.fr\/wp-content\/uploads\/2016\/09\/SDC12325-768x576.jpg 768w, https:\/\/ecole-ste-anne-asserac.fr\/wp-content\/uploads\/2016\/09\/SDC12325-1024x768.jpg 1024w, https:\/\/ecole-ste-anne-asserac.fr\/wp-content\/uploads\/2016\/09\/SDC12325-600x450.jpg 600w, https:\/\/ecole-ste-anne-asserac.fr\/wp-content\/uploads\/2016\/09\/SDC12325.jpg 2048w\" sizes=\"auto, (max-width: 300px) 100vw, 300px\" \/><\/a>Cette fois , on \u00e9couter les consignes pour bien gr\u00e9er &#8230; les gestes des s\u00e9ances pass\u00e9es vont revenir vite .<\/p>\n<p style=\"text-align: center;\"><a href=\"http:\/\/ecole-ste-anne-asserac.fr\/wp-content\/uploads\/2016\/09\/SDC12326.jpg\"><img loading=\"lazy\" decoding=\"async\" class=\"aligncenter size-medium wp-image-891\" src=\"http:\/\/ecole-ste-anne-asserac.fr\/wp-content\/uploads\/2016\/09\/SDC12326-300x225.jpg\" alt=\"sdc12326\" width=\"300\" height=\"225\" srcset=\"https:\/\/ecole-ste-anne-asserac.fr\/wp-content\/uploads\/2016\/09\/SDC12326-300x225.jpg 300w, https:\/\/ecole-ste-anne-asserac.fr\/wp-content\/uploads\/2016\/09\/SDC12326-768x576.jpg 768w, https:\/\/ecole-ste-anne-asserac.fr\/wp-content\/uploads\/2016\/09\/SDC12326-1024x768.jpg 1024w, https:\/\/ecole-ste-anne-asserac.fr\/wp-content\/uploads\/2016\/09\/SDC12326-600x450.jpg 600w, https:\/\/ecole-ste-anne-asserac.fr\/wp-content\/uploads\/2016\/09\/SDC12326.jpg 2048w\" sizes=\"auto, (max-width: 300px) 100vw, 300px\" \/><\/a>Et c&rsquo;est parti !<\/p>\n<p style=\"text-align: center;\">Quant aux CM1, ils ont commenc\u00e9 jeudi matin : temps agr\u00e9able, pas de vagues, mais peu de vent . Id\u00e9al aussi pour une premi\u00e8re s\u00e9ance ! Voici quelques r\u00e9actions des enfants \u00ab\u00a0\u00e0 chaud\u00a0\u00bb (15\/09\/2016) :<\/p>\n<p>\u00a0\u00bb J&rsquo;ai bien aim\u00e9 \u00e0 la fin de la s\u00e9ance quand S\u00e9bastien nous a remorqu\u00e9s jusqu&rsquo;\u00e0 la plage parce nous n&rsquo;avions plus le temps de rentrer! \u00a0\u00bb<\/p>\n<p>\u00ab\u00a0Au d\u00e9but j&rsquo;avais un peu peur, mais en fait c&rsquo;est trop bien\u00a0! J&rsquo;ai envie de recommencer la semaine prochaine\u00a0! Et plein de fois apr\u00e8s\u00a0!\u00a0\u00bb<\/p>\n<p>\u00ab\u00a0J&rsquo;ai bien aim\u00e9 le remorquage car \u00e7a allait vite , vite , vite\u00a0!!! Pour moi, le plus difficile c&rsquo;\u00e9tait de freiner le bateau , de s&rsquo;arr\u00eater \u2026.\u00a0\u00bb<\/p>\n<p>\u00ab\u00a0J&rsquo;ai bien aim\u00e9 quand il y a eu un peu plus de vent\u00a0: \u00e7a allait plus vite.\u00a0\u00bb<\/p>\n<p>\u00ab\u00a0Au d\u00e9but , j&rsquo;avais un peu peur mais \u00e0 la fin on se dit qu&rsquo;on s&rsquo;est bien amus\u00e9 quand m\u00eame\u00a0\u00bb<\/p>\n<p>\u00ab\u00a0A la fin, quand on est sorti du bateau, c&rsquo;\u00e9tait bien de sauter dans l&rsquo;eau , il y avait des vagues\u00a0\u00bb.<\/p>\n<p>\u00a0\u00bb Ce que j&rsquo;ai trouv\u00e9 le plus difficile , c&rsquo;\u00e9tait de mettre les bateaux \u00e0 l&rsquo;eau et ensuite de les ramener sur la plage.\u00a0\u00bb<\/p>\n<p>\u00ab\u00a0Quand il y a eu des vagues, on a eu l&rsquo;impression que le bateau \u00ab\u00a0sautait\u00a0\u00bb sur l&rsquo;eau \u2026\u00a0\u00bb<\/p>\n<p>\u00ab\u00a0Ce que j&rsquo;ai trouv\u00e9 difficile, c&rsquo;\u00e9tait de changer de c\u00f4t\u00e9 pour m&rsquo;asseoir quand la voile changeait de c\u00f4t\u00e9.\u00a0\u00bb<\/p>\n<p>\u00ab\u00a0Le plus dur , c&rsquo;\u00e9tait de tirer le bateau quand on \u00e9tait d\u00e9j\u00e0 un peu dans l&rsquo;eau\u00a0: c&rsquo;\u00e9tait tr\u00e8s physique\u00a0!\u00a0\u00bb<\/p>\n<p style=\"text-align: center;\"><strong>Nous avons tous envie de retourner la semaine prochaine, et cette fois V\u00e9ronique fera des photos\u00a0 &#8230;.<br \/>\n<\/strong><\/p>\n<p style=\"text-align: center;\">Les voil\u00e0 ! ( 24\/09\/2016)<\/p>\n<p style=\"text-align: center;\"><a href=\"http:\/\/ecole-ste-anne-asserac.fr\/wp-content\/uploads\/2016\/09\/SDC12327.jpg\"><img loading=\"lazy\" decoding=\"async\" class=\"aligncenter size-medium wp-image-899\" src=\"http:\/\/ecole-ste-anne-asserac.fr\/wp-content\/uploads\/2016\/09\/SDC12327-300x225.jpg\" alt=\"sdc12327\" width=\"300\" height=\"225\" srcset=\"https:\/\/ecole-ste-anne-asserac.fr\/wp-content\/uploads\/2016\/09\/SDC12327-300x225.jpg 300w, https:\/\/ecole-ste-anne-asserac.fr\/wp-content\/uploads\/2016\/09\/SDC12327-768x576.jpg 768w, https:\/\/ecole-ste-anne-asserac.fr\/wp-content\/uploads\/2016\/09\/SDC12327-1024x768.jpg 1024w, https:\/\/ecole-ste-anne-asserac.fr\/wp-content\/uploads\/2016\/09\/SDC12327-600x450.jpg 600w, https:\/\/ecole-ste-anne-asserac.fr\/wp-content\/uploads\/2016\/09\/SDC12327.jpg 2048w\" sizes=\"auto, (max-width: 300px) 100vw, 300px\" \/><\/a>Les premiers pr\u00eats au sortir des vestiaires &#8230;<\/p>\n<p style=\"text-align: center;\"><a href=\"http:\/\/ecole-ste-anne-asserac.fr\/wp-content\/uploads\/2016\/09\/SDC12331.jpg\"><img loading=\"lazy\" decoding=\"async\" class=\"aligncenter size-medium wp-image-900\" src=\"http:\/\/ecole-ste-anne-asserac.fr\/wp-content\/uploads\/2016\/09\/SDC12331-300x225.jpg\" alt=\"sdc12331\" width=\"300\" height=\"225\" srcset=\"https:\/\/ecole-ste-anne-asserac.fr\/wp-content\/uploads\/2016\/09\/SDC12331-300x225.jpg 300w, https:\/\/ecole-ste-anne-asserac.fr\/wp-content\/uploads\/2016\/09\/SDC12331-768x576.jpg 768w, https:\/\/ecole-ste-anne-asserac.fr\/wp-content\/uploads\/2016\/09\/SDC12331-1024x768.jpg 1024w, https:\/\/ecole-ste-anne-asserac.fr\/wp-content\/uploads\/2016\/09\/SDC12331-600x450.jpg 600w, https:\/\/ecole-ste-anne-asserac.fr\/wp-content\/uploads\/2016\/09\/SDC12331.jpg 2048w\" sizes=\"auto, (max-width: 300px) 100vw, 300px\" \/><\/a> <a href=\"http:\/\/ecole-ste-anne-asserac.fr\/wp-content\/uploads\/2016\/09\/SDC12332.jpg\"><img loading=\"lazy\" decoding=\"async\" class=\"aligncenter size-medium wp-image-901\" src=\"http:\/\/ecole-ste-anne-asserac.fr\/wp-content\/uploads\/2016\/09\/SDC12332-300x225.jpg\" alt=\"sdc12332\" width=\"300\" height=\"225\" srcset=\"https:\/\/ecole-ste-anne-asserac.fr\/wp-content\/uploads\/2016\/09\/SDC12332-300x225.jpg 300w, https:\/\/ecole-ste-anne-asserac.fr\/wp-content\/uploads\/2016\/09\/SDC12332-768x576.jpg 768w, https:\/\/ecole-ste-anne-asserac.fr\/wp-content\/uploads\/2016\/09\/SDC12332-1024x768.jpg 1024w, https:\/\/ecole-ste-anne-asserac.fr\/wp-content\/uploads\/2016\/09\/SDC12332-600x450.jpg 600w, https:\/\/ecole-ste-anne-asserac.fr\/wp-content\/uploads\/2016\/09\/SDC12332.jpg 2048w\" sizes=\"auto, (max-width: 300px) 100vw, 300px\" \/><\/a>Apr\u00e8s avoir gr\u00e9\u00e9 les bateaux , nous \u00e9coutons S\u00e9bastien pour ce qu&rsquo;on va apprendre aujourd&rsquo;hui :\u00a0 la direction du vent !<\/p>\n<p style=\"text-align: center;\"><a href=\"http:\/\/ecole-ste-anne-asserac.fr\/wp-content\/uploads\/2016\/09\/SDC12337.jpg\"><img loading=\"lazy\" decoding=\"async\" class=\"aligncenter size-medium wp-image-902\" src=\"http:\/\/ecole-ste-anne-asserac.fr\/wp-content\/uploads\/2016\/09\/SDC12337-300x225.jpg\" alt=\"sdc12337\" width=\"300\" height=\"225\" srcset=\"https:\/\/ecole-ste-anne-asserac.fr\/wp-content\/uploads\/2016\/09\/SDC12337-300x225.jpg 300w, https:\/\/ecole-ste-anne-asserac.fr\/wp-content\/uploads\/2016\/09\/SDC12337-768x576.jpg 768w, https:\/\/ecole-ste-anne-asserac.fr\/wp-content\/uploads\/2016\/09\/SDC12337-1024x768.jpg 1024w, https:\/\/ecole-ste-anne-asserac.fr\/wp-content\/uploads\/2016\/09\/SDC12337-600x450.jpg 600w, https:\/\/ecole-ste-anne-asserac.fr\/wp-content\/uploads\/2016\/09\/SDC12337.jpg 2048w\" sizes=\"auto, (max-width: 300px) 100vw, 300px\" \/><\/a>A nous d&rsquo;appliquer !<\/p>\n<p style=\"text-align: center;\"><a href=\"http:\/\/ecole-ste-anne-asserac.fr\/wp-content\/uploads\/2016\/09\/SDC12342.jpg\"><img loading=\"lazy\" decoding=\"async\" class=\"aligncenter size-medium wp-image-903\" src=\"http:\/\/ecole-ste-anne-asserac.fr\/wp-content\/uploads\/2016\/09\/SDC12342-300x225.jpg\" alt=\"sdc12342\" width=\"300\" height=\"225\" srcset=\"https:\/\/ecole-ste-anne-asserac.fr\/wp-content\/uploads\/2016\/09\/SDC12342-300x225.jpg 300w, https:\/\/ecole-ste-anne-asserac.fr\/wp-content\/uploads\/2016\/09\/SDC12342-768x576.jpg 768w, https:\/\/ecole-ste-anne-asserac.fr\/wp-content\/uploads\/2016\/09\/SDC12342-1024x768.jpg 1024w, https:\/\/ecole-ste-anne-asserac.fr\/wp-content\/uploads\/2016\/09\/SDC12342-600x450.jpg 600w, https:\/\/ecole-ste-anne-asserac.fr\/wp-content\/uploads\/2016\/09\/SDC12342.jpg 2048w\" sizes=\"auto, (max-width: 300px) 100vw, 300px\" \/><\/a> <a href=\"http:\/\/ecole-ste-anne-asserac.fr\/wp-content\/uploads\/2016\/09\/SDC12343.jpg\"><img loading=\"lazy\" decoding=\"async\" class=\"aligncenter size-medium wp-image-904\" src=\"http:\/\/ecole-ste-anne-asserac.fr\/wp-content\/uploads\/2016\/09\/SDC12343-225x300.jpg\" alt=\"sdc12343\" width=\"225\" height=\"300\" srcset=\"https:\/\/ecole-ste-anne-asserac.fr\/wp-content\/uploads\/2016\/09\/SDC12343-225x300.jpg 225w, https:\/\/ecole-ste-anne-asserac.fr\/wp-content\/uploads\/2016\/09\/SDC12343-768x1024.jpg 768w, https:\/\/ecole-ste-anne-asserac.fr\/wp-content\/uploads\/2016\/09\/SDC12343-600x800.jpg 600w, https:\/\/ecole-ste-anne-asserac.fr\/wp-content\/uploads\/2016\/09\/SDC12343.jpg 1152w\" sizes=\"auto, (max-width: 225px) 100vw, 225px\" \/><\/a> <a href=\"http:\/\/ecole-ste-anne-asserac.fr\/wp-content\/uploads\/2016\/09\/SDC12344.jpg\"><img loading=\"lazy\" decoding=\"async\" class=\"aligncenter size-medium wp-image-905\" src=\"http:\/\/ecole-ste-anne-asserac.fr\/wp-content\/uploads\/2016\/09\/SDC12344-300x225.jpg\" alt=\"sdc12344\" width=\"300\" height=\"225\" srcset=\"https:\/\/ecole-ste-anne-asserac.fr\/wp-content\/uploads\/2016\/09\/SDC12344-300x225.jpg 300w, https:\/\/ecole-ste-anne-asserac.fr\/wp-content\/uploads\/2016\/09\/SDC12344-768x576.jpg 768w, https:\/\/ecole-ste-anne-asserac.fr\/wp-content\/uploads\/2016\/09\/SDC12344-1024x768.jpg 1024w, https:\/\/ecole-ste-anne-asserac.fr\/wp-content\/uploads\/2016\/09\/SDC12344-600x450.jpg 600w, https:\/\/ecole-ste-anne-asserac.fr\/wp-content\/uploads\/2016\/09\/SDC12344.jpg 2048w\" sizes=\"auto, (max-width: 300px) 100vw, 300px\" \/><\/a> <a href=\"http:\/\/ecole-ste-anne-asserac.fr\/wp-content\/uploads\/2016\/09\/SDC12345.jpg\"><img loading=\"lazy\" decoding=\"async\" class=\"aligncenter size-medium wp-image-906\" src=\"http:\/\/ecole-ste-anne-asserac.fr\/wp-content\/uploads\/2016\/09\/SDC12345-300x225.jpg\" alt=\"sdc12345\" width=\"300\" height=\"225\" srcset=\"https:\/\/ecole-ste-anne-asserac.fr\/wp-content\/uploads\/2016\/09\/SDC12345-300x225.jpg 300w, https:\/\/ecole-ste-anne-asserac.fr\/wp-content\/uploads\/2016\/09\/SDC12345-768x576.jpg 768w, https:\/\/ecole-ste-anne-asserac.fr\/wp-content\/uploads\/2016\/09\/SDC12345-1024x768.jpg 1024w, https:\/\/ecole-ste-anne-asserac.fr\/wp-content\/uploads\/2016\/09\/SDC12345-600x450.jpg 600w, https:\/\/ecole-ste-anne-asserac.fr\/wp-content\/uploads\/2016\/09\/SDC12345.jpg 2048w\" sizes=\"auto, (max-width: 300px) 100vw, 300px\" \/><\/a>Vent arri\u00e8re pour partir vers l&rsquo;aventure &#8230;<\/p>\n","protected":false},"excerpt":{"rendered":"<p>Cette semaine,\u00a0 c&rsquo;est la reprise des s\u00e9ances de voile au CNP, le Club Nautique de P\u00e9nestin pour les enfants de CM ! Les\u00a0 CM2 ont repris mercredi matin avec un temps id\u00e9al &#8230;. Aussit\u00f4t sortis des vestiaires , on \u00e9coute les consignes de Ingrid et S\u00e9bastien pour sortir les bateaux &#8230;. On tire&#8230;on pousse &#8230;.pour<\/p>\n<p><a href=\"https:\/\/ecole-ste-anne-asserac.fr\/?p=885\" class=\"more-link themebutton\">Lire la suite<\/a><\/p>\n","protected":false},"author":3,"featured_media":0,"comment_status":"closed","ping_status":"closed","sticky":false,"template":"","format":"standard","meta":{"ngg_post_thumbnail":0,"footnotes":""},"categories":[8],"tags":[],"class_list":["post-885","post","type-post","status-publish","format-standard","hentry","category-classe-de-cm1-cm2"],"_links":{"self":[{"href":"https:\/\/ecole-ste-anne-asserac.fr\/index.php?rest_route=\/wp\/v2\/posts\/885","targetHints":{"allow":["GET"]}}],"collection":[{"href":"https:\/\/ecole-ste-anne-asserac.fr\/index.php?rest_route=\/wp\/v2\/posts"}],"about":[{"href":"https:\/\/ecole-ste-anne-asserac.fr\/index.php?rest_route=\/wp\/v2\/types\/post"}],"author":[{"embeddable":true,"href":"https:\/\/ecole-ste-anne-asserac.fr\/index.php?rest_route=\/wp\/v2\/users\/3"}],"replies":[{"embeddable":true,"href":"https:\/\/ecole-ste-anne-asserac.fr\/index.php?rest_route=%2Fwp%2Fv2%2Fcomments&post=885"}],"version-history":[{"count":0,"href":"https:\/\/ecole-ste-anne-asserac.fr\/index.php?rest_route=\/wp\/v2\/posts\/885\/revisions"}],"wp:attachment":[{"href":"https:\/\/ecole-ste-anne-asserac.fr\/index.php?rest_route=%2Fwp%2Fv2%2Fmedia&parent=885"}],"wp:term":[{"taxonomy":"category","embeddable":true,"href":"https:\/\/ecole-ste-anne-asserac.fr\/index.php?rest_route=%2Fwp%2Fv2%2Fcategories&post=885"},{"taxonomy":"post_tag","embeddable":true,"href":"https:\/\/ecole-ste-anne-asserac.fr\/index.php?rest_route=%2Fwp%2Fv2%2Ftags&post=885"}],"curies":[{"name":"wp","href":"https:\/\/api.w.org\/{rel}","templated":true}]}}