{"id":917,"date":"2016-09-28T13:03:43","date_gmt":"2016-09-28T12:03:43","guid":{"rendered":"http:\/\/ecole-ste-anne-asserac.fr\/?p=917"},"modified":"2016-09-28T13:03:43","modified_gmt":"2016-09-28T12:03:43","slug":"photos-scolaires","status":"publish","type":"post","link":"https:\/\/ecole-ste-anne-asserac.fr\/?p=917","title":{"rendered":"Photos scolaires"},"content":{"rendered":"<p><a href=\"http:\/\/ecole-ste-anne-asserac.fr\/wp-content\/uploads\/2016\/09\/DSCN3717.jpg\"><img loading=\"lazy\" decoding=\"async\" class=\"aligncenter size-medium wp-image-918\" src=\"http:\/\/ecole-ste-anne-asserac.fr\/wp-content\/uploads\/2016\/09\/DSCN3717-300x225.jpg\" alt=\"dscn3717\" width=\"300\" height=\"225\" srcset=\"https:\/\/ecole-ste-anne-asserac.fr\/wp-content\/uploads\/2016\/09\/DSCN3717-300x225.jpg 300w, https:\/\/ecole-ste-anne-asserac.fr\/wp-content\/uploads\/2016\/09\/DSCN3717-768x576.jpg 768w, https:\/\/ecole-ste-anne-asserac.fr\/wp-content\/uploads\/2016\/09\/DSCN3717-1024x768.jpg 1024w, https:\/\/ecole-ste-anne-asserac.fr\/wp-content\/uploads\/2016\/09\/DSCN3717-600x450.jpg 600w, https:\/\/ecole-ste-anne-asserac.fr\/wp-content\/uploads\/2016\/09\/DSCN3717.jpg 1600w\" sizes=\"auto, (max-width: 300px) 100vw, 300px\" \/><\/a>Lundi 26 Septembre, Monsieur MARIN, <a href=\"http:\/\/www.jeromemarin.fr\/Jerome_Marin\/Bienvenue.html\">photographe<\/a> scolaire est venu \u00e0 l&rsquo;\u00e9cole prendre les traditionnelles photos de classe &#8230;.et les enfants selon votre choix !<\/p>\n<p>Vous les d\u00e9couvrirez bient\u00f4t, apr\u00e8s les vacances de la Toussaint sans doute .<\/p>\n<p>&nbsp;<\/p>\n","protected":false},"excerpt":{"rendered":"<p>Lundi 26 Septembre, Monsieur MARIN, photographe scolaire est venu \u00e0 l&rsquo;\u00e9cole prendre les traditionnelles photos de classe &#8230;.et les enfants selon votre choix ! Vous les d\u00e9couvrirez bient\u00f4t, apr\u00e8s les vacances de la Toussaint sans doute . &nbsp;<\/p>\n","protected":false},"author":3,"featured_media":0,"comment_status":"closed","ping_status":"closed","sticky":false,"template":"","format":"standard","meta":{"ngg_post_thumbnail":0,"footnotes":""},"categories":[11],"tags":[],"class_list":["post-917","post","type-post","status-publish","format-standard","hentry","category-actualite"],"_links":{"self":[{"href":"https:\/\/ecole-ste-anne-asserac.fr\/index.php?rest_route=\/wp\/v2\/posts\/917","targetHints":{"allow":["GET"]}}],"collection":[{"href":"https:\/\/ecole-ste-anne-asserac.fr\/index.php?rest_route=\/wp\/v2\/posts"}],"about":[{"href":"https:\/\/ecole-ste-anne-asserac.fr\/index.php?rest_route=\/wp\/v2\/types\/post"}],"author":[{"embeddable":true,"href":"https:\/\/ecole-ste-anne-asserac.fr\/index.php?rest_route=\/wp\/v2\/users\/3"}],"replies":[{"embeddable":true,"href":"https:\/\/ecole-ste-anne-asserac.fr\/index.php?rest_route=%2Fwp%2Fv2%2Fcomments&post=917"}],"version-history":[{"count":0,"href":"https:\/\/ecole-ste-anne-asserac.fr\/index.php?rest_route=\/wp\/v2\/posts\/917\/revisions"}],"wp:attachment":[{"href":"https:\/\/ecole-ste-anne-asserac.fr\/index.php?rest_route=%2Fwp%2Fv2%2Fmedia&parent=917"}],"wp:term":[{"taxonomy":"category","embeddable":true,"href":"https:\/\/ecole-ste-anne-asserac.fr\/index.php?rest_route=%2Fwp%2Fv2%2Fcategories&post=917"},{"taxonomy":"post_tag","embeddable":true,"href":"https:\/\/ecole-ste-anne-asserac.fr\/index.php?rest_route=%2Fwp%2Fv2%2Ftags&post=917"}],"curies":[{"name":"wp","href":"https:\/\/api.w.org\/{rel}","templated":true}]}}