{"id":920,"date":"2016-09-26T16:10:48","date_gmt":"2016-09-26T15:10:48","guid":{"rendered":"http:\/\/ecole-ste-anne-asserac.fr\/?p=920"},"modified":"2016-10-02T16:32:11","modified_gmt":"2016-10-02T15:32:11","slug":"au-concert","status":"publish","type":"post","link":"https:\/\/ecole-ste-anne-asserac.fr\/?p=920","title":{"rendered":"Au concert"},"content":{"rendered":"<p>Vendredi 23 Septembre, nous nous sommes rendus \u00e0 la salle de La Fontaine pour un moment inhabituel : un concert de l&rsquo;orchestre \u00ab\u00a0Philharmonie des deux mondes\u00a0\u00bb , avec un choeur de coll\u00e9giens de Gu\u00e9rande.<a href=\"http:\/\/ecole-ste-anne-asserac.fr\/wp-content\/uploads\/2016\/10\/IMG_0194.jpg\"><img loading=\"lazy\" decoding=\"async\" class=\"aligncenter size-medium wp-image-923\" src=\"http:\/\/ecole-ste-anne-asserac.fr\/wp-content\/uploads\/2016\/10\/IMG_0194-300x225.jpg\" alt=\"img_0194\" width=\"300\" height=\"225\" srcset=\"https:\/\/ecole-ste-anne-asserac.fr\/wp-content\/uploads\/2016\/10\/IMG_0194-300x225.jpg 300w, https:\/\/ecole-ste-anne-asserac.fr\/wp-content\/uploads\/2016\/10\/IMG_0194-768x576.jpg 768w, https:\/\/ecole-ste-anne-asserac.fr\/wp-content\/uploads\/2016\/10\/IMG_0194-1024x768.jpg 1024w, https:\/\/ecole-ste-anne-asserac.fr\/wp-content\/uploads\/2016\/10\/IMG_0194-600x450.jpg 600w, https:\/\/ecole-ste-anne-asserac.fr\/wp-content\/uploads\/2016\/10\/IMG_0194.jpg 2048w\" sizes=\"auto, (max-width: 300px) 100vw, 300px\" \/><\/a><\/p>\n<p><a href=\"http:\/\/ecole-ste-anne-asserac.fr\/wp-content\/uploads\/2016\/10\/IMG_0193.jpg\"><img loading=\"lazy\" decoding=\"async\" class=\"aligncenter size-medium wp-image-921\" src=\"http:\/\/ecole-ste-anne-asserac.fr\/wp-content\/uploads\/2016\/10\/IMG_0193-300x225.jpg\" alt=\"img_0193\" width=\"300\" height=\"225\" srcset=\"https:\/\/ecole-ste-anne-asserac.fr\/wp-content\/uploads\/2016\/10\/IMG_0193-300x225.jpg 300w, https:\/\/ecole-ste-anne-asserac.fr\/wp-content\/uploads\/2016\/10\/IMG_0193-768x576.jpg 768w, https:\/\/ecole-ste-anne-asserac.fr\/wp-content\/uploads\/2016\/10\/IMG_0193-1024x768.jpg 1024w, https:\/\/ecole-ste-anne-asserac.fr\/wp-content\/uploads\/2016\/10\/IMG_0193-600x450.jpg 600w, https:\/\/ecole-ste-anne-asserac.fr\/wp-content\/uploads\/2016\/10\/IMG_0193.jpg 2048w\" sizes=\"auto, (max-width: 300px) 100vw, 300px\" \/><\/a>Sous la direction de <a href=\"http:\/\/hui.philippe.perso.sfr.fr\/hui.philippe.perso.sfr.fr\/La_Philharmonie.html\">Philippe HUI<\/a>, nous avons avons \u00e9cout\u00e9 \u00ab\u00a0L&rsquo;Homme qui titubait dans la guerre\u00a0\u00bb de <a href=\"http:\/\/isabelle-aboulker.com\/\">Isabelle Aboulker<\/a>, compositrice contemporaine.<\/p>\n<p><a href=\"http:\/\/ecole-ste-anne-asserac.fr\/wp-content\/uploads\/2016\/10\/IMG_0198.jpg\"><img loading=\"lazy\" decoding=\"async\" class=\"aligncenter size-medium wp-image-922\" src=\"http:\/\/ecole-ste-anne-asserac.fr\/wp-content\/uploads\/2016\/10\/IMG_0198-300x225.jpg\" alt=\"img_0198\" width=\"300\" height=\"225\" srcset=\"https:\/\/ecole-ste-anne-asserac.fr\/wp-content\/uploads\/2016\/10\/IMG_0198-300x225.jpg 300w, https:\/\/ecole-ste-anne-asserac.fr\/wp-content\/uploads\/2016\/10\/IMG_0198-768x576.jpg 768w, https:\/\/ecole-ste-anne-asserac.fr\/wp-content\/uploads\/2016\/10\/IMG_0198-1024x768.jpg 1024w, https:\/\/ecole-ste-anne-asserac.fr\/wp-content\/uploads\/2016\/10\/IMG_0198-600x450.jpg 600w, https:\/\/ecole-ste-anne-asserac.fr\/wp-content\/uploads\/2016\/10\/IMG_0198.jpg 2048w\" sizes=\"auto, (max-width: 300px) 100vw, 300px\" \/><\/a>Le r\u00f4le du chef d&rsquo;orchestre nous a impressionn\u00e9 ! Comment fait-il pour savoir quand faire partir certains instruments, comment r\u00e9ussit-il \u00e0 faire plusieurs choses \u00e0 la fois ?<\/p>\n<p>Pendant ce spectacle, nous avons \u00e9t\u00e9 tr\u00e8s attentifs; c&rsquo;\u00e9tait \u00e9mouvant. Pour beaucoup d&rsquo;entre nous, c&rsquo;\u00e9tait aussi la premi\u00e8re fois que nous avions un VRAI orchestre , de VRAIS musiciens devant nous ! Nous avons d\u00e9couvert qu&rsquo;une oeuvre musicale pouvait raconter une histoire &#8230;. celle d&rsquo;un soldat de la 1\u00e8re guerre mondiale.<\/p>\n<p>Avec V\u00e9ronique, en classe, nous allons travailler sur cette oeuvre en \u00e9ducation musicale , mais aussi en histoire pour comm\u00e9morer le centenaire de la bataille de Verdun.<\/p>\n<p>&nbsp;<\/p>\n<p>&nbsp;<\/p>\n","protected":false},"excerpt":{"rendered":"<p>Vendredi 23 Septembre, nous nous sommes rendus \u00e0 la salle de La Fontaine pour un moment inhabituel : un concert de l&rsquo;orchestre \u00ab\u00a0Philharmonie des deux mondes\u00a0\u00bb , avec un choeur de coll\u00e9giens de Gu\u00e9rande. Sous la direction de Philippe HUI, nous avons avons \u00e9cout\u00e9 \u00ab\u00a0L&rsquo;Homme qui titubait dans la guerre\u00a0\u00bb de Isabelle Aboulker, compositrice contemporaine.<\/p>\n<p><a href=\"https:\/\/ecole-ste-anne-asserac.fr\/?p=920\" class=\"more-link themebutton\">Lire la suite<\/a><\/p>\n","protected":false},"author":3,"featured_media":0,"comment_status":"closed","ping_status":"closed","sticky":false,"template":"","format":"standard","meta":{"ngg_post_thumbnail":0,"footnotes":""},"categories":[8],"tags":[],"class_list":["post-920","post","type-post","status-publish","format-standard","hentry","category-classe-de-cm1-cm2"],"_links":{"self":[{"href":"https:\/\/ecole-ste-anne-asserac.fr\/index.php?rest_route=\/wp\/v2\/posts\/920","targetHints":{"allow":["GET"]}}],"collection":[{"href":"https:\/\/ecole-ste-anne-asserac.fr\/index.php?rest_route=\/wp\/v2\/posts"}],"about":[{"href":"https:\/\/ecole-ste-anne-asserac.fr\/index.php?rest_route=\/wp\/v2\/types\/post"}],"author":[{"embeddable":true,"href":"https:\/\/ecole-ste-anne-asserac.fr\/index.php?rest_route=\/wp\/v2\/users\/3"}],"replies":[{"embeddable":true,"href":"https:\/\/ecole-ste-anne-asserac.fr\/index.php?rest_route=%2Fwp%2Fv2%2Fcomments&post=920"}],"version-history":[{"count":0,"href":"https:\/\/ecole-ste-anne-asserac.fr\/index.php?rest_route=\/wp\/v2\/posts\/920\/revisions"}],"wp:attachment":[{"href":"https:\/\/ecole-ste-anne-asserac.fr\/index.php?rest_route=%2Fwp%2Fv2%2Fmedia&parent=920"}],"wp:term":[{"taxonomy":"category","embeddable":true,"href":"https:\/\/ecole-ste-anne-asserac.fr\/index.php?rest_route=%2Fwp%2Fv2%2Fcategories&post=920"},{"taxonomy":"post_tag","embeddable":true,"href":"https:\/\/ecole-ste-anne-asserac.fr\/index.php?rest_route=%2Fwp%2Fv2%2Ftags&post=920"}],"curies":[{"name":"wp","href":"https:\/\/api.w.org\/{rel}","templated":true}]}}